{"id":5349,"date":"2025-09-26T08:58:16","date_gmt":"2025-09-26T14:58:16","guid":{"rendered":"https:\/\/lagnoticias.com\/?p=5349"},"modified":"2025-09-27T14:23:20","modified_gmt":"2025-09-27T20:23:20","slug":"conamype-prepara-nueva-edicion-del-premio-nacional-de-artesanias-manos-que-crean-identidad","status":"publish","type":"post","link":"https:\/\/lagnoticias.com\/en\/2025\/09\/26\/conamype-prepara-nueva-edicion-del-premio-nacional-de-artesanias-manos-que-crean-identidad\/","title":{"rendered":"Conamype prepara nueva edici\u00f3n del Premio Nacional de Artesan\u00edas: \u201cManos que crean identidad\u201d\u00a0\u00a0"},"content":{"rendered":"<p>La Comisi\u00f3n Nacional de la Micro y Peque\u00f1a Empresa&nbsp;(Conamype) se compomete a fomentar la identidad cultural de El Salvador, as\u00ed como proporcionar un respaldo permanente a los artesanos, reconociendo su talento a trav\u00e9s de iniciativas como el Premio Nacional de Artesan\u00edas. La edici\u00f3n 2025 se celebrar\u00e1 en noviembre y se denomina \u201cManos que crean identidad\u201d.<\/p>\n\n\n\n<p>El presidente de la Comisi\u00f3n Nacional de la Micro y Peque\u00f1a Empresa&nbsp;(Conamype), Paul Steiner, inform\u00f3 que este a\u00f1o se entregar\u00e1n un total de 22 premios, incluidos dos que ser\u00e1n por votaci\u00f3n del p\u00fablico. \u201cHemos decidido crear m\u00e1s premios, vamos a tener para diferentes segmentos, incluyendo el artesano joven. Todos los que visitan el Cedart interactivo, en el centro hist\u00f3rico, desde el 5 hasta el 15 de noviembre, van a poder votar. Los dos mejores se premiar\u00e1n tambi\u00e9n. La entrega ser\u00e1 probablemente al final de la tercera semana de noviembre\u201d, indic\u00f3.<\/p>\n\n\n\n<p>El funcionario explic\u00f3 que en esta nueva edici\u00f3n la tem\u00e1tica ser\u00e1 libre, pero enfocada en artesan\u00edas utilitarias, que reflejen la esencia cultural del pa\u00eds. Remarc\u00f3 que se busca reconocer las t\u00e9cnicas de los artesanos salvadore\u00f1os, as\u00ed como su creatividad; ya que este sector es primordial porque contribuye a fomentar nuestra cultura.<\/p>\n\n\n\n<p>\u201cEl a\u00f1o pasado fue incre\u00edble, tuvimos m\u00e1s de 110 prototipos que entraron a consideraci\u00f3n, hab\u00eda muy buena calidad de opciones. En 2024 la tem\u00e1tica del premio era un producto utilitario. El ganador del premio produjo, con un morro decorado de una manera impresionante, un dispensador de bolsas pl\u00e1sticas para la cocina. Este a\u00f1o no hay una tem\u00e1tica as\u00ed, es libre decisi\u00f3n de cada artesano, qu\u00e9 es lo mejor que puede producir, qu\u00e9 va a crear identidad en una t\u00e9cnica artesanal de El Salvador\u201d, detall\u00f3.<\/p>\n\n\n\n<p>El primer lugar se premiar\u00e1 con $5,000, el segundo lugar con $4,000 y el tercer lugar con $3,000.<\/p>\n\n\n\n<p>Quienes deseen participar tienen hasta el 31 de octubre de 2025 a las 3:30 p.m., para inscribirse y entregar sus prototipos. Las bases de la competencia pueden descargarse en el sitio web de Conamype <a href=\"https:\/\/www.conamype.gob.sv\/download\/premio-nacional-de-artesanias-2025-manos-que-crean-identidad\/\" target=\"_blank\" rel=\"noopener noreferrer nofollow\">https:\/\/www.conamype.gob.sv\/download\/premio-nacional-de-artesanias-2025-manos-que-crean-identidad\/<\/a>.<\/p>","protected":false},"excerpt":{"rendered":"<p>La Comisi\u00f3n Nacional de la Micro y Peque\u00f1a Empresa&nbsp;(Conamype) se compomete a fomentar la identidad cultural de El Salvador, as\u00ed como proporcionar un respaldo permanente a los artesanos, reconociendo su talento a trav\u00e9s de iniciativas como el Premio Nacional de Artesan\u00edas. La edici\u00f3n 2025 se celebrar\u00e1 en noviembre y se denomina \u201cManos que crean identidad\u201d. [&hellip;]<\/p>","protected":false},"author":2,"featured_media":5350,"comment_status":"open","ping_status":"open","sticky":false,"template":"","format":"standard","meta":{"_et_pb_use_builder":"off","_et_pb_old_content":"","_et_gb_content_width":"","footnotes":""},"categories":[244],"tags":[1104,298,268,1105],"class_list":["post-5349","post","type-post","status-publish","format-standard","has-post-thumbnail","hentry","category-nacionales","tag-artesanos","tag-conamype","tag-gobierno-de-el-salvador","tag-premio-nacional-de-artesanias"],"yoast_head":"<!-- This site is optimized with the Yoast SEO plugin v27.4 - https:\/\/yoast.com\/product\/yoast-seo-wordpress\/ -->\n<title>Conamype prepara nueva edici\u00f3n del Premio Nacional de Artesan\u00edas: \u201cManos que crean identidad\u201d\u00a0\u00a0 - La G Noticias<\/title>\n<meta name=\"robots\" content=\"index, follow, max-snippet:-1, max-image-preview:large, max-video-preview:-1\" \/>\n<link rel=\"canonical\" href=\"https:\/\/lagnoticias.com\/en\/2025\/09\/26\/conamype-prepara-nueva-edicion-del-premio-nacional-de-artesanias-manos-que-crean-identidad\/\" \/>\n<meta property=\"og:locale\" content=\"en_US\" \/>\n<meta property=\"og:type\" content=\"article\" \/>\n<meta property=\"og:title\" content=\"Conamype prepara nueva edici\u00f3n del Premio Nacional de Artesan\u00edas: \u201cManos que crean identidad\u201d\u00a0\u00a0 - La G Noticias\" \/>\n<meta property=\"og:description\" content=\"La Comisi\u00f3n Nacional de la Micro y Peque\u00f1a Empresa&nbsp;(Conamype) se compomete a fomentar la identidad cultural de El Salvador, as\u00ed como proporcionar un respaldo permanente a los artesanos, reconociendo su talento a trav\u00e9s de iniciativas como el Premio Nacional de Artesan\u00edas. La edici\u00f3n 2025 se celebrar\u00e1 en noviembre y se denomina \u201cManos que crean identidad\u201d. [&hellip;]\" \/>\n<meta property=\"og:url\" content=\"https:\/\/lagnoticias.com\/en\/2025\/09\/26\/conamype-prepara-nueva-edicion-del-premio-nacional-de-artesanias-manos-que-crean-identidad\/\" \/>\n<meta property=\"og:site_name\" content=\"La G Noticias\" \/>\n<meta property=\"article:publisher\" content=\"https:\/\/www.facebook.com\/LaGNoticias\" \/>\n<meta property=\"article:published_time\" content=\"2025-09-26T14:58:16+00:00\" \/>\n<meta property=\"article:modified_time\" content=\"2025-09-27T20:23:20+00:00\" \/>\n<meta property=\"og:image\" content=\"https:\/\/lagnoticias.com\/wp-content\/uploads\/2025\/09\/4-31-scaled.jpg\" \/>\n\t<meta property=\"og:image:width\" content=\"2560\" \/>\n\t<meta property=\"og:image:height\" content=\"1706\" \/>\n\t<meta property=\"og:image:type\" content=\"image\/jpeg\" \/>\n<meta name=\"author\" content=\"Oscar\" \/>\n<meta name=\"twitter:card\" content=\"summary_large_image\" \/>\n<meta name=\"twitter:creator\" content=\"@lagnoticias\" \/>\n<meta name=\"twitter:site\" content=\"@lagnoticias\" \/>\n<meta name=\"twitter:label1\" content=\"Written by\" \/>\n\t<meta name=\"twitter:data1\" content=\"Oscar\" \/>\n\t<meta name=\"twitter:label2\" content=\"Est. reading time\" \/>\n\t<meta name=\"twitter:data2\" content=\"2 minutes\" \/>\n<script type=\"application\/ld+json\" class=\"yoast-schema-graph\">{\"@context\":\"https:\\\/\\\/schema.org\",\"@graph\":[{\"@type\":\"Article\",\"@id\":\"https:\\\/\\\/lagnoticias.com\\\/2025\\\/09\\\/26\\\/conamype-prepara-nueva-edicion-del-premio-nacional-de-artesanias-manos-que-crean-identidad\\\/#article\",\"isPartOf\":{\"@id\":\"https:\\\/\\\/lagnoticias.com\\\/2025\\\/09\\\/26\\\/conamype-prepara-nueva-edicion-del-premio-nacional-de-artesanias-manos-que-crean-identidad\\\/\"},\"author\":{\"name\":\"Oscar\",\"@id\":\"https:\\\/\\\/lagnoticias.com\\\/#\\\/schema\\\/person\\\/cb9bfe13f8de05d2c55270be25c6a550\"},\"headline\":\"Conamype prepara nueva edici\u00f3n del Premio Nacional de Artesan\u00edas: \u201cManos que crean identidad\u201d\u00a0\u00a0\",\"datePublished\":\"2025-09-26T14:58:16+00:00\",\"dateModified\":\"2025-09-27T20:23:20+00:00\",\"mainEntityOfPage\":{\"@id\":\"https:\\\/\\\/lagnoticias.com\\\/2025\\\/09\\\/26\\\/conamype-prepara-nueva-edicion-del-premio-nacional-de-artesanias-manos-que-crean-identidad\\\/\"},\"wordCount\":381,\"commentCount\":0,\"image\":{\"@id\":\"https:\\\/\\\/lagnoticias.com\\\/2025\\\/09\\\/26\\\/conamype-prepara-nueva-edicion-del-premio-nacional-de-artesanias-manos-que-crean-identidad\\\/#primaryimage\"},\"thumbnailUrl\":\"https:\\\/\\\/lagnoticias.com\\\/wp-content\\\/uploads\\\/2025\\\/09\\\/4-31-scaled.jpg\",\"keywords\":[\"ARTESANOS\",\"CONAMYPE\",\"GOBIERNO DE EL SALVADOR\",\"Premio Nacional de Artesan\u00edas\"],\"articleSection\":[\"NACIONALES\"],\"inLanguage\":\"en-US\",\"potentialAction\":[{\"@type\":\"CommentAction\",\"name\":\"Comment\",\"target\":[\"https:\\\/\\\/lagnoticias.com\\\/2025\\\/09\\\/26\\\/conamype-prepara-nueva-edicion-del-premio-nacional-de-artesanias-manos-que-crean-identidad\\\/#respond\"]}]},{\"@type\":\"WebPage\",\"@id\":\"https:\\\/\\\/lagnoticias.com\\\/2025\\\/09\\\/26\\\/conamype-prepara-nueva-edicion-del-premio-nacional-de-artesanias-manos-que-crean-identidad\\\/\",\"url\":\"https:\\\/\\\/lagnoticias.com\\\/2025\\\/09\\\/26\\\/conamype-prepara-nueva-edicion-del-premio-nacional-de-artesanias-manos-que-crean-identidad\\\/\",\"name\":\"Conamype prepara nueva edici\u00f3n del Premio Nacional de Artesan\u00edas: \u201cManos que crean identidad\u201d\u00a0\u00a0 - La G Noticias\",\"isPartOf\":{\"@id\":\"https:\\\/\\\/lagnoticias.com\\\/#website\"},\"primaryImageOfPage\":{\"@id\":\"https:\\\/\\\/lagnoticias.com\\\/2025\\\/09\\\/26\\\/conamype-prepara-nueva-edicion-del-premio-nacional-de-artesanias-manos-que-crean-identidad\\\/#primaryimage\"},\"image\":{\"@id\":\"https:\\\/\\\/lagnoticias.com\\\/2025\\\/09\\\/26\\\/conamype-prepara-nueva-edicion-del-premio-nacional-de-artesanias-manos-que-crean-identidad\\\/#primaryimage\"},\"thumbnailUrl\":\"https:\\\/\\\/lagnoticias.com\\\/wp-content\\\/uploads\\\/2025\\\/09\\\/4-31-scaled.jpg\",\"datePublished\":\"2025-09-26T14:58:16+00:00\",\"dateModified\":\"2025-09-27T20:23:20+00:00\",\"author\":{\"@id\":\"https:\\\/\\\/lagnoticias.com\\\/#\\\/schema\\\/person\\\/cb9bfe13f8de05d2c55270be25c6a550\"},\"breadcrumb\":{\"@id\":\"https:\\\/\\\/lagnoticias.com\\\/2025\\\/09\\\/26\\\/conamype-prepara-nueva-edicion-del-premio-nacional-de-artesanias-manos-que-crean-identidad\\\/#breadcrumb\"},\"inLanguage\":\"en-US\",\"potentialAction\":[{\"@type\":\"ReadAction\",\"target\":[\"https:\\\/\\\/lagnoticias.com\\\/2025\\\/09\\\/26\\\/conamype-prepara-nueva-edicion-del-premio-nacional-de-artesanias-manos-que-crean-identidad\\\/\"]}]},{\"@type\":\"ImageObject\",\"inLanguage\":\"en-US\",\"@id\":\"https:\\\/\\\/lagnoticias.com\\\/2025\\\/09\\\/26\\\/conamype-prepara-nueva-edicion-del-premio-nacional-de-artesanias-manos-que-crean-identidad\\\/#primaryimage\",\"url\":\"https:\\\/\\\/lagnoticias.com\\\/wp-content\\\/uploads\\\/2025\\\/09\\\/4-31-scaled.jpg\",\"contentUrl\":\"https:\\\/\\\/lagnoticias.com\\\/wp-content\\\/uploads\\\/2025\\\/09\\\/4-31-scaled.jpg\",\"width\":2560,\"height\":1706},{\"@type\":\"BreadcrumbList\",\"@id\":\"https:\\\/\\\/lagnoticias.com\\\/2025\\\/09\\\/26\\\/conamype-prepara-nueva-edicion-del-premio-nacional-de-artesanias-manos-que-crean-identidad\\\/#breadcrumb\",\"itemListElement\":[{\"@type\":\"ListItem\",\"position\":1,\"name\":\"Portada\",\"item\":\"https:\\\/\\\/lagnoticias.com\\\/\"},{\"@type\":\"ListItem\",\"position\":2,\"name\":\"Conamype prepara nueva edici\u00f3n del Premio Nacional de Artesan\u00edas: \u201cManos que crean identidad\u201d\u00a0\u00a0\"}]},{\"@type\":\"WebSite\",\"@id\":\"https:\\\/\\\/lagnoticias.com\\\/#website\",\"url\":\"https:\\\/\\\/lagnoticias.com\\\/\",\"name\":\"La G Noticias\",\"description\":\"Noticias Positivas\",\"potentialAction\":[{\"@type\":\"SearchAction\",\"target\":{\"@type\":\"EntryPoint\",\"urlTemplate\":\"https:\\\/\\\/lagnoticias.com\\\/?s={search_term_string}\"},\"query-input\":{\"@type\":\"PropertyValueSpecification\",\"valueRequired\":true,\"valueName\":\"search_term_string\"}}],\"inLanguage\":\"en-US\"},{\"@type\":\"Person\",\"@id\":\"https:\\\/\\\/lagnoticias.com\\\/#\\\/schema\\\/person\\\/cb9bfe13f8de05d2c55270be25c6a550\",\"name\":\"Oscar\",\"image\":{\"@type\":\"ImageObject\",\"inLanguage\":\"en-US\",\"@id\":\"https:\\\/\\\/secure.gravatar.com\\\/avatar\\\/45c195718f652dc7ffdd591dc1f2678956ab7fdadcd359a635edc61304a8c757?s=96&d=mm&r=g\",\"url\":\"https:\\\/\\\/secure.gravatar.com\\\/avatar\\\/45c195718f652dc7ffdd591dc1f2678956ab7fdadcd359a635edc61304a8c757?s=96&d=mm&r=g\",\"contentUrl\":\"https:\\\/\\\/secure.gravatar.com\\\/avatar\\\/45c195718f652dc7ffdd591dc1f2678956ab7fdadcd359a635edc61304a8c757?s=96&d=mm&r=g\",\"caption\":\"Oscar\"},\"url\":\"https:\\\/\\\/lagnoticias.com\\\/en\\\/author\\\/oscar\\\/\"}]}<\/script>\n<!-- \/ Yoast SEO plugin. -->","yoast_head_json":{"title":"Conamype prepara nueva edici\u00f3n del Premio Nacional de Artesan\u00edas: \u201cManos que crean identidad\u201d\u00a0\u00a0 - La G Noticias","robots":{"index":"index","follow":"follow","max-snippet":"max-snippet:-1","max-image-preview":"max-image-preview:large","max-video-preview":"max-video-preview:-1"},"canonical":"https:\/\/lagnoticias.com\/en\/2025\/09\/26\/conamype-prepara-nueva-edicion-del-premio-nacional-de-artesanias-manos-que-crean-identidad\/","og_locale":"en_US","og_type":"article","og_title":"Conamype prepara nueva edici\u00f3n del Premio Nacional de Artesan\u00edas: \u201cManos que crean identidad\u201d\u00a0\u00a0 - La G Noticias","og_description":"La Comisi\u00f3n Nacional de la Micro y Peque\u00f1a Empresa&nbsp;(Conamype) se compomete a fomentar la identidad cultural de El Salvador, as\u00ed como proporcionar un respaldo permanente a los artesanos, reconociendo su talento a trav\u00e9s de iniciativas como el Premio Nacional de Artesan\u00edas. La edici\u00f3n 2025 se celebrar\u00e1 en noviembre y se denomina \u201cManos que crean identidad\u201d. [&hellip;]","og_url":"https:\/\/lagnoticias.com\/en\/2025\/09\/26\/conamype-prepara-nueva-edicion-del-premio-nacional-de-artesanias-manos-que-crean-identidad\/","og_site_name":"La G Noticias","article_publisher":"https:\/\/www.facebook.com\/LaGNoticias","article_published_time":"2025-09-26T14:58:16+00:00","article_modified_time":"2025-09-27T20:23:20+00:00","og_image":[{"width":2560,"height":1706,"url":"https:\/\/lagnoticias.com\/wp-content\/uploads\/2025\/09\/4-31-scaled.jpg","type":"image\/jpeg"}],"author":"Oscar","twitter_card":"summary_large_image","twitter_creator":"@lagnoticias","twitter_site":"@lagnoticias","twitter_misc":{"Written by":"Oscar","Est. reading time":"2 minutes"},"schema":{"@context":"https:\/\/schema.org","@graph":[{"@type":"Article","@id":"https:\/\/lagnoticias.com\/2025\/09\/26\/conamype-prepara-nueva-edicion-del-premio-nacional-de-artesanias-manos-que-crean-identidad\/#article","isPartOf":{"@id":"https:\/\/lagnoticias.com\/2025\/09\/26\/conamype-prepara-nueva-edicion-del-premio-nacional-de-artesanias-manos-que-crean-identidad\/"},"author":{"name":"Oscar","@id":"https:\/\/lagnoticias.com\/#\/schema\/person\/cb9bfe13f8de05d2c55270be25c6a550"},"headline":"Conamype prepara nueva edici\u00f3n del Premio Nacional de Artesan\u00edas: \u201cManos que crean identidad\u201d\u00a0\u00a0","datePublished":"2025-09-26T14:58:16+00:00","dateModified":"2025-09-27T20:23:20+00:00","mainEntityOfPage":{"@id":"https:\/\/lagnoticias.com\/2025\/09\/26\/conamype-prepara-nueva-edicion-del-premio-nacional-de-artesanias-manos-que-crean-identidad\/"},"wordCount":381,"commentCount":0,"image":{"@id":"https:\/\/lagnoticias.com\/2025\/09\/26\/conamype-prepara-nueva-edicion-del-premio-nacional-de-artesanias-manos-que-crean-identidad\/#primaryimage"},"thumbnailUrl":"https:\/\/lagnoticias.com\/wp-content\/uploads\/2025\/09\/4-31-scaled.jpg","keywords":["ARTESANOS","CONAMYPE","GOBIERNO DE EL SALVADOR","Premio Nacional de Artesan\u00edas"],"articleSection":["NACIONALES"],"inLanguage":"en-US","potentialAction":[{"@type":"CommentAction","name":"Comment","target":["https:\/\/lagnoticias.com\/2025\/09\/26\/conamype-prepara-nueva-edicion-del-premio-nacional-de-artesanias-manos-que-crean-identidad\/#respond"]}]},{"@type":"WebPage","@id":"https:\/\/lagnoticias.com\/2025\/09\/26\/conamype-prepara-nueva-edicion-del-premio-nacional-de-artesanias-manos-que-crean-identidad\/","url":"https:\/\/lagnoticias.com\/2025\/09\/26\/conamype-prepara-nueva-edicion-del-premio-nacional-de-artesanias-manos-que-crean-identidad\/","name":"Conamype prepara nueva edici\u00f3n del Premio Nacional de Artesan\u00edas: \u201cManos que crean identidad\u201d\u00a0\u00a0 - La G Noticias","isPartOf":{"@id":"https:\/\/lagnoticias.com\/#website"},"primaryImageOfPage":{"@id":"https:\/\/lagnoticias.com\/2025\/09\/26\/conamype-prepara-nueva-edicion-del-premio-nacional-de-artesanias-manos-que-crean-identidad\/#primaryimage"},"image":{"@id":"https:\/\/lagnoticias.com\/2025\/09\/26\/conamype-prepara-nueva-edicion-del-premio-nacional-de-artesanias-manos-que-crean-identidad\/#primaryimage"},"thumbnailUrl":"https:\/\/lagnoticias.com\/wp-content\/uploads\/2025\/09\/4-31-scaled.jpg","datePublished":"2025-09-26T14:58:16+00:00","dateModified":"2025-09-27T20:23:20+00:00","author":{"@id":"https:\/\/lagnoticias.com\/#\/schema\/person\/cb9bfe13f8de05d2c55270be25c6a550"},"breadcrumb":{"@id":"https:\/\/lagnoticias.com\/2025\/09\/26\/conamype-prepara-nueva-edicion-del-premio-nacional-de-artesanias-manos-que-crean-identidad\/#breadcrumb"},"inLanguage":"en-US","potentialAction":[{"@type":"ReadAction","target":["https:\/\/lagnoticias.com\/2025\/09\/26\/conamype-prepara-nueva-edicion-del-premio-nacional-de-artesanias-manos-que-crean-identidad\/"]}]},{"@type":"ImageObject","inLanguage":"en-US","@id":"https:\/\/lagnoticias.com\/2025\/09\/26\/conamype-prepara-nueva-edicion-del-premio-nacional-de-artesanias-manos-que-crean-identidad\/#primaryimage","url":"https:\/\/lagnoticias.com\/wp-content\/uploads\/2025\/09\/4-31-scaled.jpg","contentUrl":"https:\/\/lagnoticias.com\/wp-content\/uploads\/2025\/09\/4-31-scaled.jpg","width":2560,"height":1706},{"@type":"BreadcrumbList","@id":"https:\/\/lagnoticias.com\/2025\/09\/26\/conamype-prepara-nueva-edicion-del-premio-nacional-de-artesanias-manos-que-crean-identidad\/#breadcrumb","itemListElement":[{"@type":"ListItem","position":1,"name":"Portada","item":"https:\/\/lagnoticias.com\/"},{"@type":"ListItem","position":2,"name":"Conamype prepara nueva edici\u00f3n del Premio Nacional de Artesan\u00edas: \u201cManos que crean identidad\u201d\u00a0\u00a0"}]},{"@type":"WebSite","@id":"https:\/\/lagnoticias.com\/#website","url":"https:\/\/lagnoticias.com\/","name":"La G Noticias","description":"Noticias Positivas","potentialAction":[{"@type":"SearchAction","target":{"@type":"EntryPoint","urlTemplate":"https:\/\/lagnoticias.com\/?s={search_term_string}"},"query-input":{"@type":"PropertyValueSpecification","valueRequired":true,"valueName":"search_term_string"}}],"inLanguage":"en-US"},{"@type":"Person","@id":"https:\/\/lagnoticias.com\/#\/schema\/person\/cb9bfe13f8de05d2c55270be25c6a550","name":"Oscar","image":{"@type":"ImageObject","inLanguage":"en-US","@id":"https:\/\/secure.gravatar.com\/avatar\/45c195718f652dc7ffdd591dc1f2678956ab7fdadcd359a635edc61304a8c757?s=96&d=mm&r=g","url":"https:\/\/secure.gravatar.com\/avatar\/45c195718f652dc7ffdd591dc1f2678956ab7fdadcd359a635edc61304a8c757?s=96&d=mm&r=g","contentUrl":"https:\/\/secure.gravatar.com\/avatar\/45c195718f652dc7ffdd591dc1f2678956ab7fdadcd359a635edc61304a8c757?s=96&d=mm&r=g","caption":"Oscar"},"url":"https:\/\/lagnoticias.com\/en\/author\/oscar\/"}]}},"_links":{"self":[{"href":"https:\/\/lagnoticias.com\/en\/wp-json\/wp\/v2\/posts\/5349","targetHints":{"allow":["GET"]}}],"collection":[{"href":"https:\/\/lagnoticias.com\/en\/wp-json\/wp\/v2\/posts"}],"about":[{"href":"https:\/\/lagnoticias.com\/en\/wp-json\/wp\/v2\/types\/post"}],"author":[{"embeddable":true,"href":"https:\/\/lagnoticias.com\/en\/wp-json\/wp\/v2\/users\/2"}],"replies":[{"embeddable":true,"href":"https:\/\/lagnoticias.com\/en\/wp-json\/wp\/v2\/comments?post=5349"}],"version-history":[{"count":1,"href":"https:\/\/lagnoticias.com\/en\/wp-json\/wp\/v2\/posts\/5349\/revisions"}],"predecessor-version":[{"id":5351,"href":"https:\/\/lagnoticias.com\/en\/wp-json\/wp\/v2\/posts\/5349\/revisions\/5351"}],"wp:featuredmedia":[{"embeddable":true,"href":"https:\/\/lagnoticias.com\/en\/wp-json\/wp\/v2\/media\/5350"}],"wp:attachment":[{"href":"https:\/\/lagnoticias.com\/en\/wp-json\/wp\/v2\/media?parent=5349"}],"wp:term":[{"taxonomy":"category","embeddable":true,"href":"https:\/\/lagnoticias.com\/en\/wp-json\/wp\/v2\/categories?post=5349"},{"taxonomy":"post_tag","embeddable":true,"href":"https:\/\/lagnoticias.com\/en\/wp-json\/wp\/v2\/tags?post=5349"}],"curies":[{"name":"wp","href":"https:\/\/api.w.org\/{rel}","templated":true}]}}