{"id":5346,"date":"2025-09-26T08:46:40","date_gmt":"2025-09-26T14:46:40","guid":{"rendered":"https:\/\/lagnoticias.com\/?p=5346"},"modified":"2025-09-27T14:23:25","modified_gmt":"2025-09-27T20:23:25","slug":"latinos-piden-al-congreso-de-estados-unidos-proteccion-por-redadas","status":"publish","type":"post","link":"https:\/\/lagnoticias.com\/en\/2025\/09\/26\/latinos-piden-al-congreso-de-estados-unidos-proteccion-por-redadas\/","title":{"rendered":"Latinos piden al Congreso de Estados Unidos protecci\u00f3n por redadas"},"content":{"rendered":"<p>Una coalici\u00f3n de ocho organizaciones latinas por los derechos civiles rog\u00f3 en una carta al Congreso de&nbsp;Estados Unidos&nbsp;que proteja a las familias migrantes y garantice que las leyes migratorias respeten la Constituci\u00f3n, evitando abusos por parte de los agentes de Inmigraci\u00f3n.<\/p>\n\n\n\n<p>\u00abLa comunidad de derechos civiles est\u00e1 profundamente alarmada y preocupada porque la&nbsp;escalada de deportaciones masivas&nbsp;por parte de la Administraci\u00f3n&nbsp;Trump&nbsp;no solo est\u00e1 separando familias y debilitando la econom\u00eda, sino que tambi\u00e9n est\u00e1 socavando los derechos fundamentales de todos en este pa\u00eds\u00bb, afirm\u00f3 en la carta la presidenta de UnidosUS, Janet Murgu\u00eda.<\/p>\n\n\n\n<p>La misiva est\u00e1 dirigida a los Comit\u00e9s de Asignaciones de la C\u00e1mara de Representantes y del Senado a escasos d\u00edas de que la ley de financiaci\u00f3n del Gobierno estadounidense expire el pr\u00f3ximo 30 de septiembre, lo que podr\u00eda implicar un cierre parcial de la Administraci\u00f3n.<\/p>\n\n\n\n<p>La coalici\u00f3n inst\u00f3 por esta raz\u00f3n a que ambos comit\u00e9s soliciten \u00aba la adopci\u00f3n de enmiendas cruciales para restablecer la rendici\u00f3n de cuentas en la aplicaci\u00f3n de la ley migratoria en los pr\u00f3ximos proyectos de ley de financiaci\u00f3n del Departamento de Seguridad Nacional (DHS, en ingl\u00e9s)\u00bb.<\/p>\n\n\n\n<p>Este departamento es el responsable del Servicio de Inmigraci\u00f3n y Control de Aduanas (ICE, en ingl\u00e9s), que est\u00e1 detr\u00e1s de las redadas contra migrantes por todo el pa\u00eds.&nbsp;<\/p>\n\n\n\n<h2 class=\"wp-block-heading\">Prevenir la deportaci\u00f3n de los ni\u00f1os<\/h2>\n\n\n\n<p>Entre las enmiendas sugeridas, la carta mencion\u00f3 la necesidad de proteger a los ciudadanos de los abusos de los que son v\u00edctimas, prevenir la deportaci\u00f3n de los ni\u00f1os o establecer protecciones espec\u00edficas para \u00ablugares sensibles\u00bb como escuelas, lugares de culto o centros m\u00e9dicos.<\/p>\n\n\n\n<p>Adem\u00e1s, pidi\u00f3 prohibir el uso de m\u00e1scaras a los agentes federales y exigirles portar c\u00e1maras corporales con im\u00e1genes que sean de acceso p\u00fablico, prohibir el uso de datos administrativos para las redadas, fortalecer la transparencia en los acuerdos de reclutamiento del ICE o garantizar el acceso de miembros del Congreso a los centros de detenci\u00f3n para migrantes, entre otros asuntos.<\/p>\n\n\n\n<p>Seg\u00fan la coalici\u00f3n, las \u00abdeportaciones masivas indiscriminadas\u00bb tienen un profundo impacto sobre la sociedad estadounidense, separando familias, da\u00f1ando a las peque\u00f1as empresas cuyos trabajadores son arrestados y erosionando la confianza entre los migrantes y las autoridades locales.<\/p>\n\n\n\n<p>\u00abLa ret\u00f3rica antilatina se ha convertido en un arma para crear pol\u00edticas peligrosas que atacan a nuestras comunidades, privan de derechos y socavan la esencia misma de nuestra democracia\u00bb, mencion\u00f3 la coalici\u00f3n, que adem\u00e1s de UnidosUS est\u00e1 compuesta por Aqu\u00ed: The Accountability Movement, Hispanic Federation, Latino Victory Project, LatinoJustice PRLDEF, League of United Latin American Citizens (LULAC), Mi Familia Vota y United Farm Workers.<\/p>\n\n\n\n<p><\/p>\n\n\n\n<p><\/p>\n\n\n\n<p><\/p>\n\n\n\n<p><\/p>\n\n\n\n<p>(DW)<\/p>","protected":false},"excerpt":{"rendered":"<p>La coalici\u00f3n de ocho organizaciones demostr\u00f3 su preocupaci\u00f3n por la \u00abret\u00f3rica antilatina\u00bb que, a su criterio, \u00abse ha convertido en un arma para crear pol\u00edticas peligrosas que atacan\u00bb a sus comunidades\u00bb.<\/p>","protected":false},"author":2,"featured_media":5347,"comment_status":"open","ping_status":"open","sticky":false,"template":"","format":"standard","meta":{"_et_pb_use_builder":"off","_et_pb_old_content":"","_et_gb_content_width":"","footnotes":""},"categories":[245],"tags":[260,347,1102,316,1103],"class_list":["post-5346","post","type-post","status-publish","format-standard","has-post-thumbnail","hentry","category-internacionales","tag-estados-unidos","tag-gobierno-de-estados-unidos","tag-latinos","tag-migrantes","tag-redadas"],"yoast_head":"<!-- This site is optimized with the Yoast SEO plugin v27.4 - https:\/\/yoast.com\/product\/yoast-seo-wordpress\/ -->\n<title>Latinos piden al Congreso de Estados Unidos protecci\u00f3n por redadas - La G Noticias<\/title>\n<meta name=\"robots\" content=\"index, follow, max-snippet:-1, max-image-preview:large, max-video-preview:-1\" \/>\n<link rel=\"canonical\" href=\"https:\/\/lagnoticias.com\/en\/2025\/09\/26\/latinos-piden-al-congreso-de-estados-unidos-proteccion-por-redadas\/\" \/>\n<meta property=\"og:locale\" content=\"en_US\" \/>\n<meta property=\"og:type\" content=\"article\" \/>\n<meta property=\"og:title\" content=\"Latinos piden al Congreso de Estados Unidos protecci\u00f3n por redadas - La G Noticias\" \/>\n<meta property=\"og:description\" content=\"La coalici\u00f3n de ocho organizaciones demostr\u00f3 su preocupaci\u00f3n por la &quot;ret\u00f3rica antilatina&quot; que, a su criterio, &quot;se ha convertido en un arma para crear pol\u00edticas peligrosas que atacan&quot; a sus comunidades&quot;.\" \/>\n<meta property=\"og:url\" content=\"https:\/\/lagnoticias.com\/en\/2025\/09\/26\/latinos-piden-al-congreso-de-estados-unidos-proteccion-por-redadas\/\" \/>\n<meta property=\"og:site_name\" content=\"La G Noticias\" \/>\n<meta property=\"article:publisher\" content=\"https:\/\/www.facebook.com\/LaGNoticias\" \/>\n<meta property=\"article:published_time\" content=\"2025-09-26T14:46:40+00:00\" \/>\n<meta property=\"article:modified_time\" content=\"2025-09-27T20:23:25+00:00\" \/>\n<meta property=\"og:image\" content=\"https:\/\/lagnoticias.com\/wp-content\/uploads\/2025\/09\/1-20.jpg\" \/>\n\t<meta property=\"og:image:width\" content=\"997\" \/>\n\t<meta property=\"og:image:height\" content=\"513\" \/>\n\t<meta property=\"og:image:type\" content=\"image\/jpeg\" \/>\n<meta name=\"author\" content=\"Oscar\" \/>\n<meta name=\"twitter:card\" content=\"summary_large_image\" \/>\n<meta name=\"twitter:creator\" content=\"@lagnoticias\" \/>\n<meta name=\"twitter:site\" content=\"@lagnoticias\" \/>\n<meta name=\"twitter:label1\" content=\"Written by\" \/>\n\t<meta name=\"twitter:data1\" content=\"Oscar\" \/>\n\t<meta name=\"twitter:label2\" content=\"Est. reading time\" \/>\n\t<meta name=\"twitter:data2\" content=\"3 minutes\" \/>\n<script type=\"application\/ld+json\" class=\"yoast-schema-graph\">{\"@context\":\"https:\\\/\\\/schema.org\",\"@graph\":[{\"@type\":\"Article\",\"@id\":\"https:\\\/\\\/lagnoticias.com\\\/2025\\\/09\\\/26\\\/latinos-piden-al-congreso-de-estados-unidos-proteccion-por-redadas\\\/#article\",\"isPartOf\":{\"@id\":\"https:\\\/\\\/lagnoticias.com\\\/2025\\\/09\\\/26\\\/latinos-piden-al-congreso-de-estados-unidos-proteccion-por-redadas\\\/\"},\"author\":{\"name\":\"Oscar\",\"@id\":\"https:\\\/\\\/lagnoticias.com\\\/#\\\/schema\\\/person\\\/cb9bfe13f8de05d2c55270be25c6a550\"},\"headline\":\"Latinos piden al Congreso de Estados Unidos protecci\u00f3n por redadas\",\"datePublished\":\"2025-09-26T14:46:40+00:00\",\"dateModified\":\"2025-09-27T20:23:25+00:00\",\"mainEntityOfPage\":{\"@id\":\"https:\\\/\\\/lagnoticias.com\\\/2025\\\/09\\\/26\\\/latinos-piden-al-congreso-de-estados-unidos-proteccion-por-redadas\\\/\"},\"wordCount\":493,\"commentCount\":0,\"image\":{\"@id\":\"https:\\\/\\\/lagnoticias.com\\\/2025\\\/09\\\/26\\\/latinos-piden-al-congreso-de-estados-unidos-proteccion-por-redadas\\\/#primaryimage\"},\"thumbnailUrl\":\"https:\\\/\\\/lagnoticias.com\\\/wp-content\\\/uploads\\\/2025\\\/09\\\/1-20.jpg\",\"keywords\":[\"ESTADOS UNIDOS\",\"GOBIERNO DE ESTADOS UNIDOS\",\"LATINOS\",\"MIGRANTES\",\"REDADAS\"],\"articleSection\":[\"INTERNACIONALES\"],\"inLanguage\":\"en-US\",\"potentialAction\":[{\"@type\":\"CommentAction\",\"name\":\"Comment\",\"target\":[\"https:\\\/\\\/lagnoticias.com\\\/2025\\\/09\\\/26\\\/latinos-piden-al-congreso-de-estados-unidos-proteccion-por-redadas\\\/#respond\"]}]},{\"@type\":\"WebPage\",\"@id\":\"https:\\\/\\\/lagnoticias.com\\\/2025\\\/09\\\/26\\\/latinos-piden-al-congreso-de-estados-unidos-proteccion-por-redadas\\\/\",\"url\":\"https:\\\/\\\/lagnoticias.com\\\/2025\\\/09\\\/26\\\/latinos-piden-al-congreso-de-estados-unidos-proteccion-por-redadas\\\/\",\"name\":\"Latinos piden al Congreso de Estados Unidos protecci\u00f3n por redadas - La G Noticias\",\"isPartOf\":{\"@id\":\"https:\\\/\\\/lagnoticias.com\\\/#website\"},\"primaryImageOfPage\":{\"@id\":\"https:\\\/\\\/lagnoticias.com\\\/2025\\\/09\\\/26\\\/latinos-piden-al-congreso-de-estados-unidos-proteccion-por-redadas\\\/#primaryimage\"},\"image\":{\"@id\":\"https:\\\/\\\/lagnoticias.com\\\/2025\\\/09\\\/26\\\/latinos-piden-al-congreso-de-estados-unidos-proteccion-por-redadas\\\/#primaryimage\"},\"thumbnailUrl\":\"https:\\\/\\\/lagnoticias.com\\\/wp-content\\\/uploads\\\/2025\\\/09\\\/1-20.jpg\",\"datePublished\":\"2025-09-26T14:46:40+00:00\",\"dateModified\":\"2025-09-27T20:23:25+00:00\",\"author\":{\"@id\":\"https:\\\/\\\/lagnoticias.com\\\/#\\\/schema\\\/person\\\/cb9bfe13f8de05d2c55270be25c6a550\"},\"breadcrumb\":{\"@id\":\"https:\\\/\\\/lagnoticias.com\\\/2025\\\/09\\\/26\\\/latinos-piden-al-congreso-de-estados-unidos-proteccion-por-redadas\\\/#breadcrumb\"},\"inLanguage\":\"en-US\",\"potentialAction\":[{\"@type\":\"ReadAction\",\"target\":[\"https:\\\/\\\/lagnoticias.com\\\/2025\\\/09\\\/26\\\/latinos-piden-al-congreso-de-estados-unidos-proteccion-por-redadas\\\/\"]}]},{\"@type\":\"ImageObject\",\"inLanguage\":\"en-US\",\"@id\":\"https:\\\/\\\/lagnoticias.com\\\/2025\\\/09\\\/26\\\/latinos-piden-al-congreso-de-estados-unidos-proteccion-por-redadas\\\/#primaryimage\",\"url\":\"https:\\\/\\\/lagnoticias.com\\\/wp-content\\\/uploads\\\/2025\\\/09\\\/1-20.jpg\",\"contentUrl\":\"https:\\\/\\\/lagnoticias.com\\\/wp-content\\\/uploads\\\/2025\\\/09\\\/1-20.jpg\",\"width\":997,\"height\":513},{\"@type\":\"BreadcrumbList\",\"@id\":\"https:\\\/\\\/lagnoticias.com\\\/2025\\\/09\\\/26\\\/latinos-piden-al-congreso-de-estados-unidos-proteccion-por-redadas\\\/#breadcrumb\",\"itemListElement\":[{\"@type\":\"ListItem\",\"position\":1,\"name\":\"Portada\",\"item\":\"https:\\\/\\\/lagnoticias.com\\\/\"},{\"@type\":\"ListItem\",\"position\":2,\"name\":\"Latinos piden al Congreso de Estados Unidos protecci\u00f3n por redadas\"}]},{\"@type\":\"WebSite\",\"@id\":\"https:\\\/\\\/lagnoticias.com\\\/#website\",\"url\":\"https:\\\/\\\/lagnoticias.com\\\/\",\"name\":\"La G Noticias\",\"description\":\"Noticias Positivas\",\"potentialAction\":[{\"@type\":\"SearchAction\",\"target\":{\"@type\":\"EntryPoint\",\"urlTemplate\":\"https:\\\/\\\/lagnoticias.com\\\/?s={search_term_string}\"},\"query-input\":{\"@type\":\"PropertyValueSpecification\",\"valueRequired\":true,\"valueName\":\"search_term_string\"}}],\"inLanguage\":\"en-US\"},{\"@type\":\"Person\",\"@id\":\"https:\\\/\\\/lagnoticias.com\\\/#\\\/schema\\\/person\\\/cb9bfe13f8de05d2c55270be25c6a550\",\"name\":\"Oscar\",\"image\":{\"@type\":\"ImageObject\",\"inLanguage\":\"en-US\",\"@id\":\"https:\\\/\\\/secure.gravatar.com\\\/avatar\\\/45c195718f652dc7ffdd591dc1f2678956ab7fdadcd359a635edc61304a8c757?s=96&d=mm&r=g\",\"url\":\"https:\\\/\\\/secure.gravatar.com\\\/avatar\\\/45c195718f652dc7ffdd591dc1f2678956ab7fdadcd359a635edc61304a8c757?s=96&d=mm&r=g\",\"contentUrl\":\"https:\\\/\\\/secure.gravatar.com\\\/avatar\\\/45c195718f652dc7ffdd591dc1f2678956ab7fdadcd359a635edc61304a8c757?s=96&d=mm&r=g\",\"caption\":\"Oscar\"},\"url\":\"https:\\\/\\\/lagnoticias.com\\\/en\\\/author\\\/oscar\\\/\"}]}<\/script>\n<!-- \/ Yoast SEO plugin. -->","yoast_head_json":{"title":"Latinos piden al Congreso de Estados Unidos protecci\u00f3n por redadas - La G Noticias","robots":{"index":"index","follow":"follow","max-snippet":"max-snippet:-1","max-image-preview":"max-image-preview:large","max-video-preview":"max-video-preview:-1"},"canonical":"https:\/\/lagnoticias.com\/en\/2025\/09\/26\/latinos-piden-al-congreso-de-estados-unidos-proteccion-por-redadas\/","og_locale":"en_US","og_type":"article","og_title":"Latinos piden al Congreso de Estados Unidos protecci\u00f3n por redadas - La G Noticias","og_description":"La coalici\u00f3n de ocho organizaciones demostr\u00f3 su preocupaci\u00f3n por la \"ret\u00f3rica antilatina\" que, a su criterio, \"se ha convertido en un arma para crear pol\u00edticas peligrosas que atacan\" a sus comunidades\".","og_url":"https:\/\/lagnoticias.com\/en\/2025\/09\/26\/latinos-piden-al-congreso-de-estados-unidos-proteccion-por-redadas\/","og_site_name":"La G Noticias","article_publisher":"https:\/\/www.facebook.com\/LaGNoticias","article_published_time":"2025-09-26T14:46:40+00:00","article_modified_time":"2025-09-27T20:23:25+00:00","og_image":[{"width":997,"height":513,"url":"https:\/\/lagnoticias.com\/wp-content\/uploads\/2025\/09\/1-20.jpg","type":"image\/jpeg"}],"author":"Oscar","twitter_card":"summary_large_image","twitter_creator":"@lagnoticias","twitter_site":"@lagnoticias","twitter_misc":{"Written by":"Oscar","Est. reading time":"3 minutes"},"schema":{"@context":"https:\/\/schema.org","@graph":[{"@type":"Article","@id":"https:\/\/lagnoticias.com\/2025\/09\/26\/latinos-piden-al-congreso-de-estados-unidos-proteccion-por-redadas\/#article","isPartOf":{"@id":"https:\/\/lagnoticias.com\/2025\/09\/26\/latinos-piden-al-congreso-de-estados-unidos-proteccion-por-redadas\/"},"author":{"name":"Oscar","@id":"https:\/\/lagnoticias.com\/#\/schema\/person\/cb9bfe13f8de05d2c55270be25c6a550"},"headline":"Latinos piden al Congreso de Estados Unidos protecci\u00f3n por redadas","datePublished":"2025-09-26T14:46:40+00:00","dateModified":"2025-09-27T20:23:25+00:00","mainEntityOfPage":{"@id":"https:\/\/lagnoticias.com\/2025\/09\/26\/latinos-piden-al-congreso-de-estados-unidos-proteccion-por-redadas\/"},"wordCount":493,"commentCount":0,"image":{"@id":"https:\/\/lagnoticias.com\/2025\/09\/26\/latinos-piden-al-congreso-de-estados-unidos-proteccion-por-redadas\/#primaryimage"},"thumbnailUrl":"https:\/\/lagnoticias.com\/wp-content\/uploads\/2025\/09\/1-20.jpg","keywords":["ESTADOS UNIDOS","GOBIERNO DE ESTADOS UNIDOS","LATINOS","MIGRANTES","REDADAS"],"articleSection":["INTERNACIONALES"],"inLanguage":"en-US","potentialAction":[{"@type":"CommentAction","name":"Comment","target":["https:\/\/lagnoticias.com\/2025\/09\/26\/latinos-piden-al-congreso-de-estados-unidos-proteccion-por-redadas\/#respond"]}]},{"@type":"WebPage","@id":"https:\/\/lagnoticias.com\/2025\/09\/26\/latinos-piden-al-congreso-de-estados-unidos-proteccion-por-redadas\/","url":"https:\/\/lagnoticias.com\/2025\/09\/26\/latinos-piden-al-congreso-de-estados-unidos-proteccion-por-redadas\/","name":"Latinos piden al Congreso de Estados Unidos protecci\u00f3n por redadas - La G Noticias","isPartOf":{"@id":"https:\/\/lagnoticias.com\/#website"},"primaryImageOfPage":{"@id":"https:\/\/lagnoticias.com\/2025\/09\/26\/latinos-piden-al-congreso-de-estados-unidos-proteccion-por-redadas\/#primaryimage"},"image":{"@id":"https:\/\/lagnoticias.com\/2025\/09\/26\/latinos-piden-al-congreso-de-estados-unidos-proteccion-por-redadas\/#primaryimage"},"thumbnailUrl":"https:\/\/lagnoticias.com\/wp-content\/uploads\/2025\/09\/1-20.jpg","datePublished":"2025-09-26T14:46:40+00:00","dateModified":"2025-09-27T20:23:25+00:00","author":{"@id":"https:\/\/lagnoticias.com\/#\/schema\/person\/cb9bfe13f8de05d2c55270be25c6a550"},"breadcrumb":{"@id":"https:\/\/lagnoticias.com\/2025\/09\/26\/latinos-piden-al-congreso-de-estados-unidos-proteccion-por-redadas\/#breadcrumb"},"inLanguage":"en-US","potentialAction":[{"@type":"ReadAction","target":["https:\/\/lagnoticias.com\/2025\/09\/26\/latinos-piden-al-congreso-de-estados-unidos-proteccion-por-redadas\/"]}]},{"@type":"ImageObject","inLanguage":"en-US","@id":"https:\/\/lagnoticias.com\/2025\/09\/26\/latinos-piden-al-congreso-de-estados-unidos-proteccion-por-redadas\/#primaryimage","url":"https:\/\/lagnoticias.com\/wp-content\/uploads\/2025\/09\/1-20.jpg","contentUrl":"https:\/\/lagnoticias.com\/wp-content\/uploads\/2025\/09\/1-20.jpg","width":997,"height":513},{"@type":"BreadcrumbList","@id":"https:\/\/lagnoticias.com\/2025\/09\/26\/latinos-piden-al-congreso-de-estados-unidos-proteccion-por-redadas\/#breadcrumb","itemListElement":[{"@type":"ListItem","position":1,"name":"Portada","item":"https:\/\/lagnoticias.com\/"},{"@type":"ListItem","position":2,"name":"Latinos piden al Congreso de Estados Unidos protecci\u00f3n por redadas"}]},{"@type":"WebSite","@id":"https:\/\/lagnoticias.com\/#website","url":"https:\/\/lagnoticias.com\/","name":"La G Noticias","description":"Noticias Positivas","potentialAction":[{"@type":"SearchAction","target":{"@type":"EntryPoint","urlTemplate":"https:\/\/lagnoticias.com\/?s={search_term_string}"},"query-input":{"@type":"PropertyValueSpecification","valueRequired":true,"valueName":"search_term_string"}}],"inLanguage":"en-US"},{"@type":"Person","@id":"https:\/\/lagnoticias.com\/#\/schema\/person\/cb9bfe13f8de05d2c55270be25c6a550","name":"Oscar","image":{"@type":"ImageObject","inLanguage":"en-US","@id":"https:\/\/secure.gravatar.com\/avatar\/45c195718f652dc7ffdd591dc1f2678956ab7fdadcd359a635edc61304a8c757?s=96&d=mm&r=g","url":"https:\/\/secure.gravatar.com\/avatar\/45c195718f652dc7ffdd591dc1f2678956ab7fdadcd359a635edc61304a8c757?s=96&d=mm&r=g","contentUrl":"https:\/\/secure.gravatar.com\/avatar\/45c195718f652dc7ffdd591dc1f2678956ab7fdadcd359a635edc61304a8c757?s=96&d=mm&r=g","caption":"Oscar"},"url":"https:\/\/lagnoticias.com\/en\/author\/oscar\/"}]}},"_links":{"self":[{"href":"https:\/\/lagnoticias.com\/en\/wp-json\/wp\/v2\/posts\/5346","targetHints":{"allow":["GET"]}}],"collection":[{"href":"https:\/\/lagnoticias.com\/en\/wp-json\/wp\/v2\/posts"}],"about":[{"href":"https:\/\/lagnoticias.com\/en\/wp-json\/wp\/v2\/types\/post"}],"author":[{"embeddable":true,"href":"https:\/\/lagnoticias.com\/en\/wp-json\/wp\/v2\/users\/2"}],"replies":[{"embeddable":true,"href":"https:\/\/lagnoticias.com\/en\/wp-json\/wp\/v2\/comments?post=5346"}],"version-history":[{"count":1,"href":"https:\/\/lagnoticias.com\/en\/wp-json\/wp\/v2\/posts\/5346\/revisions"}],"predecessor-version":[{"id":5348,"href":"https:\/\/lagnoticias.com\/en\/wp-json\/wp\/v2\/posts\/5346\/revisions\/5348"}],"wp:featuredmedia":[{"embeddable":true,"href":"https:\/\/lagnoticias.com\/en\/wp-json\/wp\/v2\/media\/5347"}],"wp:attachment":[{"href":"https:\/\/lagnoticias.com\/en\/wp-json\/wp\/v2\/media?parent=5346"}],"wp:term":[{"taxonomy":"category","embeddable":true,"href":"https:\/\/lagnoticias.com\/en\/wp-json\/wp\/v2\/categories?post=5346"},{"taxonomy":"post_tag","embeddable":true,"href":"https:\/\/lagnoticias.com\/en\/wp-json\/wp\/v2\/tags?post=5346"}],"curies":[{"name":"wp","href":"https:\/\/api.w.org\/{rel}","templated":true}]}}