{"id":5317,"date":"2025-09-25T10:54:45","date_gmt":"2025-09-25T16:54:45","guid":{"rendered":"https:\/\/lagnoticias.com\/?p=5317"},"modified":"2025-09-25T10:54:46","modified_gmt":"2025-09-25T16:54:46","slug":"el-cambio-climatico-podria-reducir-el-pib-mundial-per-capita-hasta-en-un-24","status":"publish","type":"post","link":"https:\/\/lagnoticias.com\/en\/2025\/09\/25\/el-cambio-climatico-podria-reducir-el-pib-mundial-per-capita-hasta-en-un-24\/","title":{"rendered":"El cambio clim\u00e1tico podr\u00eda reducir el PIB mundial per c\u00e1pita hasta en un 24 %"},"content":{"rendered":"<p>El&nbsp;cambio clim\u00e1tico&nbsp;descontrolado&nbsp;amenaza con convertirse en uno de los mayores riesgos econ\u00f3micos del futuro. Seg\u00fan un estudio publicado en&nbsp;Plos (Public Library of Science), para el a\u00f1o 2100 el&nbsp;PIB mundial per c\u00e1pita&nbsp;podr\u00eda caer hasta un&nbsp;24 %&nbsp;si no se adoptan medidas efectivas para frenar el calentamiento global. Este impacto ser\u00eda global, afectando tanto a pa\u00edses ricos como a naciones en desarrollo, con consecuencias directas sobre industrias, empleos y calidad de vida.&nbsp;<\/p>\n\n\n\n<h2 class=\"wp-block-heading\">Impacto desigual en econom\u00edas c\u00e1lidas y vulnerables&nbsp;<\/h2>\n\n\n\n<p>Los investigadores del laboratorio&nbsp;climaTRACES&nbsp;de la Universidad de Cambridge revelan que los pa\u00edses m\u00e1s c\u00e1lidos y con&nbsp;menores ingresos&nbsp;ser\u00edan los m\u00e1s afectados. Estos territorios sufrir\u00edan p\u00e9rdidas&nbsp;entre un 30 % y un 60 % superiores&nbsp;a la media mundial, lo que intensificar\u00eda las brechas de desigualdad econ\u00f3mica.&nbsp;<\/p>\n\n\n\n<p>Hasta hace una d\u00e9cada, gran parte de los economistas consideraban que el cambio clim\u00e1tico ser\u00eda un problema limitado a las naciones del sur global. Sin embargo, el an\u00e1lisis de&nbsp;Kamiar Mohaddes y Mehdi Raissi&nbsp;demuestra que esta crisis&nbsp;afectar\u00e1 a todos los pa\u00edses, independientemente de su ubicaci\u00f3n geogr\u00e1fica o nivel de desarrollo.&nbsp;<\/p>\n\n\n\n<p>Adem\u00e1s, los efectos econ\u00f3micos no se restringen \u00fanicamente a la agricultura. El cambio clim\u00e1tico amenaza tambi\u00e9n sectores clave como el&nbsp;transporte, la manufactura y el comercio minorista, pilares fundamentales del crecimiento global.<\/p>\n\n\n\n<h2 class=\"wp-block-heading\">Escenarios futuros: p\u00e9rdidas y oportunidades&nbsp;<\/h2>\n\n\n\n<p>El estudio compar\u00f3 distintos escenarios basados en proyecciones del&nbsp;Grupo Intergubernamental de Expertos sobre el Cambio Clim\u00e1tico (IPCC). Estas incluyen distintos ritmos de aumento de temperaturas, grados de variabilidad clim\u00e1tica y esfuerzos de mitigaci\u00f3n.&nbsp;<\/p>\n\n\n\n<ul class=\"wp-block-list\">\n<li>En un escenario con un aumento persistente de\u00a00.04 grados por a\u00f1o, el PIB mundial per c\u00e1pita podr\u00eda caer entre un\u00a010 % y un 11 %\u00a0hacia 2100.\u00a0<\/li>\n\n\n\n<li>En el caso m\u00e1s extremo, con emisiones sin control, las p\u00e9rdidas alcanzar\u00edan hasta el\u00a024 %.\u00a0<\/li>\n\n\n\n<li>En contraste, cumplir los\u00a0objetivos del Acuerdo de Par\u00eds\u00a0permitir\u00eda un beneficio global del\u00a00.25 %\u00a0frente a la tendencia hist\u00f3rica del calentamiento.\u00a0<\/li>\n<\/ul>\n\n\n\n<p>Este contraste evidencia que&nbsp;la acci\u00f3n clim\u00e1tica no solo es una cuesti\u00f3n ambiental, sino tambi\u00e9n una estrategia econ\u00f3mica que puede marcar la diferencia entre una crisis profunda y una oportunidad de crecimiento sostenible.<\/p>\n\n\n\n<h2 class=\"wp-block-heading\">La urgencia de actuar frente al cambio clim\u00e1tico<\/h2>\n\n\n\n<p>Los autores advierten que&nbsp;ning\u00fan pa\u00eds es inmune. Si no se reducen dr\u00e1sticamente las emisiones de gases de efecto invernadero, el impacto ser\u00e1 inevitable y cada vez m\u00e1s severo. La p\u00e9rdida de ingresos proyectada para final de siglo afectar\u00e1 tanto a las naciones industrializadas como a las emergentes.&nbsp;<\/p>\n\n\n\n<p>La investigaci\u00f3n analiz\u00f3 el comportamiento econ\u00f3mico de&nbsp;174 pa\u00edses entre 2015 y 2100, teniendo en cuenta los niveles de calentamiento y sus efectos acumulativos. Los hallazgos muestran que la inacci\u00f3n podr\u00eda comprometer gravemente el bienestar de futuras generaciones.&nbsp;<\/p>\n\n\n\n<p>M\u00e1s all\u00e1 de las cifras, los investigadores destacan que el cambio clim\u00e1tico&nbsp;ya est\u00e1 vinculado a la reducci\u00f3n de la productividad econ\u00f3mica. Sin embargo, las diferencias en los modelos clim\u00e1ticos han dificultado hasta ahora establecer un consenso sobre la magnitud exacta del problema. Este nuevo estudio aporta una visi\u00f3n m\u00e1s integral, al relacionar directamente el aumento de temperaturas con el&nbsp;desempe\u00f1o econ\u00f3mico global.<\/p>","protected":false},"excerpt":{"rendered":"<p>El&nbsp;cambio clim\u00e1tico&nbsp;descontrolado&nbsp;amenaza con convertirse en uno de los mayores riesgos econ\u00f3micos del futuro. Seg\u00fan un estudio publicado en&nbsp;Plos (Public Library of Science), para el a\u00f1o 2100 el&nbsp;PIB mundial per c\u00e1pita&nbsp;podr\u00eda caer hasta un&nbsp;24 %&nbsp;si no se adoptan medidas efectivas para frenar el calentamiento global. Este impacto ser\u00eda global, afectando tanto a pa\u00edses ricos como a [&hellip;]<\/p>","protected":false},"author":2,"featured_media":5318,"comment_status":"open","ping_status":"open","sticky":false,"template":"","format":"standard","meta":{"_et_pb_use_builder":"off","_et_pb_old_content":"","_et_gb_content_width":"","footnotes":""},"categories":[245],"tags":[583,358,1095],"class_list":["post-5317","post","type-post","status-publish","format-standard","has-post-thumbnail","hentry","category-internacionales","tag-cambio-climatico","tag-economia","tag-pib-mundial"],"yoast_head":"<!-- This site is optimized with the Yoast SEO plugin v27.4 - https:\/\/yoast.com\/product\/yoast-seo-wordpress\/ -->\n<title>El cambio clim\u00e1tico podr\u00eda reducir el PIB mundial per c\u00e1pita hasta en un 24 % - La G Noticias<\/title>\n<meta name=\"robots\" content=\"index, follow, max-snippet:-1, max-image-preview:large, max-video-preview:-1\" \/>\n<link rel=\"canonical\" href=\"https:\/\/lagnoticias.com\/en\/2025\/09\/25\/el-cambio-climatico-podria-reducir-el-pib-mundial-per-capita-hasta-en-un-24\/\" \/>\n<meta property=\"og:locale\" content=\"en_US\" \/>\n<meta property=\"og:type\" content=\"article\" \/>\n<meta property=\"og:title\" content=\"El cambio clim\u00e1tico podr\u00eda reducir el PIB mundial per c\u00e1pita hasta en un 24 % - La G Noticias\" \/>\n<meta property=\"og:description\" content=\"El&nbsp;cambio clim\u00e1tico&nbsp;descontrolado&nbsp;amenaza con convertirse en uno de los mayores riesgos econ\u00f3micos del futuro. Seg\u00fan un estudio publicado en&nbsp;Plos (Public Library of Science), para el a\u00f1o 2100 el&nbsp;PIB mundial per c\u00e1pita&nbsp;podr\u00eda caer hasta un&nbsp;24 %&nbsp;si no se adoptan medidas efectivas para frenar el calentamiento global. Este impacto ser\u00eda global, afectando tanto a pa\u00edses ricos como a [&hellip;]\" \/>\n<meta property=\"og:url\" content=\"https:\/\/lagnoticias.com\/en\/2025\/09\/25\/el-cambio-climatico-podria-reducir-el-pib-mundial-per-capita-hasta-en-un-24\/\" \/>\n<meta property=\"og:site_name\" content=\"La G Noticias\" \/>\n<meta property=\"article:publisher\" content=\"https:\/\/www.facebook.com\/LaGNoticias\" \/>\n<meta property=\"article:published_time\" content=\"2025-09-25T16:54:45+00:00\" \/>\n<meta property=\"article:modified_time\" content=\"2025-09-25T16:54:46+00:00\" \/>\n<meta property=\"og:image\" content=\"https:\/\/lagnoticias.com\/wp-content\/uploads\/2025\/09\/6-18.jpg\" \/>\n\t<meta property=\"og:image:width\" content=\"1200\" \/>\n\t<meta property=\"og:image:height\" content=\"665\" \/>\n\t<meta property=\"og:image:type\" content=\"image\/jpeg\" \/>\n<meta name=\"author\" content=\"Oscar\" \/>\n<meta name=\"twitter:card\" content=\"summary_large_image\" \/>\n<meta name=\"twitter:creator\" content=\"@lagnoticias\" \/>\n<meta name=\"twitter:site\" content=\"@lagnoticias\" \/>\n<meta name=\"twitter:label1\" content=\"Written by\" \/>\n\t<meta name=\"twitter:data1\" content=\"Oscar\" \/>\n\t<meta name=\"twitter:label2\" content=\"Est. reading time\" \/>\n\t<meta name=\"twitter:data2\" content=\"3 minutes\" \/>\n<script type=\"application\/ld+json\" class=\"yoast-schema-graph\">{\"@context\":\"https:\\\/\\\/schema.org\",\"@graph\":[{\"@type\":\"Article\",\"@id\":\"https:\\\/\\\/lagnoticias.com\\\/2025\\\/09\\\/25\\\/el-cambio-climatico-podria-reducir-el-pib-mundial-per-capita-hasta-en-un-24\\\/#article\",\"isPartOf\":{\"@id\":\"https:\\\/\\\/lagnoticias.com\\\/2025\\\/09\\\/25\\\/el-cambio-climatico-podria-reducir-el-pib-mundial-per-capita-hasta-en-un-24\\\/\"},\"author\":{\"name\":\"Oscar\",\"@id\":\"https:\\\/\\\/lagnoticias.com\\\/#\\\/schema\\\/person\\\/cb9bfe13f8de05d2c55270be25c6a550\"},\"headline\":\"El cambio clim\u00e1tico podr\u00eda reducir el PIB mundial per c\u00e1pita hasta en un 24 %\",\"datePublished\":\"2025-09-25T16:54:45+00:00\",\"dateModified\":\"2025-09-25T16:54:46+00:00\",\"mainEntityOfPage\":{\"@id\":\"https:\\\/\\\/lagnoticias.com\\\/2025\\\/09\\\/25\\\/el-cambio-climatico-podria-reducir-el-pib-mundial-per-capita-hasta-en-un-24\\\/\"},\"wordCount\":609,\"commentCount\":0,\"image\":{\"@id\":\"https:\\\/\\\/lagnoticias.com\\\/2025\\\/09\\\/25\\\/el-cambio-climatico-podria-reducir-el-pib-mundial-per-capita-hasta-en-un-24\\\/#primaryimage\"},\"thumbnailUrl\":\"https:\\\/\\\/lagnoticias.com\\\/wp-content\\\/uploads\\\/2025\\\/09\\\/6-18.jpg\",\"keywords\":[\"CAMBIO CLIM\u00c1TICO\",\"ECONOM\u00cdA\",\"PIB MUNDIAL\"],\"articleSection\":[\"INTERNACIONALES\"],\"inLanguage\":\"en-US\",\"potentialAction\":[{\"@type\":\"CommentAction\",\"name\":\"Comment\",\"target\":[\"https:\\\/\\\/lagnoticias.com\\\/2025\\\/09\\\/25\\\/el-cambio-climatico-podria-reducir-el-pib-mundial-per-capita-hasta-en-un-24\\\/#respond\"]}]},{\"@type\":\"WebPage\",\"@id\":\"https:\\\/\\\/lagnoticias.com\\\/2025\\\/09\\\/25\\\/el-cambio-climatico-podria-reducir-el-pib-mundial-per-capita-hasta-en-un-24\\\/\",\"url\":\"https:\\\/\\\/lagnoticias.com\\\/2025\\\/09\\\/25\\\/el-cambio-climatico-podria-reducir-el-pib-mundial-per-capita-hasta-en-un-24\\\/\",\"name\":\"El cambio clim\u00e1tico podr\u00eda reducir el PIB mundial per c\u00e1pita hasta en un 24 % - La G Noticias\",\"isPartOf\":{\"@id\":\"https:\\\/\\\/lagnoticias.com\\\/#website\"},\"primaryImageOfPage\":{\"@id\":\"https:\\\/\\\/lagnoticias.com\\\/2025\\\/09\\\/25\\\/el-cambio-climatico-podria-reducir-el-pib-mundial-per-capita-hasta-en-un-24\\\/#primaryimage\"},\"image\":{\"@id\":\"https:\\\/\\\/lagnoticias.com\\\/2025\\\/09\\\/25\\\/el-cambio-climatico-podria-reducir-el-pib-mundial-per-capita-hasta-en-un-24\\\/#primaryimage\"},\"thumbnailUrl\":\"https:\\\/\\\/lagnoticias.com\\\/wp-content\\\/uploads\\\/2025\\\/09\\\/6-18.jpg\",\"datePublished\":\"2025-09-25T16:54:45+00:00\",\"dateModified\":\"2025-09-25T16:54:46+00:00\",\"author\":{\"@id\":\"https:\\\/\\\/lagnoticias.com\\\/#\\\/schema\\\/person\\\/cb9bfe13f8de05d2c55270be25c6a550\"},\"breadcrumb\":{\"@id\":\"https:\\\/\\\/lagnoticias.com\\\/2025\\\/09\\\/25\\\/el-cambio-climatico-podria-reducir-el-pib-mundial-per-capita-hasta-en-un-24\\\/#breadcrumb\"},\"inLanguage\":\"en-US\",\"potentialAction\":[{\"@type\":\"ReadAction\",\"target\":[\"https:\\\/\\\/lagnoticias.com\\\/2025\\\/09\\\/25\\\/el-cambio-climatico-podria-reducir-el-pib-mundial-per-capita-hasta-en-un-24\\\/\"]}]},{\"@type\":\"ImageObject\",\"inLanguage\":\"en-US\",\"@id\":\"https:\\\/\\\/lagnoticias.com\\\/2025\\\/09\\\/25\\\/el-cambio-climatico-podria-reducir-el-pib-mundial-per-capita-hasta-en-un-24\\\/#primaryimage\",\"url\":\"https:\\\/\\\/lagnoticias.com\\\/wp-content\\\/uploads\\\/2025\\\/09\\\/6-18.jpg\",\"contentUrl\":\"https:\\\/\\\/lagnoticias.com\\\/wp-content\\\/uploads\\\/2025\\\/09\\\/6-18.jpg\",\"width\":1200,\"height\":665},{\"@type\":\"BreadcrumbList\",\"@id\":\"https:\\\/\\\/lagnoticias.com\\\/2025\\\/09\\\/25\\\/el-cambio-climatico-podria-reducir-el-pib-mundial-per-capita-hasta-en-un-24\\\/#breadcrumb\",\"itemListElement\":[{\"@type\":\"ListItem\",\"position\":1,\"name\":\"Portada\",\"item\":\"https:\\\/\\\/lagnoticias.com\\\/\"},{\"@type\":\"ListItem\",\"position\":2,\"name\":\"El cambio clim\u00e1tico podr\u00eda reducir el PIB mundial per c\u00e1pita hasta en un 24 %\"}]},{\"@type\":\"WebSite\",\"@id\":\"https:\\\/\\\/lagnoticias.com\\\/#website\",\"url\":\"https:\\\/\\\/lagnoticias.com\\\/\",\"name\":\"La G Noticias\",\"description\":\"Noticias Positivas\",\"potentialAction\":[{\"@type\":\"SearchAction\",\"target\":{\"@type\":\"EntryPoint\",\"urlTemplate\":\"https:\\\/\\\/lagnoticias.com\\\/?s={search_term_string}\"},\"query-input\":{\"@type\":\"PropertyValueSpecification\",\"valueRequired\":true,\"valueName\":\"search_term_string\"}}],\"inLanguage\":\"en-US\"},{\"@type\":\"Person\",\"@id\":\"https:\\\/\\\/lagnoticias.com\\\/#\\\/schema\\\/person\\\/cb9bfe13f8de05d2c55270be25c6a550\",\"name\":\"Oscar\",\"image\":{\"@type\":\"ImageObject\",\"inLanguage\":\"en-US\",\"@id\":\"https:\\\/\\\/secure.gravatar.com\\\/avatar\\\/45c195718f652dc7ffdd591dc1f2678956ab7fdadcd359a635edc61304a8c757?s=96&d=mm&r=g\",\"url\":\"https:\\\/\\\/secure.gravatar.com\\\/avatar\\\/45c195718f652dc7ffdd591dc1f2678956ab7fdadcd359a635edc61304a8c757?s=96&d=mm&r=g\",\"contentUrl\":\"https:\\\/\\\/secure.gravatar.com\\\/avatar\\\/45c195718f652dc7ffdd591dc1f2678956ab7fdadcd359a635edc61304a8c757?s=96&d=mm&r=g\",\"caption\":\"Oscar\"},\"url\":\"https:\\\/\\\/lagnoticias.com\\\/en\\\/author\\\/oscar\\\/\"}]}<\/script>\n<!-- \/ Yoast SEO plugin. -->","yoast_head_json":{"title":"El cambio clim\u00e1tico podr\u00eda reducir el PIB mundial per c\u00e1pita hasta en un 24 % - La G Noticias","robots":{"index":"index","follow":"follow","max-snippet":"max-snippet:-1","max-image-preview":"max-image-preview:large","max-video-preview":"max-video-preview:-1"},"canonical":"https:\/\/lagnoticias.com\/en\/2025\/09\/25\/el-cambio-climatico-podria-reducir-el-pib-mundial-per-capita-hasta-en-un-24\/","og_locale":"en_US","og_type":"article","og_title":"El cambio clim\u00e1tico podr\u00eda reducir el PIB mundial per c\u00e1pita hasta en un 24 % - La G Noticias","og_description":"El&nbsp;cambio clim\u00e1tico&nbsp;descontrolado&nbsp;amenaza con convertirse en uno de los mayores riesgos econ\u00f3micos del futuro. Seg\u00fan un estudio publicado en&nbsp;Plos (Public Library of Science), para el a\u00f1o 2100 el&nbsp;PIB mundial per c\u00e1pita&nbsp;podr\u00eda caer hasta un&nbsp;24 %&nbsp;si no se adoptan medidas efectivas para frenar el calentamiento global. Este impacto ser\u00eda global, afectando tanto a pa\u00edses ricos como a [&hellip;]","og_url":"https:\/\/lagnoticias.com\/en\/2025\/09\/25\/el-cambio-climatico-podria-reducir-el-pib-mundial-per-capita-hasta-en-un-24\/","og_site_name":"La G Noticias","article_publisher":"https:\/\/www.facebook.com\/LaGNoticias","article_published_time":"2025-09-25T16:54:45+00:00","article_modified_time":"2025-09-25T16:54:46+00:00","og_image":[{"width":1200,"height":665,"url":"https:\/\/lagnoticias.com\/wp-content\/uploads\/2025\/09\/6-18.jpg","type":"image\/jpeg"}],"author":"Oscar","twitter_card":"summary_large_image","twitter_creator":"@lagnoticias","twitter_site":"@lagnoticias","twitter_misc":{"Written by":"Oscar","Est. reading time":"3 minutes"},"schema":{"@context":"https:\/\/schema.org","@graph":[{"@type":"Article","@id":"https:\/\/lagnoticias.com\/2025\/09\/25\/el-cambio-climatico-podria-reducir-el-pib-mundial-per-capita-hasta-en-un-24\/#article","isPartOf":{"@id":"https:\/\/lagnoticias.com\/2025\/09\/25\/el-cambio-climatico-podria-reducir-el-pib-mundial-per-capita-hasta-en-un-24\/"},"author":{"name":"Oscar","@id":"https:\/\/lagnoticias.com\/#\/schema\/person\/cb9bfe13f8de05d2c55270be25c6a550"},"headline":"El cambio clim\u00e1tico podr\u00eda reducir el PIB mundial per c\u00e1pita hasta en un 24 %","datePublished":"2025-09-25T16:54:45+00:00","dateModified":"2025-09-25T16:54:46+00:00","mainEntityOfPage":{"@id":"https:\/\/lagnoticias.com\/2025\/09\/25\/el-cambio-climatico-podria-reducir-el-pib-mundial-per-capita-hasta-en-un-24\/"},"wordCount":609,"commentCount":0,"image":{"@id":"https:\/\/lagnoticias.com\/2025\/09\/25\/el-cambio-climatico-podria-reducir-el-pib-mundial-per-capita-hasta-en-un-24\/#primaryimage"},"thumbnailUrl":"https:\/\/lagnoticias.com\/wp-content\/uploads\/2025\/09\/6-18.jpg","keywords":["CAMBIO CLIM\u00c1TICO","ECONOM\u00cdA","PIB MUNDIAL"],"articleSection":["INTERNACIONALES"],"inLanguage":"en-US","potentialAction":[{"@type":"CommentAction","name":"Comment","target":["https:\/\/lagnoticias.com\/2025\/09\/25\/el-cambio-climatico-podria-reducir-el-pib-mundial-per-capita-hasta-en-un-24\/#respond"]}]},{"@type":"WebPage","@id":"https:\/\/lagnoticias.com\/2025\/09\/25\/el-cambio-climatico-podria-reducir-el-pib-mundial-per-capita-hasta-en-un-24\/","url":"https:\/\/lagnoticias.com\/2025\/09\/25\/el-cambio-climatico-podria-reducir-el-pib-mundial-per-capita-hasta-en-un-24\/","name":"El cambio clim\u00e1tico podr\u00eda reducir el PIB mundial per c\u00e1pita hasta en un 24 % - La G Noticias","isPartOf":{"@id":"https:\/\/lagnoticias.com\/#website"},"primaryImageOfPage":{"@id":"https:\/\/lagnoticias.com\/2025\/09\/25\/el-cambio-climatico-podria-reducir-el-pib-mundial-per-capita-hasta-en-un-24\/#primaryimage"},"image":{"@id":"https:\/\/lagnoticias.com\/2025\/09\/25\/el-cambio-climatico-podria-reducir-el-pib-mundial-per-capita-hasta-en-un-24\/#primaryimage"},"thumbnailUrl":"https:\/\/lagnoticias.com\/wp-content\/uploads\/2025\/09\/6-18.jpg","datePublished":"2025-09-25T16:54:45+00:00","dateModified":"2025-09-25T16:54:46+00:00","author":{"@id":"https:\/\/lagnoticias.com\/#\/schema\/person\/cb9bfe13f8de05d2c55270be25c6a550"},"breadcrumb":{"@id":"https:\/\/lagnoticias.com\/2025\/09\/25\/el-cambio-climatico-podria-reducir-el-pib-mundial-per-capita-hasta-en-un-24\/#breadcrumb"},"inLanguage":"en-US","potentialAction":[{"@type":"ReadAction","target":["https:\/\/lagnoticias.com\/2025\/09\/25\/el-cambio-climatico-podria-reducir-el-pib-mundial-per-capita-hasta-en-un-24\/"]}]},{"@type":"ImageObject","inLanguage":"en-US","@id":"https:\/\/lagnoticias.com\/2025\/09\/25\/el-cambio-climatico-podria-reducir-el-pib-mundial-per-capita-hasta-en-un-24\/#primaryimage","url":"https:\/\/lagnoticias.com\/wp-content\/uploads\/2025\/09\/6-18.jpg","contentUrl":"https:\/\/lagnoticias.com\/wp-content\/uploads\/2025\/09\/6-18.jpg","width":1200,"height":665},{"@type":"BreadcrumbList","@id":"https:\/\/lagnoticias.com\/2025\/09\/25\/el-cambio-climatico-podria-reducir-el-pib-mundial-per-capita-hasta-en-un-24\/#breadcrumb","itemListElement":[{"@type":"ListItem","position":1,"name":"Portada","item":"https:\/\/lagnoticias.com\/"},{"@type":"ListItem","position":2,"name":"El cambio clim\u00e1tico podr\u00eda reducir el PIB mundial per c\u00e1pita hasta en un 24 %"}]},{"@type":"WebSite","@id":"https:\/\/lagnoticias.com\/#website","url":"https:\/\/lagnoticias.com\/","name":"La G Noticias","description":"Noticias Positivas","potentialAction":[{"@type":"SearchAction","target":{"@type":"EntryPoint","urlTemplate":"https:\/\/lagnoticias.com\/?s={search_term_string}"},"query-input":{"@type":"PropertyValueSpecification","valueRequired":true,"valueName":"search_term_string"}}],"inLanguage":"en-US"},{"@type":"Person","@id":"https:\/\/lagnoticias.com\/#\/schema\/person\/cb9bfe13f8de05d2c55270be25c6a550","name":"Oscar","image":{"@type":"ImageObject","inLanguage":"en-US","@id":"https:\/\/secure.gravatar.com\/avatar\/45c195718f652dc7ffdd591dc1f2678956ab7fdadcd359a635edc61304a8c757?s=96&d=mm&r=g","url":"https:\/\/secure.gravatar.com\/avatar\/45c195718f652dc7ffdd591dc1f2678956ab7fdadcd359a635edc61304a8c757?s=96&d=mm&r=g","contentUrl":"https:\/\/secure.gravatar.com\/avatar\/45c195718f652dc7ffdd591dc1f2678956ab7fdadcd359a635edc61304a8c757?s=96&d=mm&r=g","caption":"Oscar"},"url":"https:\/\/lagnoticias.com\/en\/author\/oscar\/"}]}},"_links":{"self":[{"href":"https:\/\/lagnoticias.com\/en\/wp-json\/wp\/v2\/posts\/5317","targetHints":{"allow":["GET"]}}],"collection":[{"href":"https:\/\/lagnoticias.com\/en\/wp-json\/wp\/v2\/posts"}],"about":[{"href":"https:\/\/lagnoticias.com\/en\/wp-json\/wp\/v2\/types\/post"}],"author":[{"embeddable":true,"href":"https:\/\/lagnoticias.com\/en\/wp-json\/wp\/v2\/users\/2"}],"replies":[{"embeddable":true,"href":"https:\/\/lagnoticias.com\/en\/wp-json\/wp\/v2\/comments?post=5317"}],"version-history":[{"count":1,"href":"https:\/\/lagnoticias.com\/en\/wp-json\/wp\/v2\/posts\/5317\/revisions"}],"predecessor-version":[{"id":5319,"href":"https:\/\/lagnoticias.com\/en\/wp-json\/wp\/v2\/posts\/5317\/revisions\/5319"}],"wp:featuredmedia":[{"embeddable":true,"href":"https:\/\/lagnoticias.com\/en\/wp-json\/wp\/v2\/media\/5318"}],"wp:attachment":[{"href":"https:\/\/lagnoticias.com\/en\/wp-json\/wp\/v2\/media?parent=5317"}],"wp:term":[{"taxonomy":"category","embeddable":true,"href":"https:\/\/lagnoticias.com\/en\/wp-json\/wp\/v2\/categories?post=5317"},{"taxonomy":"post_tag","embeddable":true,"href":"https:\/\/lagnoticias.com\/en\/wp-json\/wp\/v2\/tags?post=5317"}],"curies":[{"name":"wp","href":"https:\/\/api.w.org\/{rel}","templated":true}]}}