{"id":5314,"date":"2025-09-25T09:12:55","date_gmt":"2025-09-25T15:12:55","guid":{"rendered":"https:\/\/lagnoticias.com\/?p=5314"},"modified":"2025-09-26T11:40:19","modified_gmt":"2025-09-26T17:40:19","slug":"pitbull-se-une-a-los-tucanes-de-tijuana-en-nuevo-proyecto-musical","status":"publish","type":"post","link":"https:\/\/lagnoticias.com\/en\/2025\/09\/25\/pitbull-se-une-a-los-tucanes-de-tijuana-en-nuevo-proyecto-musical\/","title":{"rendered":"Pitbull se une a Los Tucanes de Tijuana en nuevo proyecto musical"},"content":{"rendered":"<p>Despu\u00e9s de que el reggaetonero Pitbull publicara una foto junto a Mario Quintero, acordeonista y voz de Los Tucanes de Tijuana, el m\u00fasico confirm\u00f3 que pronto estrenar\u00e1n colaboraci\u00f3n.<\/p>\n\n\n\n<p>Fue el pasado 14 de septiembre que el cantante de \u201cFireball\u201d dio pistas sobre el proyecto que har\u00e1 con los int\u00e9rpretes de \u201cLa Chona\u201d.<\/p>\n\n\n\n<p>Gracias Mario por acompa\u00f1arnos, qu\u00e9 gusto tenerte en el show, y gracias por la confianza en lo que se viene con Los Tucanes de Tijuana y Pitbull, Daleee\u201d, public\u00f3 el artista de origen cubano.<\/p>\n\n\n\n<p>Por su parte, Quintero corrobor\u00f3 que en efecto ambos est\u00e1n en el desarrollo de una nueva producci\u00f3n.<\/p>\n\n\n\n<p>Y viene algo muy padre ah\u00ed con Pitbull, que vamos a hacer algo muy padre, que sin duda les va a encantar y esperemos que la gente lo acepte\u201d, dijo en una conferencia de prensa.<\/p>\n\n\n\n<p>De momento no se conoce hacia qu\u00e9 g\u00e9nero musical estar\u00e1n orientados ambos artistas ni el t\u00edtulo del tema, lo que s\u00ed se sabe es que tanto Pitbull como Los Tucanes de Tijuana disfrutan de la fiesta con canciones que invitan al baile y al festejo.<\/p>","protected":false},"excerpt":{"rendered":"<p>Se espera que el proyecto fusione el regional de los Tucanes con el reggaet\u00f3n de Pitbull.<\/p>","protected":false},"author":2,"featured_media":5315,"comment_status":"open","ping_status":"open","sticky":false,"template":"","format":"standard","meta":{"_et_pb_use_builder":"off","_et_pb_old_content":"","_et_gb_content_width":"","footnotes":""},"categories":[249],"tags":[],"class_list":["post-5314","post","type-post","status-publish","format-standard","has-post-thumbnail","hentry","category-entretenimiento"],"yoast_head":"<!-- This site is optimized with the Yoast SEO plugin v27.4 - https:\/\/yoast.com\/product\/yoast-seo-wordpress\/ -->\n<title>Pitbull se une a Los Tucanes de Tijuana en nuevo proyecto musical - La G Noticias<\/title>\n<meta name=\"robots\" content=\"index, follow, max-snippet:-1, max-image-preview:large, max-video-preview:-1\" \/>\n<link rel=\"canonical\" href=\"https:\/\/lagnoticias.com\/en\/2025\/09\/25\/pitbull-se-une-a-los-tucanes-de-tijuana-en-nuevo-proyecto-musical\/\" \/>\n<meta property=\"og:locale\" content=\"en_US\" \/>\n<meta property=\"og:type\" content=\"article\" \/>\n<meta property=\"og:title\" content=\"Pitbull se une a Los Tucanes de Tijuana en nuevo proyecto musical - La G Noticias\" \/>\n<meta property=\"og:description\" content=\"Se espera que el proyecto fusione el regional de los Tucanes con el reggaet\u00f3n de Pitbull.\" \/>\n<meta property=\"og:url\" content=\"https:\/\/lagnoticias.com\/en\/2025\/09\/25\/pitbull-se-une-a-los-tucanes-de-tijuana-en-nuevo-proyecto-musical\/\" \/>\n<meta property=\"og:site_name\" content=\"La G Noticias\" \/>\n<meta property=\"article:publisher\" content=\"https:\/\/www.facebook.com\/LaGNoticias\" \/>\n<meta property=\"article:published_time\" content=\"2025-09-25T15:12:55+00:00\" \/>\n<meta property=\"article:modified_time\" content=\"2025-09-26T17:40:19+00:00\" \/>\n<meta property=\"og:image\" content=\"https:\/\/lagnoticias.com\/wp-content\/uploads\/2025\/09\/6-17.jpg\" \/>\n\t<meta property=\"og:image:width\" content=\"1200\" \/>\n\t<meta property=\"og:image:height\" content=\"800\" \/>\n\t<meta property=\"og:image:type\" content=\"image\/jpeg\" \/>\n<meta name=\"author\" content=\"Oscar\" \/>\n<meta name=\"twitter:card\" content=\"summary_large_image\" \/>\n<meta name=\"twitter:creator\" content=\"@lagnoticias\" \/>\n<meta name=\"twitter:site\" content=\"@lagnoticias\" \/>\n<meta name=\"twitter:label1\" content=\"Written by\" \/>\n\t<meta name=\"twitter:data1\" content=\"Oscar\" \/>\n\t<meta name=\"twitter:label2\" content=\"Est. reading time\" \/>\n\t<meta name=\"twitter:data2\" content=\"2 minutes\" \/>\n<script type=\"application\/ld+json\" class=\"yoast-schema-graph\">{\"@context\":\"https:\\\/\\\/schema.org\",\"@graph\":[{\"@type\":\"Article\",\"@id\":\"https:\\\/\\\/lagnoticias.com\\\/2025\\\/09\\\/25\\\/pitbull-se-une-a-los-tucanes-de-tijuana-en-nuevo-proyecto-musical\\\/#article\",\"isPartOf\":{\"@id\":\"https:\\\/\\\/lagnoticias.com\\\/2025\\\/09\\\/25\\\/pitbull-se-une-a-los-tucanes-de-tijuana-en-nuevo-proyecto-musical\\\/\"},\"author\":{\"name\":\"Oscar\",\"@id\":\"https:\\\/\\\/lagnoticias.com\\\/#\\\/schema\\\/person\\\/cb9bfe13f8de05d2c55270be25c6a550\"},\"headline\":\"Pitbull se une a Los Tucanes de Tijuana en nuevo proyecto musical\",\"datePublished\":\"2025-09-25T15:12:55+00:00\",\"dateModified\":\"2025-09-26T17:40:19+00:00\",\"mainEntityOfPage\":{\"@id\":\"https:\\\/\\\/lagnoticias.com\\\/2025\\\/09\\\/25\\\/pitbull-se-une-a-los-tucanes-de-tijuana-en-nuevo-proyecto-musical\\\/\"},\"wordCount\":205,\"commentCount\":0,\"image\":{\"@id\":\"https:\\\/\\\/lagnoticias.com\\\/2025\\\/09\\\/25\\\/pitbull-se-une-a-los-tucanes-de-tijuana-en-nuevo-proyecto-musical\\\/#primaryimage\"},\"thumbnailUrl\":\"https:\\\/\\\/lagnoticias.com\\\/wp-content\\\/uploads\\\/2025\\\/09\\\/6-17.jpg\",\"articleSection\":[\"ENTRETENIMIENTO\"],\"inLanguage\":\"en-US\",\"potentialAction\":[{\"@type\":\"CommentAction\",\"name\":\"Comment\",\"target\":[\"https:\\\/\\\/lagnoticias.com\\\/2025\\\/09\\\/25\\\/pitbull-se-une-a-los-tucanes-de-tijuana-en-nuevo-proyecto-musical\\\/#respond\"]}]},{\"@type\":\"WebPage\",\"@id\":\"https:\\\/\\\/lagnoticias.com\\\/2025\\\/09\\\/25\\\/pitbull-se-une-a-los-tucanes-de-tijuana-en-nuevo-proyecto-musical\\\/\",\"url\":\"https:\\\/\\\/lagnoticias.com\\\/2025\\\/09\\\/25\\\/pitbull-se-une-a-los-tucanes-de-tijuana-en-nuevo-proyecto-musical\\\/\",\"name\":\"Pitbull se une a Los Tucanes de Tijuana en nuevo proyecto musical - La G Noticias\",\"isPartOf\":{\"@id\":\"https:\\\/\\\/lagnoticias.com\\\/#website\"},\"primaryImageOfPage\":{\"@id\":\"https:\\\/\\\/lagnoticias.com\\\/2025\\\/09\\\/25\\\/pitbull-se-une-a-los-tucanes-de-tijuana-en-nuevo-proyecto-musical\\\/#primaryimage\"},\"image\":{\"@id\":\"https:\\\/\\\/lagnoticias.com\\\/2025\\\/09\\\/25\\\/pitbull-se-une-a-los-tucanes-de-tijuana-en-nuevo-proyecto-musical\\\/#primaryimage\"},\"thumbnailUrl\":\"https:\\\/\\\/lagnoticias.com\\\/wp-content\\\/uploads\\\/2025\\\/09\\\/6-17.jpg\",\"datePublished\":\"2025-09-25T15:12:55+00:00\",\"dateModified\":\"2025-09-26T17:40:19+00:00\",\"author\":{\"@id\":\"https:\\\/\\\/lagnoticias.com\\\/#\\\/schema\\\/person\\\/cb9bfe13f8de05d2c55270be25c6a550\"},\"breadcrumb\":{\"@id\":\"https:\\\/\\\/lagnoticias.com\\\/2025\\\/09\\\/25\\\/pitbull-se-une-a-los-tucanes-de-tijuana-en-nuevo-proyecto-musical\\\/#breadcrumb\"},\"inLanguage\":\"en-US\",\"potentialAction\":[{\"@type\":\"ReadAction\",\"target\":[\"https:\\\/\\\/lagnoticias.com\\\/2025\\\/09\\\/25\\\/pitbull-se-une-a-los-tucanes-de-tijuana-en-nuevo-proyecto-musical\\\/\"]}]},{\"@type\":\"ImageObject\",\"inLanguage\":\"en-US\",\"@id\":\"https:\\\/\\\/lagnoticias.com\\\/2025\\\/09\\\/25\\\/pitbull-se-une-a-los-tucanes-de-tijuana-en-nuevo-proyecto-musical\\\/#primaryimage\",\"url\":\"https:\\\/\\\/lagnoticias.com\\\/wp-content\\\/uploads\\\/2025\\\/09\\\/6-17.jpg\",\"contentUrl\":\"https:\\\/\\\/lagnoticias.com\\\/wp-content\\\/uploads\\\/2025\\\/09\\\/6-17.jpg\",\"width\":1200,\"height\":800},{\"@type\":\"BreadcrumbList\",\"@id\":\"https:\\\/\\\/lagnoticias.com\\\/2025\\\/09\\\/25\\\/pitbull-se-une-a-los-tucanes-de-tijuana-en-nuevo-proyecto-musical\\\/#breadcrumb\",\"itemListElement\":[{\"@type\":\"ListItem\",\"position\":1,\"name\":\"Portada\",\"item\":\"https:\\\/\\\/lagnoticias.com\\\/\"},{\"@type\":\"ListItem\",\"position\":2,\"name\":\"Pitbull se une a Los Tucanes de Tijuana en nuevo proyecto musical\"}]},{\"@type\":\"WebSite\",\"@id\":\"https:\\\/\\\/lagnoticias.com\\\/#website\",\"url\":\"https:\\\/\\\/lagnoticias.com\\\/\",\"name\":\"La G Noticias\",\"description\":\"Noticias Positivas\",\"potentialAction\":[{\"@type\":\"SearchAction\",\"target\":{\"@type\":\"EntryPoint\",\"urlTemplate\":\"https:\\\/\\\/lagnoticias.com\\\/?s={search_term_string}\"},\"query-input\":{\"@type\":\"PropertyValueSpecification\",\"valueRequired\":true,\"valueName\":\"search_term_string\"}}],\"inLanguage\":\"en-US\"},{\"@type\":\"Person\",\"@id\":\"https:\\\/\\\/lagnoticias.com\\\/#\\\/schema\\\/person\\\/cb9bfe13f8de05d2c55270be25c6a550\",\"name\":\"Oscar\",\"image\":{\"@type\":\"ImageObject\",\"inLanguage\":\"en-US\",\"@id\":\"https:\\\/\\\/secure.gravatar.com\\\/avatar\\\/45c195718f652dc7ffdd591dc1f2678956ab7fdadcd359a635edc61304a8c757?s=96&d=mm&r=g\",\"url\":\"https:\\\/\\\/secure.gravatar.com\\\/avatar\\\/45c195718f652dc7ffdd591dc1f2678956ab7fdadcd359a635edc61304a8c757?s=96&d=mm&r=g\",\"contentUrl\":\"https:\\\/\\\/secure.gravatar.com\\\/avatar\\\/45c195718f652dc7ffdd591dc1f2678956ab7fdadcd359a635edc61304a8c757?s=96&d=mm&r=g\",\"caption\":\"Oscar\"},\"url\":\"https:\\\/\\\/lagnoticias.com\\\/en\\\/author\\\/oscar\\\/\"}]}<\/script>\n<!-- \/ Yoast SEO plugin. -->","yoast_head_json":{"title":"Pitbull se une a Los Tucanes de Tijuana en nuevo proyecto musical - La G Noticias","robots":{"index":"index","follow":"follow","max-snippet":"max-snippet:-1","max-image-preview":"max-image-preview:large","max-video-preview":"max-video-preview:-1"},"canonical":"https:\/\/lagnoticias.com\/en\/2025\/09\/25\/pitbull-se-une-a-los-tucanes-de-tijuana-en-nuevo-proyecto-musical\/","og_locale":"en_US","og_type":"article","og_title":"Pitbull se une a Los Tucanes de Tijuana en nuevo proyecto musical - La G Noticias","og_description":"Se espera que el proyecto fusione el regional de los Tucanes con el reggaet\u00f3n de Pitbull.","og_url":"https:\/\/lagnoticias.com\/en\/2025\/09\/25\/pitbull-se-une-a-los-tucanes-de-tijuana-en-nuevo-proyecto-musical\/","og_site_name":"La G Noticias","article_publisher":"https:\/\/www.facebook.com\/LaGNoticias","article_published_time":"2025-09-25T15:12:55+00:00","article_modified_time":"2025-09-26T17:40:19+00:00","og_image":[{"width":1200,"height":800,"url":"https:\/\/lagnoticias.com\/wp-content\/uploads\/2025\/09\/6-17.jpg","type":"image\/jpeg"}],"author":"Oscar","twitter_card":"summary_large_image","twitter_creator":"@lagnoticias","twitter_site":"@lagnoticias","twitter_misc":{"Written by":"Oscar","Est. reading time":"2 minutes"},"schema":{"@context":"https:\/\/schema.org","@graph":[{"@type":"Article","@id":"https:\/\/lagnoticias.com\/2025\/09\/25\/pitbull-se-une-a-los-tucanes-de-tijuana-en-nuevo-proyecto-musical\/#article","isPartOf":{"@id":"https:\/\/lagnoticias.com\/2025\/09\/25\/pitbull-se-une-a-los-tucanes-de-tijuana-en-nuevo-proyecto-musical\/"},"author":{"name":"Oscar","@id":"https:\/\/lagnoticias.com\/#\/schema\/person\/cb9bfe13f8de05d2c55270be25c6a550"},"headline":"Pitbull se une a Los Tucanes de Tijuana en nuevo proyecto musical","datePublished":"2025-09-25T15:12:55+00:00","dateModified":"2025-09-26T17:40:19+00:00","mainEntityOfPage":{"@id":"https:\/\/lagnoticias.com\/2025\/09\/25\/pitbull-se-une-a-los-tucanes-de-tijuana-en-nuevo-proyecto-musical\/"},"wordCount":205,"commentCount":0,"image":{"@id":"https:\/\/lagnoticias.com\/2025\/09\/25\/pitbull-se-une-a-los-tucanes-de-tijuana-en-nuevo-proyecto-musical\/#primaryimage"},"thumbnailUrl":"https:\/\/lagnoticias.com\/wp-content\/uploads\/2025\/09\/6-17.jpg","articleSection":["ENTRETENIMIENTO"],"inLanguage":"en-US","potentialAction":[{"@type":"CommentAction","name":"Comment","target":["https:\/\/lagnoticias.com\/2025\/09\/25\/pitbull-se-une-a-los-tucanes-de-tijuana-en-nuevo-proyecto-musical\/#respond"]}]},{"@type":"WebPage","@id":"https:\/\/lagnoticias.com\/2025\/09\/25\/pitbull-se-une-a-los-tucanes-de-tijuana-en-nuevo-proyecto-musical\/","url":"https:\/\/lagnoticias.com\/2025\/09\/25\/pitbull-se-une-a-los-tucanes-de-tijuana-en-nuevo-proyecto-musical\/","name":"Pitbull se une a Los Tucanes de Tijuana en nuevo proyecto musical - La G Noticias","isPartOf":{"@id":"https:\/\/lagnoticias.com\/#website"},"primaryImageOfPage":{"@id":"https:\/\/lagnoticias.com\/2025\/09\/25\/pitbull-se-une-a-los-tucanes-de-tijuana-en-nuevo-proyecto-musical\/#primaryimage"},"image":{"@id":"https:\/\/lagnoticias.com\/2025\/09\/25\/pitbull-se-une-a-los-tucanes-de-tijuana-en-nuevo-proyecto-musical\/#primaryimage"},"thumbnailUrl":"https:\/\/lagnoticias.com\/wp-content\/uploads\/2025\/09\/6-17.jpg","datePublished":"2025-09-25T15:12:55+00:00","dateModified":"2025-09-26T17:40:19+00:00","author":{"@id":"https:\/\/lagnoticias.com\/#\/schema\/person\/cb9bfe13f8de05d2c55270be25c6a550"},"breadcrumb":{"@id":"https:\/\/lagnoticias.com\/2025\/09\/25\/pitbull-se-une-a-los-tucanes-de-tijuana-en-nuevo-proyecto-musical\/#breadcrumb"},"inLanguage":"en-US","potentialAction":[{"@type":"ReadAction","target":["https:\/\/lagnoticias.com\/2025\/09\/25\/pitbull-se-une-a-los-tucanes-de-tijuana-en-nuevo-proyecto-musical\/"]}]},{"@type":"ImageObject","inLanguage":"en-US","@id":"https:\/\/lagnoticias.com\/2025\/09\/25\/pitbull-se-une-a-los-tucanes-de-tijuana-en-nuevo-proyecto-musical\/#primaryimage","url":"https:\/\/lagnoticias.com\/wp-content\/uploads\/2025\/09\/6-17.jpg","contentUrl":"https:\/\/lagnoticias.com\/wp-content\/uploads\/2025\/09\/6-17.jpg","width":1200,"height":800},{"@type":"BreadcrumbList","@id":"https:\/\/lagnoticias.com\/2025\/09\/25\/pitbull-se-une-a-los-tucanes-de-tijuana-en-nuevo-proyecto-musical\/#breadcrumb","itemListElement":[{"@type":"ListItem","position":1,"name":"Portada","item":"https:\/\/lagnoticias.com\/"},{"@type":"ListItem","position":2,"name":"Pitbull se une a Los Tucanes de Tijuana en nuevo proyecto musical"}]},{"@type":"WebSite","@id":"https:\/\/lagnoticias.com\/#website","url":"https:\/\/lagnoticias.com\/","name":"La G Noticias","description":"Noticias Positivas","potentialAction":[{"@type":"SearchAction","target":{"@type":"EntryPoint","urlTemplate":"https:\/\/lagnoticias.com\/?s={search_term_string}"},"query-input":{"@type":"PropertyValueSpecification","valueRequired":true,"valueName":"search_term_string"}}],"inLanguage":"en-US"},{"@type":"Person","@id":"https:\/\/lagnoticias.com\/#\/schema\/person\/cb9bfe13f8de05d2c55270be25c6a550","name":"Oscar","image":{"@type":"ImageObject","inLanguage":"en-US","@id":"https:\/\/secure.gravatar.com\/avatar\/45c195718f652dc7ffdd591dc1f2678956ab7fdadcd359a635edc61304a8c757?s=96&d=mm&r=g","url":"https:\/\/secure.gravatar.com\/avatar\/45c195718f652dc7ffdd591dc1f2678956ab7fdadcd359a635edc61304a8c757?s=96&d=mm&r=g","contentUrl":"https:\/\/secure.gravatar.com\/avatar\/45c195718f652dc7ffdd591dc1f2678956ab7fdadcd359a635edc61304a8c757?s=96&d=mm&r=g","caption":"Oscar"},"url":"https:\/\/lagnoticias.com\/en\/author\/oscar\/"}]}},"_links":{"self":[{"href":"https:\/\/lagnoticias.com\/en\/wp-json\/wp\/v2\/posts\/5314","targetHints":{"allow":["GET"]}}],"collection":[{"href":"https:\/\/lagnoticias.com\/en\/wp-json\/wp\/v2\/posts"}],"about":[{"href":"https:\/\/lagnoticias.com\/en\/wp-json\/wp\/v2\/types\/post"}],"author":[{"embeddable":true,"href":"https:\/\/lagnoticias.com\/en\/wp-json\/wp\/v2\/users\/2"}],"replies":[{"embeddable":true,"href":"https:\/\/lagnoticias.com\/en\/wp-json\/wp\/v2\/comments?post=5314"}],"version-history":[{"count":1,"href":"https:\/\/lagnoticias.com\/en\/wp-json\/wp\/v2\/posts\/5314\/revisions"}],"predecessor-version":[{"id":5316,"href":"https:\/\/lagnoticias.com\/en\/wp-json\/wp\/v2\/posts\/5314\/revisions\/5316"}],"wp:featuredmedia":[{"embeddable":true,"href":"https:\/\/lagnoticias.com\/en\/wp-json\/wp\/v2\/media\/5315"}],"wp:attachment":[{"href":"https:\/\/lagnoticias.com\/en\/wp-json\/wp\/v2\/media?parent=5314"}],"wp:term":[{"taxonomy":"category","embeddable":true,"href":"https:\/\/lagnoticias.com\/en\/wp-json\/wp\/v2\/categories?post=5314"},{"taxonomy":"post_tag","embeddable":true,"href":"https:\/\/lagnoticias.com\/en\/wp-json\/wp\/v2\/tags?post=5314"}],"curies":[{"name":"wp","href":"https:\/\/api.w.org\/{rel}","templated":true}]}}