{"id":5308,"date":"2025-09-25T08:47:41","date_gmt":"2025-09-25T14:47:41","guid":{"rendered":"https:\/\/lagnoticias.com\/?p=5308"},"modified":"2025-09-26T11:40:30","modified_gmt":"2025-09-26T17:40:30","slug":"se-realiza-nueva-edicion-de-innovatech-2025","status":"publish","type":"post","link":"https:\/\/lagnoticias.com\/en\/2025\/09\/25\/se-realiza-nueva-edicion-de-innovatech-2025\/","title":{"rendered":"Se realiza nueva edici\u00f3n de Innovatech 2025"},"content":{"rendered":"<p>El titular de la Secretar\u00eda de Innovaci\u00f3n, Daniel M\u00e9ndez, presidi\u00f3 el evento Innovatech 2025, en el que destacados ponentes compartieron conocimiento sobre redes inform\u00e1ticas, con el fin de capacitar al personal de instituciones p\u00fablicas, empresas privadas y educativas.<\/p>\n\n\n\n<p>\u201cEn el nuevo Innovatech 2025 estamos hablando sobre tecnolog\u00eda de redes, como parte del Gobierno del presidente Bukele, estamos seguros que el tema de conectividad es la autopista que nos permitir\u00e1 posicionar a El Salvador como un referente tecnol\u00f3gico en la regi\u00f3n. Creemos que los asistentes pueden conocer, de la mano de grandes especialistas en tecnolog\u00eda moderna, sobre utilizaci\u00f3n de protocolos wifi 7 o 5G, y como esto va a revolucionar lo que hacemos hoy en d\u00eda\u201d, expres\u00f3 M\u00e9ndez.<\/p>\n\n\n\n<p>Durante el evento, el titular de la Secretar\u00eda de Innovaci\u00f3n se refiri\u00f3 al esfuerzo que realiza el Gobierno de El Salvador por modernizar los procesos educativos, permitiendo que los estudiantes tengan acceso gratuito a internet, para que puedan hacer uso de plataformas vanguardistas y din\u00e1micas.<\/p>\n\n\n\n<p>\u201cNo estamos hablando de cosas aisladas, sino que debemos darles las herramientas que ellos necesiten para hacer un mejor trabajo t\u00e9cnico. Definitivamente, estamos cerrando la brecha digital, estamos acercando el conocimiento, creemos que el conocimiento es la base de esta transformaci\u00f3n digital que estamos llevando a cabo y que va a traducirse en el saber del ma\u00f1ana que estamos buscando\u201d, destac\u00f3.<\/p>","protected":false},"excerpt":{"rendered":"<p>El titular de la Secretar\u00eda de Innovaci\u00f3n, Daniel M\u00e9ndez, presidi\u00f3 el evento Innovatech 2025, en el que destacados ponentes compartieron conocimiento sobre redes inform\u00e1ticas, con el fin de capacitar al personal de instituciones p\u00fablicas, empresas privadas y educativas. \u201cEn el nuevo Innovatech 2025 estamos hablando sobre tecnolog\u00eda de redes, como parte del Gobierno del presidente [&hellip;]<\/p>","protected":false},"author":2,"featured_media":5309,"comment_status":"open","ping_status":"open","sticky":false,"template":"","format":"standard","meta":{"_et_pb_use_builder":"off","_et_pb_old_content":"","_et_gb_content_width":"","footnotes":""},"categories":[244],"tags":[267,268,1090],"class_list":["post-5308","post","type-post","status-publish","format-standard","has-post-thumbnail","hentry","category-nacionales","tag-el-salvador","tag-gobierno-de-el-salvador","tag-innovatech-2025"],"yoast_head":"<!-- This site is optimized with the Yoast SEO plugin v27.4 - https:\/\/yoast.com\/product\/yoast-seo-wordpress\/ -->\n<title>Se realiza nueva edici\u00f3n de Innovatech 2025 - La G Noticias<\/title>\n<meta name=\"robots\" content=\"index, follow, max-snippet:-1, max-image-preview:large, max-video-preview:-1\" \/>\n<link rel=\"canonical\" href=\"https:\/\/lagnoticias.com\/en\/2025\/09\/25\/se-realiza-nueva-edicion-de-innovatech-2025\/\" \/>\n<meta property=\"og:locale\" content=\"en_US\" \/>\n<meta property=\"og:type\" content=\"article\" \/>\n<meta property=\"og:title\" content=\"Se realiza nueva edici\u00f3n de Innovatech 2025 - La G Noticias\" \/>\n<meta property=\"og:description\" content=\"El titular de la Secretar\u00eda de Innovaci\u00f3n, Daniel M\u00e9ndez, presidi\u00f3 el evento Innovatech 2025, en el que destacados ponentes compartieron conocimiento sobre redes inform\u00e1ticas, con el fin de capacitar al personal de instituciones p\u00fablicas, empresas privadas y educativas. \u201cEn el nuevo Innovatech 2025 estamos hablando sobre tecnolog\u00eda de redes, como parte del Gobierno del presidente [&hellip;]\" \/>\n<meta property=\"og:url\" content=\"https:\/\/lagnoticias.com\/en\/2025\/09\/25\/se-realiza-nueva-edicion-de-innovatech-2025\/\" \/>\n<meta property=\"og:site_name\" content=\"La G Noticias\" \/>\n<meta property=\"article:publisher\" content=\"https:\/\/www.facebook.com\/LaGNoticias\" \/>\n<meta property=\"article:published_time\" content=\"2025-09-25T14:47:41+00:00\" \/>\n<meta property=\"article:modified_time\" content=\"2025-09-26T17:40:30+00:00\" \/>\n<meta property=\"og:image\" content=\"https:\/\/lagnoticias.com\/wp-content\/uploads\/2025\/09\/4-28.jpg\" \/>\n\t<meta property=\"og:image:width\" content=\"2048\" \/>\n\t<meta property=\"og:image:height\" content=\"1080\" \/>\n\t<meta property=\"og:image:type\" content=\"image\/jpeg\" \/>\n<meta name=\"author\" content=\"Oscar\" \/>\n<meta name=\"twitter:card\" content=\"summary_large_image\" \/>\n<meta name=\"twitter:creator\" content=\"@lagnoticias\" \/>\n<meta name=\"twitter:site\" content=\"@lagnoticias\" \/>\n<meta name=\"twitter:label1\" content=\"Written by\" \/>\n\t<meta name=\"twitter:data1\" content=\"Oscar\" \/>\n\t<meta name=\"twitter:label2\" content=\"Est. reading time\" \/>\n\t<meta name=\"twitter:data2\" content=\"2 minutes\" \/>\n<script type=\"application\/ld+json\" class=\"yoast-schema-graph\">{\"@context\":\"https:\\\/\\\/schema.org\",\"@graph\":[{\"@type\":\"Article\",\"@id\":\"https:\\\/\\\/lagnoticias.com\\\/2025\\\/09\\\/25\\\/se-realiza-nueva-edicion-de-innovatech-2025\\\/#article\",\"isPartOf\":{\"@id\":\"https:\\\/\\\/lagnoticias.com\\\/2025\\\/09\\\/25\\\/se-realiza-nueva-edicion-de-innovatech-2025\\\/\"},\"author\":{\"name\":\"Oscar\",\"@id\":\"https:\\\/\\\/lagnoticias.com\\\/#\\\/schema\\\/person\\\/cb9bfe13f8de05d2c55270be25c6a550\"},\"headline\":\"Se realiza nueva edici\u00f3n de Innovatech 2025\",\"datePublished\":\"2025-09-25T14:47:41+00:00\",\"dateModified\":\"2025-09-26T17:40:30+00:00\",\"mainEntityOfPage\":{\"@id\":\"https:\\\/\\\/lagnoticias.com\\\/2025\\\/09\\\/25\\\/se-realiza-nueva-edicion-de-innovatech-2025\\\/\"},\"wordCount\":245,\"commentCount\":0,\"image\":{\"@id\":\"https:\\\/\\\/lagnoticias.com\\\/2025\\\/09\\\/25\\\/se-realiza-nueva-edicion-de-innovatech-2025\\\/#primaryimage\"},\"thumbnailUrl\":\"https:\\\/\\\/lagnoticias.com\\\/wp-content\\\/uploads\\\/2025\\\/09\\\/4-28.jpg\",\"keywords\":[\"EL SALVADOR\",\"GOBIERNO DE EL SALVADOR\",\"Innovatech 2025\"],\"articleSection\":[\"NACIONALES\"],\"inLanguage\":\"en-US\",\"potentialAction\":[{\"@type\":\"CommentAction\",\"name\":\"Comment\",\"target\":[\"https:\\\/\\\/lagnoticias.com\\\/2025\\\/09\\\/25\\\/se-realiza-nueva-edicion-de-innovatech-2025\\\/#respond\"]}]},{\"@type\":\"WebPage\",\"@id\":\"https:\\\/\\\/lagnoticias.com\\\/2025\\\/09\\\/25\\\/se-realiza-nueva-edicion-de-innovatech-2025\\\/\",\"url\":\"https:\\\/\\\/lagnoticias.com\\\/2025\\\/09\\\/25\\\/se-realiza-nueva-edicion-de-innovatech-2025\\\/\",\"name\":\"Se realiza nueva edici\u00f3n de Innovatech 2025 - La G Noticias\",\"isPartOf\":{\"@id\":\"https:\\\/\\\/lagnoticias.com\\\/#website\"},\"primaryImageOfPage\":{\"@id\":\"https:\\\/\\\/lagnoticias.com\\\/2025\\\/09\\\/25\\\/se-realiza-nueva-edicion-de-innovatech-2025\\\/#primaryimage\"},\"image\":{\"@id\":\"https:\\\/\\\/lagnoticias.com\\\/2025\\\/09\\\/25\\\/se-realiza-nueva-edicion-de-innovatech-2025\\\/#primaryimage\"},\"thumbnailUrl\":\"https:\\\/\\\/lagnoticias.com\\\/wp-content\\\/uploads\\\/2025\\\/09\\\/4-28.jpg\",\"datePublished\":\"2025-09-25T14:47:41+00:00\",\"dateModified\":\"2025-09-26T17:40:30+00:00\",\"author\":{\"@id\":\"https:\\\/\\\/lagnoticias.com\\\/#\\\/schema\\\/person\\\/cb9bfe13f8de05d2c55270be25c6a550\"},\"breadcrumb\":{\"@id\":\"https:\\\/\\\/lagnoticias.com\\\/2025\\\/09\\\/25\\\/se-realiza-nueva-edicion-de-innovatech-2025\\\/#breadcrumb\"},\"inLanguage\":\"en-US\",\"potentialAction\":[{\"@type\":\"ReadAction\",\"target\":[\"https:\\\/\\\/lagnoticias.com\\\/2025\\\/09\\\/25\\\/se-realiza-nueva-edicion-de-innovatech-2025\\\/\"]}]},{\"@type\":\"ImageObject\",\"inLanguage\":\"en-US\",\"@id\":\"https:\\\/\\\/lagnoticias.com\\\/2025\\\/09\\\/25\\\/se-realiza-nueva-edicion-de-innovatech-2025\\\/#primaryimage\",\"url\":\"https:\\\/\\\/lagnoticias.com\\\/wp-content\\\/uploads\\\/2025\\\/09\\\/4-28.jpg\",\"contentUrl\":\"https:\\\/\\\/lagnoticias.com\\\/wp-content\\\/uploads\\\/2025\\\/09\\\/4-28.jpg\",\"width\":2048,\"height\":1080},{\"@type\":\"BreadcrumbList\",\"@id\":\"https:\\\/\\\/lagnoticias.com\\\/2025\\\/09\\\/25\\\/se-realiza-nueva-edicion-de-innovatech-2025\\\/#breadcrumb\",\"itemListElement\":[{\"@type\":\"ListItem\",\"position\":1,\"name\":\"Portada\",\"item\":\"https:\\\/\\\/lagnoticias.com\\\/\"},{\"@type\":\"ListItem\",\"position\":2,\"name\":\"Se realiza nueva edici\u00f3n de Innovatech 2025\"}]},{\"@type\":\"WebSite\",\"@id\":\"https:\\\/\\\/lagnoticias.com\\\/#website\",\"url\":\"https:\\\/\\\/lagnoticias.com\\\/\",\"name\":\"La G Noticias\",\"description\":\"Noticias Positivas\",\"potentialAction\":[{\"@type\":\"SearchAction\",\"target\":{\"@type\":\"EntryPoint\",\"urlTemplate\":\"https:\\\/\\\/lagnoticias.com\\\/?s={search_term_string}\"},\"query-input\":{\"@type\":\"PropertyValueSpecification\",\"valueRequired\":true,\"valueName\":\"search_term_string\"}}],\"inLanguage\":\"en-US\"},{\"@type\":\"Person\",\"@id\":\"https:\\\/\\\/lagnoticias.com\\\/#\\\/schema\\\/person\\\/cb9bfe13f8de05d2c55270be25c6a550\",\"name\":\"Oscar\",\"image\":{\"@type\":\"ImageObject\",\"inLanguage\":\"en-US\",\"@id\":\"https:\\\/\\\/secure.gravatar.com\\\/avatar\\\/45c195718f652dc7ffdd591dc1f2678956ab7fdadcd359a635edc61304a8c757?s=96&d=mm&r=g\",\"url\":\"https:\\\/\\\/secure.gravatar.com\\\/avatar\\\/45c195718f652dc7ffdd591dc1f2678956ab7fdadcd359a635edc61304a8c757?s=96&d=mm&r=g\",\"contentUrl\":\"https:\\\/\\\/secure.gravatar.com\\\/avatar\\\/45c195718f652dc7ffdd591dc1f2678956ab7fdadcd359a635edc61304a8c757?s=96&d=mm&r=g\",\"caption\":\"Oscar\"},\"url\":\"https:\\\/\\\/lagnoticias.com\\\/en\\\/author\\\/oscar\\\/\"}]}<\/script>\n<!-- \/ Yoast SEO plugin. -->","yoast_head_json":{"title":"Se realiza nueva edici\u00f3n de Innovatech 2025 - La G Noticias","robots":{"index":"index","follow":"follow","max-snippet":"max-snippet:-1","max-image-preview":"max-image-preview:large","max-video-preview":"max-video-preview:-1"},"canonical":"https:\/\/lagnoticias.com\/en\/2025\/09\/25\/se-realiza-nueva-edicion-de-innovatech-2025\/","og_locale":"en_US","og_type":"article","og_title":"Se realiza nueva edici\u00f3n de Innovatech 2025 - La G Noticias","og_description":"El titular de la Secretar\u00eda de Innovaci\u00f3n, Daniel M\u00e9ndez, presidi\u00f3 el evento Innovatech 2025, en el que destacados ponentes compartieron conocimiento sobre redes inform\u00e1ticas, con el fin de capacitar al personal de instituciones p\u00fablicas, empresas privadas y educativas. \u201cEn el nuevo Innovatech 2025 estamos hablando sobre tecnolog\u00eda de redes, como parte del Gobierno del presidente [&hellip;]","og_url":"https:\/\/lagnoticias.com\/en\/2025\/09\/25\/se-realiza-nueva-edicion-de-innovatech-2025\/","og_site_name":"La G Noticias","article_publisher":"https:\/\/www.facebook.com\/LaGNoticias","article_published_time":"2025-09-25T14:47:41+00:00","article_modified_time":"2025-09-26T17:40:30+00:00","og_image":[{"width":2048,"height":1080,"url":"https:\/\/lagnoticias.com\/wp-content\/uploads\/2025\/09\/4-28.jpg","type":"image\/jpeg"}],"author":"Oscar","twitter_card":"summary_large_image","twitter_creator":"@lagnoticias","twitter_site":"@lagnoticias","twitter_misc":{"Written by":"Oscar","Est. reading time":"2 minutes"},"schema":{"@context":"https:\/\/schema.org","@graph":[{"@type":"Article","@id":"https:\/\/lagnoticias.com\/2025\/09\/25\/se-realiza-nueva-edicion-de-innovatech-2025\/#article","isPartOf":{"@id":"https:\/\/lagnoticias.com\/2025\/09\/25\/se-realiza-nueva-edicion-de-innovatech-2025\/"},"author":{"name":"Oscar","@id":"https:\/\/lagnoticias.com\/#\/schema\/person\/cb9bfe13f8de05d2c55270be25c6a550"},"headline":"Se realiza nueva edici\u00f3n de Innovatech 2025","datePublished":"2025-09-25T14:47:41+00:00","dateModified":"2025-09-26T17:40:30+00:00","mainEntityOfPage":{"@id":"https:\/\/lagnoticias.com\/2025\/09\/25\/se-realiza-nueva-edicion-de-innovatech-2025\/"},"wordCount":245,"commentCount":0,"image":{"@id":"https:\/\/lagnoticias.com\/2025\/09\/25\/se-realiza-nueva-edicion-de-innovatech-2025\/#primaryimage"},"thumbnailUrl":"https:\/\/lagnoticias.com\/wp-content\/uploads\/2025\/09\/4-28.jpg","keywords":["EL SALVADOR","GOBIERNO DE EL SALVADOR","Innovatech 2025"],"articleSection":["NACIONALES"],"inLanguage":"en-US","potentialAction":[{"@type":"CommentAction","name":"Comment","target":["https:\/\/lagnoticias.com\/2025\/09\/25\/se-realiza-nueva-edicion-de-innovatech-2025\/#respond"]}]},{"@type":"WebPage","@id":"https:\/\/lagnoticias.com\/2025\/09\/25\/se-realiza-nueva-edicion-de-innovatech-2025\/","url":"https:\/\/lagnoticias.com\/2025\/09\/25\/se-realiza-nueva-edicion-de-innovatech-2025\/","name":"Se realiza nueva edici\u00f3n de Innovatech 2025 - La G Noticias","isPartOf":{"@id":"https:\/\/lagnoticias.com\/#website"},"primaryImageOfPage":{"@id":"https:\/\/lagnoticias.com\/2025\/09\/25\/se-realiza-nueva-edicion-de-innovatech-2025\/#primaryimage"},"image":{"@id":"https:\/\/lagnoticias.com\/2025\/09\/25\/se-realiza-nueva-edicion-de-innovatech-2025\/#primaryimage"},"thumbnailUrl":"https:\/\/lagnoticias.com\/wp-content\/uploads\/2025\/09\/4-28.jpg","datePublished":"2025-09-25T14:47:41+00:00","dateModified":"2025-09-26T17:40:30+00:00","author":{"@id":"https:\/\/lagnoticias.com\/#\/schema\/person\/cb9bfe13f8de05d2c55270be25c6a550"},"breadcrumb":{"@id":"https:\/\/lagnoticias.com\/2025\/09\/25\/se-realiza-nueva-edicion-de-innovatech-2025\/#breadcrumb"},"inLanguage":"en-US","potentialAction":[{"@type":"ReadAction","target":["https:\/\/lagnoticias.com\/2025\/09\/25\/se-realiza-nueva-edicion-de-innovatech-2025\/"]}]},{"@type":"ImageObject","inLanguage":"en-US","@id":"https:\/\/lagnoticias.com\/2025\/09\/25\/se-realiza-nueva-edicion-de-innovatech-2025\/#primaryimage","url":"https:\/\/lagnoticias.com\/wp-content\/uploads\/2025\/09\/4-28.jpg","contentUrl":"https:\/\/lagnoticias.com\/wp-content\/uploads\/2025\/09\/4-28.jpg","width":2048,"height":1080},{"@type":"BreadcrumbList","@id":"https:\/\/lagnoticias.com\/2025\/09\/25\/se-realiza-nueva-edicion-de-innovatech-2025\/#breadcrumb","itemListElement":[{"@type":"ListItem","position":1,"name":"Portada","item":"https:\/\/lagnoticias.com\/"},{"@type":"ListItem","position":2,"name":"Se realiza nueva edici\u00f3n de Innovatech 2025"}]},{"@type":"WebSite","@id":"https:\/\/lagnoticias.com\/#website","url":"https:\/\/lagnoticias.com\/","name":"La G Noticias","description":"Noticias Positivas","potentialAction":[{"@type":"SearchAction","target":{"@type":"EntryPoint","urlTemplate":"https:\/\/lagnoticias.com\/?s={search_term_string}"},"query-input":{"@type":"PropertyValueSpecification","valueRequired":true,"valueName":"search_term_string"}}],"inLanguage":"en-US"},{"@type":"Person","@id":"https:\/\/lagnoticias.com\/#\/schema\/person\/cb9bfe13f8de05d2c55270be25c6a550","name":"Oscar","image":{"@type":"ImageObject","inLanguage":"en-US","@id":"https:\/\/secure.gravatar.com\/avatar\/45c195718f652dc7ffdd591dc1f2678956ab7fdadcd359a635edc61304a8c757?s=96&d=mm&r=g","url":"https:\/\/secure.gravatar.com\/avatar\/45c195718f652dc7ffdd591dc1f2678956ab7fdadcd359a635edc61304a8c757?s=96&d=mm&r=g","contentUrl":"https:\/\/secure.gravatar.com\/avatar\/45c195718f652dc7ffdd591dc1f2678956ab7fdadcd359a635edc61304a8c757?s=96&d=mm&r=g","caption":"Oscar"},"url":"https:\/\/lagnoticias.com\/en\/author\/oscar\/"}]}},"_links":{"self":[{"href":"https:\/\/lagnoticias.com\/en\/wp-json\/wp\/v2\/posts\/5308","targetHints":{"allow":["GET"]}}],"collection":[{"href":"https:\/\/lagnoticias.com\/en\/wp-json\/wp\/v2\/posts"}],"about":[{"href":"https:\/\/lagnoticias.com\/en\/wp-json\/wp\/v2\/types\/post"}],"author":[{"embeddable":true,"href":"https:\/\/lagnoticias.com\/en\/wp-json\/wp\/v2\/users\/2"}],"replies":[{"embeddable":true,"href":"https:\/\/lagnoticias.com\/en\/wp-json\/wp\/v2\/comments?post=5308"}],"version-history":[{"count":1,"href":"https:\/\/lagnoticias.com\/en\/wp-json\/wp\/v2\/posts\/5308\/revisions"}],"predecessor-version":[{"id":5310,"href":"https:\/\/lagnoticias.com\/en\/wp-json\/wp\/v2\/posts\/5308\/revisions\/5310"}],"wp:featuredmedia":[{"embeddable":true,"href":"https:\/\/lagnoticias.com\/en\/wp-json\/wp\/v2\/media\/5309"}],"wp:attachment":[{"href":"https:\/\/lagnoticias.com\/en\/wp-json\/wp\/v2\/media?parent=5308"}],"wp:term":[{"taxonomy":"category","embeddable":true,"href":"https:\/\/lagnoticias.com\/en\/wp-json\/wp\/v2\/categories?post=5308"},{"taxonomy":"post_tag","embeddable":true,"href":"https:\/\/lagnoticias.com\/en\/wp-json\/wp\/v2\/tags?post=5308"}],"curies":[{"name":"wp","href":"https:\/\/api.w.org\/{rel}","templated":true}]}}