{"id":5302,"date":"2025-09-24T16:42:22","date_gmt":"2025-09-24T22:42:22","guid":{"rendered":"https:\/\/lagnoticias.com\/?p=5302"},"modified":"2025-09-24T16:42:23","modified_gmt":"2025-09-24T22:42:23","slug":"donald-trump-y-lula-da-silva-sellaron-una-tregua-en-la-onu-y-se-reuniran-la-semana-que-viene","status":"publish","type":"post","link":"https:\/\/lagnoticias.com\/en\/2025\/09\/24\/donald-trump-y-lula-da-silva-sellaron-una-tregua-en-la-onu-y-se-reuniran-la-semana-que-viene\/","title":{"rendered":"Donald Trump y Lula da Silva sellaron una tregua en la ONU y se reunir\u00e1n la semana que viene"},"content":{"rendered":"<p>En un gesto que sorprendi\u00f3 a ambos entornos diplom\u00e1ticos, los presidentes de&nbsp;Estados Unidos,&nbsp;Donald Trump, y de&nbsp;Brasil,&nbsp;Luiz In\u00e1cio \u201cLula\u201d da Silva, mantuvieron una breve conversaci\u00f3n informal en los pasillos de la Asamblea General de la ONU.<\/p>\n\n\n\n<p>El encuentro, que no estaba previsto en la agenda oficial, sirvi\u00f3 como&nbsp;primer acercamiento&nbsp;entre ambos mandatarios en medio de crecientes tensiones bilaterales.<\/p>\n\n\n\n<p>Seg\u00fan relat\u00f3 el propio Trump durante su discurso ante la Asamblea, el cruce fue casual pero ameno. \u201cYo estaba entrando y el l\u00edder de Brasil estaba saliendo.&nbsp;Nos vimos, yo lo vi, \u00e9l me vio, y nos abrazamos. Acordamos reunirnos la pr\u00f3xima semana.&nbsp;No tuvimos mucho tiempo para hablar, unos 20 segundos. Vi\u00e9ndolo en retrospectiva, me alegra haber esperado, porque las cosas no salieron muy bien\u201d, sostuvo el mandatario estadounidense.<\/p>\n\n\n\n<h2 class=\"wp-block-heading\">Trump a\u00f1adi\u00f3 que la charla fue cordial <\/h2>\n\n\n\n<p>\u201cParec\u00eda un hombre muy agradable, de hecho.\u00a0Y yo solo hago negocios con personas que me agradan. Cuando no me agradan, simplemente no me agradan. Es una buena se\u00f1al\u201d, remarc\u00f3.<\/p>\n\n\n\n<p>Ambos presidentes coincidieron en programar una reuni\u00f3n formal para la semana siguiente, aunque no trascendieron detalles sobre el formato ni la sede del encuentro.<\/p>\n\n\n\n<p>Este gesto de distinci\u00f3n se da en un momento marcado por una escalada diplom\u00e1tica entre ambos pa\u00edses.<\/p>\n\n\n\n<p>El gobierno de Trump impuso recientemente un\u00a0arancel del 50% sobre productos brasile\u00f1os, adem\u00e1s de sanciones econ\u00f3micas contra el juez Alexandre de Moraes, del Supremo Tribunal Federal (STF), e incluso restricciones de visado a autoridades brasile\u00f1as. Las medidas fueron interpretadas como represalia por el juicio que enfrenta el expresidente Jair Bolsonaro, aliado cercano de Trump, en Brasil.<\/p>\n\n\n\n<p>El propio Trump hab\u00eda calificado el proceso judicial contra Bolsonaro como una&nbsp;\u201ccaza de brujas\u201d y hab\u00eda endurecido el tono contra el gobierno de Lula en las \u00faltimas semanas.<\/p>\n\n\n\n<h2 class=\"wp-block-heading\">Las cr\u00edticas de Lula en su discurso ante la ONU<\/h2>\n\n\n\n<p>Minutos antes del sorpresivo encuentro entre ambos, Lula hab\u00eda ofrecido un discurso con fuertes cr\u00edticas al gobierno republicano, aunque sin mencionar directamente a Trump. En este escenario, hizo particular hincapi\u00e9 sobre el respeto por la&nbsp;soberan\u00eda de cada pa\u00eds, la necesidad de regular Internet y las nuevas herramientas de IA, la lucha contra el hambre en todo el mundo, la resoluci\u00f3n de los conflictos armados &#8211; principalmente en Gaza y Ucrania -, el calentamiento global y&nbsp;la actual tensi\u00f3n en el comercio internacional, desatada a ra\u00edz de los aranceles rec\u00edprocos impuestos por Trump.<\/p>\n\n\n\n<p>En medio de crecientes tensiones con el republicano por los aranceles del 50% impuestos a Brasil, Lula se erigi\u00f3 como una alternativa a los liderazgos globales actuales y&nbsp;lanz\u00f3 dardos contra la administraci\u00f3n estadounidense&nbsp;y su posicionamiento en diferentes tem\u00e1ticas que afectan hoy a diferentes pa\u00edses de todo el mundo.<\/p>\n\n\n\n<p>\u00abONU simboliza la m\u00e1xima expresi\u00f3n de las expresiones de paz y prosperidad.&nbsp;Hoy no obstante los ideales que inspiraron a sus fundadores en San Francisco se ven amenazados como nunca antes en su historia. El multilateralismo se encuentra en una encrucijada\u00bb, asegur\u00f3 en el comienzo de su discurso.<\/p>\n\n\n\n<p>El punto de confrontaci\u00f3n m\u00e1s alto lleg\u00f3 cuando Lula asegur\u00f3 que&nbsp;Brasil vive \u00abun ataque sin precedentes\u00bb a sus instituciones y econom\u00eda. \u00abLa agresi\u00f3n contra la independencia del poder judicial es inaceptable. Esta interferencia en asuntos nacionales se ve asistida por una derecha extrema sometida, que siente nostalgia por las hegemon\u00edas del pasado\u00bb, asever\u00f3.<\/p>\n\n\n\n<p>\u00abAnte los ojos del mundo,&nbsp;Brasil envi\u00f3 un mensaje a los aut\u00f3cratas en ciernes y a quienes lo apoyan. Nuestra democracia y nuestra soberan\u00eda no se regatean\u00bb, fue la respuesta del mandatario ante la creciente tensi\u00f3n tambi\u00e9n en el plano judicial, ante el apoyo de Trump al expresidente, Jair Bolsonaro, recientemente condenado por el m\u00e1ximo tribunal de justicia brasile\u00f1o.<\/p>\n\n\n\n<p>Sobre el comercio internacional, Lula analiz\u00f3: \u00abPocos sectores han empeorado tanto como el sistema de comercio multilateral, con medidas unilaterales que han hecho que los principios fundamentales se conviertan en palabras huecas. Han alterado las cadenas de valor y echado por tierra la econom\u00eda global que se ha sumido en una espiral perniciosa de altos precios y estancamiento.&nbsp;Es urgente refundar la OMC\u00bb.<\/p>\n\n\n\n<p><\/p>\n\n\n\n<p><\/p>\n\n\n\n<p><\/p>\n\n\n\n<p><\/p>\n\n\n\n<p>(\u00c1mbito)<\/p>","protected":false},"excerpt":{"rendered":"<p>Pese a la tensi\u00f3n diplom\u00e1tica por aranceles y sanciones, los presidentes de Estados Unidos y Brasil se cruzaron informalmente en NY y coincidieron en avanzar hacia una reuni\u00f3n formal.<\/p>","protected":false},"author":2,"featured_media":5303,"comment_status":"open","ping_status":"open","sticky":false,"template":"","format":"standard","meta":{"_et_pb_use_builder":"off","_et_pb_old_content":"","_et_gb_content_width":"","footnotes":""},"categories":[245],"tags":[1060,273,272,260,406],"class_list":["post-5302","post","type-post","status-publish","format-standard","has-post-thumbnail","hentry","category-internacionales","tag-asamblea-general-de-naciones-unidas","tag-brasil","tag-donald-trump","tag-estados-unidos","tag-onu"],"yoast_head":"<!-- This site is optimized with the Yoast SEO plugin v27.4 - https:\/\/yoast.com\/product\/yoast-seo-wordpress\/ -->\n<title>Donald Trump y Lula da Silva sellaron una tregua en la ONU y se reunir\u00e1n la semana que viene - La G Noticias<\/title>\n<meta name=\"robots\" content=\"index, follow, max-snippet:-1, max-image-preview:large, max-video-preview:-1\" \/>\n<link rel=\"canonical\" href=\"https:\/\/lagnoticias.com\/en\/2025\/09\/24\/donald-trump-y-lula-da-silva-sellaron-una-tregua-en-la-onu-y-se-reuniran-la-semana-que-viene\/\" \/>\n<meta property=\"og:locale\" content=\"en_US\" \/>\n<meta property=\"og:type\" content=\"article\" \/>\n<meta property=\"og:title\" content=\"Donald Trump y Lula da Silva sellaron una tregua en la ONU y se reunir\u00e1n la semana que viene - La G Noticias\" \/>\n<meta property=\"og:description\" content=\"Pese a la tensi\u00f3n diplom\u00e1tica por aranceles y sanciones, los presidentes de Estados Unidos y Brasil se cruzaron informalmente en NY y coincidieron en avanzar hacia una reuni\u00f3n formal.\" \/>\n<meta property=\"og:url\" content=\"https:\/\/lagnoticias.com\/en\/2025\/09\/24\/donald-trump-y-lula-da-silva-sellaron-una-tregua-en-la-onu-y-se-reuniran-la-semana-que-viene\/\" \/>\n<meta property=\"og:site_name\" content=\"La G Noticias\" \/>\n<meta property=\"article:publisher\" content=\"https:\/\/www.facebook.com\/LaGNoticias\" \/>\n<meta property=\"article:published_time\" content=\"2025-09-24T22:42:22+00:00\" \/>\n<meta property=\"article:modified_time\" content=\"2025-09-24T22:42:23+00:00\" \/>\n<meta property=\"og:image\" content=\"https:\/\/lagnoticias.com\/wp-content\/uploads\/2025\/09\/9-18.jpg\" \/>\n\t<meta property=\"og:image:width\" content=\"655\" \/>\n\t<meta property=\"og:image:height\" content=\"368\" \/>\n\t<meta property=\"og:image:type\" content=\"image\/jpeg\" \/>\n<meta name=\"author\" content=\"Oscar\" \/>\n<meta name=\"twitter:card\" content=\"summary_large_image\" \/>\n<meta name=\"twitter:creator\" content=\"@lagnoticias\" \/>\n<meta name=\"twitter:site\" content=\"@lagnoticias\" \/>\n<meta name=\"twitter:label1\" content=\"Written by\" \/>\n\t<meta name=\"twitter:data1\" content=\"Oscar\" \/>\n\t<meta name=\"twitter:label2\" content=\"Est. reading time\" \/>\n\t<meta name=\"twitter:data2\" content=\"4 minutes\" \/>\n<script type=\"application\/ld+json\" class=\"yoast-schema-graph\">{\"@context\":\"https:\\\/\\\/schema.org\",\"@graph\":[{\"@type\":\"Article\",\"@id\":\"https:\\\/\\\/lagnoticias.com\\\/2025\\\/09\\\/24\\\/donald-trump-y-lula-da-silva-sellaron-una-tregua-en-la-onu-y-se-reuniran-la-semana-que-viene\\\/#article\",\"isPartOf\":{\"@id\":\"https:\\\/\\\/lagnoticias.com\\\/2025\\\/09\\\/24\\\/donald-trump-y-lula-da-silva-sellaron-una-tregua-en-la-onu-y-se-reuniran-la-semana-que-viene\\\/\"},\"author\":{\"name\":\"Oscar\",\"@id\":\"https:\\\/\\\/lagnoticias.com\\\/#\\\/schema\\\/person\\\/cb9bfe13f8de05d2c55270be25c6a550\"},\"headline\":\"Donald Trump y Lula da Silva sellaron una tregua en la ONU y se reunir\u00e1n la semana que viene\",\"datePublished\":\"2025-09-24T22:42:22+00:00\",\"dateModified\":\"2025-09-24T22:42:23+00:00\",\"mainEntityOfPage\":{\"@id\":\"https:\\\/\\\/lagnoticias.com\\\/2025\\\/09\\\/24\\\/donald-trump-y-lula-da-silva-sellaron-una-tregua-en-la-onu-y-se-reuniran-la-semana-que-viene\\\/\"},\"wordCount\":754,\"commentCount\":0,\"image\":{\"@id\":\"https:\\\/\\\/lagnoticias.com\\\/2025\\\/09\\\/24\\\/donald-trump-y-lula-da-silva-sellaron-una-tregua-en-la-onu-y-se-reuniran-la-semana-que-viene\\\/#primaryimage\"},\"thumbnailUrl\":\"https:\\\/\\\/lagnoticias.com\\\/wp-content\\\/uploads\\\/2025\\\/09\\\/9-18.jpg\",\"keywords\":[\"ASAMBLEA GENERAL DE NACIONES UNIDAS\",\"BRASIL\",\"DONALD TRUMP\",\"ESTADOS UNIDOS\",\"ONU\"],\"articleSection\":[\"INTERNACIONALES\"],\"inLanguage\":\"en-US\",\"potentialAction\":[{\"@type\":\"CommentAction\",\"name\":\"Comment\",\"target\":[\"https:\\\/\\\/lagnoticias.com\\\/2025\\\/09\\\/24\\\/donald-trump-y-lula-da-silva-sellaron-una-tregua-en-la-onu-y-se-reuniran-la-semana-que-viene\\\/#respond\"]}]},{\"@type\":\"WebPage\",\"@id\":\"https:\\\/\\\/lagnoticias.com\\\/2025\\\/09\\\/24\\\/donald-trump-y-lula-da-silva-sellaron-una-tregua-en-la-onu-y-se-reuniran-la-semana-que-viene\\\/\",\"url\":\"https:\\\/\\\/lagnoticias.com\\\/2025\\\/09\\\/24\\\/donald-trump-y-lula-da-silva-sellaron-una-tregua-en-la-onu-y-se-reuniran-la-semana-que-viene\\\/\",\"name\":\"Donald Trump y Lula da Silva sellaron una tregua en la ONU y se reunir\u00e1n la semana que viene - La G Noticias\",\"isPartOf\":{\"@id\":\"https:\\\/\\\/lagnoticias.com\\\/#website\"},\"primaryImageOfPage\":{\"@id\":\"https:\\\/\\\/lagnoticias.com\\\/2025\\\/09\\\/24\\\/donald-trump-y-lula-da-silva-sellaron-una-tregua-en-la-onu-y-se-reuniran-la-semana-que-viene\\\/#primaryimage\"},\"image\":{\"@id\":\"https:\\\/\\\/lagnoticias.com\\\/2025\\\/09\\\/24\\\/donald-trump-y-lula-da-silva-sellaron-una-tregua-en-la-onu-y-se-reuniran-la-semana-que-viene\\\/#primaryimage\"},\"thumbnailUrl\":\"https:\\\/\\\/lagnoticias.com\\\/wp-content\\\/uploads\\\/2025\\\/09\\\/9-18.jpg\",\"datePublished\":\"2025-09-24T22:42:22+00:00\",\"dateModified\":\"2025-09-24T22:42:23+00:00\",\"author\":{\"@id\":\"https:\\\/\\\/lagnoticias.com\\\/#\\\/schema\\\/person\\\/cb9bfe13f8de05d2c55270be25c6a550\"},\"breadcrumb\":{\"@id\":\"https:\\\/\\\/lagnoticias.com\\\/2025\\\/09\\\/24\\\/donald-trump-y-lula-da-silva-sellaron-una-tregua-en-la-onu-y-se-reuniran-la-semana-que-viene\\\/#breadcrumb\"},\"inLanguage\":\"en-US\",\"potentialAction\":[{\"@type\":\"ReadAction\",\"target\":[\"https:\\\/\\\/lagnoticias.com\\\/2025\\\/09\\\/24\\\/donald-trump-y-lula-da-silva-sellaron-una-tregua-en-la-onu-y-se-reuniran-la-semana-que-viene\\\/\"]}]},{\"@type\":\"ImageObject\",\"inLanguage\":\"en-US\",\"@id\":\"https:\\\/\\\/lagnoticias.com\\\/2025\\\/09\\\/24\\\/donald-trump-y-lula-da-silva-sellaron-una-tregua-en-la-onu-y-se-reuniran-la-semana-que-viene\\\/#primaryimage\",\"url\":\"https:\\\/\\\/lagnoticias.com\\\/wp-content\\\/uploads\\\/2025\\\/09\\\/9-18.jpg\",\"contentUrl\":\"https:\\\/\\\/lagnoticias.com\\\/wp-content\\\/uploads\\\/2025\\\/09\\\/9-18.jpg\",\"width\":655,\"height\":368},{\"@type\":\"BreadcrumbList\",\"@id\":\"https:\\\/\\\/lagnoticias.com\\\/2025\\\/09\\\/24\\\/donald-trump-y-lula-da-silva-sellaron-una-tregua-en-la-onu-y-se-reuniran-la-semana-que-viene\\\/#breadcrumb\",\"itemListElement\":[{\"@type\":\"ListItem\",\"position\":1,\"name\":\"Portada\",\"item\":\"https:\\\/\\\/lagnoticias.com\\\/\"},{\"@type\":\"ListItem\",\"position\":2,\"name\":\"Donald Trump y Lula da Silva sellaron una tregua en la ONU y se reunir\u00e1n la semana que viene\"}]},{\"@type\":\"WebSite\",\"@id\":\"https:\\\/\\\/lagnoticias.com\\\/#website\",\"url\":\"https:\\\/\\\/lagnoticias.com\\\/\",\"name\":\"La G Noticias\",\"description\":\"Noticias Positivas\",\"potentialAction\":[{\"@type\":\"SearchAction\",\"target\":{\"@type\":\"EntryPoint\",\"urlTemplate\":\"https:\\\/\\\/lagnoticias.com\\\/?s={search_term_string}\"},\"query-input\":{\"@type\":\"PropertyValueSpecification\",\"valueRequired\":true,\"valueName\":\"search_term_string\"}}],\"inLanguage\":\"en-US\"},{\"@type\":\"Person\",\"@id\":\"https:\\\/\\\/lagnoticias.com\\\/#\\\/schema\\\/person\\\/cb9bfe13f8de05d2c55270be25c6a550\",\"name\":\"Oscar\",\"image\":{\"@type\":\"ImageObject\",\"inLanguage\":\"en-US\",\"@id\":\"https:\\\/\\\/secure.gravatar.com\\\/avatar\\\/45c195718f652dc7ffdd591dc1f2678956ab7fdadcd359a635edc61304a8c757?s=96&d=mm&r=g\",\"url\":\"https:\\\/\\\/secure.gravatar.com\\\/avatar\\\/45c195718f652dc7ffdd591dc1f2678956ab7fdadcd359a635edc61304a8c757?s=96&d=mm&r=g\",\"contentUrl\":\"https:\\\/\\\/secure.gravatar.com\\\/avatar\\\/45c195718f652dc7ffdd591dc1f2678956ab7fdadcd359a635edc61304a8c757?s=96&d=mm&r=g\",\"caption\":\"Oscar\"},\"url\":\"https:\\\/\\\/lagnoticias.com\\\/en\\\/author\\\/oscar\\\/\"}]}<\/script>\n<!-- \/ Yoast SEO plugin. -->","yoast_head_json":{"title":"Donald Trump y Lula da Silva sellaron una tregua en la ONU y se reunir\u00e1n la semana que viene - La G Noticias","robots":{"index":"index","follow":"follow","max-snippet":"max-snippet:-1","max-image-preview":"max-image-preview:large","max-video-preview":"max-video-preview:-1"},"canonical":"https:\/\/lagnoticias.com\/en\/2025\/09\/24\/donald-trump-y-lula-da-silva-sellaron-una-tregua-en-la-onu-y-se-reuniran-la-semana-que-viene\/","og_locale":"en_US","og_type":"article","og_title":"Donald Trump y Lula da Silva sellaron una tregua en la ONU y se reunir\u00e1n la semana que viene - La G Noticias","og_description":"Pese a la tensi\u00f3n diplom\u00e1tica por aranceles y sanciones, los presidentes de Estados Unidos y Brasil se cruzaron informalmente en NY y coincidieron en avanzar hacia una reuni\u00f3n formal.","og_url":"https:\/\/lagnoticias.com\/en\/2025\/09\/24\/donald-trump-y-lula-da-silva-sellaron-una-tregua-en-la-onu-y-se-reuniran-la-semana-que-viene\/","og_site_name":"La G Noticias","article_publisher":"https:\/\/www.facebook.com\/LaGNoticias","article_published_time":"2025-09-24T22:42:22+00:00","article_modified_time":"2025-09-24T22:42:23+00:00","og_image":[{"width":655,"height":368,"url":"https:\/\/lagnoticias.com\/wp-content\/uploads\/2025\/09\/9-18.jpg","type":"image\/jpeg"}],"author":"Oscar","twitter_card":"summary_large_image","twitter_creator":"@lagnoticias","twitter_site":"@lagnoticias","twitter_misc":{"Written by":"Oscar","Est. reading time":"4 minutes"},"schema":{"@context":"https:\/\/schema.org","@graph":[{"@type":"Article","@id":"https:\/\/lagnoticias.com\/2025\/09\/24\/donald-trump-y-lula-da-silva-sellaron-una-tregua-en-la-onu-y-se-reuniran-la-semana-que-viene\/#article","isPartOf":{"@id":"https:\/\/lagnoticias.com\/2025\/09\/24\/donald-trump-y-lula-da-silva-sellaron-una-tregua-en-la-onu-y-se-reuniran-la-semana-que-viene\/"},"author":{"name":"Oscar","@id":"https:\/\/lagnoticias.com\/#\/schema\/person\/cb9bfe13f8de05d2c55270be25c6a550"},"headline":"Donald Trump y Lula da Silva sellaron una tregua en la ONU y se reunir\u00e1n la semana que viene","datePublished":"2025-09-24T22:42:22+00:00","dateModified":"2025-09-24T22:42:23+00:00","mainEntityOfPage":{"@id":"https:\/\/lagnoticias.com\/2025\/09\/24\/donald-trump-y-lula-da-silva-sellaron-una-tregua-en-la-onu-y-se-reuniran-la-semana-que-viene\/"},"wordCount":754,"commentCount":0,"image":{"@id":"https:\/\/lagnoticias.com\/2025\/09\/24\/donald-trump-y-lula-da-silva-sellaron-una-tregua-en-la-onu-y-se-reuniran-la-semana-que-viene\/#primaryimage"},"thumbnailUrl":"https:\/\/lagnoticias.com\/wp-content\/uploads\/2025\/09\/9-18.jpg","keywords":["ASAMBLEA GENERAL DE NACIONES UNIDAS","BRASIL","DONALD TRUMP","ESTADOS UNIDOS","ONU"],"articleSection":["INTERNACIONALES"],"inLanguage":"en-US","potentialAction":[{"@type":"CommentAction","name":"Comment","target":["https:\/\/lagnoticias.com\/2025\/09\/24\/donald-trump-y-lula-da-silva-sellaron-una-tregua-en-la-onu-y-se-reuniran-la-semana-que-viene\/#respond"]}]},{"@type":"WebPage","@id":"https:\/\/lagnoticias.com\/2025\/09\/24\/donald-trump-y-lula-da-silva-sellaron-una-tregua-en-la-onu-y-se-reuniran-la-semana-que-viene\/","url":"https:\/\/lagnoticias.com\/2025\/09\/24\/donald-trump-y-lula-da-silva-sellaron-una-tregua-en-la-onu-y-se-reuniran-la-semana-que-viene\/","name":"Donald Trump y Lula da Silva sellaron una tregua en la ONU y se reunir\u00e1n la semana que viene - La G Noticias","isPartOf":{"@id":"https:\/\/lagnoticias.com\/#website"},"primaryImageOfPage":{"@id":"https:\/\/lagnoticias.com\/2025\/09\/24\/donald-trump-y-lula-da-silva-sellaron-una-tregua-en-la-onu-y-se-reuniran-la-semana-que-viene\/#primaryimage"},"image":{"@id":"https:\/\/lagnoticias.com\/2025\/09\/24\/donald-trump-y-lula-da-silva-sellaron-una-tregua-en-la-onu-y-se-reuniran-la-semana-que-viene\/#primaryimage"},"thumbnailUrl":"https:\/\/lagnoticias.com\/wp-content\/uploads\/2025\/09\/9-18.jpg","datePublished":"2025-09-24T22:42:22+00:00","dateModified":"2025-09-24T22:42:23+00:00","author":{"@id":"https:\/\/lagnoticias.com\/#\/schema\/person\/cb9bfe13f8de05d2c55270be25c6a550"},"breadcrumb":{"@id":"https:\/\/lagnoticias.com\/2025\/09\/24\/donald-trump-y-lula-da-silva-sellaron-una-tregua-en-la-onu-y-se-reuniran-la-semana-que-viene\/#breadcrumb"},"inLanguage":"en-US","potentialAction":[{"@type":"ReadAction","target":["https:\/\/lagnoticias.com\/2025\/09\/24\/donald-trump-y-lula-da-silva-sellaron-una-tregua-en-la-onu-y-se-reuniran-la-semana-que-viene\/"]}]},{"@type":"ImageObject","inLanguage":"en-US","@id":"https:\/\/lagnoticias.com\/2025\/09\/24\/donald-trump-y-lula-da-silva-sellaron-una-tregua-en-la-onu-y-se-reuniran-la-semana-que-viene\/#primaryimage","url":"https:\/\/lagnoticias.com\/wp-content\/uploads\/2025\/09\/9-18.jpg","contentUrl":"https:\/\/lagnoticias.com\/wp-content\/uploads\/2025\/09\/9-18.jpg","width":655,"height":368},{"@type":"BreadcrumbList","@id":"https:\/\/lagnoticias.com\/2025\/09\/24\/donald-trump-y-lula-da-silva-sellaron-una-tregua-en-la-onu-y-se-reuniran-la-semana-que-viene\/#breadcrumb","itemListElement":[{"@type":"ListItem","position":1,"name":"Portada","item":"https:\/\/lagnoticias.com\/"},{"@type":"ListItem","position":2,"name":"Donald Trump y Lula da Silva sellaron una tregua en la ONU y se reunir\u00e1n la semana que viene"}]},{"@type":"WebSite","@id":"https:\/\/lagnoticias.com\/#website","url":"https:\/\/lagnoticias.com\/","name":"La G Noticias","description":"Noticias Positivas","potentialAction":[{"@type":"SearchAction","target":{"@type":"EntryPoint","urlTemplate":"https:\/\/lagnoticias.com\/?s={search_term_string}"},"query-input":{"@type":"PropertyValueSpecification","valueRequired":true,"valueName":"search_term_string"}}],"inLanguage":"en-US"},{"@type":"Person","@id":"https:\/\/lagnoticias.com\/#\/schema\/person\/cb9bfe13f8de05d2c55270be25c6a550","name":"Oscar","image":{"@type":"ImageObject","inLanguage":"en-US","@id":"https:\/\/secure.gravatar.com\/avatar\/45c195718f652dc7ffdd591dc1f2678956ab7fdadcd359a635edc61304a8c757?s=96&d=mm&r=g","url":"https:\/\/secure.gravatar.com\/avatar\/45c195718f652dc7ffdd591dc1f2678956ab7fdadcd359a635edc61304a8c757?s=96&d=mm&r=g","contentUrl":"https:\/\/secure.gravatar.com\/avatar\/45c195718f652dc7ffdd591dc1f2678956ab7fdadcd359a635edc61304a8c757?s=96&d=mm&r=g","caption":"Oscar"},"url":"https:\/\/lagnoticias.com\/en\/author\/oscar\/"}]}},"_links":{"self":[{"href":"https:\/\/lagnoticias.com\/en\/wp-json\/wp\/v2\/posts\/5302","targetHints":{"allow":["GET"]}}],"collection":[{"href":"https:\/\/lagnoticias.com\/en\/wp-json\/wp\/v2\/posts"}],"about":[{"href":"https:\/\/lagnoticias.com\/en\/wp-json\/wp\/v2\/types\/post"}],"author":[{"embeddable":true,"href":"https:\/\/lagnoticias.com\/en\/wp-json\/wp\/v2\/users\/2"}],"replies":[{"embeddable":true,"href":"https:\/\/lagnoticias.com\/en\/wp-json\/wp\/v2\/comments?post=5302"}],"version-history":[{"count":1,"href":"https:\/\/lagnoticias.com\/en\/wp-json\/wp\/v2\/posts\/5302\/revisions"}],"predecessor-version":[{"id":5304,"href":"https:\/\/lagnoticias.com\/en\/wp-json\/wp\/v2\/posts\/5302\/revisions\/5304"}],"wp:featuredmedia":[{"embeddable":true,"href":"https:\/\/lagnoticias.com\/en\/wp-json\/wp\/v2\/media\/5303"}],"wp:attachment":[{"href":"https:\/\/lagnoticias.com\/en\/wp-json\/wp\/v2\/media?parent=5302"}],"wp:term":[{"taxonomy":"category","embeddable":true,"href":"https:\/\/lagnoticias.com\/en\/wp-json\/wp\/v2\/categories?post=5302"},{"taxonomy":"post_tag","embeddable":true,"href":"https:\/\/lagnoticias.com\/en\/wp-json\/wp\/v2\/tags?post=5302"}],"curies":[{"name":"wp","href":"https:\/\/api.w.org\/{rel}","templated":true}]}}