{"id":5296,"date":"2025-09-24T15:15:54","date_gmt":"2025-09-24T21:15:54","guid":{"rendered":"https:\/\/lagnoticias.com\/?p=5296"},"modified":"2025-09-24T15:15:55","modified_gmt":"2025-09-24T21:15:55","slug":"ministerio-de-trabajo-lanza-el-observatorio-de-accidentes-laborales-prevencion-360o","status":"publish","type":"post","link":"https:\/\/lagnoticias.com\/en\/2025\/09\/24\/ministerio-de-trabajo-lanza-el-observatorio-de-accidentes-laborales-prevencion-360o\/","title":{"rendered":"Ministerio de Trabajo lanza el Observatorio de Accidentes Laborales: Prevenci\u00f3n 360\u00ba"},"content":{"rendered":"<p>Hoy, el ministro de Trabajo, Rolando Castro, realiz\u00f3 el lanzamiento del Observatorio de Accidentes Laborales: Prevenci\u00f3n 360\u00ba, una plataforma que permitir\u00e1 contar con informaci\u00f3n confiable, actualizada y en tiempo real sobre los incidentes ocurridos en los lugares de trabajo. Esto marca un avance significativo en materia de seguridad laboral, al ofrecer datos precisos que ser\u00e1n esenciales para tomar decisiones oportunas.<\/p>\n\n\n\n<p>\u201cEs una plataforma de prevenci\u00f3n que permitir\u00e1 dise\u00f1ar pol\u00edticas p\u00fablicas basadas en evidencias. Es un espacio de participaci\u00f3n tripartita donde gobierno, empleadores y trabajadores compartiremos informaci\u00f3n, construiremos soluciones y fortaleceremos la cultura del enfoque preventivo. Nuestro objetivo no solo es contabilizar accidentes, sino reducirlos de manera sistem\u00e1tica\u201d, inform\u00f3 Castro.<\/p>\n\n\n\n<p>El observatorio recopilar\u00e1 estad\u00edsticas y permitir\u00e1 realizar una medici\u00f3n t\u00e9cnica para cuantificar los accidentes laborales y analizarlos seg\u00fan su distribuci\u00f3n por grupo etario, sector y otras variables. Esta informaci\u00f3n ser\u00e1 clave para dise\u00f1ar estrategias espec\u00edficas de prevenci\u00f3n, adaptadas a la realidad de cada \u00e1mbito laboral, fortaleciendo as\u00ed las pol\u00edticas p\u00fablicas en beneficio de los trabajadores.<\/p>\n\n\n\n<p>La plataforma funcionar\u00e1 como un instrumento efectivo para la prevenci\u00f3n, ya que permitir\u00e1 a las instituciones identificar patrones de riesgo y dar una respuesta m\u00e1s r\u00e1pida. De esta forma, se optimizan los recursos y se incrementa la capacidad de respuesta para garantizar que los espacios de trabajo sean cada vez m\u00e1s seguros.<\/p>\n\n\n\n<p>\u201cEn nuestra gesti\u00f3n hemos garantizado indemnizaciones que consideramos justas y fundamentalmente dignas para las familias de los trabajadores fallecidos, estableciendo en toda la historia de El Salvador una cantidad de $50,000 por accidente laboral cuando la persona pierda la vida\u201d, subray\u00f3.<\/p>","protected":false},"excerpt":{"rendered":"<p>Hoy, el ministro de Trabajo, Rolando Castro, realiz\u00f3 el lanzamiento del Observatorio de Accidentes Laborales: Prevenci\u00f3n 360\u00ba, una plataforma que permitir\u00e1 contar con informaci\u00f3n confiable, actualizada y en tiempo real sobre los incidentes ocurridos en los lugares de trabajo. Esto marca un avance significativo en materia de seguridad laboral, al ofrecer datos precisos que ser\u00e1n [&hellip;]<\/p>","protected":false},"author":2,"featured_media":5297,"comment_status":"open","ping_status":"open","sticky":false,"template":"","format":"standard","meta":{"_et_pb_use_builder":"off","_et_pb_old_content":"","_et_gb_content_width":"","footnotes":""},"categories":[244],"tags":[1085,267,371,268,543],"class_list":["post-5296","post","type-post","status-publish","format-standard","has-post-thumbnail","hentry","category-nacionales","tag-accidentes-laborales","tag-el-salvador","tag-empresas","tag-gobierno-de-el-salvador","tag-ministerio-de-trabajo"],"yoast_head":"<!-- This site is optimized with the Yoast SEO plugin v27.4 - https:\/\/yoast.com\/product\/yoast-seo-wordpress\/ -->\n<title>Ministerio de Trabajo lanza el Observatorio de Accidentes Laborales: Prevenci\u00f3n 360\u00ba - La G Noticias<\/title>\n<meta name=\"robots\" content=\"index, follow, max-snippet:-1, max-image-preview:large, max-video-preview:-1\" \/>\n<link rel=\"canonical\" href=\"https:\/\/lagnoticias.com\/en\/2025\/09\/24\/ministerio-de-trabajo-lanza-el-observatorio-de-accidentes-laborales-prevencion-360o\/\" \/>\n<meta property=\"og:locale\" content=\"en_US\" \/>\n<meta property=\"og:type\" content=\"article\" \/>\n<meta property=\"og:title\" content=\"Ministerio de Trabajo lanza el Observatorio de Accidentes Laborales: Prevenci\u00f3n 360\u00ba - La G Noticias\" \/>\n<meta property=\"og:description\" content=\"Hoy, el ministro de Trabajo, Rolando Castro, realiz\u00f3 el lanzamiento del Observatorio de Accidentes Laborales: Prevenci\u00f3n 360\u00ba, una plataforma que permitir\u00e1 contar con informaci\u00f3n confiable, actualizada y en tiempo real sobre los incidentes ocurridos en los lugares de trabajo. Esto marca un avance significativo en materia de seguridad laboral, al ofrecer datos precisos que ser\u00e1n [&hellip;]\" \/>\n<meta property=\"og:url\" content=\"https:\/\/lagnoticias.com\/en\/2025\/09\/24\/ministerio-de-trabajo-lanza-el-observatorio-de-accidentes-laborales-prevencion-360o\/\" \/>\n<meta property=\"og:site_name\" content=\"La G Noticias\" \/>\n<meta property=\"article:publisher\" content=\"https:\/\/www.facebook.com\/LaGNoticias\" \/>\n<meta property=\"article:published_time\" content=\"2025-09-24T21:15:54+00:00\" \/>\n<meta property=\"article:modified_time\" content=\"2025-09-24T21:15:55+00:00\" \/>\n<meta property=\"og:image\" content=\"https:\/\/lagnoticias.com\/wp-content\/uploads\/2025\/09\/52.jpg\" \/>\n\t<meta property=\"og:image:width\" content=\"843\" \/>\n\t<meta property=\"og:image:height\" content=\"526\" \/>\n\t<meta property=\"og:image:type\" content=\"image\/jpeg\" \/>\n<meta name=\"author\" content=\"Oscar\" \/>\n<meta name=\"twitter:card\" content=\"summary_large_image\" \/>\n<meta name=\"twitter:creator\" content=\"@lagnoticias\" \/>\n<meta name=\"twitter:site\" content=\"@lagnoticias\" \/>\n<meta name=\"twitter:label1\" content=\"Written by\" \/>\n\t<meta name=\"twitter:data1\" content=\"Oscar\" \/>\n\t<meta name=\"twitter:label2\" content=\"Est. reading time\" \/>\n\t<meta name=\"twitter:data2\" content=\"2 minutes\" \/>\n<script type=\"application\/ld+json\" class=\"yoast-schema-graph\">{\"@context\":\"https:\\\/\\\/schema.org\",\"@graph\":[{\"@type\":\"Article\",\"@id\":\"https:\\\/\\\/lagnoticias.com\\\/2025\\\/09\\\/24\\\/ministerio-de-trabajo-lanza-el-observatorio-de-accidentes-laborales-prevencion-360o\\\/#article\",\"isPartOf\":{\"@id\":\"https:\\\/\\\/lagnoticias.com\\\/2025\\\/09\\\/24\\\/ministerio-de-trabajo-lanza-el-observatorio-de-accidentes-laborales-prevencion-360o\\\/\"},\"author\":{\"name\":\"Oscar\",\"@id\":\"https:\\\/\\\/lagnoticias.com\\\/#\\\/schema\\\/person\\\/cb9bfe13f8de05d2c55270be25c6a550\"},\"headline\":\"Ministerio de Trabajo lanza el Observatorio de Accidentes Laborales: Prevenci\u00f3n 360\u00ba\",\"datePublished\":\"2025-09-24T21:15:54+00:00\",\"dateModified\":\"2025-09-24T21:15:55+00:00\",\"mainEntityOfPage\":{\"@id\":\"https:\\\/\\\/lagnoticias.com\\\/2025\\\/09\\\/24\\\/ministerio-de-trabajo-lanza-el-observatorio-de-accidentes-laborales-prevencion-360o\\\/\"},\"wordCount\":292,\"commentCount\":0,\"image\":{\"@id\":\"https:\\\/\\\/lagnoticias.com\\\/2025\\\/09\\\/24\\\/ministerio-de-trabajo-lanza-el-observatorio-de-accidentes-laborales-prevencion-360o\\\/#primaryimage\"},\"thumbnailUrl\":\"https:\\\/\\\/lagnoticias.com\\\/wp-content\\\/uploads\\\/2025\\\/09\\\/52.jpg\",\"keywords\":[\"ACCIDENTES LABORALES\",\"EL SALVADOR\",\"EMPRESAS\",\"GOBIERNO DE EL SALVADOR\",\"MINISTERIO DE TRABAJO\"],\"articleSection\":[\"NACIONALES\"],\"inLanguage\":\"en-US\",\"potentialAction\":[{\"@type\":\"CommentAction\",\"name\":\"Comment\",\"target\":[\"https:\\\/\\\/lagnoticias.com\\\/2025\\\/09\\\/24\\\/ministerio-de-trabajo-lanza-el-observatorio-de-accidentes-laborales-prevencion-360o\\\/#respond\"]}]},{\"@type\":\"WebPage\",\"@id\":\"https:\\\/\\\/lagnoticias.com\\\/2025\\\/09\\\/24\\\/ministerio-de-trabajo-lanza-el-observatorio-de-accidentes-laborales-prevencion-360o\\\/\",\"url\":\"https:\\\/\\\/lagnoticias.com\\\/2025\\\/09\\\/24\\\/ministerio-de-trabajo-lanza-el-observatorio-de-accidentes-laborales-prevencion-360o\\\/\",\"name\":\"Ministerio de Trabajo lanza el Observatorio de Accidentes Laborales: Prevenci\u00f3n 360\u00ba - La G Noticias\",\"isPartOf\":{\"@id\":\"https:\\\/\\\/lagnoticias.com\\\/#website\"},\"primaryImageOfPage\":{\"@id\":\"https:\\\/\\\/lagnoticias.com\\\/2025\\\/09\\\/24\\\/ministerio-de-trabajo-lanza-el-observatorio-de-accidentes-laborales-prevencion-360o\\\/#primaryimage\"},\"image\":{\"@id\":\"https:\\\/\\\/lagnoticias.com\\\/2025\\\/09\\\/24\\\/ministerio-de-trabajo-lanza-el-observatorio-de-accidentes-laborales-prevencion-360o\\\/#primaryimage\"},\"thumbnailUrl\":\"https:\\\/\\\/lagnoticias.com\\\/wp-content\\\/uploads\\\/2025\\\/09\\\/52.jpg\",\"datePublished\":\"2025-09-24T21:15:54+00:00\",\"dateModified\":\"2025-09-24T21:15:55+00:00\",\"author\":{\"@id\":\"https:\\\/\\\/lagnoticias.com\\\/#\\\/schema\\\/person\\\/cb9bfe13f8de05d2c55270be25c6a550\"},\"breadcrumb\":{\"@id\":\"https:\\\/\\\/lagnoticias.com\\\/2025\\\/09\\\/24\\\/ministerio-de-trabajo-lanza-el-observatorio-de-accidentes-laborales-prevencion-360o\\\/#breadcrumb\"},\"inLanguage\":\"en-US\",\"potentialAction\":[{\"@type\":\"ReadAction\",\"target\":[\"https:\\\/\\\/lagnoticias.com\\\/2025\\\/09\\\/24\\\/ministerio-de-trabajo-lanza-el-observatorio-de-accidentes-laborales-prevencion-360o\\\/\"]}]},{\"@type\":\"ImageObject\",\"inLanguage\":\"en-US\",\"@id\":\"https:\\\/\\\/lagnoticias.com\\\/2025\\\/09\\\/24\\\/ministerio-de-trabajo-lanza-el-observatorio-de-accidentes-laborales-prevencion-360o\\\/#primaryimage\",\"url\":\"https:\\\/\\\/lagnoticias.com\\\/wp-content\\\/uploads\\\/2025\\\/09\\\/52.jpg\",\"contentUrl\":\"https:\\\/\\\/lagnoticias.com\\\/wp-content\\\/uploads\\\/2025\\\/09\\\/52.jpg\",\"width\":843,\"height\":526},{\"@type\":\"BreadcrumbList\",\"@id\":\"https:\\\/\\\/lagnoticias.com\\\/2025\\\/09\\\/24\\\/ministerio-de-trabajo-lanza-el-observatorio-de-accidentes-laborales-prevencion-360o\\\/#breadcrumb\",\"itemListElement\":[{\"@type\":\"ListItem\",\"position\":1,\"name\":\"Portada\",\"item\":\"https:\\\/\\\/lagnoticias.com\\\/\"},{\"@type\":\"ListItem\",\"position\":2,\"name\":\"Ministerio de Trabajo lanza el Observatorio de Accidentes Laborales: Prevenci\u00f3n 360\u00ba\"}]},{\"@type\":\"WebSite\",\"@id\":\"https:\\\/\\\/lagnoticias.com\\\/#website\",\"url\":\"https:\\\/\\\/lagnoticias.com\\\/\",\"name\":\"La G Noticias\",\"description\":\"Noticias Positivas\",\"potentialAction\":[{\"@type\":\"SearchAction\",\"target\":{\"@type\":\"EntryPoint\",\"urlTemplate\":\"https:\\\/\\\/lagnoticias.com\\\/?s={search_term_string}\"},\"query-input\":{\"@type\":\"PropertyValueSpecification\",\"valueRequired\":true,\"valueName\":\"search_term_string\"}}],\"inLanguage\":\"en-US\"},{\"@type\":\"Person\",\"@id\":\"https:\\\/\\\/lagnoticias.com\\\/#\\\/schema\\\/person\\\/cb9bfe13f8de05d2c55270be25c6a550\",\"name\":\"Oscar\",\"image\":{\"@type\":\"ImageObject\",\"inLanguage\":\"en-US\",\"@id\":\"https:\\\/\\\/secure.gravatar.com\\\/avatar\\\/45c195718f652dc7ffdd591dc1f2678956ab7fdadcd359a635edc61304a8c757?s=96&d=mm&r=g\",\"url\":\"https:\\\/\\\/secure.gravatar.com\\\/avatar\\\/45c195718f652dc7ffdd591dc1f2678956ab7fdadcd359a635edc61304a8c757?s=96&d=mm&r=g\",\"contentUrl\":\"https:\\\/\\\/secure.gravatar.com\\\/avatar\\\/45c195718f652dc7ffdd591dc1f2678956ab7fdadcd359a635edc61304a8c757?s=96&d=mm&r=g\",\"caption\":\"Oscar\"},\"url\":\"https:\\\/\\\/lagnoticias.com\\\/en\\\/author\\\/oscar\\\/\"}]}<\/script>\n<!-- \/ Yoast SEO plugin. -->","yoast_head_json":{"title":"Ministerio de Trabajo lanza el Observatorio de Accidentes Laborales: Prevenci\u00f3n 360\u00ba - La G Noticias","robots":{"index":"index","follow":"follow","max-snippet":"max-snippet:-1","max-image-preview":"max-image-preview:large","max-video-preview":"max-video-preview:-1"},"canonical":"https:\/\/lagnoticias.com\/en\/2025\/09\/24\/ministerio-de-trabajo-lanza-el-observatorio-de-accidentes-laborales-prevencion-360o\/","og_locale":"en_US","og_type":"article","og_title":"Ministerio de Trabajo lanza el Observatorio de Accidentes Laborales: Prevenci\u00f3n 360\u00ba - La G Noticias","og_description":"Hoy, el ministro de Trabajo, Rolando Castro, realiz\u00f3 el lanzamiento del Observatorio de Accidentes Laborales: Prevenci\u00f3n 360\u00ba, una plataforma que permitir\u00e1 contar con informaci\u00f3n confiable, actualizada y en tiempo real sobre los incidentes ocurridos en los lugares de trabajo. Esto marca un avance significativo en materia de seguridad laboral, al ofrecer datos precisos que ser\u00e1n [&hellip;]","og_url":"https:\/\/lagnoticias.com\/en\/2025\/09\/24\/ministerio-de-trabajo-lanza-el-observatorio-de-accidentes-laborales-prevencion-360o\/","og_site_name":"La G Noticias","article_publisher":"https:\/\/www.facebook.com\/LaGNoticias","article_published_time":"2025-09-24T21:15:54+00:00","article_modified_time":"2025-09-24T21:15:55+00:00","og_image":[{"width":843,"height":526,"url":"https:\/\/lagnoticias.com\/wp-content\/uploads\/2025\/09\/52.jpg","type":"image\/jpeg"}],"author":"Oscar","twitter_card":"summary_large_image","twitter_creator":"@lagnoticias","twitter_site":"@lagnoticias","twitter_misc":{"Written by":"Oscar","Est. reading time":"2 minutes"},"schema":{"@context":"https:\/\/schema.org","@graph":[{"@type":"Article","@id":"https:\/\/lagnoticias.com\/2025\/09\/24\/ministerio-de-trabajo-lanza-el-observatorio-de-accidentes-laborales-prevencion-360o\/#article","isPartOf":{"@id":"https:\/\/lagnoticias.com\/2025\/09\/24\/ministerio-de-trabajo-lanza-el-observatorio-de-accidentes-laborales-prevencion-360o\/"},"author":{"name":"Oscar","@id":"https:\/\/lagnoticias.com\/#\/schema\/person\/cb9bfe13f8de05d2c55270be25c6a550"},"headline":"Ministerio de Trabajo lanza el Observatorio de Accidentes Laborales: Prevenci\u00f3n 360\u00ba","datePublished":"2025-09-24T21:15:54+00:00","dateModified":"2025-09-24T21:15:55+00:00","mainEntityOfPage":{"@id":"https:\/\/lagnoticias.com\/2025\/09\/24\/ministerio-de-trabajo-lanza-el-observatorio-de-accidentes-laborales-prevencion-360o\/"},"wordCount":292,"commentCount":0,"image":{"@id":"https:\/\/lagnoticias.com\/2025\/09\/24\/ministerio-de-trabajo-lanza-el-observatorio-de-accidentes-laborales-prevencion-360o\/#primaryimage"},"thumbnailUrl":"https:\/\/lagnoticias.com\/wp-content\/uploads\/2025\/09\/52.jpg","keywords":["ACCIDENTES LABORALES","EL SALVADOR","EMPRESAS","GOBIERNO DE EL SALVADOR","MINISTERIO DE TRABAJO"],"articleSection":["NACIONALES"],"inLanguage":"en-US","potentialAction":[{"@type":"CommentAction","name":"Comment","target":["https:\/\/lagnoticias.com\/2025\/09\/24\/ministerio-de-trabajo-lanza-el-observatorio-de-accidentes-laborales-prevencion-360o\/#respond"]}]},{"@type":"WebPage","@id":"https:\/\/lagnoticias.com\/2025\/09\/24\/ministerio-de-trabajo-lanza-el-observatorio-de-accidentes-laborales-prevencion-360o\/","url":"https:\/\/lagnoticias.com\/2025\/09\/24\/ministerio-de-trabajo-lanza-el-observatorio-de-accidentes-laborales-prevencion-360o\/","name":"Ministerio de Trabajo lanza el Observatorio de Accidentes Laborales: Prevenci\u00f3n 360\u00ba - La G Noticias","isPartOf":{"@id":"https:\/\/lagnoticias.com\/#website"},"primaryImageOfPage":{"@id":"https:\/\/lagnoticias.com\/2025\/09\/24\/ministerio-de-trabajo-lanza-el-observatorio-de-accidentes-laborales-prevencion-360o\/#primaryimage"},"image":{"@id":"https:\/\/lagnoticias.com\/2025\/09\/24\/ministerio-de-trabajo-lanza-el-observatorio-de-accidentes-laborales-prevencion-360o\/#primaryimage"},"thumbnailUrl":"https:\/\/lagnoticias.com\/wp-content\/uploads\/2025\/09\/52.jpg","datePublished":"2025-09-24T21:15:54+00:00","dateModified":"2025-09-24T21:15:55+00:00","author":{"@id":"https:\/\/lagnoticias.com\/#\/schema\/person\/cb9bfe13f8de05d2c55270be25c6a550"},"breadcrumb":{"@id":"https:\/\/lagnoticias.com\/2025\/09\/24\/ministerio-de-trabajo-lanza-el-observatorio-de-accidentes-laborales-prevencion-360o\/#breadcrumb"},"inLanguage":"en-US","potentialAction":[{"@type":"ReadAction","target":["https:\/\/lagnoticias.com\/2025\/09\/24\/ministerio-de-trabajo-lanza-el-observatorio-de-accidentes-laborales-prevencion-360o\/"]}]},{"@type":"ImageObject","inLanguage":"en-US","@id":"https:\/\/lagnoticias.com\/2025\/09\/24\/ministerio-de-trabajo-lanza-el-observatorio-de-accidentes-laborales-prevencion-360o\/#primaryimage","url":"https:\/\/lagnoticias.com\/wp-content\/uploads\/2025\/09\/52.jpg","contentUrl":"https:\/\/lagnoticias.com\/wp-content\/uploads\/2025\/09\/52.jpg","width":843,"height":526},{"@type":"BreadcrumbList","@id":"https:\/\/lagnoticias.com\/2025\/09\/24\/ministerio-de-trabajo-lanza-el-observatorio-de-accidentes-laborales-prevencion-360o\/#breadcrumb","itemListElement":[{"@type":"ListItem","position":1,"name":"Portada","item":"https:\/\/lagnoticias.com\/"},{"@type":"ListItem","position":2,"name":"Ministerio de Trabajo lanza el Observatorio de Accidentes Laborales: Prevenci\u00f3n 360\u00ba"}]},{"@type":"WebSite","@id":"https:\/\/lagnoticias.com\/#website","url":"https:\/\/lagnoticias.com\/","name":"La G Noticias","description":"Noticias Positivas","potentialAction":[{"@type":"SearchAction","target":{"@type":"EntryPoint","urlTemplate":"https:\/\/lagnoticias.com\/?s={search_term_string}"},"query-input":{"@type":"PropertyValueSpecification","valueRequired":true,"valueName":"search_term_string"}}],"inLanguage":"en-US"},{"@type":"Person","@id":"https:\/\/lagnoticias.com\/#\/schema\/person\/cb9bfe13f8de05d2c55270be25c6a550","name":"Oscar","image":{"@type":"ImageObject","inLanguage":"en-US","@id":"https:\/\/secure.gravatar.com\/avatar\/45c195718f652dc7ffdd591dc1f2678956ab7fdadcd359a635edc61304a8c757?s=96&d=mm&r=g","url":"https:\/\/secure.gravatar.com\/avatar\/45c195718f652dc7ffdd591dc1f2678956ab7fdadcd359a635edc61304a8c757?s=96&d=mm&r=g","contentUrl":"https:\/\/secure.gravatar.com\/avatar\/45c195718f652dc7ffdd591dc1f2678956ab7fdadcd359a635edc61304a8c757?s=96&d=mm&r=g","caption":"Oscar"},"url":"https:\/\/lagnoticias.com\/en\/author\/oscar\/"}]}},"_links":{"self":[{"href":"https:\/\/lagnoticias.com\/en\/wp-json\/wp\/v2\/posts\/5296","targetHints":{"allow":["GET"]}}],"collection":[{"href":"https:\/\/lagnoticias.com\/en\/wp-json\/wp\/v2\/posts"}],"about":[{"href":"https:\/\/lagnoticias.com\/en\/wp-json\/wp\/v2\/types\/post"}],"author":[{"embeddable":true,"href":"https:\/\/lagnoticias.com\/en\/wp-json\/wp\/v2\/users\/2"}],"replies":[{"embeddable":true,"href":"https:\/\/lagnoticias.com\/en\/wp-json\/wp\/v2\/comments?post=5296"}],"version-history":[{"count":1,"href":"https:\/\/lagnoticias.com\/en\/wp-json\/wp\/v2\/posts\/5296\/revisions"}],"predecessor-version":[{"id":5298,"href":"https:\/\/lagnoticias.com\/en\/wp-json\/wp\/v2\/posts\/5296\/revisions\/5298"}],"wp:featuredmedia":[{"embeddable":true,"href":"https:\/\/lagnoticias.com\/en\/wp-json\/wp\/v2\/media\/5297"}],"wp:attachment":[{"href":"https:\/\/lagnoticias.com\/en\/wp-json\/wp\/v2\/media?parent=5296"}],"wp:term":[{"taxonomy":"category","embeddable":true,"href":"https:\/\/lagnoticias.com\/en\/wp-json\/wp\/v2\/categories?post=5296"},{"taxonomy":"post_tag","embeddable":true,"href":"https:\/\/lagnoticias.com\/en\/wp-json\/wp\/v2\/tags?post=5296"}],"curies":[{"name":"wp","href":"https:\/\/api.w.org\/{rel}","templated":true}]}}