{"id":5196,"date":"2025-09-22T13:33:47","date_gmt":"2025-09-22T19:33:47","guid":{"rendered":"https:\/\/lagnoticias.com\/?p=5196"},"modified":"2025-09-22T13:33:48","modified_gmt":"2025-09-22T19:33:48","slug":"salud-ha-robustecido-el-esquema-nacional-de-vacunacion-en-todo-el-pais","status":"publish","type":"post","link":"https:\/\/lagnoticias.com\/en\/2025\/09\/22\/salud-ha-robustecido-el-esquema-nacional-de-vacunacion-en-todo-el-pais\/","title":{"rendered":"Salud ha robustecido el esquema nacional de vacunaci\u00f3n en todo el pa\u00eds"},"content":{"rendered":"<p>El sistema de salud p\u00fablica se encuentra mejor preparado para atender a la poblaci\u00f3n con eficiencia, priorizando siempre la prevenci\u00f3n y la atenci\u00f3n oportuna.<\/p>\n\n\n\n<p>El director ejecutivo del Fondo Solidario para la Salud (FOSALUD), Carlos N\u00fa\u00f1ez, destac\u00f3 que estas medidas han permitido que El Salvador se mantenga, actualmente, en una zona segura en cuanto a enfermedades respiratorias. <\/p>\n\n\n\n<p>Esto es resultado de una estrategia integral que incluye campa\u00f1as de prevenci\u00f3n, atenci\u00f3n temprana y acceso a servicios m\u00e9dicos m\u00e1s modernos, que brindan tranquilidad y confianza a las familias salvadore\u00f1as.<\/p>\n\n\n\n<p>\u00abEn estos meses, tenemos una lectura muy importante, vemos c\u00f3mo ha funcionado la vacunaci\u00f3n. Seg\u00fan el reporte epidemiol\u00f3gico, nos encontramos en una zona de seguridad, a diferencia de otros a\u00f1os que ha habido m\u00e1s neumon\u00edas (&#8230;) El llamado a la poblaci\u00f3n es que, si siente alg\u00fan s\u00edntoma, utilizar mascarilla, lavarse las manos, pasar consulta, vacunarse contra la influenza, el neumococo, esas son las armas que nos permiten llegar a donde estamos ahora, a una zona segura\u00bb, enfatiz\u00f3.<\/p>\n\n\n\n<p>Con este esfuerzo, esta administraci\u00f3n ha logrado garantizar que la poblaci\u00f3n cuente con una cobertura amplia y efectiva, protegiendo especialmente a los sectores m\u00e1s vulnerables y reduciendo significativamente el riesgo de brotes de enfermedades que antes representaban un grave peligro para la salud p\u00fablica.<\/p>\n\n\n\n<p>\u201cSe hizo una inversi\u00f3n importante para reforzar el esquema de vacunaci\u00f3n, la poblaci\u00f3n puede acudir a cualquier hora del d\u00eda a las unidades de salud\u00bb, subray\u00f3, y record\u00f3 que hay 78 establecimientos que, en una labor conjunta con el Ministerio de Salud, brindan atenciones las 24 horas del d\u00eda.<\/p>\n\n\n\n<p>Adem\u00e1s de proteger la vida, esta estrategia tambi\u00e9n genera un impacto econ\u00f3mico positivo para las familias salvadore\u00f1as, ya que el acceso gratuito a las vacunas y a la atenci\u00f3n preventiva evita gastos que antes reca\u00edan directamente en los hogares.<\/p>","protected":false},"excerpt":{"rendered":"<p>El sistema de salud p\u00fablica se encuentra mejor preparado para atender a la poblaci\u00f3n con eficiencia, priorizando siempre la prevenci\u00f3n y la atenci\u00f3n oportuna. El director ejecutivo del Fondo Solidario para la Salud (FOSALUD), Carlos N\u00fa\u00f1ez, destac\u00f3 que estas medidas han permitido que El Salvador se mantenga, actualmente, en una zona segura en cuanto a [&hellip;]<\/p>","protected":false},"author":2,"featured_media":5197,"comment_status":"open","ping_status":"open","sticky":false,"template":"","format":"standard","meta":{"_et_pb_use_builder":"off","_et_pb_old_content":"","_et_gb_content_width":"","footnotes":""},"categories":[244],"tags":[267,1053,632,294],"class_list":["post-5196","post","type-post","status-publish","format-standard","has-post-thumbnail","hentry","category-nacionales","tag-el-salvador","tag-esquema-nacional-de-vacunacion","tag-fosalud","tag-salud"],"yoast_head":"<!-- This site is optimized with the Yoast SEO plugin v27.4 - https:\/\/yoast.com\/product\/yoast-seo-wordpress\/ -->\n<title>Salud ha robustecido el esquema nacional de vacunaci\u00f3n en todo el pa\u00eds - La G Noticias<\/title>\n<meta name=\"robots\" content=\"index, follow, max-snippet:-1, max-image-preview:large, max-video-preview:-1\" \/>\n<link rel=\"canonical\" href=\"https:\/\/lagnoticias.com\/en\/2025\/09\/22\/salud-ha-robustecido-el-esquema-nacional-de-vacunacion-en-todo-el-pais\/\" \/>\n<meta property=\"og:locale\" content=\"en_US\" \/>\n<meta property=\"og:type\" content=\"article\" \/>\n<meta property=\"og:title\" content=\"Salud ha robustecido el esquema nacional de vacunaci\u00f3n en todo el pa\u00eds - La G Noticias\" \/>\n<meta property=\"og:description\" content=\"El sistema de salud p\u00fablica se encuentra mejor preparado para atender a la poblaci\u00f3n con eficiencia, priorizando siempre la prevenci\u00f3n y la atenci\u00f3n oportuna. El director ejecutivo del Fondo Solidario para la Salud (FOSALUD), Carlos N\u00fa\u00f1ez, destac\u00f3 que estas medidas han permitido que El Salvador se mantenga, actualmente, en una zona segura en cuanto a [&hellip;]\" \/>\n<meta property=\"og:url\" content=\"https:\/\/lagnoticias.com\/en\/2025\/09\/22\/salud-ha-robustecido-el-esquema-nacional-de-vacunacion-en-todo-el-pais\/\" \/>\n<meta property=\"og:site_name\" content=\"La G Noticias\" \/>\n<meta property=\"article:publisher\" content=\"https:\/\/www.facebook.com\/LaGNoticias\" \/>\n<meta property=\"article:published_time\" content=\"2025-09-22T19:33:47+00:00\" \/>\n<meta property=\"article:modified_time\" content=\"2025-09-22T19:33:48+00:00\" \/>\n<meta property=\"og:image\" content=\"https:\/\/lagnoticias.com\/wp-content\/uploads\/2025\/09\/3-10.jpg\" \/>\n\t<meta property=\"og:image:width\" content=\"2048\" \/>\n\t<meta property=\"og:image:height\" content=\"1447\" \/>\n\t<meta property=\"og:image:type\" content=\"image\/jpeg\" \/>\n<meta name=\"author\" content=\"Oscar\" \/>\n<meta name=\"twitter:card\" content=\"summary_large_image\" \/>\n<meta name=\"twitter:creator\" content=\"@lagnoticias\" \/>\n<meta name=\"twitter:site\" content=\"@lagnoticias\" \/>\n<meta name=\"twitter:label1\" content=\"Written by\" \/>\n\t<meta name=\"twitter:data1\" content=\"Oscar\" \/>\n\t<meta name=\"twitter:label2\" content=\"Est. reading time\" \/>\n\t<meta name=\"twitter:data2\" content=\"2 minutes\" \/>\n<script type=\"application\/ld+json\" class=\"yoast-schema-graph\">{\"@context\":\"https:\\\/\\\/schema.org\",\"@graph\":[{\"@type\":\"Article\",\"@id\":\"https:\\\/\\\/lagnoticias.com\\\/2025\\\/09\\\/22\\\/salud-ha-robustecido-el-esquema-nacional-de-vacunacion-en-todo-el-pais\\\/#article\",\"isPartOf\":{\"@id\":\"https:\\\/\\\/lagnoticias.com\\\/2025\\\/09\\\/22\\\/salud-ha-robustecido-el-esquema-nacional-de-vacunacion-en-todo-el-pais\\\/\"},\"author\":{\"name\":\"Oscar\",\"@id\":\"https:\\\/\\\/lagnoticias.com\\\/#\\\/schema\\\/person\\\/cb9bfe13f8de05d2c55270be25c6a550\"},\"headline\":\"Salud ha robustecido el esquema nacional de vacunaci\u00f3n en todo el pa\u00eds\",\"datePublished\":\"2025-09-22T19:33:47+00:00\",\"dateModified\":\"2025-09-22T19:33:48+00:00\",\"mainEntityOfPage\":{\"@id\":\"https:\\\/\\\/lagnoticias.com\\\/2025\\\/09\\\/22\\\/salud-ha-robustecido-el-esquema-nacional-de-vacunacion-en-todo-el-pais\\\/\"},\"wordCount\":343,\"commentCount\":0,\"image\":{\"@id\":\"https:\\\/\\\/lagnoticias.com\\\/2025\\\/09\\\/22\\\/salud-ha-robustecido-el-esquema-nacional-de-vacunacion-en-todo-el-pais\\\/#primaryimage\"},\"thumbnailUrl\":\"https:\\\/\\\/lagnoticias.com\\\/wp-content\\\/uploads\\\/2025\\\/09\\\/3-10.jpg\",\"keywords\":[\"EL SALVADOR\",\"ESQUEMA NACIONAL DE VACUNACI\u00d3N\",\"FOSALUD\",\"SALUD\"],\"articleSection\":[\"NACIONALES\"],\"inLanguage\":\"en-US\",\"potentialAction\":[{\"@type\":\"CommentAction\",\"name\":\"Comment\",\"target\":[\"https:\\\/\\\/lagnoticias.com\\\/2025\\\/09\\\/22\\\/salud-ha-robustecido-el-esquema-nacional-de-vacunacion-en-todo-el-pais\\\/#respond\"]}]},{\"@type\":\"WebPage\",\"@id\":\"https:\\\/\\\/lagnoticias.com\\\/2025\\\/09\\\/22\\\/salud-ha-robustecido-el-esquema-nacional-de-vacunacion-en-todo-el-pais\\\/\",\"url\":\"https:\\\/\\\/lagnoticias.com\\\/2025\\\/09\\\/22\\\/salud-ha-robustecido-el-esquema-nacional-de-vacunacion-en-todo-el-pais\\\/\",\"name\":\"Salud ha robustecido el esquema nacional de vacunaci\u00f3n en todo el pa\u00eds - La G Noticias\",\"isPartOf\":{\"@id\":\"https:\\\/\\\/lagnoticias.com\\\/#website\"},\"primaryImageOfPage\":{\"@id\":\"https:\\\/\\\/lagnoticias.com\\\/2025\\\/09\\\/22\\\/salud-ha-robustecido-el-esquema-nacional-de-vacunacion-en-todo-el-pais\\\/#primaryimage\"},\"image\":{\"@id\":\"https:\\\/\\\/lagnoticias.com\\\/2025\\\/09\\\/22\\\/salud-ha-robustecido-el-esquema-nacional-de-vacunacion-en-todo-el-pais\\\/#primaryimage\"},\"thumbnailUrl\":\"https:\\\/\\\/lagnoticias.com\\\/wp-content\\\/uploads\\\/2025\\\/09\\\/3-10.jpg\",\"datePublished\":\"2025-09-22T19:33:47+00:00\",\"dateModified\":\"2025-09-22T19:33:48+00:00\",\"author\":{\"@id\":\"https:\\\/\\\/lagnoticias.com\\\/#\\\/schema\\\/person\\\/cb9bfe13f8de05d2c55270be25c6a550\"},\"breadcrumb\":{\"@id\":\"https:\\\/\\\/lagnoticias.com\\\/2025\\\/09\\\/22\\\/salud-ha-robustecido-el-esquema-nacional-de-vacunacion-en-todo-el-pais\\\/#breadcrumb\"},\"inLanguage\":\"en-US\",\"potentialAction\":[{\"@type\":\"ReadAction\",\"target\":[\"https:\\\/\\\/lagnoticias.com\\\/2025\\\/09\\\/22\\\/salud-ha-robustecido-el-esquema-nacional-de-vacunacion-en-todo-el-pais\\\/\"]}]},{\"@type\":\"ImageObject\",\"inLanguage\":\"en-US\",\"@id\":\"https:\\\/\\\/lagnoticias.com\\\/2025\\\/09\\\/22\\\/salud-ha-robustecido-el-esquema-nacional-de-vacunacion-en-todo-el-pais\\\/#primaryimage\",\"url\":\"https:\\\/\\\/lagnoticias.com\\\/wp-content\\\/uploads\\\/2025\\\/09\\\/3-10.jpg\",\"contentUrl\":\"https:\\\/\\\/lagnoticias.com\\\/wp-content\\\/uploads\\\/2025\\\/09\\\/3-10.jpg\",\"width\":2048,\"height\":1447},{\"@type\":\"BreadcrumbList\",\"@id\":\"https:\\\/\\\/lagnoticias.com\\\/2025\\\/09\\\/22\\\/salud-ha-robustecido-el-esquema-nacional-de-vacunacion-en-todo-el-pais\\\/#breadcrumb\",\"itemListElement\":[{\"@type\":\"ListItem\",\"position\":1,\"name\":\"Portada\",\"item\":\"https:\\\/\\\/lagnoticias.com\\\/\"},{\"@type\":\"ListItem\",\"position\":2,\"name\":\"Salud ha robustecido el esquema nacional de vacunaci\u00f3n en todo el pa\u00eds\"}]},{\"@type\":\"WebSite\",\"@id\":\"https:\\\/\\\/lagnoticias.com\\\/#website\",\"url\":\"https:\\\/\\\/lagnoticias.com\\\/\",\"name\":\"La G Noticias\",\"description\":\"Noticias Positivas\",\"potentialAction\":[{\"@type\":\"SearchAction\",\"target\":{\"@type\":\"EntryPoint\",\"urlTemplate\":\"https:\\\/\\\/lagnoticias.com\\\/?s={search_term_string}\"},\"query-input\":{\"@type\":\"PropertyValueSpecification\",\"valueRequired\":true,\"valueName\":\"search_term_string\"}}],\"inLanguage\":\"en-US\"},{\"@type\":\"Person\",\"@id\":\"https:\\\/\\\/lagnoticias.com\\\/#\\\/schema\\\/person\\\/cb9bfe13f8de05d2c55270be25c6a550\",\"name\":\"Oscar\",\"image\":{\"@type\":\"ImageObject\",\"inLanguage\":\"en-US\",\"@id\":\"https:\\\/\\\/secure.gravatar.com\\\/avatar\\\/45c195718f652dc7ffdd591dc1f2678956ab7fdadcd359a635edc61304a8c757?s=96&d=mm&r=g\",\"url\":\"https:\\\/\\\/secure.gravatar.com\\\/avatar\\\/45c195718f652dc7ffdd591dc1f2678956ab7fdadcd359a635edc61304a8c757?s=96&d=mm&r=g\",\"contentUrl\":\"https:\\\/\\\/secure.gravatar.com\\\/avatar\\\/45c195718f652dc7ffdd591dc1f2678956ab7fdadcd359a635edc61304a8c757?s=96&d=mm&r=g\",\"caption\":\"Oscar\"},\"url\":\"https:\\\/\\\/lagnoticias.com\\\/en\\\/author\\\/oscar\\\/\"}]}<\/script>\n<!-- \/ Yoast SEO plugin. -->","yoast_head_json":{"title":"Salud ha robustecido el esquema nacional de vacunaci\u00f3n en todo el pa\u00eds - La G Noticias","robots":{"index":"index","follow":"follow","max-snippet":"max-snippet:-1","max-image-preview":"max-image-preview:large","max-video-preview":"max-video-preview:-1"},"canonical":"https:\/\/lagnoticias.com\/en\/2025\/09\/22\/salud-ha-robustecido-el-esquema-nacional-de-vacunacion-en-todo-el-pais\/","og_locale":"en_US","og_type":"article","og_title":"Salud ha robustecido el esquema nacional de vacunaci\u00f3n en todo el pa\u00eds - La G Noticias","og_description":"El sistema de salud p\u00fablica se encuentra mejor preparado para atender a la poblaci\u00f3n con eficiencia, priorizando siempre la prevenci\u00f3n y la atenci\u00f3n oportuna. El director ejecutivo del Fondo Solidario para la Salud (FOSALUD), Carlos N\u00fa\u00f1ez, destac\u00f3 que estas medidas han permitido que El Salvador se mantenga, actualmente, en una zona segura en cuanto a [&hellip;]","og_url":"https:\/\/lagnoticias.com\/en\/2025\/09\/22\/salud-ha-robustecido-el-esquema-nacional-de-vacunacion-en-todo-el-pais\/","og_site_name":"La G Noticias","article_publisher":"https:\/\/www.facebook.com\/LaGNoticias","article_published_time":"2025-09-22T19:33:47+00:00","article_modified_time":"2025-09-22T19:33:48+00:00","og_image":[{"width":2048,"height":1447,"url":"https:\/\/lagnoticias.com\/wp-content\/uploads\/2025\/09\/3-10.jpg","type":"image\/jpeg"}],"author":"Oscar","twitter_card":"summary_large_image","twitter_creator":"@lagnoticias","twitter_site":"@lagnoticias","twitter_misc":{"Written by":"Oscar","Est. reading time":"2 minutes"},"schema":{"@context":"https:\/\/schema.org","@graph":[{"@type":"Article","@id":"https:\/\/lagnoticias.com\/2025\/09\/22\/salud-ha-robustecido-el-esquema-nacional-de-vacunacion-en-todo-el-pais\/#article","isPartOf":{"@id":"https:\/\/lagnoticias.com\/2025\/09\/22\/salud-ha-robustecido-el-esquema-nacional-de-vacunacion-en-todo-el-pais\/"},"author":{"name":"Oscar","@id":"https:\/\/lagnoticias.com\/#\/schema\/person\/cb9bfe13f8de05d2c55270be25c6a550"},"headline":"Salud ha robustecido el esquema nacional de vacunaci\u00f3n en todo el pa\u00eds","datePublished":"2025-09-22T19:33:47+00:00","dateModified":"2025-09-22T19:33:48+00:00","mainEntityOfPage":{"@id":"https:\/\/lagnoticias.com\/2025\/09\/22\/salud-ha-robustecido-el-esquema-nacional-de-vacunacion-en-todo-el-pais\/"},"wordCount":343,"commentCount":0,"image":{"@id":"https:\/\/lagnoticias.com\/2025\/09\/22\/salud-ha-robustecido-el-esquema-nacional-de-vacunacion-en-todo-el-pais\/#primaryimage"},"thumbnailUrl":"https:\/\/lagnoticias.com\/wp-content\/uploads\/2025\/09\/3-10.jpg","keywords":["EL SALVADOR","ESQUEMA NACIONAL DE VACUNACI\u00d3N","FOSALUD","SALUD"],"articleSection":["NACIONALES"],"inLanguage":"en-US","potentialAction":[{"@type":"CommentAction","name":"Comment","target":["https:\/\/lagnoticias.com\/2025\/09\/22\/salud-ha-robustecido-el-esquema-nacional-de-vacunacion-en-todo-el-pais\/#respond"]}]},{"@type":"WebPage","@id":"https:\/\/lagnoticias.com\/2025\/09\/22\/salud-ha-robustecido-el-esquema-nacional-de-vacunacion-en-todo-el-pais\/","url":"https:\/\/lagnoticias.com\/2025\/09\/22\/salud-ha-robustecido-el-esquema-nacional-de-vacunacion-en-todo-el-pais\/","name":"Salud ha robustecido el esquema nacional de vacunaci\u00f3n en todo el pa\u00eds - La G Noticias","isPartOf":{"@id":"https:\/\/lagnoticias.com\/#website"},"primaryImageOfPage":{"@id":"https:\/\/lagnoticias.com\/2025\/09\/22\/salud-ha-robustecido-el-esquema-nacional-de-vacunacion-en-todo-el-pais\/#primaryimage"},"image":{"@id":"https:\/\/lagnoticias.com\/2025\/09\/22\/salud-ha-robustecido-el-esquema-nacional-de-vacunacion-en-todo-el-pais\/#primaryimage"},"thumbnailUrl":"https:\/\/lagnoticias.com\/wp-content\/uploads\/2025\/09\/3-10.jpg","datePublished":"2025-09-22T19:33:47+00:00","dateModified":"2025-09-22T19:33:48+00:00","author":{"@id":"https:\/\/lagnoticias.com\/#\/schema\/person\/cb9bfe13f8de05d2c55270be25c6a550"},"breadcrumb":{"@id":"https:\/\/lagnoticias.com\/2025\/09\/22\/salud-ha-robustecido-el-esquema-nacional-de-vacunacion-en-todo-el-pais\/#breadcrumb"},"inLanguage":"en-US","potentialAction":[{"@type":"ReadAction","target":["https:\/\/lagnoticias.com\/2025\/09\/22\/salud-ha-robustecido-el-esquema-nacional-de-vacunacion-en-todo-el-pais\/"]}]},{"@type":"ImageObject","inLanguage":"en-US","@id":"https:\/\/lagnoticias.com\/2025\/09\/22\/salud-ha-robustecido-el-esquema-nacional-de-vacunacion-en-todo-el-pais\/#primaryimage","url":"https:\/\/lagnoticias.com\/wp-content\/uploads\/2025\/09\/3-10.jpg","contentUrl":"https:\/\/lagnoticias.com\/wp-content\/uploads\/2025\/09\/3-10.jpg","width":2048,"height":1447},{"@type":"BreadcrumbList","@id":"https:\/\/lagnoticias.com\/2025\/09\/22\/salud-ha-robustecido-el-esquema-nacional-de-vacunacion-en-todo-el-pais\/#breadcrumb","itemListElement":[{"@type":"ListItem","position":1,"name":"Portada","item":"https:\/\/lagnoticias.com\/"},{"@type":"ListItem","position":2,"name":"Salud ha robustecido el esquema nacional de vacunaci\u00f3n en todo el pa\u00eds"}]},{"@type":"WebSite","@id":"https:\/\/lagnoticias.com\/#website","url":"https:\/\/lagnoticias.com\/","name":"La G Noticias","description":"Noticias Positivas","potentialAction":[{"@type":"SearchAction","target":{"@type":"EntryPoint","urlTemplate":"https:\/\/lagnoticias.com\/?s={search_term_string}"},"query-input":{"@type":"PropertyValueSpecification","valueRequired":true,"valueName":"search_term_string"}}],"inLanguage":"en-US"},{"@type":"Person","@id":"https:\/\/lagnoticias.com\/#\/schema\/person\/cb9bfe13f8de05d2c55270be25c6a550","name":"Oscar","image":{"@type":"ImageObject","inLanguage":"en-US","@id":"https:\/\/secure.gravatar.com\/avatar\/45c195718f652dc7ffdd591dc1f2678956ab7fdadcd359a635edc61304a8c757?s=96&d=mm&r=g","url":"https:\/\/secure.gravatar.com\/avatar\/45c195718f652dc7ffdd591dc1f2678956ab7fdadcd359a635edc61304a8c757?s=96&d=mm&r=g","contentUrl":"https:\/\/secure.gravatar.com\/avatar\/45c195718f652dc7ffdd591dc1f2678956ab7fdadcd359a635edc61304a8c757?s=96&d=mm&r=g","caption":"Oscar"},"url":"https:\/\/lagnoticias.com\/en\/author\/oscar\/"}]}},"_links":{"self":[{"href":"https:\/\/lagnoticias.com\/en\/wp-json\/wp\/v2\/posts\/5196","targetHints":{"allow":["GET"]}}],"collection":[{"href":"https:\/\/lagnoticias.com\/en\/wp-json\/wp\/v2\/posts"}],"about":[{"href":"https:\/\/lagnoticias.com\/en\/wp-json\/wp\/v2\/types\/post"}],"author":[{"embeddable":true,"href":"https:\/\/lagnoticias.com\/en\/wp-json\/wp\/v2\/users\/2"}],"replies":[{"embeddable":true,"href":"https:\/\/lagnoticias.com\/en\/wp-json\/wp\/v2\/comments?post=5196"}],"version-history":[{"count":1,"href":"https:\/\/lagnoticias.com\/en\/wp-json\/wp\/v2\/posts\/5196\/revisions"}],"predecessor-version":[{"id":5198,"href":"https:\/\/lagnoticias.com\/en\/wp-json\/wp\/v2\/posts\/5196\/revisions\/5198"}],"wp:featuredmedia":[{"embeddable":true,"href":"https:\/\/lagnoticias.com\/en\/wp-json\/wp\/v2\/media\/5197"}],"wp:attachment":[{"href":"https:\/\/lagnoticias.com\/en\/wp-json\/wp\/v2\/media?parent=5196"}],"wp:term":[{"taxonomy":"category","embeddable":true,"href":"https:\/\/lagnoticias.com\/en\/wp-json\/wp\/v2\/categories?post=5196"},{"taxonomy":"post_tag","embeddable":true,"href":"https:\/\/lagnoticias.com\/en\/wp-json\/wp\/v2\/tags?post=5196"}],"curies":[{"name":"wp","href":"https:\/\/api.w.org\/{rel}","templated":true}]}}