{"id":5193,"date":"2025-09-22T13:17:27","date_gmt":"2025-09-22T19:17:27","guid":{"rendered":"https:\/\/lagnoticias.com\/?p=5193"},"modified":"2025-09-22T13:17:27","modified_gmt":"2025-09-22T19:17:27","slug":"el-sistema-nacional-de-proteccion-civil-asegura-atencion-inmediata-en-puntos-vulnerables-por-las-lluvias","status":"publish","type":"post","link":"https:\/\/lagnoticias.com\/en\/2025\/09\/22\/el-sistema-nacional-de-proteccion-civil-asegura-atencion-inmediata-en-puntos-vulnerables-por-las-lluvias\/","title":{"rendered":"El Sistema Nacional de Protecci\u00f3n Civil asegura atenci\u00f3n inmediata en puntos vulnerables por las lluvias"},"content":{"rendered":"<p>Las instituciones del Gobierno fortalecen continuamente las medidas preventivas y de respuesta frente a la temporada de lluvias, priorizando la seguridad y protecci\u00f3n de todas las familias salvadore\u00f1as. Gracias a esta planificaci\u00f3n estrat\u00e9gica, pueden anticiparse a posibles eventualidades y actuar de manera coordinada ante las necesidades en una emergencia.<\/p>\n\n\n\n<p>El Sistema Nacional de Protecci\u00f3n Civil desempe\u00f1a un papel fundamental en estas acciones. \u201cEn los puntos que tenemos identificados como vulnerables, hacemos un despliegue de delegados territoriales, equipos t\u00e1cticos de emergencia y tambi\u00e9n guardavidas especializados en b\u00fasqueda y rescate\u201d, afirm\u00f3 el subdirector de Protecci\u00f3n Civil, Ferm\u00edn P\u00e9rez.<\/p>\n\n\n\n<p>La presencia de estos equipos en el territorio garantiza una atenci\u00f3n inmediata y coordinada a la poblaci\u00f3n, robusteciendo la capacidad de respuesta ante cualquier eventualidad derivada de las lluvias. Cada acci\u00f3n preventiva busca minimizar los impactos y proteger la vida de los salvadore\u00f1os.<\/p>\n\n\n\n<p>\u201cQuiero resaltar el trabajo que hemos realizado antes del periodo de lluvia, la planificaci\u00f3n que lleva y, por instrucciones del presidente Bukele, incorporamos acciones de prevenci\u00f3n y de respuesta; esto incluye poda, limpieza de quebradas y es incre\u00edble la cantidad de basura que retiramos\u201d, a\u00f1adi\u00f3, resaltando la importancia de estas labores para minimizar los riesgos en las comunidades.<\/p>\n\n\n\n<p>El Gobierno de El Salvador ha reforzado los protocolos de emergencia y la capacidad operativa de Protecci\u00f3n Civil, asegurando que la informaci\u00f3n recopilada por la Direcci\u00f3n General del Observatorio de Amenazas y Recursos Naturales, del Ministerio de Medio Ambiente, se traslade r\u00e1pida y estrat\u00e9gicamente a los t\u00e9cnicos y encargados de las zonas para emitir alertas tempranas y coordinar las respuestas de manera efectiva.<\/p>\n\n\n\n<p>El llamado a la poblaci\u00f3n es mantenerse informada, seguir las indicaciones de las autoridades y no arriesgar su vida por salvar bienes materiales.<\/p>","protected":false},"excerpt":{"rendered":"<p>Las instituciones del Gobierno fortalecen continuamente las medidas preventivas y de respuesta frente a la temporada de lluvias, priorizando la seguridad y protecci\u00f3n de todas las familias salvadore\u00f1as. Gracias a esta planificaci\u00f3n estrat\u00e9gica, pueden anticiparse a posibles eventualidades y actuar de manera coordinada ante las necesidades en una emergencia. El Sistema Nacional de Protecci\u00f3n Civil [&hellip;]<\/p>","protected":false},"author":2,"featured_media":5194,"comment_status":"open","ping_status":"open","sticky":false,"template":"","format":"standard","meta":{"_et_pb_use_builder":"off","_et_pb_old_content":"","_et_gb_content_width":"","footnotes":""},"categories":[244],"tags":[267,268,452,408],"class_list":["post-5193","post","type-post","status-publish","format-standard","has-post-thumbnail","hentry","category-nacionales","tag-el-salvador","tag-gobierno-de-el-salvador","tag-lluvias","tag-proteccion-civil"],"yoast_head":"<!-- This site is optimized with the Yoast SEO plugin v27.4 - https:\/\/yoast.com\/product\/yoast-seo-wordpress\/ -->\n<title>El Sistema Nacional de Protecci\u00f3n Civil asegura atenci\u00f3n inmediata en puntos vulnerables por las lluvias - La G Noticias<\/title>\n<meta name=\"robots\" content=\"index, follow, max-snippet:-1, max-image-preview:large, max-video-preview:-1\" \/>\n<link rel=\"canonical\" href=\"https:\/\/lagnoticias.com\/en\/2025\/09\/22\/el-sistema-nacional-de-proteccion-civil-asegura-atencion-inmediata-en-puntos-vulnerables-por-las-lluvias\/\" \/>\n<meta property=\"og:locale\" content=\"en_US\" \/>\n<meta property=\"og:type\" content=\"article\" \/>\n<meta property=\"og:title\" content=\"El Sistema Nacional de Protecci\u00f3n Civil asegura atenci\u00f3n inmediata en puntos vulnerables por las lluvias - La G Noticias\" \/>\n<meta property=\"og:description\" content=\"Las instituciones del Gobierno fortalecen continuamente las medidas preventivas y de respuesta frente a la temporada de lluvias, priorizando la seguridad y protecci\u00f3n de todas las familias salvadore\u00f1as. Gracias a esta planificaci\u00f3n estrat\u00e9gica, pueden anticiparse a posibles eventualidades y actuar de manera coordinada ante las necesidades en una emergencia. El Sistema Nacional de Protecci\u00f3n Civil [&hellip;]\" \/>\n<meta property=\"og:url\" content=\"https:\/\/lagnoticias.com\/en\/2025\/09\/22\/el-sistema-nacional-de-proteccion-civil-asegura-atencion-inmediata-en-puntos-vulnerables-por-las-lluvias\/\" \/>\n<meta property=\"og:site_name\" content=\"La G Noticias\" \/>\n<meta property=\"article:publisher\" content=\"https:\/\/www.facebook.com\/LaGNoticias\" \/>\n<meta property=\"article:published_time\" content=\"2025-09-22T19:17:27+00:00\" \/>\n<meta property=\"og:image\" content=\"https:\/\/lagnoticias.com\/wp-content\/uploads\/2025\/09\/4-24.jpg\" \/>\n\t<meta property=\"og:image:width\" content=\"2048\" \/>\n\t<meta property=\"og:image:height\" content=\"1368\" \/>\n\t<meta property=\"og:image:type\" content=\"image\/jpeg\" \/>\n<meta name=\"author\" content=\"Oscar\" \/>\n<meta name=\"twitter:card\" content=\"summary_large_image\" \/>\n<meta name=\"twitter:creator\" content=\"@lagnoticias\" \/>\n<meta name=\"twitter:site\" content=\"@lagnoticias\" \/>\n<meta name=\"twitter:label1\" content=\"Written by\" \/>\n\t<meta name=\"twitter:data1\" content=\"Oscar\" \/>\n\t<meta name=\"twitter:label2\" content=\"Est. reading time\" \/>\n\t<meta name=\"twitter:data2\" content=\"2 minutes\" \/>\n<script type=\"application\/ld+json\" class=\"yoast-schema-graph\">{\"@context\":\"https:\\\/\\\/schema.org\",\"@graph\":[{\"@type\":\"Article\",\"@id\":\"https:\\\/\\\/lagnoticias.com\\\/2025\\\/09\\\/22\\\/el-sistema-nacional-de-proteccion-civil-asegura-atencion-inmediata-en-puntos-vulnerables-por-las-lluvias\\\/#article\",\"isPartOf\":{\"@id\":\"https:\\\/\\\/lagnoticias.com\\\/2025\\\/09\\\/22\\\/el-sistema-nacional-de-proteccion-civil-asegura-atencion-inmediata-en-puntos-vulnerables-por-las-lluvias\\\/\"},\"author\":{\"name\":\"Oscar\",\"@id\":\"https:\\\/\\\/lagnoticias.com\\\/#\\\/schema\\\/person\\\/cb9bfe13f8de05d2c55270be25c6a550\"},\"headline\":\"El Sistema Nacional de Protecci\u00f3n Civil asegura atenci\u00f3n inmediata en puntos vulnerables por las lluvias\",\"datePublished\":\"2025-09-22T19:17:27+00:00\",\"mainEntityOfPage\":{\"@id\":\"https:\\\/\\\/lagnoticias.com\\\/2025\\\/09\\\/22\\\/el-sistema-nacional-de-proteccion-civil-asegura-atencion-inmediata-en-puntos-vulnerables-por-las-lluvias\\\/\"},\"wordCount\":327,\"commentCount\":0,\"image\":{\"@id\":\"https:\\\/\\\/lagnoticias.com\\\/2025\\\/09\\\/22\\\/el-sistema-nacional-de-proteccion-civil-asegura-atencion-inmediata-en-puntos-vulnerables-por-las-lluvias\\\/#primaryimage\"},\"thumbnailUrl\":\"https:\\\/\\\/lagnoticias.com\\\/wp-content\\\/uploads\\\/2025\\\/09\\\/4-24.jpg\",\"keywords\":[\"EL SALVADOR\",\"GOBIERNO DE EL SALVADOR\",\"LLUVIAS\",\"PROTECCI\u00d3N CIVIL\"],\"articleSection\":[\"NACIONALES\"],\"inLanguage\":\"en-US\",\"potentialAction\":[{\"@type\":\"CommentAction\",\"name\":\"Comment\",\"target\":[\"https:\\\/\\\/lagnoticias.com\\\/2025\\\/09\\\/22\\\/el-sistema-nacional-de-proteccion-civil-asegura-atencion-inmediata-en-puntos-vulnerables-por-las-lluvias\\\/#respond\"]}]},{\"@type\":\"WebPage\",\"@id\":\"https:\\\/\\\/lagnoticias.com\\\/2025\\\/09\\\/22\\\/el-sistema-nacional-de-proteccion-civil-asegura-atencion-inmediata-en-puntos-vulnerables-por-las-lluvias\\\/\",\"url\":\"https:\\\/\\\/lagnoticias.com\\\/2025\\\/09\\\/22\\\/el-sistema-nacional-de-proteccion-civil-asegura-atencion-inmediata-en-puntos-vulnerables-por-las-lluvias\\\/\",\"name\":\"El Sistema Nacional de Protecci\u00f3n Civil asegura atenci\u00f3n inmediata en puntos vulnerables por las lluvias - La G Noticias\",\"isPartOf\":{\"@id\":\"https:\\\/\\\/lagnoticias.com\\\/#website\"},\"primaryImageOfPage\":{\"@id\":\"https:\\\/\\\/lagnoticias.com\\\/2025\\\/09\\\/22\\\/el-sistema-nacional-de-proteccion-civil-asegura-atencion-inmediata-en-puntos-vulnerables-por-las-lluvias\\\/#primaryimage\"},\"image\":{\"@id\":\"https:\\\/\\\/lagnoticias.com\\\/2025\\\/09\\\/22\\\/el-sistema-nacional-de-proteccion-civil-asegura-atencion-inmediata-en-puntos-vulnerables-por-las-lluvias\\\/#primaryimage\"},\"thumbnailUrl\":\"https:\\\/\\\/lagnoticias.com\\\/wp-content\\\/uploads\\\/2025\\\/09\\\/4-24.jpg\",\"datePublished\":\"2025-09-22T19:17:27+00:00\",\"author\":{\"@id\":\"https:\\\/\\\/lagnoticias.com\\\/#\\\/schema\\\/person\\\/cb9bfe13f8de05d2c55270be25c6a550\"},\"breadcrumb\":{\"@id\":\"https:\\\/\\\/lagnoticias.com\\\/2025\\\/09\\\/22\\\/el-sistema-nacional-de-proteccion-civil-asegura-atencion-inmediata-en-puntos-vulnerables-por-las-lluvias\\\/#breadcrumb\"},\"inLanguage\":\"en-US\",\"potentialAction\":[{\"@type\":\"ReadAction\",\"target\":[\"https:\\\/\\\/lagnoticias.com\\\/2025\\\/09\\\/22\\\/el-sistema-nacional-de-proteccion-civil-asegura-atencion-inmediata-en-puntos-vulnerables-por-las-lluvias\\\/\"]}]},{\"@type\":\"ImageObject\",\"inLanguage\":\"en-US\",\"@id\":\"https:\\\/\\\/lagnoticias.com\\\/2025\\\/09\\\/22\\\/el-sistema-nacional-de-proteccion-civil-asegura-atencion-inmediata-en-puntos-vulnerables-por-las-lluvias\\\/#primaryimage\",\"url\":\"https:\\\/\\\/lagnoticias.com\\\/wp-content\\\/uploads\\\/2025\\\/09\\\/4-24.jpg\",\"contentUrl\":\"https:\\\/\\\/lagnoticias.com\\\/wp-content\\\/uploads\\\/2025\\\/09\\\/4-24.jpg\",\"width\":2048,\"height\":1368},{\"@type\":\"BreadcrumbList\",\"@id\":\"https:\\\/\\\/lagnoticias.com\\\/2025\\\/09\\\/22\\\/el-sistema-nacional-de-proteccion-civil-asegura-atencion-inmediata-en-puntos-vulnerables-por-las-lluvias\\\/#breadcrumb\",\"itemListElement\":[{\"@type\":\"ListItem\",\"position\":1,\"name\":\"Portada\",\"item\":\"https:\\\/\\\/lagnoticias.com\\\/\"},{\"@type\":\"ListItem\",\"position\":2,\"name\":\"El Sistema Nacional de Protecci\u00f3n Civil asegura atenci\u00f3n inmediata en puntos vulnerables por las lluvias\"}]},{\"@type\":\"WebSite\",\"@id\":\"https:\\\/\\\/lagnoticias.com\\\/#website\",\"url\":\"https:\\\/\\\/lagnoticias.com\\\/\",\"name\":\"La G Noticias\",\"description\":\"Noticias Positivas\",\"potentialAction\":[{\"@type\":\"SearchAction\",\"target\":{\"@type\":\"EntryPoint\",\"urlTemplate\":\"https:\\\/\\\/lagnoticias.com\\\/?s={search_term_string}\"},\"query-input\":{\"@type\":\"PropertyValueSpecification\",\"valueRequired\":true,\"valueName\":\"search_term_string\"}}],\"inLanguage\":\"en-US\"},{\"@type\":\"Person\",\"@id\":\"https:\\\/\\\/lagnoticias.com\\\/#\\\/schema\\\/person\\\/cb9bfe13f8de05d2c55270be25c6a550\",\"name\":\"Oscar\",\"image\":{\"@type\":\"ImageObject\",\"inLanguage\":\"en-US\",\"@id\":\"https:\\\/\\\/secure.gravatar.com\\\/avatar\\\/45c195718f652dc7ffdd591dc1f2678956ab7fdadcd359a635edc61304a8c757?s=96&d=mm&r=g\",\"url\":\"https:\\\/\\\/secure.gravatar.com\\\/avatar\\\/45c195718f652dc7ffdd591dc1f2678956ab7fdadcd359a635edc61304a8c757?s=96&d=mm&r=g\",\"contentUrl\":\"https:\\\/\\\/secure.gravatar.com\\\/avatar\\\/45c195718f652dc7ffdd591dc1f2678956ab7fdadcd359a635edc61304a8c757?s=96&d=mm&r=g\",\"caption\":\"Oscar\"},\"url\":\"https:\\\/\\\/lagnoticias.com\\\/en\\\/author\\\/oscar\\\/\"}]}<\/script>\n<!-- \/ Yoast SEO plugin. -->","yoast_head_json":{"title":"El Sistema Nacional de Protecci\u00f3n Civil asegura atenci\u00f3n inmediata en puntos vulnerables por las lluvias - La G Noticias","robots":{"index":"index","follow":"follow","max-snippet":"max-snippet:-1","max-image-preview":"max-image-preview:large","max-video-preview":"max-video-preview:-1"},"canonical":"https:\/\/lagnoticias.com\/en\/2025\/09\/22\/el-sistema-nacional-de-proteccion-civil-asegura-atencion-inmediata-en-puntos-vulnerables-por-las-lluvias\/","og_locale":"en_US","og_type":"article","og_title":"El Sistema Nacional de Protecci\u00f3n Civil asegura atenci\u00f3n inmediata en puntos vulnerables por las lluvias - La G Noticias","og_description":"Las instituciones del Gobierno fortalecen continuamente las medidas preventivas y de respuesta frente a la temporada de lluvias, priorizando la seguridad y protecci\u00f3n de todas las familias salvadore\u00f1as. Gracias a esta planificaci\u00f3n estrat\u00e9gica, pueden anticiparse a posibles eventualidades y actuar de manera coordinada ante las necesidades en una emergencia. El Sistema Nacional de Protecci\u00f3n Civil [&hellip;]","og_url":"https:\/\/lagnoticias.com\/en\/2025\/09\/22\/el-sistema-nacional-de-proteccion-civil-asegura-atencion-inmediata-en-puntos-vulnerables-por-las-lluvias\/","og_site_name":"La G Noticias","article_publisher":"https:\/\/www.facebook.com\/LaGNoticias","article_published_time":"2025-09-22T19:17:27+00:00","og_image":[{"width":2048,"height":1368,"url":"https:\/\/lagnoticias.com\/wp-content\/uploads\/2025\/09\/4-24.jpg","type":"image\/jpeg"}],"author":"Oscar","twitter_card":"summary_large_image","twitter_creator":"@lagnoticias","twitter_site":"@lagnoticias","twitter_misc":{"Written by":"Oscar","Est. reading time":"2 minutes"},"schema":{"@context":"https:\/\/schema.org","@graph":[{"@type":"Article","@id":"https:\/\/lagnoticias.com\/2025\/09\/22\/el-sistema-nacional-de-proteccion-civil-asegura-atencion-inmediata-en-puntos-vulnerables-por-las-lluvias\/#article","isPartOf":{"@id":"https:\/\/lagnoticias.com\/2025\/09\/22\/el-sistema-nacional-de-proteccion-civil-asegura-atencion-inmediata-en-puntos-vulnerables-por-las-lluvias\/"},"author":{"name":"Oscar","@id":"https:\/\/lagnoticias.com\/#\/schema\/person\/cb9bfe13f8de05d2c55270be25c6a550"},"headline":"El Sistema Nacional de Protecci\u00f3n Civil asegura atenci\u00f3n inmediata en puntos vulnerables por las lluvias","datePublished":"2025-09-22T19:17:27+00:00","mainEntityOfPage":{"@id":"https:\/\/lagnoticias.com\/2025\/09\/22\/el-sistema-nacional-de-proteccion-civil-asegura-atencion-inmediata-en-puntos-vulnerables-por-las-lluvias\/"},"wordCount":327,"commentCount":0,"image":{"@id":"https:\/\/lagnoticias.com\/2025\/09\/22\/el-sistema-nacional-de-proteccion-civil-asegura-atencion-inmediata-en-puntos-vulnerables-por-las-lluvias\/#primaryimage"},"thumbnailUrl":"https:\/\/lagnoticias.com\/wp-content\/uploads\/2025\/09\/4-24.jpg","keywords":["EL SALVADOR","GOBIERNO DE EL SALVADOR","LLUVIAS","PROTECCI\u00d3N CIVIL"],"articleSection":["NACIONALES"],"inLanguage":"en-US","potentialAction":[{"@type":"CommentAction","name":"Comment","target":["https:\/\/lagnoticias.com\/2025\/09\/22\/el-sistema-nacional-de-proteccion-civil-asegura-atencion-inmediata-en-puntos-vulnerables-por-las-lluvias\/#respond"]}]},{"@type":"WebPage","@id":"https:\/\/lagnoticias.com\/2025\/09\/22\/el-sistema-nacional-de-proteccion-civil-asegura-atencion-inmediata-en-puntos-vulnerables-por-las-lluvias\/","url":"https:\/\/lagnoticias.com\/2025\/09\/22\/el-sistema-nacional-de-proteccion-civil-asegura-atencion-inmediata-en-puntos-vulnerables-por-las-lluvias\/","name":"El Sistema Nacional de Protecci\u00f3n Civil asegura atenci\u00f3n inmediata en puntos vulnerables por las lluvias - La G Noticias","isPartOf":{"@id":"https:\/\/lagnoticias.com\/#website"},"primaryImageOfPage":{"@id":"https:\/\/lagnoticias.com\/2025\/09\/22\/el-sistema-nacional-de-proteccion-civil-asegura-atencion-inmediata-en-puntos-vulnerables-por-las-lluvias\/#primaryimage"},"image":{"@id":"https:\/\/lagnoticias.com\/2025\/09\/22\/el-sistema-nacional-de-proteccion-civil-asegura-atencion-inmediata-en-puntos-vulnerables-por-las-lluvias\/#primaryimage"},"thumbnailUrl":"https:\/\/lagnoticias.com\/wp-content\/uploads\/2025\/09\/4-24.jpg","datePublished":"2025-09-22T19:17:27+00:00","author":{"@id":"https:\/\/lagnoticias.com\/#\/schema\/person\/cb9bfe13f8de05d2c55270be25c6a550"},"breadcrumb":{"@id":"https:\/\/lagnoticias.com\/2025\/09\/22\/el-sistema-nacional-de-proteccion-civil-asegura-atencion-inmediata-en-puntos-vulnerables-por-las-lluvias\/#breadcrumb"},"inLanguage":"en-US","potentialAction":[{"@type":"ReadAction","target":["https:\/\/lagnoticias.com\/2025\/09\/22\/el-sistema-nacional-de-proteccion-civil-asegura-atencion-inmediata-en-puntos-vulnerables-por-las-lluvias\/"]}]},{"@type":"ImageObject","inLanguage":"en-US","@id":"https:\/\/lagnoticias.com\/2025\/09\/22\/el-sistema-nacional-de-proteccion-civil-asegura-atencion-inmediata-en-puntos-vulnerables-por-las-lluvias\/#primaryimage","url":"https:\/\/lagnoticias.com\/wp-content\/uploads\/2025\/09\/4-24.jpg","contentUrl":"https:\/\/lagnoticias.com\/wp-content\/uploads\/2025\/09\/4-24.jpg","width":2048,"height":1368},{"@type":"BreadcrumbList","@id":"https:\/\/lagnoticias.com\/2025\/09\/22\/el-sistema-nacional-de-proteccion-civil-asegura-atencion-inmediata-en-puntos-vulnerables-por-las-lluvias\/#breadcrumb","itemListElement":[{"@type":"ListItem","position":1,"name":"Portada","item":"https:\/\/lagnoticias.com\/"},{"@type":"ListItem","position":2,"name":"El Sistema Nacional de Protecci\u00f3n Civil asegura atenci\u00f3n inmediata en puntos vulnerables por las lluvias"}]},{"@type":"WebSite","@id":"https:\/\/lagnoticias.com\/#website","url":"https:\/\/lagnoticias.com\/","name":"La G Noticias","description":"Noticias Positivas","potentialAction":[{"@type":"SearchAction","target":{"@type":"EntryPoint","urlTemplate":"https:\/\/lagnoticias.com\/?s={search_term_string}"},"query-input":{"@type":"PropertyValueSpecification","valueRequired":true,"valueName":"search_term_string"}}],"inLanguage":"en-US"},{"@type":"Person","@id":"https:\/\/lagnoticias.com\/#\/schema\/person\/cb9bfe13f8de05d2c55270be25c6a550","name":"Oscar","image":{"@type":"ImageObject","inLanguage":"en-US","@id":"https:\/\/secure.gravatar.com\/avatar\/45c195718f652dc7ffdd591dc1f2678956ab7fdadcd359a635edc61304a8c757?s=96&d=mm&r=g","url":"https:\/\/secure.gravatar.com\/avatar\/45c195718f652dc7ffdd591dc1f2678956ab7fdadcd359a635edc61304a8c757?s=96&d=mm&r=g","contentUrl":"https:\/\/secure.gravatar.com\/avatar\/45c195718f652dc7ffdd591dc1f2678956ab7fdadcd359a635edc61304a8c757?s=96&d=mm&r=g","caption":"Oscar"},"url":"https:\/\/lagnoticias.com\/en\/author\/oscar\/"}]}},"_links":{"self":[{"href":"https:\/\/lagnoticias.com\/en\/wp-json\/wp\/v2\/posts\/5193","targetHints":{"allow":["GET"]}}],"collection":[{"href":"https:\/\/lagnoticias.com\/en\/wp-json\/wp\/v2\/posts"}],"about":[{"href":"https:\/\/lagnoticias.com\/en\/wp-json\/wp\/v2\/types\/post"}],"author":[{"embeddable":true,"href":"https:\/\/lagnoticias.com\/en\/wp-json\/wp\/v2\/users\/2"}],"replies":[{"embeddable":true,"href":"https:\/\/lagnoticias.com\/en\/wp-json\/wp\/v2\/comments?post=5193"}],"version-history":[{"count":1,"href":"https:\/\/lagnoticias.com\/en\/wp-json\/wp\/v2\/posts\/5193\/revisions"}],"predecessor-version":[{"id":5195,"href":"https:\/\/lagnoticias.com\/en\/wp-json\/wp\/v2\/posts\/5193\/revisions\/5195"}],"wp:featuredmedia":[{"embeddable":true,"href":"https:\/\/lagnoticias.com\/en\/wp-json\/wp\/v2\/media\/5194"}],"wp:attachment":[{"href":"https:\/\/lagnoticias.com\/en\/wp-json\/wp\/v2\/media?parent=5193"}],"wp:term":[{"taxonomy":"category","embeddable":true,"href":"https:\/\/lagnoticias.com\/en\/wp-json\/wp\/v2\/categories?post=5193"},{"taxonomy":"post_tag","embeddable":true,"href":"https:\/\/lagnoticias.com\/en\/wp-json\/wp\/v2\/tags?post=5193"}],"curies":[{"name":"wp","href":"https:\/\/api.w.org\/{rel}","templated":true}]}}