{"id":5186,"date":"2025-09-22T10:59:02","date_gmt":"2025-09-22T16:59:02","guid":{"rendered":"https:\/\/lagnoticias.com\/?p=5186"},"modified":"2025-09-22T10:59:03","modified_gmt":"2025-09-22T16:59:03","slug":"onu-la-persecucion-politica-en-venezuela-se-intensifica","status":"publish","type":"post","link":"https:\/\/lagnoticias.com\/en\/2025\/09\/22\/onu-la-persecucion-politica-en-venezuela-se-intensifica\/","title":{"rendered":"ONU: la persecuci\u00f3n pol\u00edtica en Venezuela se intensifica"},"content":{"rendered":"<p>La Comisi\u00f3n de Determinaci\u00f3n de los Hechos de la&nbsp;ONU&nbsp;para&nbsp;Venezuela&nbsp;dijo este lunes que las investigaciones que ha efectuado a lo largo del \u00faltimo a\u00f1o, periodo en el que hubo un repunte de la represi\u00f3n relacionado con el resultado de las \u00faltimas elecciones presidenciales, confirman que sigue ocurriendo \u00abel crimen de persecuci\u00f3n por razones pol\u00edticas\u00bb.<\/p>\n\n\n\n<p>Destac\u00f3 que \u00abno existe autoridad nacional que haya demostrado ser capaz de prevenir, perseguir y sancionar las graves violaciones de los&nbsp;derechos humanos&nbsp;que constituyen cr\u00edmenes internacionales\u00bb, por lo que \u00abla \u00fanica esperanza de justicia para las v\u00edctimas\u00bb recae en definitiva en la comunidad internacional.<\/p>\n\n\n\n<p>En el pasado, esta Comisi\u00f3n ha determinado en distintos informes la existencia de evidencia y ha documentado casos que indican que el Estado venezolano, a trav\u00e9s de la c\u00fapula del aparato gubernamental y de las fuerzas de seguridad, ha cometido cr\u00edmenes de lesa humanidad.<\/p>\n\n\n\n<p>El informe presentado hoy en Ginebra al Consejo de Derechos Humanos aporta \u00abnueva evidencia de la dura represi\u00f3n postelectoral que sigui\u00f3 a las elecciones presidenciales del 28 de julio de 2024\u00bb y establece que la persecuci\u00f3n pol\u00edtica \u00abha continuado en 2025 contra aquellos que defienden los derechos humanos y las libertades\u00bb.<\/p>\n\n\n\n<h2 class=\"wp-block-heading\">Munici\u00f3n contra manifestantes<\/h2>\n\n\n\n<p>Entre los elementos que aporta, la presidenta de la Comisi\u00f3n, la jurista portuguesa Marta Vali\u00f1as, dijo que de las 25 muertes relacionadas con ese episodio represivo se pudieron examinar y documentar suficientemente 14, y que en doce de \u00e9stas estaban involucradas las fuerzas de seguridad.<\/p>\n\n\n\n<p>\u00abEn las protestas en la ciudad de Maracay, estado Aragua, miembros de la Guardia Nacional Bolivariana y de la 99\u00aa Brigada del Ej\u00e9rcito dispararon munici\u00f3n real contra los manifestantes. Seis personas murieron durante esos hechos. Una de ellas recibi\u00f3 un disparo con una escopeta a menos de 10 metros de distancia\u00bb, expuso Vali\u00f1as.<\/p>\n\n\n\n<p>La jefa de la Comisi\u00f3n tambi\u00e9n record\u00f3 que un a\u00f1o despu\u00e9s de esos incidentes la Fiscal\u00eda \u00abno ha informado sobre las investigaciones que dice haber realizado\u00bb, aunque desde el principio esta entidad asegur\u00f3 que los cuerpos de seguridad no ten\u00edan responsabilidad alguna en las muertes y, por el contrario, acus\u00f3 a la oposici\u00f3n. \u00abSin embargo, nuestra investigaci\u00f3n ha revelado lo contrario y, hasta el momento, todas las muertes permanecen en la impunidad\u00bb, denunci\u00f3.<\/p>\n\n\n\n<h2 class=\"wp-block-heading\">Gobierno de Maduro rechaza informe<\/h2>\n\n\n\n<p>En su intervenci\u00f3n en el Consejo de Derechos Humanos, el embajador venezolano Alexander Ya\u00f1ez acus\u00f3 a los comisionados de ser agentes que trabajan \u00abpor el cambio de r\u00e9gimen pol\u00edtico en Venezuela\u00bb y que en sus informes supuestamente \u00abcitan a fuentes dudosas, utilizan testimonios inventados y emplean estad\u00edsticas sin rigor metodol\u00f3gico\u00bb.<\/p>\n\n\n\n<p>Tambi\u00e9n critic\u00f3 los recursos empleados por la ONU para que esta Misi\u00f3n investigadora pueda cumplir su tarea, frente a la debilidad con la que denuncia la actuaci\u00f3n de Israel en la Franja de Gaza y en el contexto de la crisis financiera de la instituci\u00f3n.<\/p>\n\n\n\n<p>Ya\u00f1ez sostuvo que el se\u00f1alamiento de Venezuela \u00fanicamente se debe a la influencia de Estados Unidos \u00aby sus aliados europeos\u00bb, aunque no contest\u00f3 de forma espec\u00edfica a las denuncias que formul\u00f3 la Misi\u00f3n contra el Estado venezolano.<\/p>\n\n\n\n<p><\/p>\n\n\n\n<p><\/p>\n\n\n\n<p><\/p>\n\n\n\n<p><\/p>\n\n\n\n<p><\/p>\n\n\n\n<p>(DW)<\/p>","protected":false},"excerpt":{"rendered":"<p>Una misi\u00f3n de expertos designada por la ONU se\u00f1al\u00f3 que la \u00fanica esperanza de encontrar justicia para las v\u00edctimas reposa sobre las instancias internacionales<\/p>","protected":false},"author":2,"featured_media":5187,"comment_status":"open","ping_status":"open","sticky":false,"template":"","format":"standard","meta":{"_et_pb_use_builder":"off","_et_pb_old_content":"","_et_gb_content_width":"","footnotes":""},"categories":[245],"tags":[],"class_list":["post-5186","post","type-post","status-publish","format-standard","has-post-thumbnail","hentry","category-internacionales"],"yoast_head":"<!-- This site is optimized with the Yoast SEO plugin v27.4 - https:\/\/yoast.com\/product\/yoast-seo-wordpress\/ -->\n<title>ONU: la persecuci\u00f3n pol\u00edtica en Venezuela se intensifica - La G Noticias<\/title>\n<meta name=\"robots\" content=\"index, follow, max-snippet:-1, max-image-preview:large, max-video-preview:-1\" \/>\n<link rel=\"canonical\" href=\"https:\/\/lagnoticias.com\/en\/2025\/09\/22\/onu-la-persecucion-politica-en-venezuela-se-intensifica\/\" \/>\n<meta property=\"og:locale\" content=\"en_US\" \/>\n<meta property=\"og:type\" content=\"article\" \/>\n<meta property=\"og:title\" content=\"ONU: la persecuci\u00f3n pol\u00edtica en Venezuela se intensifica - La G Noticias\" \/>\n<meta property=\"og:description\" content=\"Una misi\u00f3n de expertos designada por la ONU se\u00f1al\u00f3 que la \u00fanica esperanza de encontrar justicia para las v\u00edctimas reposa sobre las instancias internacionales\" \/>\n<meta property=\"og:url\" content=\"https:\/\/lagnoticias.com\/en\/2025\/09\/22\/onu-la-persecucion-politica-en-venezuela-se-intensifica\/\" \/>\n<meta property=\"og:site_name\" content=\"La G Noticias\" \/>\n<meta property=\"article:publisher\" content=\"https:\/\/www.facebook.com\/LaGNoticias\" \/>\n<meta property=\"article:published_time\" content=\"2025-09-22T16:59:02+00:00\" \/>\n<meta property=\"article:modified_time\" content=\"2025-09-22T16:59:03+00:00\" \/>\n<meta property=\"og:image\" content=\"https:\/\/lagnoticias.com\/wp-content\/uploads\/2025\/09\/3-9.jpg\" \/>\n\t<meta property=\"og:image:width\" content=\"1017\" \/>\n\t<meta property=\"og:image:height\" content=\"513\" \/>\n\t<meta property=\"og:image:type\" content=\"image\/jpeg\" \/>\n<meta name=\"author\" content=\"Oscar\" \/>\n<meta name=\"twitter:card\" content=\"summary_large_image\" \/>\n<meta name=\"twitter:creator\" content=\"@lagnoticias\" \/>\n<meta name=\"twitter:site\" content=\"@lagnoticias\" \/>\n<meta name=\"twitter:label1\" content=\"Written by\" \/>\n\t<meta name=\"twitter:data1\" content=\"Oscar\" \/>\n\t<meta name=\"twitter:label2\" content=\"Est. reading time\" \/>\n\t<meta name=\"twitter:data2\" content=\"3 minutes\" \/>\n<script type=\"application\/ld+json\" class=\"yoast-schema-graph\">{\"@context\":\"https:\\\/\\\/schema.org\",\"@graph\":[{\"@type\":\"Article\",\"@id\":\"https:\\\/\\\/lagnoticias.com\\\/2025\\\/09\\\/22\\\/onu-la-persecucion-politica-en-venezuela-se-intensifica\\\/#article\",\"isPartOf\":{\"@id\":\"https:\\\/\\\/lagnoticias.com\\\/2025\\\/09\\\/22\\\/onu-la-persecucion-politica-en-venezuela-se-intensifica\\\/\"},\"author\":{\"name\":\"Oscar\",\"@id\":\"https:\\\/\\\/lagnoticias.com\\\/#\\\/schema\\\/person\\\/cb9bfe13f8de05d2c55270be25c6a550\"},\"headline\":\"ONU: la persecuci\u00f3n pol\u00edtica en Venezuela se intensifica\",\"datePublished\":\"2025-09-22T16:59:02+00:00\",\"dateModified\":\"2025-09-22T16:59:03+00:00\",\"mainEntityOfPage\":{\"@id\":\"https:\\\/\\\/lagnoticias.com\\\/2025\\\/09\\\/22\\\/onu-la-persecucion-politica-en-venezuela-se-intensifica\\\/\"},\"wordCount\":561,\"commentCount\":0,\"image\":{\"@id\":\"https:\\\/\\\/lagnoticias.com\\\/2025\\\/09\\\/22\\\/onu-la-persecucion-politica-en-venezuela-se-intensifica\\\/#primaryimage\"},\"thumbnailUrl\":\"https:\\\/\\\/lagnoticias.com\\\/wp-content\\\/uploads\\\/2025\\\/09\\\/3-9.jpg\",\"articleSection\":[\"INTERNACIONALES\"],\"inLanguage\":\"en-US\",\"potentialAction\":[{\"@type\":\"CommentAction\",\"name\":\"Comment\",\"target\":[\"https:\\\/\\\/lagnoticias.com\\\/2025\\\/09\\\/22\\\/onu-la-persecucion-politica-en-venezuela-se-intensifica\\\/#respond\"]}]},{\"@type\":\"WebPage\",\"@id\":\"https:\\\/\\\/lagnoticias.com\\\/2025\\\/09\\\/22\\\/onu-la-persecucion-politica-en-venezuela-se-intensifica\\\/\",\"url\":\"https:\\\/\\\/lagnoticias.com\\\/2025\\\/09\\\/22\\\/onu-la-persecucion-politica-en-venezuela-se-intensifica\\\/\",\"name\":\"ONU: la persecuci\u00f3n pol\u00edtica en Venezuela se intensifica - La G Noticias\",\"isPartOf\":{\"@id\":\"https:\\\/\\\/lagnoticias.com\\\/#website\"},\"primaryImageOfPage\":{\"@id\":\"https:\\\/\\\/lagnoticias.com\\\/2025\\\/09\\\/22\\\/onu-la-persecucion-politica-en-venezuela-se-intensifica\\\/#primaryimage\"},\"image\":{\"@id\":\"https:\\\/\\\/lagnoticias.com\\\/2025\\\/09\\\/22\\\/onu-la-persecucion-politica-en-venezuela-se-intensifica\\\/#primaryimage\"},\"thumbnailUrl\":\"https:\\\/\\\/lagnoticias.com\\\/wp-content\\\/uploads\\\/2025\\\/09\\\/3-9.jpg\",\"datePublished\":\"2025-09-22T16:59:02+00:00\",\"dateModified\":\"2025-09-22T16:59:03+00:00\",\"author\":{\"@id\":\"https:\\\/\\\/lagnoticias.com\\\/#\\\/schema\\\/person\\\/cb9bfe13f8de05d2c55270be25c6a550\"},\"breadcrumb\":{\"@id\":\"https:\\\/\\\/lagnoticias.com\\\/2025\\\/09\\\/22\\\/onu-la-persecucion-politica-en-venezuela-se-intensifica\\\/#breadcrumb\"},\"inLanguage\":\"en-US\",\"potentialAction\":[{\"@type\":\"ReadAction\",\"target\":[\"https:\\\/\\\/lagnoticias.com\\\/2025\\\/09\\\/22\\\/onu-la-persecucion-politica-en-venezuela-se-intensifica\\\/\"]}]},{\"@type\":\"ImageObject\",\"inLanguage\":\"en-US\",\"@id\":\"https:\\\/\\\/lagnoticias.com\\\/2025\\\/09\\\/22\\\/onu-la-persecucion-politica-en-venezuela-se-intensifica\\\/#primaryimage\",\"url\":\"https:\\\/\\\/lagnoticias.com\\\/wp-content\\\/uploads\\\/2025\\\/09\\\/3-9.jpg\",\"contentUrl\":\"https:\\\/\\\/lagnoticias.com\\\/wp-content\\\/uploads\\\/2025\\\/09\\\/3-9.jpg\",\"width\":1017,\"height\":513},{\"@type\":\"BreadcrumbList\",\"@id\":\"https:\\\/\\\/lagnoticias.com\\\/2025\\\/09\\\/22\\\/onu-la-persecucion-politica-en-venezuela-se-intensifica\\\/#breadcrumb\",\"itemListElement\":[{\"@type\":\"ListItem\",\"position\":1,\"name\":\"Portada\",\"item\":\"https:\\\/\\\/lagnoticias.com\\\/\"},{\"@type\":\"ListItem\",\"position\":2,\"name\":\"ONU: la persecuci\u00f3n pol\u00edtica en Venezuela se intensifica\"}]},{\"@type\":\"WebSite\",\"@id\":\"https:\\\/\\\/lagnoticias.com\\\/#website\",\"url\":\"https:\\\/\\\/lagnoticias.com\\\/\",\"name\":\"La G Noticias\",\"description\":\"Noticias Positivas\",\"potentialAction\":[{\"@type\":\"SearchAction\",\"target\":{\"@type\":\"EntryPoint\",\"urlTemplate\":\"https:\\\/\\\/lagnoticias.com\\\/?s={search_term_string}\"},\"query-input\":{\"@type\":\"PropertyValueSpecification\",\"valueRequired\":true,\"valueName\":\"search_term_string\"}}],\"inLanguage\":\"en-US\"},{\"@type\":\"Person\",\"@id\":\"https:\\\/\\\/lagnoticias.com\\\/#\\\/schema\\\/person\\\/cb9bfe13f8de05d2c55270be25c6a550\",\"name\":\"Oscar\",\"image\":{\"@type\":\"ImageObject\",\"inLanguage\":\"en-US\",\"@id\":\"https:\\\/\\\/secure.gravatar.com\\\/avatar\\\/45c195718f652dc7ffdd591dc1f2678956ab7fdadcd359a635edc61304a8c757?s=96&d=mm&r=g\",\"url\":\"https:\\\/\\\/secure.gravatar.com\\\/avatar\\\/45c195718f652dc7ffdd591dc1f2678956ab7fdadcd359a635edc61304a8c757?s=96&d=mm&r=g\",\"contentUrl\":\"https:\\\/\\\/secure.gravatar.com\\\/avatar\\\/45c195718f652dc7ffdd591dc1f2678956ab7fdadcd359a635edc61304a8c757?s=96&d=mm&r=g\",\"caption\":\"Oscar\"},\"url\":\"https:\\\/\\\/lagnoticias.com\\\/en\\\/author\\\/oscar\\\/\"}]}<\/script>\n<!-- \/ Yoast SEO plugin. -->","yoast_head_json":{"title":"ONU: la persecuci\u00f3n pol\u00edtica en Venezuela se intensifica - La G Noticias","robots":{"index":"index","follow":"follow","max-snippet":"max-snippet:-1","max-image-preview":"max-image-preview:large","max-video-preview":"max-video-preview:-1"},"canonical":"https:\/\/lagnoticias.com\/en\/2025\/09\/22\/onu-la-persecucion-politica-en-venezuela-se-intensifica\/","og_locale":"en_US","og_type":"article","og_title":"ONU: la persecuci\u00f3n pol\u00edtica en Venezuela se intensifica - La G Noticias","og_description":"Una misi\u00f3n de expertos designada por la ONU se\u00f1al\u00f3 que la \u00fanica esperanza de encontrar justicia para las v\u00edctimas reposa sobre las instancias internacionales","og_url":"https:\/\/lagnoticias.com\/en\/2025\/09\/22\/onu-la-persecucion-politica-en-venezuela-se-intensifica\/","og_site_name":"La G Noticias","article_publisher":"https:\/\/www.facebook.com\/LaGNoticias","article_published_time":"2025-09-22T16:59:02+00:00","article_modified_time":"2025-09-22T16:59:03+00:00","og_image":[{"width":1017,"height":513,"url":"https:\/\/lagnoticias.com\/wp-content\/uploads\/2025\/09\/3-9.jpg","type":"image\/jpeg"}],"author":"Oscar","twitter_card":"summary_large_image","twitter_creator":"@lagnoticias","twitter_site":"@lagnoticias","twitter_misc":{"Written by":"Oscar","Est. reading time":"3 minutes"},"schema":{"@context":"https:\/\/schema.org","@graph":[{"@type":"Article","@id":"https:\/\/lagnoticias.com\/2025\/09\/22\/onu-la-persecucion-politica-en-venezuela-se-intensifica\/#article","isPartOf":{"@id":"https:\/\/lagnoticias.com\/2025\/09\/22\/onu-la-persecucion-politica-en-venezuela-se-intensifica\/"},"author":{"name":"Oscar","@id":"https:\/\/lagnoticias.com\/#\/schema\/person\/cb9bfe13f8de05d2c55270be25c6a550"},"headline":"ONU: la persecuci\u00f3n pol\u00edtica en Venezuela se intensifica","datePublished":"2025-09-22T16:59:02+00:00","dateModified":"2025-09-22T16:59:03+00:00","mainEntityOfPage":{"@id":"https:\/\/lagnoticias.com\/2025\/09\/22\/onu-la-persecucion-politica-en-venezuela-se-intensifica\/"},"wordCount":561,"commentCount":0,"image":{"@id":"https:\/\/lagnoticias.com\/2025\/09\/22\/onu-la-persecucion-politica-en-venezuela-se-intensifica\/#primaryimage"},"thumbnailUrl":"https:\/\/lagnoticias.com\/wp-content\/uploads\/2025\/09\/3-9.jpg","articleSection":["INTERNACIONALES"],"inLanguage":"en-US","potentialAction":[{"@type":"CommentAction","name":"Comment","target":["https:\/\/lagnoticias.com\/2025\/09\/22\/onu-la-persecucion-politica-en-venezuela-se-intensifica\/#respond"]}]},{"@type":"WebPage","@id":"https:\/\/lagnoticias.com\/2025\/09\/22\/onu-la-persecucion-politica-en-venezuela-se-intensifica\/","url":"https:\/\/lagnoticias.com\/2025\/09\/22\/onu-la-persecucion-politica-en-venezuela-se-intensifica\/","name":"ONU: la persecuci\u00f3n pol\u00edtica en Venezuela se intensifica - La G Noticias","isPartOf":{"@id":"https:\/\/lagnoticias.com\/#website"},"primaryImageOfPage":{"@id":"https:\/\/lagnoticias.com\/2025\/09\/22\/onu-la-persecucion-politica-en-venezuela-se-intensifica\/#primaryimage"},"image":{"@id":"https:\/\/lagnoticias.com\/2025\/09\/22\/onu-la-persecucion-politica-en-venezuela-se-intensifica\/#primaryimage"},"thumbnailUrl":"https:\/\/lagnoticias.com\/wp-content\/uploads\/2025\/09\/3-9.jpg","datePublished":"2025-09-22T16:59:02+00:00","dateModified":"2025-09-22T16:59:03+00:00","author":{"@id":"https:\/\/lagnoticias.com\/#\/schema\/person\/cb9bfe13f8de05d2c55270be25c6a550"},"breadcrumb":{"@id":"https:\/\/lagnoticias.com\/2025\/09\/22\/onu-la-persecucion-politica-en-venezuela-se-intensifica\/#breadcrumb"},"inLanguage":"en-US","potentialAction":[{"@type":"ReadAction","target":["https:\/\/lagnoticias.com\/2025\/09\/22\/onu-la-persecucion-politica-en-venezuela-se-intensifica\/"]}]},{"@type":"ImageObject","inLanguage":"en-US","@id":"https:\/\/lagnoticias.com\/2025\/09\/22\/onu-la-persecucion-politica-en-venezuela-se-intensifica\/#primaryimage","url":"https:\/\/lagnoticias.com\/wp-content\/uploads\/2025\/09\/3-9.jpg","contentUrl":"https:\/\/lagnoticias.com\/wp-content\/uploads\/2025\/09\/3-9.jpg","width":1017,"height":513},{"@type":"BreadcrumbList","@id":"https:\/\/lagnoticias.com\/2025\/09\/22\/onu-la-persecucion-politica-en-venezuela-se-intensifica\/#breadcrumb","itemListElement":[{"@type":"ListItem","position":1,"name":"Portada","item":"https:\/\/lagnoticias.com\/"},{"@type":"ListItem","position":2,"name":"ONU: la persecuci\u00f3n pol\u00edtica en Venezuela se intensifica"}]},{"@type":"WebSite","@id":"https:\/\/lagnoticias.com\/#website","url":"https:\/\/lagnoticias.com\/","name":"La G Noticias","description":"Noticias Positivas","potentialAction":[{"@type":"SearchAction","target":{"@type":"EntryPoint","urlTemplate":"https:\/\/lagnoticias.com\/?s={search_term_string}"},"query-input":{"@type":"PropertyValueSpecification","valueRequired":true,"valueName":"search_term_string"}}],"inLanguage":"en-US"},{"@type":"Person","@id":"https:\/\/lagnoticias.com\/#\/schema\/person\/cb9bfe13f8de05d2c55270be25c6a550","name":"Oscar","image":{"@type":"ImageObject","inLanguage":"en-US","@id":"https:\/\/secure.gravatar.com\/avatar\/45c195718f652dc7ffdd591dc1f2678956ab7fdadcd359a635edc61304a8c757?s=96&d=mm&r=g","url":"https:\/\/secure.gravatar.com\/avatar\/45c195718f652dc7ffdd591dc1f2678956ab7fdadcd359a635edc61304a8c757?s=96&d=mm&r=g","contentUrl":"https:\/\/secure.gravatar.com\/avatar\/45c195718f652dc7ffdd591dc1f2678956ab7fdadcd359a635edc61304a8c757?s=96&d=mm&r=g","caption":"Oscar"},"url":"https:\/\/lagnoticias.com\/en\/author\/oscar\/"}]}},"_links":{"self":[{"href":"https:\/\/lagnoticias.com\/en\/wp-json\/wp\/v2\/posts\/5186","targetHints":{"allow":["GET"]}}],"collection":[{"href":"https:\/\/lagnoticias.com\/en\/wp-json\/wp\/v2\/posts"}],"about":[{"href":"https:\/\/lagnoticias.com\/en\/wp-json\/wp\/v2\/types\/post"}],"author":[{"embeddable":true,"href":"https:\/\/lagnoticias.com\/en\/wp-json\/wp\/v2\/users\/2"}],"replies":[{"embeddable":true,"href":"https:\/\/lagnoticias.com\/en\/wp-json\/wp\/v2\/comments?post=5186"}],"version-history":[{"count":1,"href":"https:\/\/lagnoticias.com\/en\/wp-json\/wp\/v2\/posts\/5186\/revisions"}],"predecessor-version":[{"id":5188,"href":"https:\/\/lagnoticias.com\/en\/wp-json\/wp\/v2\/posts\/5186\/revisions\/5188"}],"wp:featuredmedia":[{"embeddable":true,"href":"https:\/\/lagnoticias.com\/en\/wp-json\/wp\/v2\/media\/5187"}],"wp:attachment":[{"href":"https:\/\/lagnoticias.com\/en\/wp-json\/wp\/v2\/media?parent=5186"}],"wp:term":[{"taxonomy":"category","embeddable":true,"href":"https:\/\/lagnoticias.com\/en\/wp-json\/wp\/v2\/categories?post=5186"},{"taxonomy":"post_tag","embeddable":true,"href":"https:\/\/lagnoticias.com\/en\/wp-json\/wp\/v2\/tags?post=5186"}],"curies":[{"name":"wp","href":"https:\/\/api.w.org\/{rel}","templated":true}]}}