{"id":5177,"date":"2025-09-22T09:01:45","date_gmt":"2025-09-22T15:01:45","guid":{"rendered":"https:\/\/lagnoticias.com\/?p=5177"},"modified":"2025-09-23T11:04:36","modified_gmt":"2025-09-23T17:04:36","slug":"lupillo-rivera-revela-que-belinda-queria-formar-una-familia-con-el","status":"publish","type":"post","link":"https:\/\/lagnoticias.com\/en\/2025\/09\/22\/lupillo-rivera-revela-que-belinda-queria-formar-una-familia-con-el\/","title":{"rendered":"Lupillo Rivera revela que Belinda quer\u00eda formar una familia con \u00e9l"},"content":{"rendered":"<p>Lupillo Rivera&nbsp;sorprendi\u00f3 a sus seguidores al hablar abiertamente sobre su pasada relaci\u00f3n sentimental con&nbsp;Belinda. Durante una entrevista en el programa radiof\u00f3nico&nbsp;La Buena Vibra, retomada por Infobae, el artista&nbsp;revel\u00f3 los motivos que lo llevaron a poner fin a ese noviazgo&nbsp;y comparti\u00f3 fragmentos de su libro, en el que tambi\u00e9n aborda aspectos \u00edntimos de esa etapa de su vida.<\/p>\n\n\n\n<p>El cantante describi\u00f3 la experiencia como un cap\u00edtulo importante en su trayectoria personal, reconociendo que la ruptura fue inmediata tras enterarse de una situaci\u00f3n que lo marc\u00f3 profundamente.<\/p>\n\n\n\n<h2 class=\"wp-block-heading\">Un romance lleno de complicidad<\/h2>\n\n\n\n<p>Rivera relat\u00f3 c\u00f3mo surgi\u00f3 el v\u00ednculo con Belinda, asegurando que desde el primer encuentro sinti\u00f3 un fuerte impacto emocional. \u201cFue un amor a primera vista que ten\u00eda que controlar como fuera, pues yo estaba soltero\u201d, record\u00f3 durante la transmisi\u00f3n.<\/p>\n\n\n\n<p>La cercan\u00eda entre ambos se fortaleci\u00f3 con el tiempo, llegando a compartir actividades cotidianas como revisar juntos las redes sociales de la int\u00e9rprete y comentar las muestras de apoyo que ella recib\u00eda de sus seguidores.<\/p>\n\n\n\n<p>Seg\u00fan el cantante, la conexi\u00f3n y la admiraci\u00f3n mutua fueron evidentes desde los inicios de la relaci\u00f3n, lo que los llev\u00f3 a considerar proyectos a futuro.<\/p>\n\n\n\n<h2 class=\"wp-block-heading\">\u00bfBelinda quer\u00eda tener hijos con Lupillo Rivera?<\/h2>\n\n\n\n<p>En la conversaci\u00f3n, Rivera revel\u00f3 que en alg\u00fan momento&nbsp;hablaron de la posibilidad de formar una familia.<\/p>\n\n\n\n<p>\u201cLa idea parti\u00f3 de ella, Belinda estaba de acuerdo, yo iba a darle la oportunidad a mi semilla que ten\u00eda congelada; el tener gemelas les daba ilusi\u00f3n\u201d, declar\u00f3.<\/p>\n\n\n\n<p>El int\u00e9rprete explic\u00f3 que esas conversaciones reflejaban el nivel de compromiso que manten\u00edan, adem\u00e1s de la ilusi\u00f3n que ambos compart\u00edan por construir un futuro juntos.<\/p>\n\n\n\n<h2 class=\"wp-block-heading\">La fotograf\u00eda que marc\u00f3 el final de su relaci\u00f3n<\/h2>\n\n\n\n<p>El momento determinante lleg\u00f3 cuando se difundi\u00f3 una imagen en el programa&nbsp;Despierta Am\u00e9rica, donde Belinda aparec\u00eda tomada de la mano con otro hombre durante un vuelo hacia Miami.<\/p>\n\n\n\n<p>Rivera record\u00f3 que la fotograf\u00eda fue concluyente: \u201cPara m\u00ed se termin\u00f3 inmediatamente, de un momento a otro. Yo dije: \u2018Ok, no hay problema, \u00e9chale ganas y Dios te bendiga\u2019, y as\u00ed\u2026\u201d.<\/p>\n\n\n\n<p>El cantante asegur\u00f3 que&nbsp;decidi\u00f3 cerrar el cap\u00edtulo de manera definitiva, sin confrontaciones ni reproches, ya que consider\u00f3 que el gesto reflejaba un punto de no retorno en la relaci\u00f3n.<\/p>\n\n\n\n<h2 class=\"wp-block-heading\">\u201cUna etapa valiosa\u201d<\/h2>\n\n\n\n<p>Aunque la relaci\u00f3n lleg\u00f3 a su fin, Lupillo Rivera&nbsp;subray\u00f3 que los momentos compartidos con Belinda fueron genuinos&nbsp;y significativos. Se\u00f1al\u00f3 que la relaci\u00f3n dur\u00f3 cerca de un a\u00f1o, aunque en sus palabras tambi\u00e9n mencion\u00f3 un periodo de&nbsp;\u201ccasi siete meses\u201d.<\/p>\n\n\n\n<p>El artista aclar\u00f3 que sus declaraciones no tienen la intenci\u00f3n de generar pol\u00e9mica ni de usar el tema como estrategia de promoci\u00f3n, sino que forman parte de la narrativa de su libro, en el que revisa episodios importantes de su vida personal y profesional.<\/p>","protected":false},"excerpt":{"rendered":"<p>El cantante comparti\u00f3 detalles in\u00e9ditos de su relaci\u00f3n con la int\u00e9rprete de pop latino y explic\u00f3 cu\u00e1l fue el episodio que marc\u00f3 el fin del romance.<\/p>","protected":false},"author":2,"featured_media":5178,"comment_status":"open","ping_status":"open","sticky":false,"template":"","format":"standard","meta":{"_et_pb_use_builder":"off","_et_pb_old_content":"","_et_gb_content_width":"","footnotes":""},"categories":[249],"tags":[763,1049,879,767],"class_list":["post-5177","post","type-post","status-publish","format-standard","has-post-thumbnail","hentry","category-entretenimiento","tag-belinda","tag-lupillo-rivera","tag-relacion","tag-romance"],"yoast_head":"<!-- This site is optimized with the Yoast SEO plugin v27.4 - https:\/\/yoast.com\/product\/yoast-seo-wordpress\/ -->\n<title>Lupillo Rivera revela que Belinda quer\u00eda formar una familia con \u00e9l - La G Noticias<\/title>\n<meta name=\"robots\" content=\"index, follow, max-snippet:-1, max-image-preview:large, max-video-preview:-1\" \/>\n<link rel=\"canonical\" href=\"https:\/\/lagnoticias.com\/en\/2025\/09\/22\/lupillo-rivera-revela-que-belinda-queria-formar-una-familia-con-el\/\" \/>\n<meta property=\"og:locale\" content=\"en_US\" \/>\n<meta property=\"og:type\" content=\"article\" \/>\n<meta property=\"og:title\" content=\"Lupillo Rivera revela que Belinda quer\u00eda formar una familia con \u00e9l - La G Noticias\" \/>\n<meta property=\"og:description\" content=\"El cantante comparti\u00f3 detalles in\u00e9ditos de su relaci\u00f3n con la int\u00e9rprete de pop latino y explic\u00f3 cu\u00e1l fue el episodio que marc\u00f3 el fin del romance.\" \/>\n<meta property=\"og:url\" content=\"https:\/\/lagnoticias.com\/en\/2025\/09\/22\/lupillo-rivera-revela-que-belinda-queria-formar-una-familia-con-el\/\" \/>\n<meta property=\"og:site_name\" content=\"La G Noticias\" \/>\n<meta property=\"article:publisher\" content=\"https:\/\/www.facebook.com\/LaGNoticias\" \/>\n<meta property=\"article:published_time\" content=\"2025-09-22T15:01:45+00:00\" \/>\n<meta property=\"article:modified_time\" content=\"2025-09-23T17:04:36+00:00\" \/>\n<meta property=\"og:image\" content=\"https:\/\/lagnoticias.com\/wp-content\/uploads\/2025\/09\/3-8.jpg\" \/>\n\t<meta property=\"og:image:width\" content=\"1200\" \/>\n\t<meta property=\"og:image:height\" content=\"630\" \/>\n\t<meta property=\"og:image:type\" content=\"image\/jpeg\" \/>\n<meta name=\"author\" content=\"Oscar\" \/>\n<meta name=\"twitter:card\" content=\"summary_large_image\" \/>\n<meta name=\"twitter:creator\" content=\"@lagnoticias\" \/>\n<meta name=\"twitter:site\" content=\"@lagnoticias\" \/>\n<meta name=\"twitter:label1\" content=\"Written by\" \/>\n\t<meta name=\"twitter:data1\" content=\"Oscar\" \/>\n\t<meta name=\"twitter:label2\" content=\"Est. reading time\" \/>\n\t<meta name=\"twitter:data2\" content=\"3 minutes\" \/>\n<script type=\"application\/ld+json\" class=\"yoast-schema-graph\">{\"@context\":\"https:\\\/\\\/schema.org\",\"@graph\":[{\"@type\":\"Article\",\"@id\":\"https:\\\/\\\/lagnoticias.com\\\/2025\\\/09\\\/22\\\/lupillo-rivera-revela-que-belinda-queria-formar-una-familia-con-el\\\/#article\",\"isPartOf\":{\"@id\":\"https:\\\/\\\/lagnoticias.com\\\/2025\\\/09\\\/22\\\/lupillo-rivera-revela-que-belinda-queria-formar-una-familia-con-el\\\/\"},\"author\":{\"name\":\"Oscar\",\"@id\":\"https:\\\/\\\/lagnoticias.com\\\/#\\\/schema\\\/person\\\/cb9bfe13f8de05d2c55270be25c6a550\"},\"headline\":\"Lupillo Rivera revela que Belinda quer\u00eda formar una familia con \u00e9l\",\"datePublished\":\"2025-09-22T15:01:45+00:00\",\"dateModified\":\"2025-09-23T17:04:36+00:00\",\"mainEntityOfPage\":{\"@id\":\"https:\\\/\\\/lagnoticias.com\\\/2025\\\/09\\\/22\\\/lupillo-rivera-revela-que-belinda-queria-formar-una-familia-con-el\\\/\"},\"wordCount\":523,\"commentCount\":0,\"image\":{\"@id\":\"https:\\\/\\\/lagnoticias.com\\\/2025\\\/09\\\/22\\\/lupillo-rivera-revela-que-belinda-queria-formar-una-familia-con-el\\\/#primaryimage\"},\"thumbnailUrl\":\"https:\\\/\\\/lagnoticias.com\\\/wp-content\\\/uploads\\\/2025\\\/09\\\/3-8.jpg\",\"keywords\":[\"BELINDA\",\"LUPILLO RIVERA\",\"RELACI\u00d3N\",\"ROMANCE\"],\"articleSection\":[\"ENTRETENIMIENTO\"],\"inLanguage\":\"en-US\",\"potentialAction\":[{\"@type\":\"CommentAction\",\"name\":\"Comment\",\"target\":[\"https:\\\/\\\/lagnoticias.com\\\/2025\\\/09\\\/22\\\/lupillo-rivera-revela-que-belinda-queria-formar-una-familia-con-el\\\/#respond\"]}]},{\"@type\":\"WebPage\",\"@id\":\"https:\\\/\\\/lagnoticias.com\\\/2025\\\/09\\\/22\\\/lupillo-rivera-revela-que-belinda-queria-formar-una-familia-con-el\\\/\",\"url\":\"https:\\\/\\\/lagnoticias.com\\\/2025\\\/09\\\/22\\\/lupillo-rivera-revela-que-belinda-queria-formar-una-familia-con-el\\\/\",\"name\":\"Lupillo Rivera revela que Belinda quer\u00eda formar una familia con \u00e9l - La G Noticias\",\"isPartOf\":{\"@id\":\"https:\\\/\\\/lagnoticias.com\\\/#website\"},\"primaryImageOfPage\":{\"@id\":\"https:\\\/\\\/lagnoticias.com\\\/2025\\\/09\\\/22\\\/lupillo-rivera-revela-que-belinda-queria-formar-una-familia-con-el\\\/#primaryimage\"},\"image\":{\"@id\":\"https:\\\/\\\/lagnoticias.com\\\/2025\\\/09\\\/22\\\/lupillo-rivera-revela-que-belinda-queria-formar-una-familia-con-el\\\/#primaryimage\"},\"thumbnailUrl\":\"https:\\\/\\\/lagnoticias.com\\\/wp-content\\\/uploads\\\/2025\\\/09\\\/3-8.jpg\",\"datePublished\":\"2025-09-22T15:01:45+00:00\",\"dateModified\":\"2025-09-23T17:04:36+00:00\",\"author\":{\"@id\":\"https:\\\/\\\/lagnoticias.com\\\/#\\\/schema\\\/person\\\/cb9bfe13f8de05d2c55270be25c6a550\"},\"breadcrumb\":{\"@id\":\"https:\\\/\\\/lagnoticias.com\\\/2025\\\/09\\\/22\\\/lupillo-rivera-revela-que-belinda-queria-formar-una-familia-con-el\\\/#breadcrumb\"},\"inLanguage\":\"en-US\",\"potentialAction\":[{\"@type\":\"ReadAction\",\"target\":[\"https:\\\/\\\/lagnoticias.com\\\/2025\\\/09\\\/22\\\/lupillo-rivera-revela-que-belinda-queria-formar-una-familia-con-el\\\/\"]}]},{\"@type\":\"ImageObject\",\"inLanguage\":\"en-US\",\"@id\":\"https:\\\/\\\/lagnoticias.com\\\/2025\\\/09\\\/22\\\/lupillo-rivera-revela-que-belinda-queria-formar-una-familia-con-el\\\/#primaryimage\",\"url\":\"https:\\\/\\\/lagnoticias.com\\\/wp-content\\\/uploads\\\/2025\\\/09\\\/3-8.jpg\",\"contentUrl\":\"https:\\\/\\\/lagnoticias.com\\\/wp-content\\\/uploads\\\/2025\\\/09\\\/3-8.jpg\",\"width\":1200,\"height\":630},{\"@type\":\"BreadcrumbList\",\"@id\":\"https:\\\/\\\/lagnoticias.com\\\/2025\\\/09\\\/22\\\/lupillo-rivera-revela-que-belinda-queria-formar-una-familia-con-el\\\/#breadcrumb\",\"itemListElement\":[{\"@type\":\"ListItem\",\"position\":1,\"name\":\"Portada\",\"item\":\"https:\\\/\\\/lagnoticias.com\\\/\"},{\"@type\":\"ListItem\",\"position\":2,\"name\":\"Lupillo Rivera revela que Belinda quer\u00eda formar una familia con \u00e9l\"}]},{\"@type\":\"WebSite\",\"@id\":\"https:\\\/\\\/lagnoticias.com\\\/#website\",\"url\":\"https:\\\/\\\/lagnoticias.com\\\/\",\"name\":\"La G Noticias\",\"description\":\"Noticias Positivas\",\"potentialAction\":[{\"@type\":\"SearchAction\",\"target\":{\"@type\":\"EntryPoint\",\"urlTemplate\":\"https:\\\/\\\/lagnoticias.com\\\/?s={search_term_string}\"},\"query-input\":{\"@type\":\"PropertyValueSpecification\",\"valueRequired\":true,\"valueName\":\"search_term_string\"}}],\"inLanguage\":\"en-US\"},{\"@type\":\"Person\",\"@id\":\"https:\\\/\\\/lagnoticias.com\\\/#\\\/schema\\\/person\\\/cb9bfe13f8de05d2c55270be25c6a550\",\"name\":\"Oscar\",\"image\":{\"@type\":\"ImageObject\",\"inLanguage\":\"en-US\",\"@id\":\"https:\\\/\\\/secure.gravatar.com\\\/avatar\\\/45c195718f652dc7ffdd591dc1f2678956ab7fdadcd359a635edc61304a8c757?s=96&d=mm&r=g\",\"url\":\"https:\\\/\\\/secure.gravatar.com\\\/avatar\\\/45c195718f652dc7ffdd591dc1f2678956ab7fdadcd359a635edc61304a8c757?s=96&d=mm&r=g\",\"contentUrl\":\"https:\\\/\\\/secure.gravatar.com\\\/avatar\\\/45c195718f652dc7ffdd591dc1f2678956ab7fdadcd359a635edc61304a8c757?s=96&d=mm&r=g\",\"caption\":\"Oscar\"},\"url\":\"https:\\\/\\\/lagnoticias.com\\\/en\\\/author\\\/oscar\\\/\"}]}<\/script>\n<!-- \/ Yoast SEO plugin. -->","yoast_head_json":{"title":"Lupillo Rivera revela que Belinda quer\u00eda formar una familia con \u00e9l - La G Noticias","robots":{"index":"index","follow":"follow","max-snippet":"max-snippet:-1","max-image-preview":"max-image-preview:large","max-video-preview":"max-video-preview:-1"},"canonical":"https:\/\/lagnoticias.com\/en\/2025\/09\/22\/lupillo-rivera-revela-que-belinda-queria-formar-una-familia-con-el\/","og_locale":"en_US","og_type":"article","og_title":"Lupillo Rivera revela que Belinda quer\u00eda formar una familia con \u00e9l - La G Noticias","og_description":"El cantante comparti\u00f3 detalles in\u00e9ditos de su relaci\u00f3n con la int\u00e9rprete de pop latino y explic\u00f3 cu\u00e1l fue el episodio que marc\u00f3 el fin del romance.","og_url":"https:\/\/lagnoticias.com\/en\/2025\/09\/22\/lupillo-rivera-revela-que-belinda-queria-formar-una-familia-con-el\/","og_site_name":"La G Noticias","article_publisher":"https:\/\/www.facebook.com\/LaGNoticias","article_published_time":"2025-09-22T15:01:45+00:00","article_modified_time":"2025-09-23T17:04:36+00:00","og_image":[{"width":1200,"height":630,"url":"https:\/\/lagnoticias.com\/wp-content\/uploads\/2025\/09\/3-8.jpg","type":"image\/jpeg"}],"author":"Oscar","twitter_card":"summary_large_image","twitter_creator":"@lagnoticias","twitter_site":"@lagnoticias","twitter_misc":{"Written by":"Oscar","Est. reading time":"3 minutes"},"schema":{"@context":"https:\/\/schema.org","@graph":[{"@type":"Article","@id":"https:\/\/lagnoticias.com\/2025\/09\/22\/lupillo-rivera-revela-que-belinda-queria-formar-una-familia-con-el\/#article","isPartOf":{"@id":"https:\/\/lagnoticias.com\/2025\/09\/22\/lupillo-rivera-revela-que-belinda-queria-formar-una-familia-con-el\/"},"author":{"name":"Oscar","@id":"https:\/\/lagnoticias.com\/#\/schema\/person\/cb9bfe13f8de05d2c55270be25c6a550"},"headline":"Lupillo Rivera revela que Belinda quer\u00eda formar una familia con \u00e9l","datePublished":"2025-09-22T15:01:45+00:00","dateModified":"2025-09-23T17:04:36+00:00","mainEntityOfPage":{"@id":"https:\/\/lagnoticias.com\/2025\/09\/22\/lupillo-rivera-revela-que-belinda-queria-formar-una-familia-con-el\/"},"wordCount":523,"commentCount":0,"image":{"@id":"https:\/\/lagnoticias.com\/2025\/09\/22\/lupillo-rivera-revela-que-belinda-queria-formar-una-familia-con-el\/#primaryimage"},"thumbnailUrl":"https:\/\/lagnoticias.com\/wp-content\/uploads\/2025\/09\/3-8.jpg","keywords":["BELINDA","LUPILLO RIVERA","RELACI\u00d3N","ROMANCE"],"articleSection":["ENTRETENIMIENTO"],"inLanguage":"en-US","potentialAction":[{"@type":"CommentAction","name":"Comment","target":["https:\/\/lagnoticias.com\/2025\/09\/22\/lupillo-rivera-revela-que-belinda-queria-formar-una-familia-con-el\/#respond"]}]},{"@type":"WebPage","@id":"https:\/\/lagnoticias.com\/2025\/09\/22\/lupillo-rivera-revela-que-belinda-queria-formar-una-familia-con-el\/","url":"https:\/\/lagnoticias.com\/2025\/09\/22\/lupillo-rivera-revela-que-belinda-queria-formar-una-familia-con-el\/","name":"Lupillo Rivera revela que Belinda quer\u00eda formar una familia con \u00e9l - La G Noticias","isPartOf":{"@id":"https:\/\/lagnoticias.com\/#website"},"primaryImageOfPage":{"@id":"https:\/\/lagnoticias.com\/2025\/09\/22\/lupillo-rivera-revela-que-belinda-queria-formar-una-familia-con-el\/#primaryimage"},"image":{"@id":"https:\/\/lagnoticias.com\/2025\/09\/22\/lupillo-rivera-revela-que-belinda-queria-formar-una-familia-con-el\/#primaryimage"},"thumbnailUrl":"https:\/\/lagnoticias.com\/wp-content\/uploads\/2025\/09\/3-8.jpg","datePublished":"2025-09-22T15:01:45+00:00","dateModified":"2025-09-23T17:04:36+00:00","author":{"@id":"https:\/\/lagnoticias.com\/#\/schema\/person\/cb9bfe13f8de05d2c55270be25c6a550"},"breadcrumb":{"@id":"https:\/\/lagnoticias.com\/2025\/09\/22\/lupillo-rivera-revela-que-belinda-queria-formar-una-familia-con-el\/#breadcrumb"},"inLanguage":"en-US","potentialAction":[{"@type":"ReadAction","target":["https:\/\/lagnoticias.com\/2025\/09\/22\/lupillo-rivera-revela-que-belinda-queria-formar-una-familia-con-el\/"]}]},{"@type":"ImageObject","inLanguage":"en-US","@id":"https:\/\/lagnoticias.com\/2025\/09\/22\/lupillo-rivera-revela-que-belinda-queria-formar-una-familia-con-el\/#primaryimage","url":"https:\/\/lagnoticias.com\/wp-content\/uploads\/2025\/09\/3-8.jpg","contentUrl":"https:\/\/lagnoticias.com\/wp-content\/uploads\/2025\/09\/3-8.jpg","width":1200,"height":630},{"@type":"BreadcrumbList","@id":"https:\/\/lagnoticias.com\/2025\/09\/22\/lupillo-rivera-revela-que-belinda-queria-formar-una-familia-con-el\/#breadcrumb","itemListElement":[{"@type":"ListItem","position":1,"name":"Portada","item":"https:\/\/lagnoticias.com\/"},{"@type":"ListItem","position":2,"name":"Lupillo Rivera revela que Belinda quer\u00eda formar una familia con \u00e9l"}]},{"@type":"WebSite","@id":"https:\/\/lagnoticias.com\/#website","url":"https:\/\/lagnoticias.com\/","name":"La G Noticias","description":"Noticias Positivas","potentialAction":[{"@type":"SearchAction","target":{"@type":"EntryPoint","urlTemplate":"https:\/\/lagnoticias.com\/?s={search_term_string}"},"query-input":{"@type":"PropertyValueSpecification","valueRequired":true,"valueName":"search_term_string"}}],"inLanguage":"en-US"},{"@type":"Person","@id":"https:\/\/lagnoticias.com\/#\/schema\/person\/cb9bfe13f8de05d2c55270be25c6a550","name":"Oscar","image":{"@type":"ImageObject","inLanguage":"en-US","@id":"https:\/\/secure.gravatar.com\/avatar\/45c195718f652dc7ffdd591dc1f2678956ab7fdadcd359a635edc61304a8c757?s=96&d=mm&r=g","url":"https:\/\/secure.gravatar.com\/avatar\/45c195718f652dc7ffdd591dc1f2678956ab7fdadcd359a635edc61304a8c757?s=96&d=mm&r=g","contentUrl":"https:\/\/secure.gravatar.com\/avatar\/45c195718f652dc7ffdd591dc1f2678956ab7fdadcd359a635edc61304a8c757?s=96&d=mm&r=g","caption":"Oscar"},"url":"https:\/\/lagnoticias.com\/en\/author\/oscar\/"}]}},"_links":{"self":[{"href":"https:\/\/lagnoticias.com\/en\/wp-json\/wp\/v2\/posts\/5177","targetHints":{"allow":["GET"]}}],"collection":[{"href":"https:\/\/lagnoticias.com\/en\/wp-json\/wp\/v2\/posts"}],"about":[{"href":"https:\/\/lagnoticias.com\/en\/wp-json\/wp\/v2\/types\/post"}],"author":[{"embeddable":true,"href":"https:\/\/lagnoticias.com\/en\/wp-json\/wp\/v2\/users\/2"}],"replies":[{"embeddable":true,"href":"https:\/\/lagnoticias.com\/en\/wp-json\/wp\/v2\/comments?post=5177"}],"version-history":[{"count":1,"href":"https:\/\/lagnoticias.com\/en\/wp-json\/wp\/v2\/posts\/5177\/revisions"}],"predecessor-version":[{"id":5179,"href":"https:\/\/lagnoticias.com\/en\/wp-json\/wp\/v2\/posts\/5177\/revisions\/5179"}],"wp:featuredmedia":[{"embeddable":true,"href":"https:\/\/lagnoticias.com\/en\/wp-json\/wp\/v2\/media\/5178"}],"wp:attachment":[{"href":"https:\/\/lagnoticias.com\/en\/wp-json\/wp\/v2\/media?parent=5177"}],"wp:term":[{"taxonomy":"category","embeddable":true,"href":"https:\/\/lagnoticias.com\/en\/wp-json\/wp\/v2\/categories?post=5177"},{"taxonomy":"post_tag","embeddable":true,"href":"https:\/\/lagnoticias.com\/en\/wp-json\/wp\/v2\/tags?post=5177"}],"curies":[{"name":"wp","href":"https:\/\/api.w.org\/{rel}","templated":true}]}}