{"id":5173,"date":"2025-09-22T08:50:01","date_gmt":"2025-09-22T14:50:01","guid":{"rendered":"https:\/\/lagnoticias.com\/?p=5173"},"modified":"2025-09-23T11:04:42","modified_gmt":"2025-09-23T17:04:42","slug":"anda-concluye-la-reparacion-de-tuberia-del-sistema-zona-norte","status":"publish","type":"post","link":"https:\/\/lagnoticias.com\/en\/2025\/09\/22\/anda-concluye-la-reparacion-de-tuberia-del-sistema-zona-norte\/","title":{"rendered":"ANDA concluye la reparaci\u00f3n de tuber\u00eda del Sistema Zona Norte"},"content":{"rendered":"<p>La Administraci\u00f3n Nacional de Acueductos y Alcantarillados (ANDA) ha trabajado en coordinaci\u00f3n con el Ministerio de Obras P\u00fablicas (MOP) y el Fondo de Conservaci\u00f3n Vial (Fovial) en la reparaci\u00f3n de la tuber\u00eda de 48 pulgadas del Sistema Zona Norte.<\/p>\n\n\n\n<p>El presidente de la ANDA, Dagoberto Ar\u00e9valo, inform\u00f3 sobre la finalizaci\u00f3n de los trabajos de reparaci\u00f3n de la tuber\u00eda de alta presi\u00f3n, por lo cual se entr\u00f3 en el proceso bombeo y llenado paulatino de los nueve tanques del sistema y la realizaci\u00f3n de las pruebas hidr\u00e1ulicas.<\/p>\n\n\n\n<p>\u201cEn este momento ya estamos bombeando agua a trav\u00e9s de la tuber\u00eda, no tiene ninguna fuga, todo est\u00e1 operando normalmente. Esperamos que, conforme vayan pasando las horas, el agua comience a llegar a los tanques de San Ram\u00f3n, Escal\u00f3n y Santa Tecla. <\/p>\n\n\n\n<p>En total son nueve tanques que componen todo el Sistema Zona Norte\u201d, dijo el presidente de la Anda, Dagoberto Ar\u00e9valo, quien ha supervisado de cerca el progreso de la obra.<\/p>\n\n\n\n<p>De este modo, el Gobierno ha logrado la reparaci\u00f3n del Sistema Zona Norte y queda en operaci\u00f3n; por lo cual, el agua comenzar\u00e1 a incorporarse de manera gradual a los hogares en el transcurso de este d\u00eda y del d\u00eda de ma\u00f1ana, para las zonas m\u00e1s lejanas, a medida que se vayan llenando las tuber\u00edas.<\/p>\n\n\n\n<p>\u201cEsta fase es muy importante en toda obra, porque es para probar que todo ha quedado bien. Cuando los tanques ya est\u00e9n llenos se comenzar\u00e1 a distribuir el agua\u201d, indic\u00f3 Ar\u00e9valo.<\/p>\n\n\n\n<p>Durante la noche y madrugada, ANDA continu\u00f3 con el plan de contingencia en coordinaci\u00f3n con el Ministerio de Gobernaci\u00f3n, el Cuerpo de Bomberos, la Comisi\u00f3n Ejecutiva Hidroel\u00e9ctrica del R\u00edo Lempa y la Autoridad Salvadore\u00f1a del Agua (ASA) en colonias como Las Margaritas y La Fortuna, en Mejicanos, mientras se desarrollaban los trabajos para rehabilitar el ducto que conduce agua hasta el \u00c1rea Metropolitana de San Salvador (AMSS).<\/p>\n\n\n\n<p><\/p>","protected":false},"excerpt":{"rendered":"<p>La Administraci\u00f3n Nacional de Acueductos y Alcantarillados (ANDA) ha trabajado en coordinaci\u00f3n con el Ministerio de Obras P\u00fablicas (MOP) y el Fondo de Conservaci\u00f3n Vial (Fovial) en la reparaci\u00f3n de la tuber\u00eda de 48 pulgadas del Sistema Zona Norte. El presidente de la ANDA, Dagoberto Ar\u00e9valo, inform\u00f3 sobre la finalizaci\u00f3n de los trabajos de reparaci\u00f3n [&hellip;]<\/p>","protected":false},"author":2,"featured_media":5174,"comment_status":"open","ping_status":"open","sticky":false,"template":"","format":"standard","meta":{"_et_pb_use_builder":"off","_et_pb_old_content":"","_et_gb_content_width":"","footnotes":""},"categories":[244],"tags":[356,355,703,267,1036],"class_list":["post-5173","post","type-post","status-publish","format-standard","has-post-thumbnail","hentry","category-nacionales","tag-agua-potable","tag-anda","tag-area-metropolitana-de-san-salvador","tag-el-salvador","tag-reparacion-de-tuberia"],"yoast_head":"<!-- This site is optimized with the Yoast SEO plugin v27.4 - https:\/\/yoast.com\/product\/yoast-seo-wordpress\/ -->\n<title>ANDA concluye la reparaci\u00f3n de tuber\u00eda del Sistema Zona Norte - La G Noticias<\/title>\n<meta name=\"robots\" content=\"index, follow, max-snippet:-1, max-image-preview:large, max-video-preview:-1\" \/>\n<link rel=\"canonical\" href=\"https:\/\/lagnoticias.com\/en\/2025\/09\/22\/anda-concluye-la-reparacion-de-tuberia-del-sistema-zona-norte\/\" \/>\n<meta property=\"og:locale\" content=\"en_US\" \/>\n<meta property=\"og:type\" content=\"article\" \/>\n<meta property=\"og:title\" content=\"ANDA concluye la reparaci\u00f3n de tuber\u00eda del Sistema Zona Norte - La G Noticias\" \/>\n<meta property=\"og:description\" content=\"La Administraci\u00f3n Nacional de Acueductos y Alcantarillados (ANDA) ha trabajado en coordinaci\u00f3n con el Ministerio de Obras P\u00fablicas (MOP) y el Fondo de Conservaci\u00f3n Vial (Fovial) en la reparaci\u00f3n de la tuber\u00eda de 48 pulgadas del Sistema Zona Norte. El presidente de la ANDA, Dagoberto Ar\u00e9valo, inform\u00f3 sobre la finalizaci\u00f3n de los trabajos de reparaci\u00f3n [&hellip;]\" \/>\n<meta property=\"og:url\" content=\"https:\/\/lagnoticias.com\/en\/2025\/09\/22\/anda-concluye-la-reparacion-de-tuberia-del-sistema-zona-norte\/\" \/>\n<meta property=\"og:site_name\" content=\"La G Noticias\" \/>\n<meta property=\"article:publisher\" content=\"https:\/\/www.facebook.com\/LaGNoticias\" \/>\n<meta property=\"article:published_time\" content=\"2025-09-22T14:50:01+00:00\" \/>\n<meta property=\"article:modified_time\" content=\"2025-09-23T17:04:42+00:00\" \/>\n<meta property=\"og:image\" content=\"https:\/\/lagnoticias.com\/wp-content\/uploads\/2025\/09\/4-23.jpg\" \/>\n\t<meta property=\"og:image:width\" content=\"1000\" \/>\n\t<meta property=\"og:image:height\" content=\"679\" \/>\n\t<meta property=\"og:image:type\" content=\"image\/jpeg\" \/>\n<meta name=\"author\" content=\"Oscar\" \/>\n<meta name=\"twitter:card\" content=\"summary_large_image\" \/>\n<meta name=\"twitter:creator\" content=\"@lagnoticias\" \/>\n<meta name=\"twitter:site\" content=\"@lagnoticias\" \/>\n<meta name=\"twitter:label1\" content=\"Written by\" \/>\n\t<meta name=\"twitter:data1\" content=\"Oscar\" \/>\n\t<meta name=\"twitter:label2\" content=\"Est. reading time\" \/>\n\t<meta name=\"twitter:data2\" content=\"2 minutes\" \/>\n<script type=\"application\/ld+json\" class=\"yoast-schema-graph\">{\"@context\":\"https:\\\/\\\/schema.org\",\"@graph\":[{\"@type\":\"Article\",\"@id\":\"https:\\\/\\\/lagnoticias.com\\\/2025\\\/09\\\/22\\\/anda-concluye-la-reparacion-de-tuberia-del-sistema-zona-norte\\\/#article\",\"isPartOf\":{\"@id\":\"https:\\\/\\\/lagnoticias.com\\\/2025\\\/09\\\/22\\\/anda-concluye-la-reparacion-de-tuberia-del-sistema-zona-norte\\\/\"},\"author\":{\"name\":\"Oscar\",\"@id\":\"https:\\\/\\\/lagnoticias.com\\\/#\\\/schema\\\/person\\\/cb9bfe13f8de05d2c55270be25c6a550\"},\"headline\":\"ANDA concluye la reparaci\u00f3n de tuber\u00eda del Sistema Zona Norte\",\"datePublished\":\"2025-09-22T14:50:01+00:00\",\"dateModified\":\"2025-09-23T17:04:42+00:00\",\"mainEntityOfPage\":{\"@id\":\"https:\\\/\\\/lagnoticias.com\\\/2025\\\/09\\\/22\\\/anda-concluye-la-reparacion-de-tuberia-del-sistema-zona-norte\\\/\"},\"wordCount\":355,\"commentCount\":0,\"image\":{\"@id\":\"https:\\\/\\\/lagnoticias.com\\\/2025\\\/09\\\/22\\\/anda-concluye-la-reparacion-de-tuberia-del-sistema-zona-norte\\\/#primaryimage\"},\"thumbnailUrl\":\"https:\\\/\\\/lagnoticias.com\\\/wp-content\\\/uploads\\\/2025\\\/09\\\/4-23.jpg\",\"keywords\":[\"AGUA POTABLE\",\"ANDA\",\"\u00c1REA METROPOLITANA DE SAN SALVADOR\",\"EL SALVADOR\",\"REPARACI\u00d3N DE TUBER\u00cdA\"],\"articleSection\":[\"NACIONALES\"],\"inLanguage\":\"en-US\",\"potentialAction\":[{\"@type\":\"CommentAction\",\"name\":\"Comment\",\"target\":[\"https:\\\/\\\/lagnoticias.com\\\/2025\\\/09\\\/22\\\/anda-concluye-la-reparacion-de-tuberia-del-sistema-zona-norte\\\/#respond\"]}]},{\"@type\":\"WebPage\",\"@id\":\"https:\\\/\\\/lagnoticias.com\\\/2025\\\/09\\\/22\\\/anda-concluye-la-reparacion-de-tuberia-del-sistema-zona-norte\\\/\",\"url\":\"https:\\\/\\\/lagnoticias.com\\\/2025\\\/09\\\/22\\\/anda-concluye-la-reparacion-de-tuberia-del-sistema-zona-norte\\\/\",\"name\":\"ANDA concluye la reparaci\u00f3n de tuber\u00eda del Sistema Zona Norte - La G Noticias\",\"isPartOf\":{\"@id\":\"https:\\\/\\\/lagnoticias.com\\\/#website\"},\"primaryImageOfPage\":{\"@id\":\"https:\\\/\\\/lagnoticias.com\\\/2025\\\/09\\\/22\\\/anda-concluye-la-reparacion-de-tuberia-del-sistema-zona-norte\\\/#primaryimage\"},\"image\":{\"@id\":\"https:\\\/\\\/lagnoticias.com\\\/2025\\\/09\\\/22\\\/anda-concluye-la-reparacion-de-tuberia-del-sistema-zona-norte\\\/#primaryimage\"},\"thumbnailUrl\":\"https:\\\/\\\/lagnoticias.com\\\/wp-content\\\/uploads\\\/2025\\\/09\\\/4-23.jpg\",\"datePublished\":\"2025-09-22T14:50:01+00:00\",\"dateModified\":\"2025-09-23T17:04:42+00:00\",\"author\":{\"@id\":\"https:\\\/\\\/lagnoticias.com\\\/#\\\/schema\\\/person\\\/cb9bfe13f8de05d2c55270be25c6a550\"},\"breadcrumb\":{\"@id\":\"https:\\\/\\\/lagnoticias.com\\\/2025\\\/09\\\/22\\\/anda-concluye-la-reparacion-de-tuberia-del-sistema-zona-norte\\\/#breadcrumb\"},\"inLanguage\":\"en-US\",\"potentialAction\":[{\"@type\":\"ReadAction\",\"target\":[\"https:\\\/\\\/lagnoticias.com\\\/2025\\\/09\\\/22\\\/anda-concluye-la-reparacion-de-tuberia-del-sistema-zona-norte\\\/\"]}]},{\"@type\":\"ImageObject\",\"inLanguage\":\"en-US\",\"@id\":\"https:\\\/\\\/lagnoticias.com\\\/2025\\\/09\\\/22\\\/anda-concluye-la-reparacion-de-tuberia-del-sistema-zona-norte\\\/#primaryimage\",\"url\":\"https:\\\/\\\/lagnoticias.com\\\/wp-content\\\/uploads\\\/2025\\\/09\\\/4-23.jpg\",\"contentUrl\":\"https:\\\/\\\/lagnoticias.com\\\/wp-content\\\/uploads\\\/2025\\\/09\\\/4-23.jpg\",\"width\":1000,\"height\":679},{\"@type\":\"BreadcrumbList\",\"@id\":\"https:\\\/\\\/lagnoticias.com\\\/2025\\\/09\\\/22\\\/anda-concluye-la-reparacion-de-tuberia-del-sistema-zona-norte\\\/#breadcrumb\",\"itemListElement\":[{\"@type\":\"ListItem\",\"position\":1,\"name\":\"Portada\",\"item\":\"https:\\\/\\\/lagnoticias.com\\\/\"},{\"@type\":\"ListItem\",\"position\":2,\"name\":\"ANDA concluye la reparaci\u00f3n de tuber\u00eda del Sistema Zona Norte\"}]},{\"@type\":\"WebSite\",\"@id\":\"https:\\\/\\\/lagnoticias.com\\\/#website\",\"url\":\"https:\\\/\\\/lagnoticias.com\\\/\",\"name\":\"La G Noticias\",\"description\":\"Noticias Positivas\",\"potentialAction\":[{\"@type\":\"SearchAction\",\"target\":{\"@type\":\"EntryPoint\",\"urlTemplate\":\"https:\\\/\\\/lagnoticias.com\\\/?s={search_term_string}\"},\"query-input\":{\"@type\":\"PropertyValueSpecification\",\"valueRequired\":true,\"valueName\":\"search_term_string\"}}],\"inLanguage\":\"en-US\"},{\"@type\":\"Person\",\"@id\":\"https:\\\/\\\/lagnoticias.com\\\/#\\\/schema\\\/person\\\/cb9bfe13f8de05d2c55270be25c6a550\",\"name\":\"Oscar\",\"image\":{\"@type\":\"ImageObject\",\"inLanguage\":\"en-US\",\"@id\":\"https:\\\/\\\/secure.gravatar.com\\\/avatar\\\/45c195718f652dc7ffdd591dc1f2678956ab7fdadcd359a635edc61304a8c757?s=96&d=mm&r=g\",\"url\":\"https:\\\/\\\/secure.gravatar.com\\\/avatar\\\/45c195718f652dc7ffdd591dc1f2678956ab7fdadcd359a635edc61304a8c757?s=96&d=mm&r=g\",\"contentUrl\":\"https:\\\/\\\/secure.gravatar.com\\\/avatar\\\/45c195718f652dc7ffdd591dc1f2678956ab7fdadcd359a635edc61304a8c757?s=96&d=mm&r=g\",\"caption\":\"Oscar\"},\"url\":\"https:\\\/\\\/lagnoticias.com\\\/en\\\/author\\\/oscar\\\/\"}]}<\/script>\n<!-- \/ Yoast SEO plugin. -->","yoast_head_json":{"title":"ANDA concluye la reparaci\u00f3n de tuber\u00eda del Sistema Zona Norte - La G Noticias","robots":{"index":"index","follow":"follow","max-snippet":"max-snippet:-1","max-image-preview":"max-image-preview:large","max-video-preview":"max-video-preview:-1"},"canonical":"https:\/\/lagnoticias.com\/en\/2025\/09\/22\/anda-concluye-la-reparacion-de-tuberia-del-sistema-zona-norte\/","og_locale":"en_US","og_type":"article","og_title":"ANDA concluye la reparaci\u00f3n de tuber\u00eda del Sistema Zona Norte - La G Noticias","og_description":"La Administraci\u00f3n Nacional de Acueductos y Alcantarillados (ANDA) ha trabajado en coordinaci\u00f3n con el Ministerio de Obras P\u00fablicas (MOP) y el Fondo de Conservaci\u00f3n Vial (Fovial) en la reparaci\u00f3n de la tuber\u00eda de 48 pulgadas del Sistema Zona Norte. El presidente de la ANDA, Dagoberto Ar\u00e9valo, inform\u00f3 sobre la finalizaci\u00f3n de los trabajos de reparaci\u00f3n [&hellip;]","og_url":"https:\/\/lagnoticias.com\/en\/2025\/09\/22\/anda-concluye-la-reparacion-de-tuberia-del-sistema-zona-norte\/","og_site_name":"La G Noticias","article_publisher":"https:\/\/www.facebook.com\/LaGNoticias","article_published_time":"2025-09-22T14:50:01+00:00","article_modified_time":"2025-09-23T17:04:42+00:00","og_image":[{"width":1000,"height":679,"url":"https:\/\/lagnoticias.com\/wp-content\/uploads\/2025\/09\/4-23.jpg","type":"image\/jpeg"}],"author":"Oscar","twitter_card":"summary_large_image","twitter_creator":"@lagnoticias","twitter_site":"@lagnoticias","twitter_misc":{"Written by":"Oscar","Est. reading time":"2 minutes"},"schema":{"@context":"https:\/\/schema.org","@graph":[{"@type":"Article","@id":"https:\/\/lagnoticias.com\/2025\/09\/22\/anda-concluye-la-reparacion-de-tuberia-del-sistema-zona-norte\/#article","isPartOf":{"@id":"https:\/\/lagnoticias.com\/2025\/09\/22\/anda-concluye-la-reparacion-de-tuberia-del-sistema-zona-norte\/"},"author":{"name":"Oscar","@id":"https:\/\/lagnoticias.com\/#\/schema\/person\/cb9bfe13f8de05d2c55270be25c6a550"},"headline":"ANDA concluye la reparaci\u00f3n de tuber\u00eda del Sistema Zona Norte","datePublished":"2025-09-22T14:50:01+00:00","dateModified":"2025-09-23T17:04:42+00:00","mainEntityOfPage":{"@id":"https:\/\/lagnoticias.com\/2025\/09\/22\/anda-concluye-la-reparacion-de-tuberia-del-sistema-zona-norte\/"},"wordCount":355,"commentCount":0,"image":{"@id":"https:\/\/lagnoticias.com\/2025\/09\/22\/anda-concluye-la-reparacion-de-tuberia-del-sistema-zona-norte\/#primaryimage"},"thumbnailUrl":"https:\/\/lagnoticias.com\/wp-content\/uploads\/2025\/09\/4-23.jpg","keywords":["AGUA POTABLE","ANDA","\u00c1REA METROPOLITANA DE SAN SALVADOR","EL SALVADOR","REPARACI\u00d3N DE TUBER\u00cdA"],"articleSection":["NACIONALES"],"inLanguage":"en-US","potentialAction":[{"@type":"CommentAction","name":"Comment","target":["https:\/\/lagnoticias.com\/2025\/09\/22\/anda-concluye-la-reparacion-de-tuberia-del-sistema-zona-norte\/#respond"]}]},{"@type":"WebPage","@id":"https:\/\/lagnoticias.com\/2025\/09\/22\/anda-concluye-la-reparacion-de-tuberia-del-sistema-zona-norte\/","url":"https:\/\/lagnoticias.com\/2025\/09\/22\/anda-concluye-la-reparacion-de-tuberia-del-sistema-zona-norte\/","name":"ANDA concluye la reparaci\u00f3n de tuber\u00eda del Sistema Zona Norte - La G Noticias","isPartOf":{"@id":"https:\/\/lagnoticias.com\/#website"},"primaryImageOfPage":{"@id":"https:\/\/lagnoticias.com\/2025\/09\/22\/anda-concluye-la-reparacion-de-tuberia-del-sistema-zona-norte\/#primaryimage"},"image":{"@id":"https:\/\/lagnoticias.com\/2025\/09\/22\/anda-concluye-la-reparacion-de-tuberia-del-sistema-zona-norte\/#primaryimage"},"thumbnailUrl":"https:\/\/lagnoticias.com\/wp-content\/uploads\/2025\/09\/4-23.jpg","datePublished":"2025-09-22T14:50:01+00:00","dateModified":"2025-09-23T17:04:42+00:00","author":{"@id":"https:\/\/lagnoticias.com\/#\/schema\/person\/cb9bfe13f8de05d2c55270be25c6a550"},"breadcrumb":{"@id":"https:\/\/lagnoticias.com\/2025\/09\/22\/anda-concluye-la-reparacion-de-tuberia-del-sistema-zona-norte\/#breadcrumb"},"inLanguage":"en-US","potentialAction":[{"@type":"ReadAction","target":["https:\/\/lagnoticias.com\/2025\/09\/22\/anda-concluye-la-reparacion-de-tuberia-del-sistema-zona-norte\/"]}]},{"@type":"ImageObject","inLanguage":"en-US","@id":"https:\/\/lagnoticias.com\/2025\/09\/22\/anda-concluye-la-reparacion-de-tuberia-del-sistema-zona-norte\/#primaryimage","url":"https:\/\/lagnoticias.com\/wp-content\/uploads\/2025\/09\/4-23.jpg","contentUrl":"https:\/\/lagnoticias.com\/wp-content\/uploads\/2025\/09\/4-23.jpg","width":1000,"height":679},{"@type":"BreadcrumbList","@id":"https:\/\/lagnoticias.com\/2025\/09\/22\/anda-concluye-la-reparacion-de-tuberia-del-sistema-zona-norte\/#breadcrumb","itemListElement":[{"@type":"ListItem","position":1,"name":"Portada","item":"https:\/\/lagnoticias.com\/"},{"@type":"ListItem","position":2,"name":"ANDA concluye la reparaci\u00f3n de tuber\u00eda del Sistema Zona Norte"}]},{"@type":"WebSite","@id":"https:\/\/lagnoticias.com\/#website","url":"https:\/\/lagnoticias.com\/","name":"La G Noticias","description":"Noticias Positivas","potentialAction":[{"@type":"SearchAction","target":{"@type":"EntryPoint","urlTemplate":"https:\/\/lagnoticias.com\/?s={search_term_string}"},"query-input":{"@type":"PropertyValueSpecification","valueRequired":true,"valueName":"search_term_string"}}],"inLanguage":"en-US"},{"@type":"Person","@id":"https:\/\/lagnoticias.com\/#\/schema\/person\/cb9bfe13f8de05d2c55270be25c6a550","name":"Oscar","image":{"@type":"ImageObject","inLanguage":"en-US","@id":"https:\/\/secure.gravatar.com\/avatar\/45c195718f652dc7ffdd591dc1f2678956ab7fdadcd359a635edc61304a8c757?s=96&d=mm&r=g","url":"https:\/\/secure.gravatar.com\/avatar\/45c195718f652dc7ffdd591dc1f2678956ab7fdadcd359a635edc61304a8c757?s=96&d=mm&r=g","contentUrl":"https:\/\/secure.gravatar.com\/avatar\/45c195718f652dc7ffdd591dc1f2678956ab7fdadcd359a635edc61304a8c757?s=96&d=mm&r=g","caption":"Oscar"},"url":"https:\/\/lagnoticias.com\/en\/author\/oscar\/"}]}},"_links":{"self":[{"href":"https:\/\/lagnoticias.com\/en\/wp-json\/wp\/v2\/posts\/5173","targetHints":{"allow":["GET"]}}],"collection":[{"href":"https:\/\/lagnoticias.com\/en\/wp-json\/wp\/v2\/posts"}],"about":[{"href":"https:\/\/lagnoticias.com\/en\/wp-json\/wp\/v2\/types\/post"}],"author":[{"embeddable":true,"href":"https:\/\/lagnoticias.com\/en\/wp-json\/wp\/v2\/users\/2"}],"replies":[{"embeddable":true,"href":"https:\/\/lagnoticias.com\/en\/wp-json\/wp\/v2\/comments?post=5173"}],"version-history":[{"count":2,"href":"https:\/\/lagnoticias.com\/en\/wp-json\/wp\/v2\/posts\/5173\/revisions"}],"predecessor-version":[{"id":5176,"href":"https:\/\/lagnoticias.com\/en\/wp-json\/wp\/v2\/posts\/5173\/revisions\/5176"}],"wp:featuredmedia":[{"embeddable":true,"href":"https:\/\/lagnoticias.com\/en\/wp-json\/wp\/v2\/media\/5174"}],"wp:attachment":[{"href":"https:\/\/lagnoticias.com\/en\/wp-json\/wp\/v2\/media?parent=5173"}],"wp:term":[{"taxonomy":"category","embeddable":true,"href":"https:\/\/lagnoticias.com\/en\/wp-json\/wp\/v2\/categories?post=5173"},{"taxonomy":"post_tag","embeddable":true,"href":"https:\/\/lagnoticias.com\/en\/wp-json\/wp\/v2\/tags?post=5173"}],"curies":[{"name":"wp","href":"https:\/\/api.w.org\/{rel}","templated":true}]}}