{"id":5170,"date":"2025-09-22T08:34:46","date_gmt":"2025-09-22T14:34:46","guid":{"rendered":"https:\/\/lagnoticias.com\/?p=5170"},"modified":"2025-09-23T11:04:47","modified_gmt":"2025-09-23T17:04:47","slug":"condiciones-lluviosas-afectaran-a-guatemala-el-salvador-y-honduras-esta-semana","status":"publish","type":"post","link":"https:\/\/lagnoticias.com\/en\/2025\/09\/22\/condiciones-lluviosas-afectaran-a-guatemala-el-salvador-y-honduras-esta-semana\/","title":{"rendered":"Condiciones lluviosas afectar\u00e1n a Guatemala, El Salvador y Honduras esta semana"},"content":{"rendered":"<p>Los servicios meteorol\u00f3gicos de El Salvador, Guatemala y Honduras&nbsp;anunciaron que la regi\u00f3n continuar\u00e1 bajo la influencia de una&nbsp;onda del Este&nbsp;y una&nbsp;onda tropical, lo que provocar\u00e1&nbsp;lluvias, tormentas el\u00e9ctricas y fuertes vientos&nbsp;durante la semana.<\/p>\n\n\n\n<h2 class=\"wp-block-heading\">El Salvador inicia la semana con ambiente nublado<\/h2>\n\n\n\n<p>El&nbsp;Ministerio de Medio Ambiente de El Salvador&nbsp;advirti\u00f3 sobre un inicio de semana con&nbsp;cielo nublado y lluvias d\u00e9biles en la costa y la cadena volc\u00e1nica.<\/p>\n\n\n\n<p>Por la tarde, se esperan&nbsp;tormentas moderadas a fuertes en la cordillera monta\u00f1osa norte y en la franja volc\u00e1nica. Durante la noche, se prev\u00e9n&nbsp;chubascos y tormentas&nbsp;en la zona norte, sectores de oriente y la franja costera.<\/p>\n\n\n\n<p><\/p>\n\n\n\n<figure class=\"wp-block-embed is-type-rich is-provider-twitter wp-block-embed-twitter\"><div class=\"wp-block-embed__wrapper\">\nhttps:\/\/twitter.com\/MedioAmbienteSV\/status\/1970109748021285104\n<\/div><\/figure>\n\n\n\n<p><\/p>\n\n\n\n<p>El viento oscilar\u00e1 entre&nbsp;10 y 20 km\/h, con r\u00e1fagas de hasta&nbsp;35 km\/h&nbsp;en medio de tormentas. El ambiente se mantendr\u00e1&nbsp;caluroso en el d\u00eda&nbsp;y&nbsp;fresco en la noche y madrugada.<\/p>\n\n\n\n<h2 class=\"wp-block-heading\">Emergencias por lluvias en Guatemala<\/h2>\n\n\n\n<p>En&nbsp;Guatemala, el&nbsp;Instituto Nacional de Sismolog\u00eda, Vulcanolog\u00eda, Meteorolog\u00eda e Hidrolog\u00eda (Insivumeh)&nbsp;inform\u00f3 que se prev\u00e9n&nbsp;lloviznas en la ma\u00f1ana&nbsp;y&nbsp;tormentas en la tarde y noche, acompa\u00f1adas de&nbsp;actividad el\u00e9ctrica y ca\u00edda de granizo&nbsp;en \u00e1reas monta\u00f1osas y volc\u00e1nicas. Las condiciones se mantendr\u00e1n hasta el mi\u00e9rcoles, con una leve disminuci\u00f3n entre jueves y viernes en el&nbsp;centro y sur del pa\u00eds.<\/p>\n\n\n\n<p>La&nbsp;Coordinadora Nacional para la Reducci\u00f3n de Desastres (Conred)&nbsp;ha atendido&nbsp;1,771 incidentes&nbsp;relacionados con la temporada lluviosa desde el 19 de abril, incluyendo&nbsp;inundaciones y deslaves.<\/p>\n\n\n\n<p>Los departamentos m\u00e1s afectados son&nbsp;Alta Verapaz, con 282 emergencias;&nbsp;Guatemala, con 258; y&nbsp;Suchitep\u00e9quez, con 138. En total, las lluvias han dejado&nbsp;25,008 personas afectadas, 4,996 damnificadas, 121 albergadas, 40 heridas, cinco desaparecidas y 45 fallecidas.<\/p>\n\n\n\n<h2 class=\"wp-block-heading\">Honduras mantiene alertas preventivas<\/h2>\n\n\n\n<p>En&nbsp;Honduras, la&nbsp;Comisi\u00f3n Permanente de Contingencias (COPECO)&nbsp;mantiene la&nbsp;Alerta Amarilla en ocho departamentos y en municipios cercanos al r\u00edo Ul\u00faa, debido al riesgo de desbordamientos.<\/p>\n\n\n\n<p>Adem\u00e1s, decret\u00f3&nbsp;Alerta Verde por 24 horas&nbsp;para los departamentos de&nbsp;La Paz, Francisco Moraz\u00e1n y Comayagua. Las autoridades instaron a la poblaci\u00f3n a estar atenta a los informes oficiales y evitar zonas de riesgo.<\/p>\n\n\n\n<h2 class=\"wp-block-heading\">Advertencia regional<\/h2>\n\n\n\n<p>Los tres pa\u00edses mantienen activa la vigilancia meteorol\u00f3gica y llamaron a la poblaci\u00f3n a tomar precauciones por el incremento de lluvias. Las autoridades coinciden en que los pr\u00f3ximos d\u00edas ser\u00e1n decisivos para evaluar el impacto de esta&nbsp;temporada lluviosa en Centroam\u00e9rica.<\/p>\n\n\n\n<p><\/p>\n\n\n\n<p><\/p>\n\n\n\n<p><\/p>\n\n\n\n<p>(CA 360)<\/p>","protected":false},"excerpt":{"rendered":"<p>Los tres pa\u00edses centroamericanos enfrentan pron\u00f3sticos de intensas precipitaciones y tormentas el\u00e9ctricas <\/p>","protected":false},"author":2,"featured_media":5171,"comment_status":"open","ping_status":"open","sticky":false,"template":"","format":"standard","meta":{"_et_pb_use_builder":"off","_et_pb_old_content":"","_et_gb_content_width":"","footnotes":""},"categories":[245],"tags":[263,339,267,452,526],"class_list":["post-5170","post","type-post","status-publish","format-standard","has-post-thumbnail","hentry","category-internacionales","tag-centroamerica","tag-clima","tag-el-salvador","tag-lluvias","tag-onda-tropical"],"yoast_head":"<!-- This site is optimized with the Yoast SEO plugin v27.4 - https:\/\/yoast.com\/product\/yoast-seo-wordpress\/ -->\n<title>Condiciones lluviosas afectar\u00e1n a Guatemala, El Salvador y Honduras esta semana - La G Noticias<\/title>\n<meta name=\"robots\" content=\"index, follow, max-snippet:-1, max-image-preview:large, max-video-preview:-1\" \/>\n<link rel=\"canonical\" href=\"https:\/\/lagnoticias.com\/en\/2025\/09\/22\/condiciones-lluviosas-afectaran-a-guatemala-el-salvador-y-honduras-esta-semana\/\" \/>\n<meta property=\"og:locale\" content=\"en_US\" \/>\n<meta property=\"og:type\" content=\"article\" \/>\n<meta property=\"og:title\" content=\"Condiciones lluviosas afectar\u00e1n a Guatemala, El Salvador y Honduras esta semana - La G Noticias\" \/>\n<meta property=\"og:description\" content=\"Los tres pa\u00edses centroamericanos enfrentan pron\u00f3sticos de intensas precipitaciones y tormentas el\u00e9ctricas\" \/>\n<meta property=\"og:url\" content=\"https:\/\/lagnoticias.com\/en\/2025\/09\/22\/condiciones-lluviosas-afectaran-a-guatemala-el-salvador-y-honduras-esta-semana\/\" \/>\n<meta property=\"og:site_name\" content=\"La G Noticias\" \/>\n<meta property=\"article:publisher\" content=\"https:\/\/www.facebook.com\/LaGNoticias\" \/>\n<meta property=\"article:published_time\" content=\"2025-09-22T14:34:46+00:00\" \/>\n<meta property=\"article:modified_time\" content=\"2025-09-23T17:04:47+00:00\" \/>\n<meta property=\"og:image\" content=\"https:\/\/lagnoticias.com\/wp-content\/uploads\/2025\/09\/1-16.jpg\" \/>\n\t<meta property=\"og:image:width\" content=\"1280\" \/>\n\t<meta property=\"og:image:height\" content=\"853\" \/>\n\t<meta property=\"og:image:type\" content=\"image\/jpeg\" \/>\n<meta name=\"author\" content=\"Oscar\" \/>\n<meta name=\"twitter:card\" content=\"summary_large_image\" \/>\n<meta name=\"twitter:creator\" content=\"@lagnoticias\" \/>\n<meta name=\"twitter:site\" content=\"@lagnoticias\" \/>\n<meta name=\"twitter:label1\" content=\"Written by\" \/>\n\t<meta name=\"twitter:data1\" content=\"Oscar\" \/>\n\t<meta name=\"twitter:label2\" content=\"Est. reading time\" \/>\n\t<meta name=\"twitter:data2\" content=\"2 minutes\" \/>\n<script type=\"application\/ld+json\" class=\"yoast-schema-graph\">{\"@context\":\"https:\\\/\\\/schema.org\",\"@graph\":[{\"@type\":\"Article\",\"@id\":\"https:\\\/\\\/lagnoticias.com\\\/2025\\\/09\\\/22\\\/condiciones-lluviosas-afectaran-a-guatemala-el-salvador-y-honduras-esta-semana\\\/#article\",\"isPartOf\":{\"@id\":\"https:\\\/\\\/lagnoticias.com\\\/2025\\\/09\\\/22\\\/condiciones-lluviosas-afectaran-a-guatemala-el-salvador-y-honduras-esta-semana\\\/\"},\"author\":{\"name\":\"Oscar\",\"@id\":\"https:\\\/\\\/lagnoticias.com\\\/#\\\/schema\\\/person\\\/cb9bfe13f8de05d2c55270be25c6a550\"},\"headline\":\"Condiciones lluviosas afectar\u00e1n a Guatemala, El Salvador y Honduras esta semana\",\"datePublished\":\"2025-09-22T14:34:46+00:00\",\"dateModified\":\"2025-09-23T17:04:47+00:00\",\"mainEntityOfPage\":{\"@id\":\"https:\\\/\\\/lagnoticias.com\\\/2025\\\/09\\\/22\\\/condiciones-lluviosas-afectaran-a-guatemala-el-salvador-y-honduras-esta-semana\\\/\"},\"wordCount\":475,\"commentCount\":0,\"image\":{\"@id\":\"https:\\\/\\\/lagnoticias.com\\\/2025\\\/09\\\/22\\\/condiciones-lluviosas-afectaran-a-guatemala-el-salvador-y-honduras-esta-semana\\\/#primaryimage\"},\"thumbnailUrl\":\"https:\\\/\\\/lagnoticias.com\\\/wp-content\\\/uploads\\\/2025\\\/09\\\/1-16.jpg\",\"keywords\":[\"CENTROAM\u00c9RICA\",\"CLIMA\",\"EL SALVADOR\",\"LLUVIAS\",\"ONDA TROPICAL\"],\"articleSection\":[\"INTERNACIONALES\"],\"inLanguage\":\"en-US\",\"potentialAction\":[{\"@type\":\"CommentAction\",\"name\":\"Comment\",\"target\":[\"https:\\\/\\\/lagnoticias.com\\\/2025\\\/09\\\/22\\\/condiciones-lluviosas-afectaran-a-guatemala-el-salvador-y-honduras-esta-semana\\\/#respond\"]}]},{\"@type\":\"WebPage\",\"@id\":\"https:\\\/\\\/lagnoticias.com\\\/2025\\\/09\\\/22\\\/condiciones-lluviosas-afectaran-a-guatemala-el-salvador-y-honduras-esta-semana\\\/\",\"url\":\"https:\\\/\\\/lagnoticias.com\\\/2025\\\/09\\\/22\\\/condiciones-lluviosas-afectaran-a-guatemala-el-salvador-y-honduras-esta-semana\\\/\",\"name\":\"Condiciones lluviosas afectar\u00e1n a Guatemala, El Salvador y Honduras esta semana - La G Noticias\",\"isPartOf\":{\"@id\":\"https:\\\/\\\/lagnoticias.com\\\/#website\"},\"primaryImageOfPage\":{\"@id\":\"https:\\\/\\\/lagnoticias.com\\\/2025\\\/09\\\/22\\\/condiciones-lluviosas-afectaran-a-guatemala-el-salvador-y-honduras-esta-semana\\\/#primaryimage\"},\"image\":{\"@id\":\"https:\\\/\\\/lagnoticias.com\\\/2025\\\/09\\\/22\\\/condiciones-lluviosas-afectaran-a-guatemala-el-salvador-y-honduras-esta-semana\\\/#primaryimage\"},\"thumbnailUrl\":\"https:\\\/\\\/lagnoticias.com\\\/wp-content\\\/uploads\\\/2025\\\/09\\\/1-16.jpg\",\"datePublished\":\"2025-09-22T14:34:46+00:00\",\"dateModified\":\"2025-09-23T17:04:47+00:00\",\"author\":{\"@id\":\"https:\\\/\\\/lagnoticias.com\\\/#\\\/schema\\\/person\\\/cb9bfe13f8de05d2c55270be25c6a550\"},\"breadcrumb\":{\"@id\":\"https:\\\/\\\/lagnoticias.com\\\/2025\\\/09\\\/22\\\/condiciones-lluviosas-afectaran-a-guatemala-el-salvador-y-honduras-esta-semana\\\/#breadcrumb\"},\"inLanguage\":\"en-US\",\"potentialAction\":[{\"@type\":\"ReadAction\",\"target\":[\"https:\\\/\\\/lagnoticias.com\\\/2025\\\/09\\\/22\\\/condiciones-lluviosas-afectaran-a-guatemala-el-salvador-y-honduras-esta-semana\\\/\"]}]},{\"@type\":\"ImageObject\",\"inLanguage\":\"en-US\",\"@id\":\"https:\\\/\\\/lagnoticias.com\\\/2025\\\/09\\\/22\\\/condiciones-lluviosas-afectaran-a-guatemala-el-salvador-y-honduras-esta-semana\\\/#primaryimage\",\"url\":\"https:\\\/\\\/lagnoticias.com\\\/wp-content\\\/uploads\\\/2025\\\/09\\\/1-16.jpg\",\"contentUrl\":\"https:\\\/\\\/lagnoticias.com\\\/wp-content\\\/uploads\\\/2025\\\/09\\\/1-16.jpg\",\"width\":1280,\"height\":853},{\"@type\":\"BreadcrumbList\",\"@id\":\"https:\\\/\\\/lagnoticias.com\\\/2025\\\/09\\\/22\\\/condiciones-lluviosas-afectaran-a-guatemala-el-salvador-y-honduras-esta-semana\\\/#breadcrumb\",\"itemListElement\":[{\"@type\":\"ListItem\",\"position\":1,\"name\":\"Portada\",\"item\":\"https:\\\/\\\/lagnoticias.com\\\/\"},{\"@type\":\"ListItem\",\"position\":2,\"name\":\"Condiciones lluviosas afectar\u00e1n a Guatemala, El Salvador y Honduras esta semana\"}]},{\"@type\":\"WebSite\",\"@id\":\"https:\\\/\\\/lagnoticias.com\\\/#website\",\"url\":\"https:\\\/\\\/lagnoticias.com\\\/\",\"name\":\"La G Noticias\",\"description\":\"Noticias Positivas\",\"potentialAction\":[{\"@type\":\"SearchAction\",\"target\":{\"@type\":\"EntryPoint\",\"urlTemplate\":\"https:\\\/\\\/lagnoticias.com\\\/?s={search_term_string}\"},\"query-input\":{\"@type\":\"PropertyValueSpecification\",\"valueRequired\":true,\"valueName\":\"search_term_string\"}}],\"inLanguage\":\"en-US\"},{\"@type\":\"Person\",\"@id\":\"https:\\\/\\\/lagnoticias.com\\\/#\\\/schema\\\/person\\\/cb9bfe13f8de05d2c55270be25c6a550\",\"name\":\"Oscar\",\"image\":{\"@type\":\"ImageObject\",\"inLanguage\":\"en-US\",\"@id\":\"https:\\\/\\\/secure.gravatar.com\\\/avatar\\\/45c195718f652dc7ffdd591dc1f2678956ab7fdadcd359a635edc61304a8c757?s=96&d=mm&r=g\",\"url\":\"https:\\\/\\\/secure.gravatar.com\\\/avatar\\\/45c195718f652dc7ffdd591dc1f2678956ab7fdadcd359a635edc61304a8c757?s=96&d=mm&r=g\",\"contentUrl\":\"https:\\\/\\\/secure.gravatar.com\\\/avatar\\\/45c195718f652dc7ffdd591dc1f2678956ab7fdadcd359a635edc61304a8c757?s=96&d=mm&r=g\",\"caption\":\"Oscar\"},\"url\":\"https:\\\/\\\/lagnoticias.com\\\/en\\\/author\\\/oscar\\\/\"}]}<\/script>\n<!-- \/ Yoast SEO plugin. -->","yoast_head_json":{"title":"Condiciones lluviosas afectar\u00e1n a Guatemala, El Salvador y Honduras esta semana - La G Noticias","robots":{"index":"index","follow":"follow","max-snippet":"max-snippet:-1","max-image-preview":"max-image-preview:large","max-video-preview":"max-video-preview:-1"},"canonical":"https:\/\/lagnoticias.com\/en\/2025\/09\/22\/condiciones-lluviosas-afectaran-a-guatemala-el-salvador-y-honduras-esta-semana\/","og_locale":"en_US","og_type":"article","og_title":"Condiciones lluviosas afectar\u00e1n a Guatemala, El Salvador y Honduras esta semana - La G Noticias","og_description":"Los tres pa\u00edses centroamericanos enfrentan pron\u00f3sticos de intensas precipitaciones y tormentas el\u00e9ctricas","og_url":"https:\/\/lagnoticias.com\/en\/2025\/09\/22\/condiciones-lluviosas-afectaran-a-guatemala-el-salvador-y-honduras-esta-semana\/","og_site_name":"La G Noticias","article_publisher":"https:\/\/www.facebook.com\/LaGNoticias","article_published_time":"2025-09-22T14:34:46+00:00","article_modified_time":"2025-09-23T17:04:47+00:00","og_image":[{"width":1280,"height":853,"url":"https:\/\/lagnoticias.com\/wp-content\/uploads\/2025\/09\/1-16.jpg","type":"image\/jpeg"}],"author":"Oscar","twitter_card":"summary_large_image","twitter_creator":"@lagnoticias","twitter_site":"@lagnoticias","twitter_misc":{"Written by":"Oscar","Est. reading time":"2 minutes"},"schema":{"@context":"https:\/\/schema.org","@graph":[{"@type":"Article","@id":"https:\/\/lagnoticias.com\/2025\/09\/22\/condiciones-lluviosas-afectaran-a-guatemala-el-salvador-y-honduras-esta-semana\/#article","isPartOf":{"@id":"https:\/\/lagnoticias.com\/2025\/09\/22\/condiciones-lluviosas-afectaran-a-guatemala-el-salvador-y-honduras-esta-semana\/"},"author":{"name":"Oscar","@id":"https:\/\/lagnoticias.com\/#\/schema\/person\/cb9bfe13f8de05d2c55270be25c6a550"},"headline":"Condiciones lluviosas afectar\u00e1n a Guatemala, El Salvador y Honduras esta semana","datePublished":"2025-09-22T14:34:46+00:00","dateModified":"2025-09-23T17:04:47+00:00","mainEntityOfPage":{"@id":"https:\/\/lagnoticias.com\/2025\/09\/22\/condiciones-lluviosas-afectaran-a-guatemala-el-salvador-y-honduras-esta-semana\/"},"wordCount":475,"commentCount":0,"image":{"@id":"https:\/\/lagnoticias.com\/2025\/09\/22\/condiciones-lluviosas-afectaran-a-guatemala-el-salvador-y-honduras-esta-semana\/#primaryimage"},"thumbnailUrl":"https:\/\/lagnoticias.com\/wp-content\/uploads\/2025\/09\/1-16.jpg","keywords":["CENTROAM\u00c9RICA","CLIMA","EL SALVADOR","LLUVIAS","ONDA TROPICAL"],"articleSection":["INTERNACIONALES"],"inLanguage":"en-US","potentialAction":[{"@type":"CommentAction","name":"Comment","target":["https:\/\/lagnoticias.com\/2025\/09\/22\/condiciones-lluviosas-afectaran-a-guatemala-el-salvador-y-honduras-esta-semana\/#respond"]}]},{"@type":"WebPage","@id":"https:\/\/lagnoticias.com\/2025\/09\/22\/condiciones-lluviosas-afectaran-a-guatemala-el-salvador-y-honduras-esta-semana\/","url":"https:\/\/lagnoticias.com\/2025\/09\/22\/condiciones-lluviosas-afectaran-a-guatemala-el-salvador-y-honduras-esta-semana\/","name":"Condiciones lluviosas afectar\u00e1n a Guatemala, El Salvador y Honduras esta semana - La G Noticias","isPartOf":{"@id":"https:\/\/lagnoticias.com\/#website"},"primaryImageOfPage":{"@id":"https:\/\/lagnoticias.com\/2025\/09\/22\/condiciones-lluviosas-afectaran-a-guatemala-el-salvador-y-honduras-esta-semana\/#primaryimage"},"image":{"@id":"https:\/\/lagnoticias.com\/2025\/09\/22\/condiciones-lluviosas-afectaran-a-guatemala-el-salvador-y-honduras-esta-semana\/#primaryimage"},"thumbnailUrl":"https:\/\/lagnoticias.com\/wp-content\/uploads\/2025\/09\/1-16.jpg","datePublished":"2025-09-22T14:34:46+00:00","dateModified":"2025-09-23T17:04:47+00:00","author":{"@id":"https:\/\/lagnoticias.com\/#\/schema\/person\/cb9bfe13f8de05d2c55270be25c6a550"},"breadcrumb":{"@id":"https:\/\/lagnoticias.com\/2025\/09\/22\/condiciones-lluviosas-afectaran-a-guatemala-el-salvador-y-honduras-esta-semana\/#breadcrumb"},"inLanguage":"en-US","potentialAction":[{"@type":"ReadAction","target":["https:\/\/lagnoticias.com\/2025\/09\/22\/condiciones-lluviosas-afectaran-a-guatemala-el-salvador-y-honduras-esta-semana\/"]}]},{"@type":"ImageObject","inLanguage":"en-US","@id":"https:\/\/lagnoticias.com\/2025\/09\/22\/condiciones-lluviosas-afectaran-a-guatemala-el-salvador-y-honduras-esta-semana\/#primaryimage","url":"https:\/\/lagnoticias.com\/wp-content\/uploads\/2025\/09\/1-16.jpg","contentUrl":"https:\/\/lagnoticias.com\/wp-content\/uploads\/2025\/09\/1-16.jpg","width":1280,"height":853},{"@type":"BreadcrumbList","@id":"https:\/\/lagnoticias.com\/2025\/09\/22\/condiciones-lluviosas-afectaran-a-guatemala-el-salvador-y-honduras-esta-semana\/#breadcrumb","itemListElement":[{"@type":"ListItem","position":1,"name":"Portada","item":"https:\/\/lagnoticias.com\/"},{"@type":"ListItem","position":2,"name":"Condiciones lluviosas afectar\u00e1n a Guatemala, El Salvador y Honduras esta semana"}]},{"@type":"WebSite","@id":"https:\/\/lagnoticias.com\/#website","url":"https:\/\/lagnoticias.com\/","name":"La G Noticias","description":"Noticias Positivas","potentialAction":[{"@type":"SearchAction","target":{"@type":"EntryPoint","urlTemplate":"https:\/\/lagnoticias.com\/?s={search_term_string}"},"query-input":{"@type":"PropertyValueSpecification","valueRequired":true,"valueName":"search_term_string"}}],"inLanguage":"en-US"},{"@type":"Person","@id":"https:\/\/lagnoticias.com\/#\/schema\/person\/cb9bfe13f8de05d2c55270be25c6a550","name":"Oscar","image":{"@type":"ImageObject","inLanguage":"en-US","@id":"https:\/\/secure.gravatar.com\/avatar\/45c195718f652dc7ffdd591dc1f2678956ab7fdadcd359a635edc61304a8c757?s=96&d=mm&r=g","url":"https:\/\/secure.gravatar.com\/avatar\/45c195718f652dc7ffdd591dc1f2678956ab7fdadcd359a635edc61304a8c757?s=96&d=mm&r=g","contentUrl":"https:\/\/secure.gravatar.com\/avatar\/45c195718f652dc7ffdd591dc1f2678956ab7fdadcd359a635edc61304a8c757?s=96&d=mm&r=g","caption":"Oscar"},"url":"https:\/\/lagnoticias.com\/en\/author\/oscar\/"}]}},"_links":{"self":[{"href":"https:\/\/lagnoticias.com\/en\/wp-json\/wp\/v2\/posts\/5170","targetHints":{"allow":["GET"]}}],"collection":[{"href":"https:\/\/lagnoticias.com\/en\/wp-json\/wp\/v2\/posts"}],"about":[{"href":"https:\/\/lagnoticias.com\/en\/wp-json\/wp\/v2\/types\/post"}],"author":[{"embeddable":true,"href":"https:\/\/lagnoticias.com\/en\/wp-json\/wp\/v2\/users\/2"}],"replies":[{"embeddable":true,"href":"https:\/\/lagnoticias.com\/en\/wp-json\/wp\/v2\/comments?post=5170"}],"version-history":[{"count":1,"href":"https:\/\/lagnoticias.com\/en\/wp-json\/wp\/v2\/posts\/5170\/revisions"}],"predecessor-version":[{"id":5172,"href":"https:\/\/lagnoticias.com\/en\/wp-json\/wp\/v2\/posts\/5170\/revisions\/5172"}],"wp:featuredmedia":[{"embeddable":true,"href":"https:\/\/lagnoticias.com\/en\/wp-json\/wp\/v2\/media\/5171"}],"wp:attachment":[{"href":"https:\/\/lagnoticias.com\/en\/wp-json\/wp\/v2\/media?parent=5170"}],"wp:term":[{"taxonomy":"category","embeddable":true,"href":"https:\/\/lagnoticias.com\/en\/wp-json\/wp\/v2\/categories?post=5170"},{"taxonomy":"post_tag","embeddable":true,"href":"https:\/\/lagnoticias.com\/en\/wp-json\/wp\/v2\/tags?post=5170"}],"curies":[{"name":"wp","href":"https:\/\/api.w.org\/{rel}","templated":true}]}}