{"id":5155,"date":"2025-09-20T13:23:21","date_gmt":"2025-09-20T19:23:21","guid":{"rendered":"https:\/\/lagnoticias.com\/?p=5155"},"modified":"2025-09-22T11:01:00","modified_gmt":"2025-09-22T17:01:00","slug":"confirman-que-the-batman-part-ii%e2%80%b3-tendra-un-villano-nunca-antes-visto-en-el-cine","status":"publish","type":"post","link":"https:\/\/lagnoticias.com\/en\/2025\/09\/20\/confirman-que-the-batman-part-ii%e2%80%b3-tendra-un-villano-nunca-antes-visto-en-el-cine\/","title":{"rendered":"Confirman que \u201cThe Batman: Part II\u2033 tendr\u00e1 un villano nunca antes visto en el cine"},"content":{"rendered":"<p>La secuela de&nbsp;\u201cThe Batman\u201d&nbsp;(2022), dirigida por Matt Reeves&nbsp;y protagonizada por&nbsp;Robert Pattinson,&nbsp;comienza a generar gran expectativa tras una revelaci\u00f3n clave. El cineasta confirm\u00f3 que el antagonista de esta nueva entrega ser\u00e1 un personaje que&nbsp;nunca antes ha aparecido en una pel\u00edcula live-action del Caballero Oscuro.<\/p>\n\n\n\n<p>Este anuncio marca un cambio significativo en la saga, que&nbsp;busca alejarse de villanos cl\u00e1sicos&nbsp;ya vistos en m\u00faltiples adaptaciones como el&nbsp;Joker, el Ping\u00fcino, el Acertijo, Dos Caras o Bane,&nbsp;para abrir paso a nuevas posibilidades dentro del vasto universo de los c\u00f3mics.<\/p>\n\n\n\n<h2 class=\"wp-block-heading\">La confirmaci\u00f3n de Matt Reeves<\/h2>\n\n\n\n<p>Durante una entrevista en la alfombra roja de los&nbsp;Premios Emmy&nbsp;con el periodista Josh Horowitz, Reeves explic\u00f3 que la decisi\u00f3n de elegir a un villano in\u00e9dito est\u00e1 ligada al enfoque que tendr\u00e1 la secuela: profundizar en la psicolog\u00eda de Bruce Wayne m\u00e1s all\u00e1 de su faceta como Batman.<\/p>\n\n\n\n<p>\u201cLa primera [pel\u00edcula] est\u00e1 tan enfocada en Batman\u2026 Nunca quise perder a Robert Pattinson en el centro de estas historias, y ese es realmente nuestro objetivo\u201d\u2014 Matt Reeves.<\/p>\n\n\n\n<p>Adem\u00e1s, agreg\u00f3 que la elecci\u00f3n del antagonista&nbsp;fue clave&nbsp;para explorar los or\u00edgenes y&nbsp;la vida personal de Bruce Wayne&nbsp;de una manera distinta:<\/p>\n\n\n\n<p>\u201cElegir al villano correcto que profundice en su pasado y su vida fue lo que impuls\u00f3 esa discusi\u00f3n. No te dir\u00e9 d\u00f3nde terminamos, pero estamos s\u00faper emocionados. Y dir\u00e9 que nunca realmente ha sido hecho en una pel\u00edcula antes\u201d\u2014 Matt Reeves.<\/p>\n\n\n\n<p>Reeves tambi\u00e9n confes\u00f3 que el guion fue trabajado junto a Mattson Tomlin tras una exhaustiva investigaci\u00f3n en los c\u00f3mics, y que el proyecto se mantiene bajo extrema confidencialidad, al grado de resguardar el libreto en una \u201cbolsa secreta con candado y c\u00f3digo\u201d.<\/p>\n\n\n\n<h2 class=\"wp-block-heading\">\u00bfQu\u00e9 villanos quedan descartados?<\/h2>\n\n\n\n<p>Con esta declaraci\u00f3n, los seguidores pueden dar por hecho que los antagonistas m\u00e1s populares y recurrentes en el cine no regresar\u00e1n:<\/p>\n\n\n\n<ul class=\"wp-block-list\">\n<li>Joker<\/li>\n\n\n\n<li>El Ping\u00fcino<\/li>\n\n\n\n<li>El Acertijo<\/li>\n\n\n\n<li>Bane<\/li>\n\n\n\n<li>Dos Caras<\/li>\n\n\n\n<li>Espantap\u00e1jaros<\/li>\n<\/ul>\n\n\n\n<p>Incluso personajes que ya forman parte del universo extendido de Reeves, como&nbsp;Sof\u00eda Falcone&nbsp;(Cristin Milioti en \u201cThe Penguin\u201d), no aparecer\u00e1n en la secuela, con el fin de no alterar la narrativa central.<\/p>\n\n\n\n<h2 class=\"wp-block-heading\">Los villanos que podr\u00edan llegar a \u201cThe Batman 2\u2033<\/h2>\n\n\n\n<p>El abanico de posibilidades se abre hacia personajes que, aunque muy populares en los c\u00f3mics, nunca han tenido una adaptaci\u00f3n live-action en el cine. Entre los candidatos m\u00e1s comentados por medios especializados y fans destacan:<\/p>\n\n\n\n<p>Hush (Tommy Elliot):<\/p>\n\n\n\n<ol class=\"wp-block-list\">\n<li>Creado en 2003 por Jeph Loeb y Jim Lee.<\/li>\n\n\n\n<li>Amigo de la infancia de Bruce Wayne que se convierte en villano buscando venganza.<\/li>\n\n\n\n<li>Su historia est\u00e1 profundamente conectada con el origen del h\u00e9roe, lo que encaja con la intenci\u00f3n de Reeves de explorar el pasado de Wayne.<\/li>\n<\/ol>\n\n\n\n<p>La Corte de los B\u00fahos (The Court of Owls):<\/p>\n\n\n\n<ol class=\"wp-block-list\">\n<li>Introducida en 2011 por Scott Snyder y Greg Capullo.<\/li>\n\n\n\n<li>Es una sociedad secreta que ha controlado Gotham desde las sombras durante siglos.<\/li>\n\n\n\n<li>Su presencia ofrecer\u00eda un tono conspirativo y oscuro, ideal para el estilo noir que caracteriza a Reeves.<\/li>\n<\/ol>\n\n\n\n<p>Hugo Strange:<\/p>\n\n\n\n<ol class=\"wp-block-list\">\n<li>Uno de los villanos m\u00e1s antiguos de Batman, creado en 1940.<\/li>\n\n\n\n<li>Psiquiatra obsesionado con descubrir la identidad del superh\u00e9roe.<\/li>\n\n\n\n<li>Su enfoque psicol\u00f3gico podr\u00eda aportar una dimensi\u00f3n in\u00e9dita al personaje, llev\u00e1ndolo a enfrentar sus traumas m\u00e1s profundos.<\/li>\n<\/ol>\n\n\n\n<p>Una de las claves de esta nueva entrega ser\u00e1&nbsp;el retrato m\u00e1s \u00edntimo de Bruce Wayne.&nbsp;Reeves recalc\u00f3 que, aunque la primera pel\u00edcula explor\u00f3 al vigilante enmascarado,&nbsp;la secuela se adentrar\u00e1 en el hombre detr\u00e1s del h\u00e9roe, mostrando aspectos de su vida personal que rara vez han tenido protagonismo en pantalla.<\/p>\n\n\n\n<p>Este matiz abre la puerta a un villano que no s\u00f3lo represente una amenaza f\u00edsica, sino que confronte directamente la mente y el pasado del protagonista.<\/p>\n\n\n\n<h2 class=\"wp-block-heading\">Fecha de estreno<\/h2>\n\n\n\n<p>Warner Bros. confirm\u00f3 que&nbsp;\u201cThe Batman: Part II\u201d&nbsp;comenzar\u00e1 rodaje en la primavera de 2026 y llegar\u00e1 a los cines el&nbsp;1 de octubre de 2027.<\/p>\n\n\n\n<p>El largo tiempo de producci\u00f3n responde&nbsp;al cuidado que Reeves ha puesto en construir un universo s\u00f3lido, donde cada detalle est\u00e1 medido y protegido. Por ello, las expectativas alrededor del nuevo villano son alt\u00edsimas, pues se espera que su introducci\u00f3n marque un antes y un despu\u00e9s en la historia cinematogr\u00e1fica del Caballero Oscuro.<\/p>","protected":false},"excerpt":{"rendered":"<p>La secuela de&nbsp;\u201cThe Batman\u201d&nbsp;(2022), dirigida por Matt Reeves&nbsp;y protagonizada por&nbsp;Robert Pattinson,&nbsp;comienza a generar gran expectativa tras una revelaci\u00f3n clave. El cineasta confirm\u00f3 que el antagonista de esta nueva entrega ser\u00e1 un personaje que&nbsp;nunca antes ha aparecido en una pel\u00edcula live-action del Caballero Oscuro. Este anuncio marca un cambio significativo en la saga, que&nbsp;busca alejarse de [&hellip;]<\/p>","protected":false},"author":2,"featured_media":5156,"comment_status":"open","ping_status":"open","sticky":false,"template":"","format":"standard","meta":{"_et_pb_use_builder":"off","_et_pb_old_content":"","_et_gb_content_width":"","footnotes":""},"categories":[249],"tags":[447,308,1041,1042],"class_list":["post-5155","post","type-post","status-publish","format-standard","has-post-thumbnail","hentry","category-entretenimiento","tag-cine","tag-pelicula","tag-the-batman","tag-the-batman-part-ii"],"yoast_head":"<!-- This site is optimized with the Yoast SEO plugin v27.4 - https:\/\/yoast.com\/product\/yoast-seo-wordpress\/ -->\n<title>Confirman que \u201cThe Batman: Part II\u2033 tendr\u00e1 un villano nunca antes visto en el cine - La G Noticias<\/title>\n<meta name=\"robots\" content=\"index, follow, max-snippet:-1, max-image-preview:large, max-video-preview:-1\" \/>\n<link rel=\"canonical\" href=\"https:\/\/lagnoticias.com\/en\/2025\/09\/20\/confirman-que-the-batman-part-ii\u2033-tendra-un-villano-nunca-antes-visto-en-el-cine\/\" \/>\n<meta property=\"og:locale\" content=\"en_US\" \/>\n<meta property=\"og:type\" content=\"article\" \/>\n<meta property=\"og:title\" content=\"Confirman que \u201cThe Batman: Part II\u2033 tendr\u00e1 un villano nunca antes visto en el cine - La G Noticias\" \/>\n<meta property=\"og:description\" content=\"La secuela de&nbsp;\u201cThe Batman\u201d&nbsp;(2022), dirigida por Matt Reeves&nbsp;y protagonizada por&nbsp;Robert Pattinson,&nbsp;comienza a generar gran expectativa tras una revelaci\u00f3n clave. El cineasta confirm\u00f3 que el antagonista de esta nueva entrega ser\u00e1 un personaje que&nbsp;nunca antes ha aparecido en una pel\u00edcula live-action del Caballero Oscuro. Este anuncio marca un cambio significativo en la saga, que&nbsp;busca alejarse de [&hellip;]\" \/>\n<meta property=\"og:url\" content=\"https:\/\/lagnoticias.com\/en\/2025\/09\/20\/confirman-que-the-batman-part-ii\u2033-tendra-un-villano-nunca-antes-visto-en-el-cine\/\" \/>\n<meta property=\"og:site_name\" content=\"La G Noticias\" \/>\n<meta property=\"article:publisher\" content=\"https:\/\/www.facebook.com\/LaGNoticias\" \/>\n<meta property=\"article:published_time\" content=\"2025-09-20T19:23:21+00:00\" \/>\n<meta property=\"article:modified_time\" content=\"2025-09-22T17:01:00+00:00\" \/>\n<meta property=\"og:image\" content=\"https:\/\/lagnoticias.com\/wp-content\/uploads\/2025\/09\/9-14.jpg\" \/>\n\t<meta property=\"og:image:width\" content=\"1200\" \/>\n\t<meta property=\"og:image:height\" content=\"678\" \/>\n\t<meta property=\"og:image:type\" content=\"image\/jpeg\" \/>\n<meta name=\"author\" content=\"Oscar\" \/>\n<meta name=\"twitter:card\" content=\"summary_large_image\" \/>\n<meta name=\"twitter:creator\" content=\"@lagnoticias\" \/>\n<meta name=\"twitter:site\" content=\"@lagnoticias\" \/>\n<meta name=\"twitter:label1\" content=\"Written by\" \/>\n\t<meta name=\"twitter:data1\" content=\"Oscar\" \/>\n\t<meta name=\"twitter:label2\" content=\"Est. reading time\" \/>\n\t<meta name=\"twitter:data2\" content=\"4 minutes\" \/>\n<script type=\"application\/ld+json\" class=\"yoast-schema-graph\">{\"@context\":\"https:\\\/\\\/schema.org\",\"@graph\":[{\"@type\":\"Article\",\"@id\":\"https:\\\/\\\/lagnoticias.com\\\/2025\\\/09\\\/20\\\/confirman-que-the-batman-part-ii%e2%80%b3-tendra-un-villano-nunca-antes-visto-en-el-cine\\\/#article\",\"isPartOf\":{\"@id\":\"https:\\\/\\\/lagnoticias.com\\\/2025\\\/09\\\/20\\\/confirman-que-the-batman-part-ii%e2%80%b3-tendra-un-villano-nunca-antes-visto-en-el-cine\\\/\"},\"author\":{\"name\":\"Oscar\",\"@id\":\"https:\\\/\\\/lagnoticias.com\\\/#\\\/schema\\\/person\\\/cb9bfe13f8de05d2c55270be25c6a550\"},\"headline\":\"Confirman que \u201cThe Batman: Part II\u2033 tendr\u00e1 un villano nunca antes visto en el cine\",\"datePublished\":\"2025-09-20T19:23:21+00:00\",\"dateModified\":\"2025-09-22T17:01:00+00:00\",\"mainEntityOfPage\":{\"@id\":\"https:\\\/\\\/lagnoticias.com\\\/2025\\\/09\\\/20\\\/confirman-que-the-batman-part-ii%e2%80%b3-tendra-un-villano-nunca-antes-visto-en-el-cine\\\/\"},\"wordCount\":778,\"commentCount\":0,\"image\":{\"@id\":\"https:\\\/\\\/lagnoticias.com\\\/2025\\\/09\\\/20\\\/confirman-que-the-batman-part-ii%e2%80%b3-tendra-un-villano-nunca-antes-visto-en-el-cine\\\/#primaryimage\"},\"thumbnailUrl\":\"https:\\\/\\\/lagnoticias.com\\\/wp-content\\\/uploads\\\/2025\\\/09\\\/9-14.jpg\",\"keywords\":[\"CINE\",\"PEL\u00cdCULA\",\"THE BATMAN\",\"THE BATMAN: PART II\"],\"articleSection\":[\"ENTRETENIMIENTO\"],\"inLanguage\":\"en-US\",\"potentialAction\":[{\"@type\":\"CommentAction\",\"name\":\"Comment\",\"target\":[\"https:\\\/\\\/lagnoticias.com\\\/2025\\\/09\\\/20\\\/confirman-que-the-batman-part-ii%e2%80%b3-tendra-un-villano-nunca-antes-visto-en-el-cine\\\/#respond\"]}]},{\"@type\":\"WebPage\",\"@id\":\"https:\\\/\\\/lagnoticias.com\\\/2025\\\/09\\\/20\\\/confirman-que-the-batman-part-ii%e2%80%b3-tendra-un-villano-nunca-antes-visto-en-el-cine\\\/\",\"url\":\"https:\\\/\\\/lagnoticias.com\\\/2025\\\/09\\\/20\\\/confirman-que-the-batman-part-ii%e2%80%b3-tendra-un-villano-nunca-antes-visto-en-el-cine\\\/\",\"name\":\"Confirman que \u201cThe Batman: Part II\u2033 tendr\u00e1 un villano nunca antes visto en el cine - La G Noticias\",\"isPartOf\":{\"@id\":\"https:\\\/\\\/lagnoticias.com\\\/#website\"},\"primaryImageOfPage\":{\"@id\":\"https:\\\/\\\/lagnoticias.com\\\/2025\\\/09\\\/20\\\/confirman-que-the-batman-part-ii%e2%80%b3-tendra-un-villano-nunca-antes-visto-en-el-cine\\\/#primaryimage\"},\"image\":{\"@id\":\"https:\\\/\\\/lagnoticias.com\\\/2025\\\/09\\\/20\\\/confirman-que-the-batman-part-ii%e2%80%b3-tendra-un-villano-nunca-antes-visto-en-el-cine\\\/#primaryimage\"},\"thumbnailUrl\":\"https:\\\/\\\/lagnoticias.com\\\/wp-content\\\/uploads\\\/2025\\\/09\\\/9-14.jpg\",\"datePublished\":\"2025-09-20T19:23:21+00:00\",\"dateModified\":\"2025-09-22T17:01:00+00:00\",\"author\":{\"@id\":\"https:\\\/\\\/lagnoticias.com\\\/#\\\/schema\\\/person\\\/cb9bfe13f8de05d2c55270be25c6a550\"},\"breadcrumb\":{\"@id\":\"https:\\\/\\\/lagnoticias.com\\\/2025\\\/09\\\/20\\\/confirman-que-the-batman-part-ii%e2%80%b3-tendra-un-villano-nunca-antes-visto-en-el-cine\\\/#breadcrumb\"},\"inLanguage\":\"en-US\",\"potentialAction\":[{\"@type\":\"ReadAction\",\"target\":[\"https:\\\/\\\/lagnoticias.com\\\/2025\\\/09\\\/20\\\/confirman-que-the-batman-part-ii%e2%80%b3-tendra-un-villano-nunca-antes-visto-en-el-cine\\\/\"]}]},{\"@type\":\"ImageObject\",\"inLanguage\":\"en-US\",\"@id\":\"https:\\\/\\\/lagnoticias.com\\\/2025\\\/09\\\/20\\\/confirman-que-the-batman-part-ii%e2%80%b3-tendra-un-villano-nunca-antes-visto-en-el-cine\\\/#primaryimage\",\"url\":\"https:\\\/\\\/lagnoticias.com\\\/wp-content\\\/uploads\\\/2025\\\/09\\\/9-14.jpg\",\"contentUrl\":\"https:\\\/\\\/lagnoticias.com\\\/wp-content\\\/uploads\\\/2025\\\/09\\\/9-14.jpg\",\"width\":1200,\"height\":678},{\"@type\":\"BreadcrumbList\",\"@id\":\"https:\\\/\\\/lagnoticias.com\\\/2025\\\/09\\\/20\\\/confirman-que-the-batman-part-ii%e2%80%b3-tendra-un-villano-nunca-antes-visto-en-el-cine\\\/#breadcrumb\",\"itemListElement\":[{\"@type\":\"ListItem\",\"position\":1,\"name\":\"Portada\",\"item\":\"https:\\\/\\\/lagnoticias.com\\\/\"},{\"@type\":\"ListItem\",\"position\":2,\"name\":\"Confirman que \u201cThe Batman: Part II\u2033 tendr\u00e1 un villano nunca antes visto en el cine\"}]},{\"@type\":\"WebSite\",\"@id\":\"https:\\\/\\\/lagnoticias.com\\\/#website\",\"url\":\"https:\\\/\\\/lagnoticias.com\\\/\",\"name\":\"La G Noticias\",\"description\":\"Noticias Positivas\",\"potentialAction\":[{\"@type\":\"SearchAction\",\"target\":{\"@type\":\"EntryPoint\",\"urlTemplate\":\"https:\\\/\\\/lagnoticias.com\\\/?s={search_term_string}\"},\"query-input\":{\"@type\":\"PropertyValueSpecification\",\"valueRequired\":true,\"valueName\":\"search_term_string\"}}],\"inLanguage\":\"en-US\"},{\"@type\":\"Person\",\"@id\":\"https:\\\/\\\/lagnoticias.com\\\/#\\\/schema\\\/person\\\/cb9bfe13f8de05d2c55270be25c6a550\",\"name\":\"Oscar\",\"image\":{\"@type\":\"ImageObject\",\"inLanguage\":\"en-US\",\"@id\":\"https:\\\/\\\/secure.gravatar.com\\\/avatar\\\/45c195718f652dc7ffdd591dc1f2678956ab7fdadcd359a635edc61304a8c757?s=96&d=mm&r=g\",\"url\":\"https:\\\/\\\/secure.gravatar.com\\\/avatar\\\/45c195718f652dc7ffdd591dc1f2678956ab7fdadcd359a635edc61304a8c757?s=96&d=mm&r=g\",\"contentUrl\":\"https:\\\/\\\/secure.gravatar.com\\\/avatar\\\/45c195718f652dc7ffdd591dc1f2678956ab7fdadcd359a635edc61304a8c757?s=96&d=mm&r=g\",\"caption\":\"Oscar\"},\"url\":\"https:\\\/\\\/lagnoticias.com\\\/en\\\/author\\\/oscar\\\/\"}]}<\/script>\n<!-- \/ Yoast SEO plugin. -->","yoast_head_json":{"title":"Confirman que \u201cThe Batman: Part II\u2033 tendr\u00e1 un villano nunca antes visto en el cine - La G Noticias","robots":{"index":"index","follow":"follow","max-snippet":"max-snippet:-1","max-image-preview":"max-image-preview:large","max-video-preview":"max-video-preview:-1"},"canonical":"https:\/\/lagnoticias.com\/en\/2025\/09\/20\/confirman-que-the-batman-part-ii\u2033-tendra-un-villano-nunca-antes-visto-en-el-cine\/","og_locale":"en_US","og_type":"article","og_title":"Confirman que \u201cThe Batman: Part II\u2033 tendr\u00e1 un villano nunca antes visto en el cine - La G Noticias","og_description":"La secuela de&nbsp;\u201cThe Batman\u201d&nbsp;(2022), dirigida por Matt Reeves&nbsp;y protagonizada por&nbsp;Robert Pattinson,&nbsp;comienza a generar gran expectativa tras una revelaci\u00f3n clave. El cineasta confirm\u00f3 que el antagonista de esta nueva entrega ser\u00e1 un personaje que&nbsp;nunca antes ha aparecido en una pel\u00edcula live-action del Caballero Oscuro. Este anuncio marca un cambio significativo en la saga, que&nbsp;busca alejarse de [&hellip;]","og_url":"https:\/\/lagnoticias.com\/en\/2025\/09\/20\/confirman-que-the-batman-part-ii\u2033-tendra-un-villano-nunca-antes-visto-en-el-cine\/","og_site_name":"La G Noticias","article_publisher":"https:\/\/www.facebook.com\/LaGNoticias","article_published_time":"2025-09-20T19:23:21+00:00","article_modified_time":"2025-09-22T17:01:00+00:00","og_image":[{"width":1200,"height":678,"url":"https:\/\/lagnoticias.com\/wp-content\/uploads\/2025\/09\/9-14.jpg","type":"image\/jpeg"}],"author":"Oscar","twitter_card":"summary_large_image","twitter_creator":"@lagnoticias","twitter_site":"@lagnoticias","twitter_misc":{"Written by":"Oscar","Est. reading time":"4 minutes"},"schema":{"@context":"https:\/\/schema.org","@graph":[{"@type":"Article","@id":"https:\/\/lagnoticias.com\/2025\/09\/20\/confirman-que-the-batman-part-ii%e2%80%b3-tendra-un-villano-nunca-antes-visto-en-el-cine\/#article","isPartOf":{"@id":"https:\/\/lagnoticias.com\/2025\/09\/20\/confirman-que-the-batman-part-ii%e2%80%b3-tendra-un-villano-nunca-antes-visto-en-el-cine\/"},"author":{"name":"Oscar","@id":"https:\/\/lagnoticias.com\/#\/schema\/person\/cb9bfe13f8de05d2c55270be25c6a550"},"headline":"Confirman que \u201cThe Batman: Part II\u2033 tendr\u00e1 un villano nunca antes visto en el cine","datePublished":"2025-09-20T19:23:21+00:00","dateModified":"2025-09-22T17:01:00+00:00","mainEntityOfPage":{"@id":"https:\/\/lagnoticias.com\/2025\/09\/20\/confirman-que-the-batman-part-ii%e2%80%b3-tendra-un-villano-nunca-antes-visto-en-el-cine\/"},"wordCount":778,"commentCount":0,"image":{"@id":"https:\/\/lagnoticias.com\/2025\/09\/20\/confirman-que-the-batman-part-ii%e2%80%b3-tendra-un-villano-nunca-antes-visto-en-el-cine\/#primaryimage"},"thumbnailUrl":"https:\/\/lagnoticias.com\/wp-content\/uploads\/2025\/09\/9-14.jpg","keywords":["CINE","PEL\u00cdCULA","THE BATMAN","THE BATMAN: PART II"],"articleSection":["ENTRETENIMIENTO"],"inLanguage":"en-US","potentialAction":[{"@type":"CommentAction","name":"Comment","target":["https:\/\/lagnoticias.com\/2025\/09\/20\/confirman-que-the-batman-part-ii%e2%80%b3-tendra-un-villano-nunca-antes-visto-en-el-cine\/#respond"]}]},{"@type":"WebPage","@id":"https:\/\/lagnoticias.com\/2025\/09\/20\/confirman-que-the-batman-part-ii%e2%80%b3-tendra-un-villano-nunca-antes-visto-en-el-cine\/","url":"https:\/\/lagnoticias.com\/2025\/09\/20\/confirman-que-the-batman-part-ii%e2%80%b3-tendra-un-villano-nunca-antes-visto-en-el-cine\/","name":"Confirman que \u201cThe Batman: Part II\u2033 tendr\u00e1 un villano nunca antes visto en el cine - La G Noticias","isPartOf":{"@id":"https:\/\/lagnoticias.com\/#website"},"primaryImageOfPage":{"@id":"https:\/\/lagnoticias.com\/2025\/09\/20\/confirman-que-the-batman-part-ii%e2%80%b3-tendra-un-villano-nunca-antes-visto-en-el-cine\/#primaryimage"},"image":{"@id":"https:\/\/lagnoticias.com\/2025\/09\/20\/confirman-que-the-batman-part-ii%e2%80%b3-tendra-un-villano-nunca-antes-visto-en-el-cine\/#primaryimage"},"thumbnailUrl":"https:\/\/lagnoticias.com\/wp-content\/uploads\/2025\/09\/9-14.jpg","datePublished":"2025-09-20T19:23:21+00:00","dateModified":"2025-09-22T17:01:00+00:00","author":{"@id":"https:\/\/lagnoticias.com\/#\/schema\/person\/cb9bfe13f8de05d2c55270be25c6a550"},"breadcrumb":{"@id":"https:\/\/lagnoticias.com\/2025\/09\/20\/confirman-que-the-batman-part-ii%e2%80%b3-tendra-un-villano-nunca-antes-visto-en-el-cine\/#breadcrumb"},"inLanguage":"en-US","potentialAction":[{"@type":"ReadAction","target":["https:\/\/lagnoticias.com\/2025\/09\/20\/confirman-que-the-batman-part-ii%e2%80%b3-tendra-un-villano-nunca-antes-visto-en-el-cine\/"]}]},{"@type":"ImageObject","inLanguage":"en-US","@id":"https:\/\/lagnoticias.com\/2025\/09\/20\/confirman-que-the-batman-part-ii%e2%80%b3-tendra-un-villano-nunca-antes-visto-en-el-cine\/#primaryimage","url":"https:\/\/lagnoticias.com\/wp-content\/uploads\/2025\/09\/9-14.jpg","contentUrl":"https:\/\/lagnoticias.com\/wp-content\/uploads\/2025\/09\/9-14.jpg","width":1200,"height":678},{"@type":"BreadcrumbList","@id":"https:\/\/lagnoticias.com\/2025\/09\/20\/confirman-que-the-batman-part-ii%e2%80%b3-tendra-un-villano-nunca-antes-visto-en-el-cine\/#breadcrumb","itemListElement":[{"@type":"ListItem","position":1,"name":"Portada","item":"https:\/\/lagnoticias.com\/"},{"@type":"ListItem","position":2,"name":"Confirman que \u201cThe Batman: Part II\u2033 tendr\u00e1 un villano nunca antes visto en el cine"}]},{"@type":"WebSite","@id":"https:\/\/lagnoticias.com\/#website","url":"https:\/\/lagnoticias.com\/","name":"La G Noticias","description":"Noticias Positivas","potentialAction":[{"@type":"SearchAction","target":{"@type":"EntryPoint","urlTemplate":"https:\/\/lagnoticias.com\/?s={search_term_string}"},"query-input":{"@type":"PropertyValueSpecification","valueRequired":true,"valueName":"search_term_string"}}],"inLanguage":"en-US"},{"@type":"Person","@id":"https:\/\/lagnoticias.com\/#\/schema\/person\/cb9bfe13f8de05d2c55270be25c6a550","name":"Oscar","image":{"@type":"ImageObject","inLanguage":"en-US","@id":"https:\/\/secure.gravatar.com\/avatar\/45c195718f652dc7ffdd591dc1f2678956ab7fdadcd359a635edc61304a8c757?s=96&d=mm&r=g","url":"https:\/\/secure.gravatar.com\/avatar\/45c195718f652dc7ffdd591dc1f2678956ab7fdadcd359a635edc61304a8c757?s=96&d=mm&r=g","contentUrl":"https:\/\/secure.gravatar.com\/avatar\/45c195718f652dc7ffdd591dc1f2678956ab7fdadcd359a635edc61304a8c757?s=96&d=mm&r=g","caption":"Oscar"},"url":"https:\/\/lagnoticias.com\/en\/author\/oscar\/"}]}},"_links":{"self":[{"href":"https:\/\/lagnoticias.com\/en\/wp-json\/wp\/v2\/posts\/5155","targetHints":{"allow":["GET"]}}],"collection":[{"href":"https:\/\/lagnoticias.com\/en\/wp-json\/wp\/v2\/posts"}],"about":[{"href":"https:\/\/lagnoticias.com\/en\/wp-json\/wp\/v2\/types\/post"}],"author":[{"embeddable":true,"href":"https:\/\/lagnoticias.com\/en\/wp-json\/wp\/v2\/users\/2"}],"replies":[{"embeddable":true,"href":"https:\/\/lagnoticias.com\/en\/wp-json\/wp\/v2\/comments?post=5155"}],"version-history":[{"count":1,"href":"https:\/\/lagnoticias.com\/en\/wp-json\/wp\/v2\/posts\/5155\/revisions"}],"predecessor-version":[{"id":5157,"href":"https:\/\/lagnoticias.com\/en\/wp-json\/wp\/v2\/posts\/5155\/revisions\/5157"}],"wp:featuredmedia":[{"embeddable":true,"href":"https:\/\/lagnoticias.com\/en\/wp-json\/wp\/v2\/media\/5156"}],"wp:attachment":[{"href":"https:\/\/lagnoticias.com\/en\/wp-json\/wp\/v2\/media?parent=5155"}],"wp:term":[{"taxonomy":"category","embeddable":true,"href":"https:\/\/lagnoticias.com\/en\/wp-json\/wp\/v2\/categories?post=5155"},{"taxonomy":"post_tag","embeddable":true,"href":"https:\/\/lagnoticias.com\/en\/wp-json\/wp\/v2\/tags?post=5155"}],"curies":[{"name":"wp","href":"https:\/\/api.w.org\/{rel}","templated":true}]}}