{"id":5148,"date":"2025-09-19T17:28:49","date_gmt":"2025-09-19T23:28:49","guid":{"rendered":"https:\/\/lagnoticias.com\/?p=5148"},"modified":"2025-09-20T13:52:36","modified_gmt":"2025-09-20T19:52:36","slug":"el-festival-de-arte-y-diseno-2025-un-impulso-para-el-talento-y-la-economia-salvadorena","status":"publish","type":"post","link":"https:\/\/lagnoticias.com\/en\/2025\/09\/19\/el-festival-de-arte-y-diseno-2025-un-impulso-para-el-talento-y-la-economia-salvadorena\/","title":{"rendered":"El Festival de Arte y Dise\u00f1o 2025: Un Impulso para el Talento y la Econom\u00eda Salvadore\u00f1a"},"content":{"rendered":"<p>El presidente de la Comisi\u00f3n Nacional de la Micro y Peque\u00f1a Empresa (Conamype), Paul Steiner, junto con la directora ejecutiva de la Corporaci\u00f3n Salvadore\u00f1a de Turismo (Corsatur), Alejandra Dur\u00e1n, anunciaron la cuarta edici\u00f3n del Festival Arte y Dise\u00f1o El Salvador 2025. Bajo el concepto: TRAMA: Donde las ideas se entretejen.<\/p>\n\n\n\n<p>\u201cVa creciendo el inter\u00e9s internacional en el dise\u00f1o y la creatividad salvadore\u00f1a. Es importante que nos conozcan por nuestra artesan\u00eda, por cosas buenas, por manos laboriosas que trabajan en El Salvador. Tenemos gente que antes produc\u00eda poco y ahora est\u00e1 exportando\u201d, destac\u00f3 el presidente de Conamype, resaltando el impacto econ\u00f3mico y cultural de la iniciativa.<\/p>\n\n\n\n<p>Este a\u00f1o, el festival se realizar\u00e1 en tres sedes: Suchitoto, en Cuscatl\u00e1n Norte, departamento de Cuscatl\u00e1n el 26 y 27 de septiembre; en El Tazumal, Chalchuapa, en Santa Ana Oeste, departamento de Santa Ana, los d\u00edas 25 y 26 de octubre; y en el Puerto de La Libertad, el 13 y 14 de diciembre; promoviendo arte contempor\u00e1neo, moda, dise\u00f1o y emprendimientos.<\/p>\n\n\n\n<p>Cada sede ofrecer\u00e1 experiencias \u00fanicas, destacando la diversidad de artesan\u00edas y t\u00e9cnicas de las comunidades participantes. El evento busca que los visitantes conozcan de cerca la creatividad salvadore\u00f1a, valoren el trabajo e innovaci\u00f3n de los artesanos y establezcan v\u00ednculos con micro y peque\u00f1as empresas del sector creativo.<\/p>\n\n\n\n<p>Durante los festivales se realizar\u00e1n pasarelas, exposiciones de piezas y productos artesanales, espacios de comercializaci\u00f3n para mype, ponencias, concursos, talleres vivenciales, experiencias interactivas, entre otras.<\/p>\n\n\n\n<p>Con iniciativas como el Festival Arte y Dise\u00f1o El Salvador 2025, se reafirma el compromiso con el desarrollo econ\u00f3mico, la creatividad y el talento nacional, demostrando que la inversi\u00f3n y el apoyo en cultura y a la micro y peque\u00f1a empresa no solo fortalece la econom\u00eda, sino que tambi\u00e9n proyecta a El Salvador como un pa\u00eds innovador y con visi\u00f3n de futuro.<\/p>","protected":false},"excerpt":{"rendered":"<p>El presidente de la Comisi\u00f3n Nacional de la Micro y Peque\u00f1a Empresa (Conamype), Paul Steiner, junto con la directora ejecutiva de la Corporaci\u00f3n Salvadore\u00f1a de Turismo (Corsatur), Alejandra Dur\u00e1n, anunciaron la cuarta edici\u00f3n del Festival Arte y Dise\u00f1o El Salvador 2025. Bajo el concepto: TRAMA: Donde las ideas se entretejen. \u201cVa creciendo el inter\u00e9s internacional [&hellip;]<\/p>","protected":false},"author":2,"featured_media":5149,"comment_status":"open","ping_status":"open","sticky":false,"template":"","format":"standard","meta":{"_et_pb_use_builder":"off","_et_pb_old_content":"","_et_gb_content_width":"","footnotes":""},"categories":[244],"tags":[],"class_list":["post-5148","post","type-post","status-publish","format-standard","has-post-thumbnail","hentry","category-nacionales"],"yoast_head":"<!-- This site is optimized with the Yoast SEO plugin v27.4 - https:\/\/yoast.com\/product\/yoast-seo-wordpress\/ -->\n<title>El Festival de Arte y Dise\u00f1o 2025: Un Impulso para el Talento y la Econom\u00eda Salvadore\u00f1a - La G Noticias<\/title>\n<meta name=\"robots\" content=\"index, follow, max-snippet:-1, max-image-preview:large, max-video-preview:-1\" \/>\n<link rel=\"canonical\" href=\"https:\/\/lagnoticias.com\/en\/2025\/09\/19\/el-festival-de-arte-y-diseno-2025-un-impulso-para-el-talento-y-la-economia-salvadorena\/\" \/>\n<meta property=\"og:locale\" content=\"en_US\" \/>\n<meta property=\"og:type\" content=\"article\" \/>\n<meta property=\"og:title\" content=\"El Festival de Arte y Dise\u00f1o 2025: Un Impulso para el Talento y la Econom\u00eda Salvadore\u00f1a - La G Noticias\" \/>\n<meta property=\"og:description\" content=\"El presidente de la Comisi\u00f3n Nacional de la Micro y Peque\u00f1a Empresa (Conamype), Paul Steiner, junto con la directora ejecutiva de la Corporaci\u00f3n Salvadore\u00f1a de Turismo (Corsatur), Alejandra Dur\u00e1n, anunciaron la cuarta edici\u00f3n del Festival Arte y Dise\u00f1o El Salvador 2025. Bajo el concepto: TRAMA: Donde las ideas se entretejen. \u201cVa creciendo el inter\u00e9s internacional [&hellip;]\" \/>\n<meta property=\"og:url\" content=\"https:\/\/lagnoticias.com\/en\/2025\/09\/19\/el-festival-de-arte-y-diseno-2025-un-impulso-para-el-talento-y-la-economia-salvadorena\/\" \/>\n<meta property=\"og:site_name\" content=\"La G Noticias\" \/>\n<meta property=\"article:publisher\" content=\"https:\/\/www.facebook.com\/LaGNoticias\" \/>\n<meta property=\"article:published_time\" content=\"2025-09-19T23:28:49+00:00\" \/>\n<meta property=\"article:modified_time\" content=\"2025-09-20T19:52:36+00:00\" \/>\n<meta property=\"og:image\" content=\"https:\/\/lagnoticias.com\/wp-content\/uploads\/2025\/09\/89-1.jpg\" \/>\n\t<meta property=\"og:image:width\" content=\"1280\" \/>\n\t<meta property=\"og:image:height\" content=\"856\" \/>\n\t<meta property=\"og:image:type\" content=\"image\/jpeg\" \/>\n<meta name=\"author\" content=\"Oscar\" \/>\n<meta name=\"twitter:card\" content=\"summary_large_image\" \/>\n<meta name=\"twitter:creator\" content=\"@lagnoticias\" \/>\n<meta name=\"twitter:site\" content=\"@lagnoticias\" \/>\n<meta name=\"twitter:label1\" content=\"Written by\" \/>\n\t<meta name=\"twitter:data1\" content=\"Oscar\" \/>\n\t<meta name=\"twitter:label2\" content=\"Est. reading time\" \/>\n\t<meta name=\"twitter:data2\" content=\"2 minutes\" \/>\n<script type=\"application\/ld+json\" class=\"yoast-schema-graph\">{\"@context\":\"https:\\\/\\\/schema.org\",\"@graph\":[{\"@type\":\"Article\",\"@id\":\"https:\\\/\\\/lagnoticias.com\\\/2025\\\/09\\\/19\\\/el-festival-de-arte-y-diseno-2025-un-impulso-para-el-talento-y-la-economia-salvadorena\\\/#article\",\"isPartOf\":{\"@id\":\"https:\\\/\\\/lagnoticias.com\\\/2025\\\/09\\\/19\\\/el-festival-de-arte-y-diseno-2025-un-impulso-para-el-talento-y-la-economia-salvadorena\\\/\"},\"author\":{\"name\":\"Oscar\",\"@id\":\"https:\\\/\\\/lagnoticias.com\\\/#\\\/schema\\\/person\\\/cb9bfe13f8de05d2c55270be25c6a550\"},\"headline\":\"El Festival de Arte y Dise\u00f1o 2025: Un Impulso para el Talento y la Econom\u00eda Salvadore\u00f1a\",\"datePublished\":\"2025-09-19T23:28:49+00:00\",\"dateModified\":\"2025-09-20T19:52:36+00:00\",\"mainEntityOfPage\":{\"@id\":\"https:\\\/\\\/lagnoticias.com\\\/2025\\\/09\\\/19\\\/el-festival-de-arte-y-diseno-2025-un-impulso-para-el-talento-y-la-economia-salvadorena\\\/\"},\"wordCount\":345,\"commentCount\":0,\"image\":{\"@id\":\"https:\\\/\\\/lagnoticias.com\\\/2025\\\/09\\\/19\\\/el-festival-de-arte-y-diseno-2025-un-impulso-para-el-talento-y-la-economia-salvadorena\\\/#primaryimage\"},\"thumbnailUrl\":\"https:\\\/\\\/lagnoticias.com\\\/wp-content\\\/uploads\\\/2025\\\/09\\\/89-1.jpg\",\"articleSection\":[\"NACIONALES\"],\"inLanguage\":\"en-US\",\"potentialAction\":[{\"@type\":\"CommentAction\",\"name\":\"Comment\",\"target\":[\"https:\\\/\\\/lagnoticias.com\\\/2025\\\/09\\\/19\\\/el-festival-de-arte-y-diseno-2025-un-impulso-para-el-talento-y-la-economia-salvadorena\\\/#respond\"]}]},{\"@type\":\"WebPage\",\"@id\":\"https:\\\/\\\/lagnoticias.com\\\/2025\\\/09\\\/19\\\/el-festival-de-arte-y-diseno-2025-un-impulso-para-el-talento-y-la-economia-salvadorena\\\/\",\"url\":\"https:\\\/\\\/lagnoticias.com\\\/2025\\\/09\\\/19\\\/el-festival-de-arte-y-diseno-2025-un-impulso-para-el-talento-y-la-economia-salvadorena\\\/\",\"name\":\"El Festival de Arte y Dise\u00f1o 2025: Un Impulso para el Talento y la Econom\u00eda Salvadore\u00f1a - La G Noticias\",\"isPartOf\":{\"@id\":\"https:\\\/\\\/lagnoticias.com\\\/#website\"},\"primaryImageOfPage\":{\"@id\":\"https:\\\/\\\/lagnoticias.com\\\/2025\\\/09\\\/19\\\/el-festival-de-arte-y-diseno-2025-un-impulso-para-el-talento-y-la-economia-salvadorena\\\/#primaryimage\"},\"image\":{\"@id\":\"https:\\\/\\\/lagnoticias.com\\\/2025\\\/09\\\/19\\\/el-festival-de-arte-y-diseno-2025-un-impulso-para-el-talento-y-la-economia-salvadorena\\\/#primaryimage\"},\"thumbnailUrl\":\"https:\\\/\\\/lagnoticias.com\\\/wp-content\\\/uploads\\\/2025\\\/09\\\/89-1.jpg\",\"datePublished\":\"2025-09-19T23:28:49+00:00\",\"dateModified\":\"2025-09-20T19:52:36+00:00\",\"author\":{\"@id\":\"https:\\\/\\\/lagnoticias.com\\\/#\\\/schema\\\/person\\\/cb9bfe13f8de05d2c55270be25c6a550\"},\"breadcrumb\":{\"@id\":\"https:\\\/\\\/lagnoticias.com\\\/2025\\\/09\\\/19\\\/el-festival-de-arte-y-diseno-2025-un-impulso-para-el-talento-y-la-economia-salvadorena\\\/#breadcrumb\"},\"inLanguage\":\"en-US\",\"potentialAction\":[{\"@type\":\"ReadAction\",\"target\":[\"https:\\\/\\\/lagnoticias.com\\\/2025\\\/09\\\/19\\\/el-festival-de-arte-y-diseno-2025-un-impulso-para-el-talento-y-la-economia-salvadorena\\\/\"]}]},{\"@type\":\"ImageObject\",\"inLanguage\":\"en-US\",\"@id\":\"https:\\\/\\\/lagnoticias.com\\\/2025\\\/09\\\/19\\\/el-festival-de-arte-y-diseno-2025-un-impulso-para-el-talento-y-la-economia-salvadorena\\\/#primaryimage\",\"url\":\"https:\\\/\\\/lagnoticias.com\\\/wp-content\\\/uploads\\\/2025\\\/09\\\/89-1.jpg\",\"contentUrl\":\"https:\\\/\\\/lagnoticias.com\\\/wp-content\\\/uploads\\\/2025\\\/09\\\/89-1.jpg\",\"width\":1280,\"height\":856},{\"@type\":\"BreadcrumbList\",\"@id\":\"https:\\\/\\\/lagnoticias.com\\\/2025\\\/09\\\/19\\\/el-festival-de-arte-y-diseno-2025-un-impulso-para-el-talento-y-la-economia-salvadorena\\\/#breadcrumb\",\"itemListElement\":[{\"@type\":\"ListItem\",\"position\":1,\"name\":\"Portada\",\"item\":\"https:\\\/\\\/lagnoticias.com\\\/\"},{\"@type\":\"ListItem\",\"position\":2,\"name\":\"El Festival de Arte y Dise\u00f1o 2025: Un Impulso para el Talento y la Econom\u00eda Salvadore\u00f1a\"}]},{\"@type\":\"WebSite\",\"@id\":\"https:\\\/\\\/lagnoticias.com\\\/#website\",\"url\":\"https:\\\/\\\/lagnoticias.com\\\/\",\"name\":\"La G Noticias\",\"description\":\"Noticias Positivas\",\"potentialAction\":[{\"@type\":\"SearchAction\",\"target\":{\"@type\":\"EntryPoint\",\"urlTemplate\":\"https:\\\/\\\/lagnoticias.com\\\/?s={search_term_string}\"},\"query-input\":{\"@type\":\"PropertyValueSpecification\",\"valueRequired\":true,\"valueName\":\"search_term_string\"}}],\"inLanguage\":\"en-US\"},{\"@type\":\"Person\",\"@id\":\"https:\\\/\\\/lagnoticias.com\\\/#\\\/schema\\\/person\\\/cb9bfe13f8de05d2c55270be25c6a550\",\"name\":\"Oscar\",\"image\":{\"@type\":\"ImageObject\",\"inLanguage\":\"en-US\",\"@id\":\"https:\\\/\\\/secure.gravatar.com\\\/avatar\\\/45c195718f652dc7ffdd591dc1f2678956ab7fdadcd359a635edc61304a8c757?s=96&d=mm&r=g\",\"url\":\"https:\\\/\\\/secure.gravatar.com\\\/avatar\\\/45c195718f652dc7ffdd591dc1f2678956ab7fdadcd359a635edc61304a8c757?s=96&d=mm&r=g\",\"contentUrl\":\"https:\\\/\\\/secure.gravatar.com\\\/avatar\\\/45c195718f652dc7ffdd591dc1f2678956ab7fdadcd359a635edc61304a8c757?s=96&d=mm&r=g\",\"caption\":\"Oscar\"},\"url\":\"https:\\\/\\\/lagnoticias.com\\\/en\\\/author\\\/oscar\\\/\"}]}<\/script>\n<!-- \/ Yoast SEO plugin. -->","yoast_head_json":{"title":"El Festival de Arte y Dise\u00f1o 2025: Un Impulso para el Talento y la Econom\u00eda Salvadore\u00f1a - La G Noticias","robots":{"index":"index","follow":"follow","max-snippet":"max-snippet:-1","max-image-preview":"max-image-preview:large","max-video-preview":"max-video-preview:-1"},"canonical":"https:\/\/lagnoticias.com\/en\/2025\/09\/19\/el-festival-de-arte-y-diseno-2025-un-impulso-para-el-talento-y-la-economia-salvadorena\/","og_locale":"en_US","og_type":"article","og_title":"El Festival de Arte y Dise\u00f1o 2025: Un Impulso para el Talento y la Econom\u00eda Salvadore\u00f1a - La G Noticias","og_description":"El presidente de la Comisi\u00f3n Nacional de la Micro y Peque\u00f1a Empresa (Conamype), Paul Steiner, junto con la directora ejecutiva de la Corporaci\u00f3n Salvadore\u00f1a de Turismo (Corsatur), Alejandra Dur\u00e1n, anunciaron la cuarta edici\u00f3n del Festival Arte y Dise\u00f1o El Salvador 2025. Bajo el concepto: TRAMA: Donde las ideas se entretejen. \u201cVa creciendo el inter\u00e9s internacional [&hellip;]","og_url":"https:\/\/lagnoticias.com\/en\/2025\/09\/19\/el-festival-de-arte-y-diseno-2025-un-impulso-para-el-talento-y-la-economia-salvadorena\/","og_site_name":"La G Noticias","article_publisher":"https:\/\/www.facebook.com\/LaGNoticias","article_published_time":"2025-09-19T23:28:49+00:00","article_modified_time":"2025-09-20T19:52:36+00:00","og_image":[{"width":1280,"height":856,"url":"https:\/\/lagnoticias.com\/wp-content\/uploads\/2025\/09\/89-1.jpg","type":"image\/jpeg"}],"author":"Oscar","twitter_card":"summary_large_image","twitter_creator":"@lagnoticias","twitter_site":"@lagnoticias","twitter_misc":{"Written by":"Oscar","Est. reading time":"2 minutes"},"schema":{"@context":"https:\/\/schema.org","@graph":[{"@type":"Article","@id":"https:\/\/lagnoticias.com\/2025\/09\/19\/el-festival-de-arte-y-diseno-2025-un-impulso-para-el-talento-y-la-economia-salvadorena\/#article","isPartOf":{"@id":"https:\/\/lagnoticias.com\/2025\/09\/19\/el-festival-de-arte-y-diseno-2025-un-impulso-para-el-talento-y-la-economia-salvadorena\/"},"author":{"name":"Oscar","@id":"https:\/\/lagnoticias.com\/#\/schema\/person\/cb9bfe13f8de05d2c55270be25c6a550"},"headline":"El Festival de Arte y Dise\u00f1o 2025: Un Impulso para el Talento y la Econom\u00eda Salvadore\u00f1a","datePublished":"2025-09-19T23:28:49+00:00","dateModified":"2025-09-20T19:52:36+00:00","mainEntityOfPage":{"@id":"https:\/\/lagnoticias.com\/2025\/09\/19\/el-festival-de-arte-y-diseno-2025-un-impulso-para-el-talento-y-la-economia-salvadorena\/"},"wordCount":345,"commentCount":0,"image":{"@id":"https:\/\/lagnoticias.com\/2025\/09\/19\/el-festival-de-arte-y-diseno-2025-un-impulso-para-el-talento-y-la-economia-salvadorena\/#primaryimage"},"thumbnailUrl":"https:\/\/lagnoticias.com\/wp-content\/uploads\/2025\/09\/89-1.jpg","articleSection":["NACIONALES"],"inLanguage":"en-US","potentialAction":[{"@type":"CommentAction","name":"Comment","target":["https:\/\/lagnoticias.com\/2025\/09\/19\/el-festival-de-arte-y-diseno-2025-un-impulso-para-el-talento-y-la-economia-salvadorena\/#respond"]}]},{"@type":"WebPage","@id":"https:\/\/lagnoticias.com\/2025\/09\/19\/el-festival-de-arte-y-diseno-2025-un-impulso-para-el-talento-y-la-economia-salvadorena\/","url":"https:\/\/lagnoticias.com\/2025\/09\/19\/el-festival-de-arte-y-diseno-2025-un-impulso-para-el-talento-y-la-economia-salvadorena\/","name":"El Festival de Arte y Dise\u00f1o 2025: Un Impulso para el Talento y la Econom\u00eda Salvadore\u00f1a - La G Noticias","isPartOf":{"@id":"https:\/\/lagnoticias.com\/#website"},"primaryImageOfPage":{"@id":"https:\/\/lagnoticias.com\/2025\/09\/19\/el-festival-de-arte-y-diseno-2025-un-impulso-para-el-talento-y-la-economia-salvadorena\/#primaryimage"},"image":{"@id":"https:\/\/lagnoticias.com\/2025\/09\/19\/el-festival-de-arte-y-diseno-2025-un-impulso-para-el-talento-y-la-economia-salvadorena\/#primaryimage"},"thumbnailUrl":"https:\/\/lagnoticias.com\/wp-content\/uploads\/2025\/09\/89-1.jpg","datePublished":"2025-09-19T23:28:49+00:00","dateModified":"2025-09-20T19:52:36+00:00","author":{"@id":"https:\/\/lagnoticias.com\/#\/schema\/person\/cb9bfe13f8de05d2c55270be25c6a550"},"breadcrumb":{"@id":"https:\/\/lagnoticias.com\/2025\/09\/19\/el-festival-de-arte-y-diseno-2025-un-impulso-para-el-talento-y-la-economia-salvadorena\/#breadcrumb"},"inLanguage":"en-US","potentialAction":[{"@type":"ReadAction","target":["https:\/\/lagnoticias.com\/2025\/09\/19\/el-festival-de-arte-y-diseno-2025-un-impulso-para-el-talento-y-la-economia-salvadorena\/"]}]},{"@type":"ImageObject","inLanguage":"en-US","@id":"https:\/\/lagnoticias.com\/2025\/09\/19\/el-festival-de-arte-y-diseno-2025-un-impulso-para-el-talento-y-la-economia-salvadorena\/#primaryimage","url":"https:\/\/lagnoticias.com\/wp-content\/uploads\/2025\/09\/89-1.jpg","contentUrl":"https:\/\/lagnoticias.com\/wp-content\/uploads\/2025\/09\/89-1.jpg","width":1280,"height":856},{"@type":"BreadcrumbList","@id":"https:\/\/lagnoticias.com\/2025\/09\/19\/el-festival-de-arte-y-diseno-2025-un-impulso-para-el-talento-y-la-economia-salvadorena\/#breadcrumb","itemListElement":[{"@type":"ListItem","position":1,"name":"Portada","item":"https:\/\/lagnoticias.com\/"},{"@type":"ListItem","position":2,"name":"El Festival de Arte y Dise\u00f1o 2025: Un Impulso para el Talento y la Econom\u00eda Salvadore\u00f1a"}]},{"@type":"WebSite","@id":"https:\/\/lagnoticias.com\/#website","url":"https:\/\/lagnoticias.com\/","name":"La G Noticias","description":"Noticias Positivas","potentialAction":[{"@type":"SearchAction","target":{"@type":"EntryPoint","urlTemplate":"https:\/\/lagnoticias.com\/?s={search_term_string}"},"query-input":{"@type":"PropertyValueSpecification","valueRequired":true,"valueName":"search_term_string"}}],"inLanguage":"en-US"},{"@type":"Person","@id":"https:\/\/lagnoticias.com\/#\/schema\/person\/cb9bfe13f8de05d2c55270be25c6a550","name":"Oscar","image":{"@type":"ImageObject","inLanguage":"en-US","@id":"https:\/\/secure.gravatar.com\/avatar\/45c195718f652dc7ffdd591dc1f2678956ab7fdadcd359a635edc61304a8c757?s=96&d=mm&r=g","url":"https:\/\/secure.gravatar.com\/avatar\/45c195718f652dc7ffdd591dc1f2678956ab7fdadcd359a635edc61304a8c757?s=96&d=mm&r=g","contentUrl":"https:\/\/secure.gravatar.com\/avatar\/45c195718f652dc7ffdd591dc1f2678956ab7fdadcd359a635edc61304a8c757?s=96&d=mm&r=g","caption":"Oscar"},"url":"https:\/\/lagnoticias.com\/en\/author\/oscar\/"}]}},"_links":{"self":[{"href":"https:\/\/lagnoticias.com\/en\/wp-json\/wp\/v2\/posts\/5148","targetHints":{"allow":["GET"]}}],"collection":[{"href":"https:\/\/lagnoticias.com\/en\/wp-json\/wp\/v2\/posts"}],"about":[{"href":"https:\/\/lagnoticias.com\/en\/wp-json\/wp\/v2\/types\/post"}],"author":[{"embeddable":true,"href":"https:\/\/lagnoticias.com\/en\/wp-json\/wp\/v2\/users\/2"}],"replies":[{"embeddable":true,"href":"https:\/\/lagnoticias.com\/en\/wp-json\/wp\/v2\/comments?post=5148"}],"version-history":[{"count":1,"href":"https:\/\/lagnoticias.com\/en\/wp-json\/wp\/v2\/posts\/5148\/revisions"}],"predecessor-version":[{"id":5150,"href":"https:\/\/lagnoticias.com\/en\/wp-json\/wp\/v2\/posts\/5148\/revisions\/5150"}],"wp:featuredmedia":[{"embeddable":true,"href":"https:\/\/lagnoticias.com\/en\/wp-json\/wp\/v2\/media\/5149"}],"wp:attachment":[{"href":"https:\/\/lagnoticias.com\/en\/wp-json\/wp\/v2\/media?parent=5148"}],"wp:term":[{"taxonomy":"category","embeddable":true,"href":"https:\/\/lagnoticias.com\/en\/wp-json\/wp\/v2\/categories?post=5148"},{"taxonomy":"post_tag","embeddable":true,"href":"https:\/\/lagnoticias.com\/en\/wp-json\/wp\/v2\/tags?post=5148"}],"curies":[{"name":"wp","href":"https:\/\/api.w.org\/{rel}","templated":true}]}}