{"id":5142,"date":"2025-09-19T09:14:56","date_gmt":"2025-09-19T15:14:56","guid":{"rendered":"https:\/\/lagnoticias.com\/?p=5142"},"modified":"2025-09-20T13:53:01","modified_gmt":"2025-09-20T19:53:01","slug":"la-historia-de-florinda-meza-llega-a-prime-video-en-septiembre","status":"publish","type":"post","link":"https:\/\/lagnoticias.com\/en\/2025\/09\/19\/la-historia-de-florinda-meza-llega-a-prime-video-en-septiembre\/","title":{"rendered":"La historia de Florinda Meza llega a Prime Video en septiembre"},"content":{"rendered":"<p>Florinda Meza, reconocida por su ic\u00f3nico papel de&nbsp;Do\u00f1a Florinda&nbsp;en \u201cEl Chavo del 8\u2033, se prepara para abrir las puertas de su vida personal y profesional en un proyecto \u00edntimo que promete generar conversaci\u00f3n.<\/p>\n\n\n\n<p>Durante d\u00e9cadas, la actriz ha sido una figura pol\u00e9mica dentro y fuera de la pantalla, pero esta vez decidi\u00f3 tomar la voz principal de su historia. Con \u201cAtr\u00e9vete a vivir\u201d, Florinda mostrar\u00e1 un recorrido completo de su vida:<\/p>\n\n\n\n<ul class=\"wp-block-list\">\n<li>Su infancia en Jalisco y sus primeros pasos en el arte.<\/li>\n\n\n\n<li>Su llegada a la televisi\u00f3n y los inicios como actriz.<\/li>\n\n\n\n<li>El amor y la relaci\u00f3n con Roberto G\u00f3mez Bola\u00f1os, con quien comparti\u00f3 m\u00e1s de 30 a\u00f1os de vida.<\/li>\n\n\n\n<li>Su duelo tras la partida del creador de \u201cEl Chavo del 8\u2033 y c\u00f3mo ha enfrentado la soledad.<\/li>\n<\/ul>\n\n\n\n<p>\u201cEste documental naci\u00f3 como una necesidad de contar mi verdad, no lo que otros interpretan de m\u00ed\u201d, habr\u00eda expresado Florinda en entrevistas recientes, refiri\u00e9ndose directamente a la forma en la que su figura fue retratada en la miniserie de HBO.<\/p>\n\n\n\n<h2 class=\"wp-block-heading\">Un proyecto trabajado durante a\u00f1os<\/h2>\n\n\n\n<p>Aunque el estreno ser\u00e1 en septiembre de 2025,&nbsp;la idea de \u201cAtr\u00e9vete a vivir\u201d se gest\u00f3 desde el a\u00f1o 2020.&nbsp;La direcci\u00f3n est\u00e1 a cargo de Javi Domz y la producci\u00f3n incluye un trabajo de investigaci\u00f3n profunda en los archivos personales de la actriz.<\/p>\n\n\n\n<p>El documental incluye m\u00e1s de&nbsp;100 fotograf\u00edas in\u00e9ditas, videos familiares nunca antes vistos y grabaciones \u00edntimas que retratan momentos significativos: desde su boda con Chespirito hasta sus giras teatrales y sus participaciones musicales.<\/p>\n\n\n\n<h2 class=\"wp-block-heading\">El uso de la Inteligencia Artificial<\/h2>\n\n\n\n<p>Uno de los aspectos m\u00e1s comentados del proyecto es el uso de inteligencia artificial (IA) para recrear&nbsp;momentos de la vida de Florinda Meza que no hab\u00edan quedado registrados en video o fotograf\u00eda.&nbsp;Esta tecnolog\u00eda permitir\u00e1 animar pasajes de su&nbsp;ni\u00f1ez&nbsp;y darle vida a recuerdos que, hasta ahora, solo exist\u00edan en su memoria.<\/p>\n\n\n\n<p>De esta forma, \u201cAtr\u00e9vete a vivir\u201d se convierte en el&nbsp;primer documental en Latinoam\u00e9rica en usar IA&nbsp;para la reconstrucci\u00f3n de escenas biogr\u00e1ficas, una apuesta arriesgada que promete sorprender al p\u00fablico con resultados novedosos.<\/p>\n\n\n\n<h2 class=\"wp-block-heading\">\u00bfEs una respuesta a \u201cSin querer queriendo\u201d?<\/h2>\n\n\n\n<p>El lanzamiento del documental&nbsp;llega pocos meses despu\u00e9s del estreno de&nbsp;\u201cSin querer queriendo\u201d, la serie de HBO Max inspirada en la vida de Chespirito. Florinda Meza expres\u00f3 que, aunque respeta la producci\u00f3n, considera que la narrativa&nbsp;\u201cno siempre fue fiel a lo que realmente ocurri\u00f3\u201d&nbsp;en su relaci\u00f3n y en la trayectoria del comediante.<\/p>\n\n\n\n<p>\u201cA veces siento que me retratan como un personaje m\u00e1s de ficci\u00f3n que como la mujer que realmente fui al lado de Roberto\u201d\u2014 Florinda Meza.<\/p>\n\n\n\n<p>Con \u201cAtr\u00e9vete a vivir\u201d, busca dar voz a&nbsp;lo que ella considera su propia verdad, tanto en lo profesional como en lo personal.<\/p>\n\n\n\n<h2 class=\"wp-block-heading\">Qu\u00e9 esperar de \u201cAtr\u00e9vete a vivir\u201d<\/h2>\n\n\n\n<p>El documental de Florinda Meza no solo promete ser un recuento nost\u00e1lgico, sino un ejercicio de memoria y reivindicaci\u00f3n. Entre lo que el p\u00fablico podr\u00e1 ver destacan:<\/p>\n\n\n\n<ul class=\"wp-block-list\">\n<li>Material \u00edntimo de su archivo personal, como fotograf\u00edas y videos in\u00e9ditos.<\/li>\n\n\n\n<li>Recreaciones de su ni\u00f1ez con ayuda de inteligencia artificial.<\/li>\n\n\n\n<li>Testimonios de colegas y amigos cercanos.<\/li>\n\n\n\n<li>Un retrato de la mujer m\u00e1s all\u00e1 del personaje de Do\u00f1a Florinda.<\/li>\n<\/ul>\n\n\n\n<p>La intenci\u00f3n de Meza es inspirar a las nuevas generaciones a \u201catreverse a vivir\u201d, un mensaje que da nombre a la producci\u00f3n y que busca transmitir la importancia de la resiliencia y la autenticidad.<\/p>\n\n\n\n<p>El documental \u201cAtr\u00e9vete a vivir\u201d se estrenar\u00e1 en&nbsp;Amazon Prime Video el pr\u00f3ximo 30 de septiembre de 2025, y estar\u00e1 disponible en varios pa\u00edses de Latinoam\u00e9rica.<\/p>\n\n\n\n<p>Con esta producci\u00f3n,&nbsp;Florinda Meza vuelve a colocarse en el ojo p\u00fablico&nbsp;y abre una nueva conversaci\u00f3n en torno a su figura, no solo como pareja de&nbsp;Chespirito,&nbsp;sino como una mujer con una trayectoria propia, marcada por retos, cr\u00edticas, logros y una inquebrantable necesidad de ser escuchada.<\/p>","protected":false},"excerpt":{"rendered":"<p>Florinda Meza contar\u00e1 su historia como nunca antes en \u201cAtr\u00e9vete a vivir\u201d, documental para Prime Video que utiliza Inteligencia Artificial<\/p>","protected":false},"author":2,"featured_media":5143,"comment_status":"open","ping_status":"open","sticky":false,"template":"","format":"standard","meta":{"_et_pb_use_builder":"off","_et_pb_old_content":"","_et_gb_content_width":"","footnotes":""},"categories":[249],"tags":[506,1015,507,382,700,505],"class_list":["post-5142","post","type-post","status-publish","format-standard","has-post-thumbnail","hentry","category-entretenimiento","tag-chespirito","tag-documental","tag-florinda-meza","tag-ia","tag-prime-video","tag-serie"],"yoast_head":"<!-- This site is optimized with the Yoast SEO plugin v27.4 - https:\/\/yoast.com\/product\/yoast-seo-wordpress\/ -->\n<title>La historia de Florinda Meza llega a Prime Video en septiembre - La G Noticias<\/title>\n<meta name=\"robots\" content=\"index, follow, max-snippet:-1, max-image-preview:large, max-video-preview:-1\" \/>\n<link rel=\"canonical\" href=\"https:\/\/lagnoticias.com\/en\/2025\/09\/19\/la-historia-de-florinda-meza-llega-a-prime-video-en-septiembre\/\" \/>\n<meta property=\"og:locale\" content=\"en_US\" \/>\n<meta property=\"og:type\" content=\"article\" \/>\n<meta property=\"og:title\" content=\"La historia de Florinda Meza llega a Prime Video en septiembre - La G Noticias\" \/>\n<meta property=\"og:description\" content=\"Florinda Meza contar\u00e1 su historia como nunca antes en \u201cAtr\u00e9vete a vivir\u201d, documental para Prime Video que utiliza Inteligencia Artificial\" \/>\n<meta property=\"og:url\" content=\"https:\/\/lagnoticias.com\/en\/2025\/09\/19\/la-historia-de-florinda-meza-llega-a-prime-video-en-septiembre\/\" \/>\n<meta property=\"og:site_name\" content=\"La G Noticias\" \/>\n<meta property=\"article:publisher\" content=\"https:\/\/www.facebook.com\/LaGNoticias\" \/>\n<meta property=\"article:published_time\" content=\"2025-09-19T15:14:56+00:00\" \/>\n<meta property=\"article:modified_time\" content=\"2025-09-20T19:53:01+00:00\" \/>\n<meta property=\"og:image\" content=\"https:\/\/lagnoticias.com\/wp-content\/uploads\/2025\/09\/6-11.jpg\" \/>\n\t<meta property=\"og:image:width\" content=\"1064\" \/>\n\t<meta property=\"og:image:height\" content=\"670\" \/>\n\t<meta property=\"og:image:type\" content=\"image\/jpeg\" \/>\n<meta name=\"author\" content=\"Oscar\" \/>\n<meta name=\"twitter:card\" content=\"summary_large_image\" \/>\n<meta name=\"twitter:creator\" content=\"@lagnoticias\" \/>\n<meta name=\"twitter:site\" content=\"@lagnoticias\" \/>\n<meta name=\"twitter:label1\" content=\"Written by\" \/>\n\t<meta name=\"twitter:data1\" content=\"Oscar\" \/>\n\t<meta name=\"twitter:label2\" content=\"Est. reading time\" \/>\n\t<meta name=\"twitter:data2\" content=\"4 minutes\" \/>\n<script type=\"application\/ld+json\" class=\"yoast-schema-graph\">{\"@context\":\"https:\\\/\\\/schema.org\",\"@graph\":[{\"@type\":\"Article\",\"@id\":\"https:\\\/\\\/lagnoticias.com\\\/2025\\\/09\\\/19\\\/la-historia-de-florinda-meza-llega-a-prime-video-en-septiembre\\\/#article\",\"isPartOf\":{\"@id\":\"https:\\\/\\\/lagnoticias.com\\\/2025\\\/09\\\/19\\\/la-historia-de-florinda-meza-llega-a-prime-video-en-septiembre\\\/\"},\"author\":{\"name\":\"Oscar\",\"@id\":\"https:\\\/\\\/lagnoticias.com\\\/#\\\/schema\\\/person\\\/cb9bfe13f8de05d2c55270be25c6a550\"},\"headline\":\"La historia de Florinda Meza llega a Prime Video en septiembre\",\"datePublished\":\"2025-09-19T15:14:56+00:00\",\"dateModified\":\"2025-09-20T19:53:01+00:00\",\"mainEntityOfPage\":{\"@id\":\"https:\\\/\\\/lagnoticias.com\\\/2025\\\/09\\\/19\\\/la-historia-de-florinda-meza-llega-a-prime-video-en-septiembre\\\/\"},\"wordCount\":719,\"commentCount\":0,\"image\":{\"@id\":\"https:\\\/\\\/lagnoticias.com\\\/2025\\\/09\\\/19\\\/la-historia-de-florinda-meza-llega-a-prime-video-en-septiembre\\\/#primaryimage\"},\"thumbnailUrl\":\"https:\\\/\\\/lagnoticias.com\\\/wp-content\\\/uploads\\\/2025\\\/09\\\/6-11.jpg\",\"keywords\":[\"CHESPIRITO\",\"DOCUMENTAL\",\"FLORINDA MEZA\",\"IA\",\"PRIME VIDEO\",\"serie\"],\"articleSection\":[\"ENTRETENIMIENTO\"],\"inLanguage\":\"en-US\",\"potentialAction\":[{\"@type\":\"CommentAction\",\"name\":\"Comment\",\"target\":[\"https:\\\/\\\/lagnoticias.com\\\/2025\\\/09\\\/19\\\/la-historia-de-florinda-meza-llega-a-prime-video-en-septiembre\\\/#respond\"]}]},{\"@type\":\"WebPage\",\"@id\":\"https:\\\/\\\/lagnoticias.com\\\/2025\\\/09\\\/19\\\/la-historia-de-florinda-meza-llega-a-prime-video-en-septiembre\\\/\",\"url\":\"https:\\\/\\\/lagnoticias.com\\\/2025\\\/09\\\/19\\\/la-historia-de-florinda-meza-llega-a-prime-video-en-septiembre\\\/\",\"name\":\"La historia de Florinda Meza llega a Prime Video en septiembre - La G Noticias\",\"isPartOf\":{\"@id\":\"https:\\\/\\\/lagnoticias.com\\\/#website\"},\"primaryImageOfPage\":{\"@id\":\"https:\\\/\\\/lagnoticias.com\\\/2025\\\/09\\\/19\\\/la-historia-de-florinda-meza-llega-a-prime-video-en-septiembre\\\/#primaryimage\"},\"image\":{\"@id\":\"https:\\\/\\\/lagnoticias.com\\\/2025\\\/09\\\/19\\\/la-historia-de-florinda-meza-llega-a-prime-video-en-septiembre\\\/#primaryimage\"},\"thumbnailUrl\":\"https:\\\/\\\/lagnoticias.com\\\/wp-content\\\/uploads\\\/2025\\\/09\\\/6-11.jpg\",\"datePublished\":\"2025-09-19T15:14:56+00:00\",\"dateModified\":\"2025-09-20T19:53:01+00:00\",\"author\":{\"@id\":\"https:\\\/\\\/lagnoticias.com\\\/#\\\/schema\\\/person\\\/cb9bfe13f8de05d2c55270be25c6a550\"},\"breadcrumb\":{\"@id\":\"https:\\\/\\\/lagnoticias.com\\\/2025\\\/09\\\/19\\\/la-historia-de-florinda-meza-llega-a-prime-video-en-septiembre\\\/#breadcrumb\"},\"inLanguage\":\"en-US\",\"potentialAction\":[{\"@type\":\"ReadAction\",\"target\":[\"https:\\\/\\\/lagnoticias.com\\\/2025\\\/09\\\/19\\\/la-historia-de-florinda-meza-llega-a-prime-video-en-septiembre\\\/\"]}]},{\"@type\":\"ImageObject\",\"inLanguage\":\"en-US\",\"@id\":\"https:\\\/\\\/lagnoticias.com\\\/2025\\\/09\\\/19\\\/la-historia-de-florinda-meza-llega-a-prime-video-en-septiembre\\\/#primaryimage\",\"url\":\"https:\\\/\\\/lagnoticias.com\\\/wp-content\\\/uploads\\\/2025\\\/09\\\/6-11.jpg\",\"contentUrl\":\"https:\\\/\\\/lagnoticias.com\\\/wp-content\\\/uploads\\\/2025\\\/09\\\/6-11.jpg\",\"width\":1064,\"height\":670},{\"@type\":\"BreadcrumbList\",\"@id\":\"https:\\\/\\\/lagnoticias.com\\\/2025\\\/09\\\/19\\\/la-historia-de-florinda-meza-llega-a-prime-video-en-septiembre\\\/#breadcrumb\",\"itemListElement\":[{\"@type\":\"ListItem\",\"position\":1,\"name\":\"Portada\",\"item\":\"https:\\\/\\\/lagnoticias.com\\\/\"},{\"@type\":\"ListItem\",\"position\":2,\"name\":\"La historia de Florinda Meza llega a Prime Video en septiembre\"}]},{\"@type\":\"WebSite\",\"@id\":\"https:\\\/\\\/lagnoticias.com\\\/#website\",\"url\":\"https:\\\/\\\/lagnoticias.com\\\/\",\"name\":\"La G Noticias\",\"description\":\"Noticias Positivas\",\"potentialAction\":[{\"@type\":\"SearchAction\",\"target\":{\"@type\":\"EntryPoint\",\"urlTemplate\":\"https:\\\/\\\/lagnoticias.com\\\/?s={search_term_string}\"},\"query-input\":{\"@type\":\"PropertyValueSpecification\",\"valueRequired\":true,\"valueName\":\"search_term_string\"}}],\"inLanguage\":\"en-US\"},{\"@type\":\"Person\",\"@id\":\"https:\\\/\\\/lagnoticias.com\\\/#\\\/schema\\\/person\\\/cb9bfe13f8de05d2c55270be25c6a550\",\"name\":\"Oscar\",\"image\":{\"@type\":\"ImageObject\",\"inLanguage\":\"en-US\",\"@id\":\"https:\\\/\\\/secure.gravatar.com\\\/avatar\\\/45c195718f652dc7ffdd591dc1f2678956ab7fdadcd359a635edc61304a8c757?s=96&d=mm&r=g\",\"url\":\"https:\\\/\\\/secure.gravatar.com\\\/avatar\\\/45c195718f652dc7ffdd591dc1f2678956ab7fdadcd359a635edc61304a8c757?s=96&d=mm&r=g\",\"contentUrl\":\"https:\\\/\\\/secure.gravatar.com\\\/avatar\\\/45c195718f652dc7ffdd591dc1f2678956ab7fdadcd359a635edc61304a8c757?s=96&d=mm&r=g\",\"caption\":\"Oscar\"},\"url\":\"https:\\\/\\\/lagnoticias.com\\\/en\\\/author\\\/oscar\\\/\"}]}<\/script>\n<!-- \/ Yoast SEO plugin. -->","yoast_head_json":{"title":"La historia de Florinda Meza llega a Prime Video en septiembre - La G Noticias","robots":{"index":"index","follow":"follow","max-snippet":"max-snippet:-1","max-image-preview":"max-image-preview:large","max-video-preview":"max-video-preview:-1"},"canonical":"https:\/\/lagnoticias.com\/en\/2025\/09\/19\/la-historia-de-florinda-meza-llega-a-prime-video-en-septiembre\/","og_locale":"en_US","og_type":"article","og_title":"La historia de Florinda Meza llega a Prime Video en septiembre - La G Noticias","og_description":"Florinda Meza contar\u00e1 su historia como nunca antes en \u201cAtr\u00e9vete a vivir\u201d, documental para Prime Video que utiliza Inteligencia Artificial","og_url":"https:\/\/lagnoticias.com\/en\/2025\/09\/19\/la-historia-de-florinda-meza-llega-a-prime-video-en-septiembre\/","og_site_name":"La G Noticias","article_publisher":"https:\/\/www.facebook.com\/LaGNoticias","article_published_time":"2025-09-19T15:14:56+00:00","article_modified_time":"2025-09-20T19:53:01+00:00","og_image":[{"width":1064,"height":670,"url":"https:\/\/lagnoticias.com\/wp-content\/uploads\/2025\/09\/6-11.jpg","type":"image\/jpeg"}],"author":"Oscar","twitter_card":"summary_large_image","twitter_creator":"@lagnoticias","twitter_site":"@lagnoticias","twitter_misc":{"Written by":"Oscar","Est. reading time":"4 minutes"},"schema":{"@context":"https:\/\/schema.org","@graph":[{"@type":"Article","@id":"https:\/\/lagnoticias.com\/2025\/09\/19\/la-historia-de-florinda-meza-llega-a-prime-video-en-septiembre\/#article","isPartOf":{"@id":"https:\/\/lagnoticias.com\/2025\/09\/19\/la-historia-de-florinda-meza-llega-a-prime-video-en-septiembre\/"},"author":{"name":"Oscar","@id":"https:\/\/lagnoticias.com\/#\/schema\/person\/cb9bfe13f8de05d2c55270be25c6a550"},"headline":"La historia de Florinda Meza llega a Prime Video en septiembre","datePublished":"2025-09-19T15:14:56+00:00","dateModified":"2025-09-20T19:53:01+00:00","mainEntityOfPage":{"@id":"https:\/\/lagnoticias.com\/2025\/09\/19\/la-historia-de-florinda-meza-llega-a-prime-video-en-septiembre\/"},"wordCount":719,"commentCount":0,"image":{"@id":"https:\/\/lagnoticias.com\/2025\/09\/19\/la-historia-de-florinda-meza-llega-a-prime-video-en-septiembre\/#primaryimage"},"thumbnailUrl":"https:\/\/lagnoticias.com\/wp-content\/uploads\/2025\/09\/6-11.jpg","keywords":["CHESPIRITO","DOCUMENTAL","FLORINDA MEZA","IA","PRIME VIDEO","serie"],"articleSection":["ENTRETENIMIENTO"],"inLanguage":"en-US","potentialAction":[{"@type":"CommentAction","name":"Comment","target":["https:\/\/lagnoticias.com\/2025\/09\/19\/la-historia-de-florinda-meza-llega-a-prime-video-en-septiembre\/#respond"]}]},{"@type":"WebPage","@id":"https:\/\/lagnoticias.com\/2025\/09\/19\/la-historia-de-florinda-meza-llega-a-prime-video-en-septiembre\/","url":"https:\/\/lagnoticias.com\/2025\/09\/19\/la-historia-de-florinda-meza-llega-a-prime-video-en-septiembre\/","name":"La historia de Florinda Meza llega a Prime Video en septiembre - La G Noticias","isPartOf":{"@id":"https:\/\/lagnoticias.com\/#website"},"primaryImageOfPage":{"@id":"https:\/\/lagnoticias.com\/2025\/09\/19\/la-historia-de-florinda-meza-llega-a-prime-video-en-septiembre\/#primaryimage"},"image":{"@id":"https:\/\/lagnoticias.com\/2025\/09\/19\/la-historia-de-florinda-meza-llega-a-prime-video-en-septiembre\/#primaryimage"},"thumbnailUrl":"https:\/\/lagnoticias.com\/wp-content\/uploads\/2025\/09\/6-11.jpg","datePublished":"2025-09-19T15:14:56+00:00","dateModified":"2025-09-20T19:53:01+00:00","author":{"@id":"https:\/\/lagnoticias.com\/#\/schema\/person\/cb9bfe13f8de05d2c55270be25c6a550"},"breadcrumb":{"@id":"https:\/\/lagnoticias.com\/2025\/09\/19\/la-historia-de-florinda-meza-llega-a-prime-video-en-septiembre\/#breadcrumb"},"inLanguage":"en-US","potentialAction":[{"@type":"ReadAction","target":["https:\/\/lagnoticias.com\/2025\/09\/19\/la-historia-de-florinda-meza-llega-a-prime-video-en-septiembre\/"]}]},{"@type":"ImageObject","inLanguage":"en-US","@id":"https:\/\/lagnoticias.com\/2025\/09\/19\/la-historia-de-florinda-meza-llega-a-prime-video-en-septiembre\/#primaryimage","url":"https:\/\/lagnoticias.com\/wp-content\/uploads\/2025\/09\/6-11.jpg","contentUrl":"https:\/\/lagnoticias.com\/wp-content\/uploads\/2025\/09\/6-11.jpg","width":1064,"height":670},{"@type":"BreadcrumbList","@id":"https:\/\/lagnoticias.com\/2025\/09\/19\/la-historia-de-florinda-meza-llega-a-prime-video-en-septiembre\/#breadcrumb","itemListElement":[{"@type":"ListItem","position":1,"name":"Portada","item":"https:\/\/lagnoticias.com\/"},{"@type":"ListItem","position":2,"name":"La historia de Florinda Meza llega a Prime Video en septiembre"}]},{"@type":"WebSite","@id":"https:\/\/lagnoticias.com\/#website","url":"https:\/\/lagnoticias.com\/","name":"La G Noticias","description":"Noticias Positivas","potentialAction":[{"@type":"SearchAction","target":{"@type":"EntryPoint","urlTemplate":"https:\/\/lagnoticias.com\/?s={search_term_string}"},"query-input":{"@type":"PropertyValueSpecification","valueRequired":true,"valueName":"search_term_string"}}],"inLanguage":"en-US"},{"@type":"Person","@id":"https:\/\/lagnoticias.com\/#\/schema\/person\/cb9bfe13f8de05d2c55270be25c6a550","name":"Oscar","image":{"@type":"ImageObject","inLanguage":"en-US","@id":"https:\/\/secure.gravatar.com\/avatar\/45c195718f652dc7ffdd591dc1f2678956ab7fdadcd359a635edc61304a8c757?s=96&d=mm&r=g","url":"https:\/\/secure.gravatar.com\/avatar\/45c195718f652dc7ffdd591dc1f2678956ab7fdadcd359a635edc61304a8c757?s=96&d=mm&r=g","contentUrl":"https:\/\/secure.gravatar.com\/avatar\/45c195718f652dc7ffdd591dc1f2678956ab7fdadcd359a635edc61304a8c757?s=96&d=mm&r=g","caption":"Oscar"},"url":"https:\/\/lagnoticias.com\/en\/author\/oscar\/"}]}},"_links":{"self":[{"href":"https:\/\/lagnoticias.com\/en\/wp-json\/wp\/v2\/posts\/5142","targetHints":{"allow":["GET"]}}],"collection":[{"href":"https:\/\/lagnoticias.com\/en\/wp-json\/wp\/v2\/posts"}],"about":[{"href":"https:\/\/lagnoticias.com\/en\/wp-json\/wp\/v2\/types\/post"}],"author":[{"embeddable":true,"href":"https:\/\/lagnoticias.com\/en\/wp-json\/wp\/v2\/users\/2"}],"replies":[{"embeddable":true,"href":"https:\/\/lagnoticias.com\/en\/wp-json\/wp\/v2\/comments?post=5142"}],"version-history":[{"count":1,"href":"https:\/\/lagnoticias.com\/en\/wp-json\/wp\/v2\/posts\/5142\/revisions"}],"predecessor-version":[{"id":5144,"href":"https:\/\/lagnoticias.com\/en\/wp-json\/wp\/v2\/posts\/5142\/revisions\/5144"}],"wp:featuredmedia":[{"embeddable":true,"href":"https:\/\/lagnoticias.com\/en\/wp-json\/wp\/v2\/media\/5143"}],"wp:attachment":[{"href":"https:\/\/lagnoticias.com\/en\/wp-json\/wp\/v2\/media?parent=5142"}],"wp:term":[{"taxonomy":"category","embeddable":true,"href":"https:\/\/lagnoticias.com\/en\/wp-json\/wp\/v2\/categories?post=5142"},{"taxonomy":"post_tag","embeddable":true,"href":"https:\/\/lagnoticias.com\/en\/wp-json\/wp\/v2\/tags?post=5142"}],"curies":[{"name":"wp","href":"https:\/\/api.w.org\/{rel}","templated":true}]}}