{"id":5136,"date":"2025-09-19T08:54:44","date_gmt":"2025-09-19T14:54:44","guid":{"rendered":"https:\/\/lagnoticias.com\/?p=5136"},"modified":"2025-09-20T13:53:14","modified_gmt":"2025-09-20T19:53:14","slug":"nicolas-maduro-envia-militares-a-entrenar-al-pueblo-en-uso-de-armas","status":"publish","type":"post","link":"https:\/\/lagnoticias.com\/en\/2025\/09\/19\/nicolas-maduro-envia-militares-a-entrenar-al-pueblo-en-uso-de-armas\/","title":{"rendered":"Nicol\u00e1s Maduro env\u00eda militares a entrenar al pueblo en uso de armas"},"content":{"rendered":"<p>Nicol\u00e1s Maduro inform\u00f3 que enviar\u00e1 militares a las barriadas populares para entrenar a la poblaci\u00f3n en el manejo de armas, en medio de una escalada de la tensi\u00f3n con&nbsp;Estados Unidos&nbsp;por el despliegue de buques de guerra en el Caribe.<\/p>\n\n\n\n<p>Maduro, que acusa a Washington de querer invadir&nbsp;Venezuela, convoc\u00f3 hace un par de semana a los voluntarios apuntados en la Milicia, un cuerpo castrense compuesto por civiles, a que se entrenaran en los cuarteles.&nbsp;<\/p>\n\n\n\n<p>\u00abEl pr\u00f3ximo s\u00e1bado 20 de septiembre, los cuarteles, la Fuerza Armada Bolivariana, va al pueblo, va a las comunidades a emplazarlas, a revisar, a ense\u00f1ar a todos los que se alistaron, vecinos y vecinas, en lo que es el manejo del sistema de armas\u00bb, dijo Maduro.<\/p>\n\n\n\n<p>\u00abVa a ser la primera vez que los cuarteles con sus armas y soldados van al pueblo, al barrio, a la comunidad\u00bb, dijo el gobernante en un acto oficial transmitido por el canal estatal VTV.<\/p>\n\n\n\n<p>El mi\u00e9rcoles la Fuerza Armada Nacional inici\u00f3 tres d\u00edas de ejercicios militares en la isla caribe\u00f1a de La Orchila, a unos 65 kil\u00f3metros de la tierra firme venezolana.<\/p>\n\n\n\n<p>Este es el m\u00e1s ostensible despliegue militar ordenado por Maduro desde que hace un mes Estados Unidos envi\u00f3 una flota naval al Caribe oriental con el argumento de combatir el narcotr\u00e1fico.<\/p>\n\n\n\n<h2 class=\"wp-block-heading\">Plan imperial<\/h2>\n\n\n\n<p>Desde inicios de septiembre Washington ha eliminado tres embarcaciones que presuntamente traficaban droga, con un saldo de 14 muertos, seg\u00fan el presidente&nbsp;Donald Trump.&nbsp;<\/p>\n\n\n\n<p>Su gobierno acusa a Maduro de nexos con el narcotr\u00e1fico y ofreci\u00f3 una recompensa de 50 millones de d\u00f3lares por su captura.<\/p>\n\n\n\n<p>El l\u00edder chavista no es reconocido como presidente por Estados Unidos ni por las principales democracias de Am\u00e9rica y la Uni\u00f3n Europea.<\/p>\n\n\n\n<p>\u00abNosotros no nos metemos con nadie, pero nos preparamos por si acasito se necesitara\u00bb, dijo Maduro sobre los ejercicios.<\/p>\n\n\n\n<p>Estados Unidos tambi\u00e9n envi\u00f3 a Puerto Rico aviones caza F-35 para apoyar a la flotilla compuesta por siete barcos y un submarino de propulsi\u00f3n nuclear.<\/p>\n\n\n\n<p>\u00abLo que hay detr\u00e1s es un plan imperial para un cambio de r\u00e9gimen e imponer un gobierno t\u00edtere de Estados Unidos y venir a robarnos el petr\u00f3leo que es la mayor reserva del mundo, y el gas, que es la cuarta del mundo. Pero no ha ocurrido ni ocurrir\u00e1\u00bb, replic\u00f3 Maduro este jueves.<\/p>\n\n\n\n<p><\/p>\n\n\n\n<p><\/p>\n\n\n\n<p><\/p>\n\n\n\n<p>(DW)<\/p>","protected":false},"excerpt":{"rendered":"<p>\u00abNosotros no nos metemos con nadie, pero nos preparamos por si acasito se necesitara\u00bb, expres\u00f3 el l\u00edder chavista en Venezuela.<\/p>","protected":false},"author":2,"featured_media":5137,"comment_status":"open","ping_status":"open","sticky":false,"template":"","format":"standard","meta":{"_et_pb_use_builder":"off","_et_pb_old_content":"","_et_gb_content_width":"","footnotes":""},"categories":[245],"tags":[260,1035,634,346],"class_list":["post-5136","post","type-post","status-publish","format-standard","has-post-thumbnail","hentry","category-internacionales","tag-estados-unidos","tag-militares","tag-nicolas-maduro","tag-venezuela"],"yoast_head":"<!-- This site is optimized with the Yoast SEO plugin v27.4 - https:\/\/yoast.com\/product\/yoast-seo-wordpress\/ -->\n<title>Nicol\u00e1s Maduro env\u00eda militares a entrenar al pueblo en uso de armas - La G Noticias<\/title>\n<meta name=\"robots\" content=\"index, follow, max-snippet:-1, max-image-preview:large, max-video-preview:-1\" \/>\n<link rel=\"canonical\" href=\"https:\/\/lagnoticias.com\/en\/2025\/09\/19\/nicolas-maduro-envia-militares-a-entrenar-al-pueblo-en-uso-de-armas\/\" \/>\n<meta property=\"og:locale\" content=\"en_US\" \/>\n<meta property=\"og:type\" content=\"article\" \/>\n<meta property=\"og:title\" content=\"Nicol\u00e1s Maduro env\u00eda militares a entrenar al pueblo en uso de armas - La G Noticias\" \/>\n<meta property=\"og:description\" content=\"&quot;Nosotros no nos metemos con nadie, pero nos preparamos por si acasito se necesitara&quot;, expres\u00f3 el l\u00edder chavista en Venezuela.\" \/>\n<meta property=\"og:url\" content=\"https:\/\/lagnoticias.com\/en\/2025\/09\/19\/nicolas-maduro-envia-militares-a-entrenar-al-pueblo-en-uso-de-armas\/\" \/>\n<meta property=\"og:site_name\" content=\"La G Noticias\" \/>\n<meta property=\"article:publisher\" content=\"https:\/\/www.facebook.com\/LaGNoticias\" \/>\n<meta property=\"article:published_time\" content=\"2025-09-19T14:54:44+00:00\" \/>\n<meta property=\"article:modified_time\" content=\"2025-09-20T19:53:14+00:00\" \/>\n<meta property=\"og:image\" content=\"https:\/\/lagnoticias.com\/wp-content\/uploads\/2025\/09\/8-20.jpg\" \/>\n\t<meta property=\"og:image:width\" content=\"1084\" \/>\n\t<meta property=\"og:image:height\" content=\"507\" \/>\n\t<meta property=\"og:image:type\" content=\"image\/jpeg\" \/>\n<meta name=\"author\" content=\"Oscar\" \/>\n<meta name=\"twitter:card\" content=\"summary_large_image\" \/>\n<meta name=\"twitter:creator\" content=\"@lagnoticias\" \/>\n<meta name=\"twitter:site\" content=\"@lagnoticias\" \/>\n<meta name=\"twitter:label1\" content=\"Written by\" \/>\n\t<meta name=\"twitter:data1\" content=\"Oscar\" \/>\n\t<meta name=\"twitter:label2\" content=\"Est. reading time\" \/>\n\t<meta name=\"twitter:data2\" content=\"2 minutes\" \/>\n<script type=\"application\/ld+json\" class=\"yoast-schema-graph\">{\"@context\":\"https:\\\/\\\/schema.org\",\"@graph\":[{\"@type\":\"Article\",\"@id\":\"https:\\\/\\\/lagnoticias.com\\\/2025\\\/09\\\/19\\\/nicolas-maduro-envia-militares-a-entrenar-al-pueblo-en-uso-de-armas\\\/#article\",\"isPartOf\":{\"@id\":\"https:\\\/\\\/lagnoticias.com\\\/2025\\\/09\\\/19\\\/nicolas-maduro-envia-militares-a-entrenar-al-pueblo-en-uso-de-armas\\\/\"},\"author\":{\"name\":\"Oscar\",\"@id\":\"https:\\\/\\\/lagnoticias.com\\\/#\\\/schema\\\/person\\\/cb9bfe13f8de05d2c55270be25c6a550\"},\"headline\":\"Nicol\u00e1s Maduro env\u00eda militares a entrenar al pueblo en uso de armas\",\"datePublished\":\"2025-09-19T14:54:44+00:00\",\"dateModified\":\"2025-09-20T19:53:14+00:00\",\"mainEntityOfPage\":{\"@id\":\"https:\\\/\\\/lagnoticias.com\\\/2025\\\/09\\\/19\\\/nicolas-maduro-envia-militares-a-entrenar-al-pueblo-en-uso-de-armas\\\/\"},\"wordCount\":424,\"commentCount\":0,\"image\":{\"@id\":\"https:\\\/\\\/lagnoticias.com\\\/2025\\\/09\\\/19\\\/nicolas-maduro-envia-militares-a-entrenar-al-pueblo-en-uso-de-armas\\\/#primaryimage\"},\"thumbnailUrl\":\"https:\\\/\\\/lagnoticias.com\\\/wp-content\\\/uploads\\\/2025\\\/09\\\/8-20.jpg\",\"keywords\":[\"ESTADOS UNIDOS\",\"MILITARES\",\"NICOL\u00c1S MADURO\",\"VENEZUELA\"],\"articleSection\":[\"INTERNACIONALES\"],\"inLanguage\":\"en-US\",\"potentialAction\":[{\"@type\":\"CommentAction\",\"name\":\"Comment\",\"target\":[\"https:\\\/\\\/lagnoticias.com\\\/2025\\\/09\\\/19\\\/nicolas-maduro-envia-militares-a-entrenar-al-pueblo-en-uso-de-armas\\\/#respond\"]}]},{\"@type\":\"WebPage\",\"@id\":\"https:\\\/\\\/lagnoticias.com\\\/2025\\\/09\\\/19\\\/nicolas-maduro-envia-militares-a-entrenar-al-pueblo-en-uso-de-armas\\\/\",\"url\":\"https:\\\/\\\/lagnoticias.com\\\/2025\\\/09\\\/19\\\/nicolas-maduro-envia-militares-a-entrenar-al-pueblo-en-uso-de-armas\\\/\",\"name\":\"Nicol\u00e1s Maduro env\u00eda militares a entrenar al pueblo en uso de armas - La G Noticias\",\"isPartOf\":{\"@id\":\"https:\\\/\\\/lagnoticias.com\\\/#website\"},\"primaryImageOfPage\":{\"@id\":\"https:\\\/\\\/lagnoticias.com\\\/2025\\\/09\\\/19\\\/nicolas-maduro-envia-militares-a-entrenar-al-pueblo-en-uso-de-armas\\\/#primaryimage\"},\"image\":{\"@id\":\"https:\\\/\\\/lagnoticias.com\\\/2025\\\/09\\\/19\\\/nicolas-maduro-envia-militares-a-entrenar-al-pueblo-en-uso-de-armas\\\/#primaryimage\"},\"thumbnailUrl\":\"https:\\\/\\\/lagnoticias.com\\\/wp-content\\\/uploads\\\/2025\\\/09\\\/8-20.jpg\",\"datePublished\":\"2025-09-19T14:54:44+00:00\",\"dateModified\":\"2025-09-20T19:53:14+00:00\",\"author\":{\"@id\":\"https:\\\/\\\/lagnoticias.com\\\/#\\\/schema\\\/person\\\/cb9bfe13f8de05d2c55270be25c6a550\"},\"breadcrumb\":{\"@id\":\"https:\\\/\\\/lagnoticias.com\\\/2025\\\/09\\\/19\\\/nicolas-maduro-envia-militares-a-entrenar-al-pueblo-en-uso-de-armas\\\/#breadcrumb\"},\"inLanguage\":\"en-US\",\"potentialAction\":[{\"@type\":\"ReadAction\",\"target\":[\"https:\\\/\\\/lagnoticias.com\\\/2025\\\/09\\\/19\\\/nicolas-maduro-envia-militares-a-entrenar-al-pueblo-en-uso-de-armas\\\/\"]}]},{\"@type\":\"ImageObject\",\"inLanguage\":\"en-US\",\"@id\":\"https:\\\/\\\/lagnoticias.com\\\/2025\\\/09\\\/19\\\/nicolas-maduro-envia-militares-a-entrenar-al-pueblo-en-uso-de-armas\\\/#primaryimage\",\"url\":\"https:\\\/\\\/lagnoticias.com\\\/wp-content\\\/uploads\\\/2025\\\/09\\\/8-20.jpg\",\"contentUrl\":\"https:\\\/\\\/lagnoticias.com\\\/wp-content\\\/uploads\\\/2025\\\/09\\\/8-20.jpg\",\"width\":1084,\"height\":507},{\"@type\":\"BreadcrumbList\",\"@id\":\"https:\\\/\\\/lagnoticias.com\\\/2025\\\/09\\\/19\\\/nicolas-maduro-envia-militares-a-entrenar-al-pueblo-en-uso-de-armas\\\/#breadcrumb\",\"itemListElement\":[{\"@type\":\"ListItem\",\"position\":1,\"name\":\"Portada\",\"item\":\"https:\\\/\\\/lagnoticias.com\\\/\"},{\"@type\":\"ListItem\",\"position\":2,\"name\":\"Nicol\u00e1s Maduro env\u00eda militares a entrenar al pueblo en uso de armas\"}]},{\"@type\":\"WebSite\",\"@id\":\"https:\\\/\\\/lagnoticias.com\\\/#website\",\"url\":\"https:\\\/\\\/lagnoticias.com\\\/\",\"name\":\"La G Noticias\",\"description\":\"Noticias Positivas\",\"potentialAction\":[{\"@type\":\"SearchAction\",\"target\":{\"@type\":\"EntryPoint\",\"urlTemplate\":\"https:\\\/\\\/lagnoticias.com\\\/?s={search_term_string}\"},\"query-input\":{\"@type\":\"PropertyValueSpecification\",\"valueRequired\":true,\"valueName\":\"search_term_string\"}}],\"inLanguage\":\"en-US\"},{\"@type\":\"Person\",\"@id\":\"https:\\\/\\\/lagnoticias.com\\\/#\\\/schema\\\/person\\\/cb9bfe13f8de05d2c55270be25c6a550\",\"name\":\"Oscar\",\"image\":{\"@type\":\"ImageObject\",\"inLanguage\":\"en-US\",\"@id\":\"https:\\\/\\\/secure.gravatar.com\\\/avatar\\\/45c195718f652dc7ffdd591dc1f2678956ab7fdadcd359a635edc61304a8c757?s=96&d=mm&r=g\",\"url\":\"https:\\\/\\\/secure.gravatar.com\\\/avatar\\\/45c195718f652dc7ffdd591dc1f2678956ab7fdadcd359a635edc61304a8c757?s=96&d=mm&r=g\",\"contentUrl\":\"https:\\\/\\\/secure.gravatar.com\\\/avatar\\\/45c195718f652dc7ffdd591dc1f2678956ab7fdadcd359a635edc61304a8c757?s=96&d=mm&r=g\",\"caption\":\"Oscar\"},\"url\":\"https:\\\/\\\/lagnoticias.com\\\/en\\\/author\\\/oscar\\\/\"}]}<\/script>\n<!-- \/ Yoast SEO plugin. -->","yoast_head_json":{"title":"Nicol\u00e1s Maduro env\u00eda militares a entrenar al pueblo en uso de armas - La G Noticias","robots":{"index":"index","follow":"follow","max-snippet":"max-snippet:-1","max-image-preview":"max-image-preview:large","max-video-preview":"max-video-preview:-1"},"canonical":"https:\/\/lagnoticias.com\/en\/2025\/09\/19\/nicolas-maduro-envia-militares-a-entrenar-al-pueblo-en-uso-de-armas\/","og_locale":"en_US","og_type":"article","og_title":"Nicol\u00e1s Maduro env\u00eda militares a entrenar al pueblo en uso de armas - La G Noticias","og_description":"\"Nosotros no nos metemos con nadie, pero nos preparamos por si acasito se necesitara\", expres\u00f3 el l\u00edder chavista en Venezuela.","og_url":"https:\/\/lagnoticias.com\/en\/2025\/09\/19\/nicolas-maduro-envia-militares-a-entrenar-al-pueblo-en-uso-de-armas\/","og_site_name":"La G Noticias","article_publisher":"https:\/\/www.facebook.com\/LaGNoticias","article_published_time":"2025-09-19T14:54:44+00:00","article_modified_time":"2025-09-20T19:53:14+00:00","og_image":[{"width":1084,"height":507,"url":"https:\/\/lagnoticias.com\/wp-content\/uploads\/2025\/09\/8-20.jpg","type":"image\/jpeg"}],"author":"Oscar","twitter_card":"summary_large_image","twitter_creator":"@lagnoticias","twitter_site":"@lagnoticias","twitter_misc":{"Written by":"Oscar","Est. reading time":"2 minutes"},"schema":{"@context":"https:\/\/schema.org","@graph":[{"@type":"Article","@id":"https:\/\/lagnoticias.com\/2025\/09\/19\/nicolas-maduro-envia-militares-a-entrenar-al-pueblo-en-uso-de-armas\/#article","isPartOf":{"@id":"https:\/\/lagnoticias.com\/2025\/09\/19\/nicolas-maduro-envia-militares-a-entrenar-al-pueblo-en-uso-de-armas\/"},"author":{"name":"Oscar","@id":"https:\/\/lagnoticias.com\/#\/schema\/person\/cb9bfe13f8de05d2c55270be25c6a550"},"headline":"Nicol\u00e1s Maduro env\u00eda militares a entrenar al pueblo en uso de armas","datePublished":"2025-09-19T14:54:44+00:00","dateModified":"2025-09-20T19:53:14+00:00","mainEntityOfPage":{"@id":"https:\/\/lagnoticias.com\/2025\/09\/19\/nicolas-maduro-envia-militares-a-entrenar-al-pueblo-en-uso-de-armas\/"},"wordCount":424,"commentCount":0,"image":{"@id":"https:\/\/lagnoticias.com\/2025\/09\/19\/nicolas-maduro-envia-militares-a-entrenar-al-pueblo-en-uso-de-armas\/#primaryimage"},"thumbnailUrl":"https:\/\/lagnoticias.com\/wp-content\/uploads\/2025\/09\/8-20.jpg","keywords":["ESTADOS UNIDOS","MILITARES","NICOL\u00c1S MADURO","VENEZUELA"],"articleSection":["INTERNACIONALES"],"inLanguage":"en-US","potentialAction":[{"@type":"CommentAction","name":"Comment","target":["https:\/\/lagnoticias.com\/2025\/09\/19\/nicolas-maduro-envia-militares-a-entrenar-al-pueblo-en-uso-de-armas\/#respond"]}]},{"@type":"WebPage","@id":"https:\/\/lagnoticias.com\/2025\/09\/19\/nicolas-maduro-envia-militares-a-entrenar-al-pueblo-en-uso-de-armas\/","url":"https:\/\/lagnoticias.com\/2025\/09\/19\/nicolas-maduro-envia-militares-a-entrenar-al-pueblo-en-uso-de-armas\/","name":"Nicol\u00e1s Maduro env\u00eda militares a entrenar al pueblo en uso de armas - La G Noticias","isPartOf":{"@id":"https:\/\/lagnoticias.com\/#website"},"primaryImageOfPage":{"@id":"https:\/\/lagnoticias.com\/2025\/09\/19\/nicolas-maduro-envia-militares-a-entrenar-al-pueblo-en-uso-de-armas\/#primaryimage"},"image":{"@id":"https:\/\/lagnoticias.com\/2025\/09\/19\/nicolas-maduro-envia-militares-a-entrenar-al-pueblo-en-uso-de-armas\/#primaryimage"},"thumbnailUrl":"https:\/\/lagnoticias.com\/wp-content\/uploads\/2025\/09\/8-20.jpg","datePublished":"2025-09-19T14:54:44+00:00","dateModified":"2025-09-20T19:53:14+00:00","author":{"@id":"https:\/\/lagnoticias.com\/#\/schema\/person\/cb9bfe13f8de05d2c55270be25c6a550"},"breadcrumb":{"@id":"https:\/\/lagnoticias.com\/2025\/09\/19\/nicolas-maduro-envia-militares-a-entrenar-al-pueblo-en-uso-de-armas\/#breadcrumb"},"inLanguage":"en-US","potentialAction":[{"@type":"ReadAction","target":["https:\/\/lagnoticias.com\/2025\/09\/19\/nicolas-maduro-envia-militares-a-entrenar-al-pueblo-en-uso-de-armas\/"]}]},{"@type":"ImageObject","inLanguage":"en-US","@id":"https:\/\/lagnoticias.com\/2025\/09\/19\/nicolas-maduro-envia-militares-a-entrenar-al-pueblo-en-uso-de-armas\/#primaryimage","url":"https:\/\/lagnoticias.com\/wp-content\/uploads\/2025\/09\/8-20.jpg","contentUrl":"https:\/\/lagnoticias.com\/wp-content\/uploads\/2025\/09\/8-20.jpg","width":1084,"height":507},{"@type":"BreadcrumbList","@id":"https:\/\/lagnoticias.com\/2025\/09\/19\/nicolas-maduro-envia-militares-a-entrenar-al-pueblo-en-uso-de-armas\/#breadcrumb","itemListElement":[{"@type":"ListItem","position":1,"name":"Portada","item":"https:\/\/lagnoticias.com\/"},{"@type":"ListItem","position":2,"name":"Nicol\u00e1s Maduro env\u00eda militares a entrenar al pueblo en uso de armas"}]},{"@type":"WebSite","@id":"https:\/\/lagnoticias.com\/#website","url":"https:\/\/lagnoticias.com\/","name":"La G Noticias","description":"Noticias Positivas","potentialAction":[{"@type":"SearchAction","target":{"@type":"EntryPoint","urlTemplate":"https:\/\/lagnoticias.com\/?s={search_term_string}"},"query-input":{"@type":"PropertyValueSpecification","valueRequired":true,"valueName":"search_term_string"}}],"inLanguage":"en-US"},{"@type":"Person","@id":"https:\/\/lagnoticias.com\/#\/schema\/person\/cb9bfe13f8de05d2c55270be25c6a550","name":"Oscar","image":{"@type":"ImageObject","inLanguage":"en-US","@id":"https:\/\/secure.gravatar.com\/avatar\/45c195718f652dc7ffdd591dc1f2678956ab7fdadcd359a635edc61304a8c757?s=96&d=mm&r=g","url":"https:\/\/secure.gravatar.com\/avatar\/45c195718f652dc7ffdd591dc1f2678956ab7fdadcd359a635edc61304a8c757?s=96&d=mm&r=g","contentUrl":"https:\/\/secure.gravatar.com\/avatar\/45c195718f652dc7ffdd591dc1f2678956ab7fdadcd359a635edc61304a8c757?s=96&d=mm&r=g","caption":"Oscar"},"url":"https:\/\/lagnoticias.com\/en\/author\/oscar\/"}]}},"_links":{"self":[{"href":"https:\/\/lagnoticias.com\/en\/wp-json\/wp\/v2\/posts\/5136","targetHints":{"allow":["GET"]}}],"collection":[{"href":"https:\/\/lagnoticias.com\/en\/wp-json\/wp\/v2\/posts"}],"about":[{"href":"https:\/\/lagnoticias.com\/en\/wp-json\/wp\/v2\/types\/post"}],"author":[{"embeddable":true,"href":"https:\/\/lagnoticias.com\/en\/wp-json\/wp\/v2\/users\/2"}],"replies":[{"embeddable":true,"href":"https:\/\/lagnoticias.com\/en\/wp-json\/wp\/v2\/comments?post=5136"}],"version-history":[{"count":1,"href":"https:\/\/lagnoticias.com\/en\/wp-json\/wp\/v2\/posts\/5136\/revisions"}],"predecessor-version":[{"id":5138,"href":"https:\/\/lagnoticias.com\/en\/wp-json\/wp\/v2\/posts\/5136\/revisions\/5138"}],"wp:featuredmedia":[{"embeddable":true,"href":"https:\/\/lagnoticias.com\/en\/wp-json\/wp\/v2\/media\/5137"}],"wp:attachment":[{"href":"https:\/\/lagnoticias.com\/en\/wp-json\/wp\/v2\/media?parent=5136"}],"wp:term":[{"taxonomy":"category","embeddable":true,"href":"https:\/\/lagnoticias.com\/en\/wp-json\/wp\/v2\/categories?post=5136"},{"taxonomy":"post_tag","embeddable":true,"href":"https:\/\/lagnoticias.com\/en\/wp-json\/wp\/v2\/tags?post=5136"}],"curies":[{"name":"wp","href":"https:\/\/api.w.org\/{rel}","templated":true}]}}