{"id":5112,"date":"2025-09-18T09:11:02","date_gmt":"2025-09-18T15:11:02","guid":{"rendered":"https:\/\/lagnoticias.com\/?p=5112"},"modified":"2025-09-18T09:11:03","modified_gmt":"2025-09-18T15:11:03","slug":"revelan-por-que-christian-nodal-no-asistio-al-cumpleanos-de-su-hija-inti","status":"publish","type":"post","link":"https:\/\/lagnoticias.com\/en\/2025\/09\/18\/revelan-por-que-christian-nodal-no-asistio-al-cumpleanos-de-su-hija-inti\/","title":{"rendered":"Revelan por qu\u00e9 Christian Nodal no asisti\u00f3 al cumplea\u00f1os de su hija Inti"},"content":{"rendered":"<p>El pasado fin de semana, la cantante argentina&nbsp;Cazzu&nbsp;celebr\u00f3 el segundo cumplea\u00f1os de su hija&nbsp;Inti, fruto de su relaci\u00f3n con el cantante mexicano&nbsp;Christian Nodal. La fiesta estuvo llena de detalles especiales, pero lo que m\u00e1s llam\u00f3 la atenci\u00f3n de los seguidores de ambos artistas fue la&nbsp;ausencia del int\u00e9rprete de \u201cAdi\u00f3s amor\u201d&nbsp;en el festejo.<\/p>\n\n\n\n<p>El hecho reaviv\u00f3 la controversia sobre la relaci\u00f3n actual entre Nodal y su hija, ya que desde su separaci\u00f3n con&nbsp;Cazzu&nbsp;y su posterior matrimonio con&nbsp;\u00c1ngela Aguilar, han surgido m\u00faltiples especulaciones sobre un presunto distanciamiento con la peque\u00f1a.<\/p>\n\n\n\n<h2 class=\"wp-block-heading\">La pol\u00e9mica en torno a Nodal y Cazzu<\/h2>\n\n\n\n<p>Christian Nodal y Cazzu anunciaron el fin de su relaci\u00f3n en 2024,\u00a0apenas unos meses despu\u00e9s del nacimiento de su hija en septiembre de 2023.\u00a0Posteriormente,\u00a0Nodal sorprendi\u00f3 al p\u00fablico al confirmar su romance con la cantante mexicana \u00c1ngela Aguilar, con quien contrajo matrimonio civil en Italia.<\/p>\n\n\n\n<p>Desde entonces,&nbsp;la vida personal del cantante ha estado bajo constante escrutinio medi\u00e1tico.&nbsp;Las especulaciones sobre la convivencia con su hija Inti se intensificaron cuando Cazzu declar\u00f3 que no pod\u00eda viajar con la menor porque necesitaba el permiso legal de Nodal. Estas declaraciones desataron rumores sobre tensiones entre ambos artistas en torno a la crianza de su hija.<\/p>\n\n\n\n<p>La ausencia del cantante en la reciente fiesta de cumplea\u00f1os volvi\u00f3 a alimentar las dudas y comentarios en redes sociales.<\/p>\n\n\n\n<h2 class=\"wp-block-heading\">El motivo detr\u00e1s de la ausencia de Christian Nodal<\/h2>\n\n\n\n<p>Ante la creciente pol\u00e9mica, el periodista&nbsp;Alex Rodr\u00edguez, del programa \u201c\u00a1Si\u00e9ntese quien pueda!\u201d, contact\u00f3 directamente al equipo de Christian Nodal para conocer las razones de su ausencia. La respuesta aclar\u00f3 que el artista no estuvo presente por un&nbsp;compromiso laboral previamente agendado.<\/p>\n\n\n\n<p>El pasado 15 de septiembre, d\u00eda en que se celebr\u00f3 la fiesta de Inti, Nodal ofreci\u00f3 un&nbsp;concierto en Morelia, Michoac\u00e1n, como parte de su gira en M\u00e9xico. Debido a este compromiso, le fue imposible viajar para acompa\u00f1ar a su hija en su cumplea\u00f1os.<\/p>\n\n\n\n<p>El equipo del cantante asegur\u00f3 que, a pesar de no poder estar f\u00edsicamente, Nodal&nbsp;mantiene una comunicaci\u00f3n constante&nbsp;para asegurarse del bienestar de la peque\u00f1a.<\/p>\n\n\n\n<p>\u201cSi no acudi\u00f3 al cumplea\u00f1os de su hija Inti es porque ten\u00eda este compromiso profesional, pero siempre est\u00e1 al pendiente de la ni\u00f1a\u201d\u2014 Alex Rodr\u00edguez.<\/p>\n\n\n\n<h2 class=\"wp-block-heading\">La decisi\u00f3n de no compartir mensajes en redes sociales<\/h2>\n\n\n\n<p>Otro de los puntos que llam\u00f3 la atenci\u00f3n fue que, adem\u00e1s de su ausencia, Christian Nodal tampoco public\u00f3 mensajes de felicitaci\u00f3n en redes sociales para su hija. Sobre este aspecto, Alex Rodr\u00edguez explic\u00f3 que la decisi\u00f3n fue tomada de manera consciente por el int\u00e9rprete de \u201cLa corazonada\u201d para&nbsp;proteger a la ni\u00f1a de cr\u00edticas y burlas en internet.<\/p>\n\n\n\n<p>\u201cNo la expone en redes para que no se burlen ni la critiquen ni digan tonter\u00edas\u201d, detall\u00f3 el periodista citando al entorno cercano del cantante.<\/p>\n\n\n\n<p>Esta postura contrasta con la manera en que Cazzu suele compartir im\u00e1genes y momentos de Inti en redes sociales, aunque en general lo hace sin mostrar el rostro de la menor para resguardar su privacidad.<\/p>\n\n\n\n<h2 class=\"wp-block-heading\">Reacciones del p\u00fablico y especulaciones<\/h2>\n\n\n\n<p>La ausencia de Nodal en la fiesta gener\u00f3 opiniones divididas entre los seguidores de ambos artistas.&nbsp;Algunos defendieron al cantante argumentando que su trabajo le impidi\u00f3 estar presente,&nbsp;mientras que otros cuestionaron que no intentara modificar su agenda para acompa\u00f1ar a su hija en una fecha tan especial.<\/p>\n\n\n\n<p>En redes sociales, los comentarios se multiplicaron. Mientras algunos usuarios destacaban que los compromisos art\u00edsticos forman parte de la vida de un cantante de su nivel,&nbsp;otros insistieron en que la presencia paterna en momentos clave de la infancia es fundamental.<\/p>\n\n\n\n<p>Christian Nodal contin\u00faa en el ojo p\u00fablico no solo por su carrera musical, sino tambi\u00e9n por su vida privada.&nbsp;Su matrimonio con \u00c1ngela Aguilar y su papel como padre de Inti mantienen la atenci\u00f3n de medios y seguidores.<\/p>\n\n\n\n<p>La explicaci\u00f3n de su ausencia en el cumplea\u00f1os de su hija aclara parte de la pol\u00e9mica, pero tambi\u00e9n deja en evidencia los retos que enfrenta el cantante para&nbsp;equilibrar su vida personal con su exigente agenda profesional.<\/p>","protected":false},"excerpt":{"rendered":"<p>Christian Nodal no asisti\u00f3 al cumplea\u00f1os de su hija Inti. Periodista de espect\u00e1culos revel\u00f3 el verdadero motivo de su ausencia en la fiesta.<\/p>","protected":false},"author":2,"featured_media":5113,"comment_status":"open","ping_status":"open","sticky":false,"template":"","format":"standard","meta":{"_et_pb_use_builder":"off","_et_pb_old_content":"","_et_gb_content_width":"","footnotes":""},"categories":[679,249],"tags":[],"class_list":["post-5112","post","type-post","status-publish","format-standard","has-post-thumbnail","hentry","category-destacados","category-entretenimiento"],"yoast_head":"<!-- This site is optimized with the Yoast SEO plugin v27.4 - https:\/\/yoast.com\/product\/yoast-seo-wordpress\/ -->\n<title>Revelan por qu\u00e9 Christian Nodal no asisti\u00f3 al cumplea\u00f1os de su hija Inti - La G Noticias<\/title>\n<meta name=\"robots\" content=\"index, follow, max-snippet:-1, max-image-preview:large, max-video-preview:-1\" \/>\n<link rel=\"canonical\" href=\"https:\/\/lagnoticias.com\/en\/2025\/09\/18\/revelan-por-que-christian-nodal-no-asistio-al-cumpleanos-de-su-hija-inti\/\" \/>\n<meta property=\"og:locale\" content=\"en_US\" \/>\n<meta property=\"og:type\" content=\"article\" \/>\n<meta property=\"og:title\" content=\"Revelan por qu\u00e9 Christian Nodal no asisti\u00f3 al cumplea\u00f1os de su hija Inti - La G Noticias\" \/>\n<meta property=\"og:description\" content=\"Christian Nodal no asisti\u00f3 al cumplea\u00f1os de su hija Inti. Periodista de espect\u00e1culos revel\u00f3 el verdadero motivo de su ausencia en la fiesta.\" \/>\n<meta property=\"og:url\" content=\"https:\/\/lagnoticias.com\/en\/2025\/09\/18\/revelan-por-que-christian-nodal-no-asistio-al-cumpleanos-de-su-hija-inti\/\" \/>\n<meta property=\"og:site_name\" content=\"La G Noticias\" \/>\n<meta property=\"article:publisher\" content=\"https:\/\/www.facebook.com\/LaGNoticias\" \/>\n<meta property=\"article:published_time\" content=\"2025-09-18T15:11:02+00:00\" \/>\n<meta property=\"article:modified_time\" content=\"2025-09-18T15:11:03+00:00\" \/>\n<meta property=\"og:image\" content=\"https:\/\/lagnoticias.com\/wp-content\/uploads\/2025\/09\/6-9.jpg\" \/>\n\t<meta property=\"og:image:width\" content=\"1280\" \/>\n\t<meta property=\"og:image:height\" content=\"720\" \/>\n\t<meta property=\"og:image:type\" content=\"image\/jpeg\" \/>\n<meta name=\"author\" content=\"Oscar\" \/>\n<meta name=\"twitter:card\" content=\"summary_large_image\" \/>\n<meta name=\"twitter:creator\" content=\"@lagnoticias\" \/>\n<meta name=\"twitter:site\" content=\"@lagnoticias\" \/>\n<meta name=\"twitter:label1\" content=\"Written by\" \/>\n\t<meta name=\"twitter:data1\" content=\"Oscar\" \/>\n\t<meta name=\"twitter:label2\" content=\"Est. reading time\" \/>\n\t<meta name=\"twitter:data2\" content=\"4 minutes\" \/>\n<script type=\"application\/ld+json\" class=\"yoast-schema-graph\">{\"@context\":\"https:\\\/\\\/schema.org\",\"@graph\":[{\"@type\":\"Article\",\"@id\":\"https:\\\/\\\/lagnoticias.com\\\/2025\\\/09\\\/18\\\/revelan-por-que-christian-nodal-no-asistio-al-cumpleanos-de-su-hija-inti\\\/#article\",\"isPartOf\":{\"@id\":\"https:\\\/\\\/lagnoticias.com\\\/2025\\\/09\\\/18\\\/revelan-por-que-christian-nodal-no-asistio-al-cumpleanos-de-su-hija-inti\\\/\"},\"author\":{\"name\":\"Oscar\",\"@id\":\"https:\\\/\\\/lagnoticias.com\\\/#\\\/schema\\\/person\\\/cb9bfe13f8de05d2c55270be25c6a550\"},\"headline\":\"Revelan por qu\u00e9 Christian Nodal no asisti\u00f3 al cumplea\u00f1os de su hija Inti\",\"datePublished\":\"2025-09-18T15:11:02+00:00\",\"dateModified\":\"2025-09-18T15:11:03+00:00\",\"mainEntityOfPage\":{\"@id\":\"https:\\\/\\\/lagnoticias.com\\\/2025\\\/09\\\/18\\\/revelan-por-que-christian-nodal-no-asistio-al-cumpleanos-de-su-hija-inti\\\/\"},\"wordCount\":759,\"commentCount\":0,\"image\":{\"@id\":\"https:\\\/\\\/lagnoticias.com\\\/2025\\\/09\\\/18\\\/revelan-por-que-christian-nodal-no-asistio-al-cumpleanos-de-su-hija-inti\\\/#primaryimage\"},\"thumbnailUrl\":\"https:\\\/\\\/lagnoticias.com\\\/wp-content\\\/uploads\\\/2025\\\/09\\\/6-9.jpg\",\"articleSection\":[\"DESTACADOS\",\"ENTRETENIMIENTO\"],\"inLanguage\":\"en-US\",\"potentialAction\":[{\"@type\":\"CommentAction\",\"name\":\"Comment\",\"target\":[\"https:\\\/\\\/lagnoticias.com\\\/2025\\\/09\\\/18\\\/revelan-por-que-christian-nodal-no-asistio-al-cumpleanos-de-su-hija-inti\\\/#respond\"]}]},{\"@type\":\"WebPage\",\"@id\":\"https:\\\/\\\/lagnoticias.com\\\/2025\\\/09\\\/18\\\/revelan-por-que-christian-nodal-no-asistio-al-cumpleanos-de-su-hija-inti\\\/\",\"url\":\"https:\\\/\\\/lagnoticias.com\\\/2025\\\/09\\\/18\\\/revelan-por-que-christian-nodal-no-asistio-al-cumpleanos-de-su-hija-inti\\\/\",\"name\":\"Revelan por qu\u00e9 Christian Nodal no asisti\u00f3 al cumplea\u00f1os de su hija Inti - La G Noticias\",\"isPartOf\":{\"@id\":\"https:\\\/\\\/lagnoticias.com\\\/#website\"},\"primaryImageOfPage\":{\"@id\":\"https:\\\/\\\/lagnoticias.com\\\/2025\\\/09\\\/18\\\/revelan-por-que-christian-nodal-no-asistio-al-cumpleanos-de-su-hija-inti\\\/#primaryimage\"},\"image\":{\"@id\":\"https:\\\/\\\/lagnoticias.com\\\/2025\\\/09\\\/18\\\/revelan-por-que-christian-nodal-no-asistio-al-cumpleanos-de-su-hija-inti\\\/#primaryimage\"},\"thumbnailUrl\":\"https:\\\/\\\/lagnoticias.com\\\/wp-content\\\/uploads\\\/2025\\\/09\\\/6-9.jpg\",\"datePublished\":\"2025-09-18T15:11:02+00:00\",\"dateModified\":\"2025-09-18T15:11:03+00:00\",\"author\":{\"@id\":\"https:\\\/\\\/lagnoticias.com\\\/#\\\/schema\\\/person\\\/cb9bfe13f8de05d2c55270be25c6a550\"},\"breadcrumb\":{\"@id\":\"https:\\\/\\\/lagnoticias.com\\\/2025\\\/09\\\/18\\\/revelan-por-que-christian-nodal-no-asistio-al-cumpleanos-de-su-hija-inti\\\/#breadcrumb\"},\"inLanguage\":\"en-US\",\"potentialAction\":[{\"@type\":\"ReadAction\",\"target\":[\"https:\\\/\\\/lagnoticias.com\\\/2025\\\/09\\\/18\\\/revelan-por-que-christian-nodal-no-asistio-al-cumpleanos-de-su-hija-inti\\\/\"]}]},{\"@type\":\"ImageObject\",\"inLanguage\":\"en-US\",\"@id\":\"https:\\\/\\\/lagnoticias.com\\\/2025\\\/09\\\/18\\\/revelan-por-que-christian-nodal-no-asistio-al-cumpleanos-de-su-hija-inti\\\/#primaryimage\",\"url\":\"https:\\\/\\\/lagnoticias.com\\\/wp-content\\\/uploads\\\/2025\\\/09\\\/6-9.jpg\",\"contentUrl\":\"https:\\\/\\\/lagnoticias.com\\\/wp-content\\\/uploads\\\/2025\\\/09\\\/6-9.jpg\",\"width\":1280,\"height\":720},{\"@type\":\"BreadcrumbList\",\"@id\":\"https:\\\/\\\/lagnoticias.com\\\/2025\\\/09\\\/18\\\/revelan-por-que-christian-nodal-no-asistio-al-cumpleanos-de-su-hija-inti\\\/#breadcrumb\",\"itemListElement\":[{\"@type\":\"ListItem\",\"position\":1,\"name\":\"Portada\",\"item\":\"https:\\\/\\\/lagnoticias.com\\\/\"},{\"@type\":\"ListItem\",\"position\":2,\"name\":\"Revelan por qu\u00e9 Christian Nodal no asisti\u00f3 al cumplea\u00f1os de su hija Inti\"}]},{\"@type\":\"WebSite\",\"@id\":\"https:\\\/\\\/lagnoticias.com\\\/#website\",\"url\":\"https:\\\/\\\/lagnoticias.com\\\/\",\"name\":\"La G Noticias\",\"description\":\"Noticias Positivas\",\"potentialAction\":[{\"@type\":\"SearchAction\",\"target\":{\"@type\":\"EntryPoint\",\"urlTemplate\":\"https:\\\/\\\/lagnoticias.com\\\/?s={search_term_string}\"},\"query-input\":{\"@type\":\"PropertyValueSpecification\",\"valueRequired\":true,\"valueName\":\"search_term_string\"}}],\"inLanguage\":\"en-US\"},{\"@type\":\"Person\",\"@id\":\"https:\\\/\\\/lagnoticias.com\\\/#\\\/schema\\\/person\\\/cb9bfe13f8de05d2c55270be25c6a550\",\"name\":\"Oscar\",\"image\":{\"@type\":\"ImageObject\",\"inLanguage\":\"en-US\",\"@id\":\"https:\\\/\\\/secure.gravatar.com\\\/avatar\\\/45c195718f652dc7ffdd591dc1f2678956ab7fdadcd359a635edc61304a8c757?s=96&d=mm&r=g\",\"url\":\"https:\\\/\\\/secure.gravatar.com\\\/avatar\\\/45c195718f652dc7ffdd591dc1f2678956ab7fdadcd359a635edc61304a8c757?s=96&d=mm&r=g\",\"contentUrl\":\"https:\\\/\\\/secure.gravatar.com\\\/avatar\\\/45c195718f652dc7ffdd591dc1f2678956ab7fdadcd359a635edc61304a8c757?s=96&d=mm&r=g\",\"caption\":\"Oscar\"},\"url\":\"https:\\\/\\\/lagnoticias.com\\\/en\\\/author\\\/oscar\\\/\"}]}<\/script>\n<!-- \/ Yoast SEO plugin. -->","yoast_head_json":{"title":"Revelan por qu\u00e9 Christian Nodal no asisti\u00f3 al cumplea\u00f1os de su hija Inti - La G Noticias","robots":{"index":"index","follow":"follow","max-snippet":"max-snippet:-1","max-image-preview":"max-image-preview:large","max-video-preview":"max-video-preview:-1"},"canonical":"https:\/\/lagnoticias.com\/en\/2025\/09\/18\/revelan-por-que-christian-nodal-no-asistio-al-cumpleanos-de-su-hija-inti\/","og_locale":"en_US","og_type":"article","og_title":"Revelan por qu\u00e9 Christian Nodal no asisti\u00f3 al cumplea\u00f1os de su hija Inti - La G Noticias","og_description":"Christian Nodal no asisti\u00f3 al cumplea\u00f1os de su hija Inti. Periodista de espect\u00e1culos revel\u00f3 el verdadero motivo de su ausencia en la fiesta.","og_url":"https:\/\/lagnoticias.com\/en\/2025\/09\/18\/revelan-por-que-christian-nodal-no-asistio-al-cumpleanos-de-su-hija-inti\/","og_site_name":"La G Noticias","article_publisher":"https:\/\/www.facebook.com\/LaGNoticias","article_published_time":"2025-09-18T15:11:02+00:00","article_modified_time":"2025-09-18T15:11:03+00:00","og_image":[{"width":1280,"height":720,"url":"https:\/\/lagnoticias.com\/wp-content\/uploads\/2025\/09\/6-9.jpg","type":"image\/jpeg"}],"author":"Oscar","twitter_card":"summary_large_image","twitter_creator":"@lagnoticias","twitter_site":"@lagnoticias","twitter_misc":{"Written by":"Oscar","Est. reading time":"4 minutes"},"schema":{"@context":"https:\/\/schema.org","@graph":[{"@type":"Article","@id":"https:\/\/lagnoticias.com\/2025\/09\/18\/revelan-por-que-christian-nodal-no-asistio-al-cumpleanos-de-su-hija-inti\/#article","isPartOf":{"@id":"https:\/\/lagnoticias.com\/2025\/09\/18\/revelan-por-que-christian-nodal-no-asistio-al-cumpleanos-de-su-hija-inti\/"},"author":{"name":"Oscar","@id":"https:\/\/lagnoticias.com\/#\/schema\/person\/cb9bfe13f8de05d2c55270be25c6a550"},"headline":"Revelan por qu\u00e9 Christian Nodal no asisti\u00f3 al cumplea\u00f1os de su hija Inti","datePublished":"2025-09-18T15:11:02+00:00","dateModified":"2025-09-18T15:11:03+00:00","mainEntityOfPage":{"@id":"https:\/\/lagnoticias.com\/2025\/09\/18\/revelan-por-que-christian-nodal-no-asistio-al-cumpleanos-de-su-hija-inti\/"},"wordCount":759,"commentCount":0,"image":{"@id":"https:\/\/lagnoticias.com\/2025\/09\/18\/revelan-por-que-christian-nodal-no-asistio-al-cumpleanos-de-su-hija-inti\/#primaryimage"},"thumbnailUrl":"https:\/\/lagnoticias.com\/wp-content\/uploads\/2025\/09\/6-9.jpg","articleSection":["DESTACADOS","ENTRETENIMIENTO"],"inLanguage":"en-US","potentialAction":[{"@type":"CommentAction","name":"Comment","target":["https:\/\/lagnoticias.com\/2025\/09\/18\/revelan-por-que-christian-nodal-no-asistio-al-cumpleanos-de-su-hija-inti\/#respond"]}]},{"@type":"WebPage","@id":"https:\/\/lagnoticias.com\/2025\/09\/18\/revelan-por-que-christian-nodal-no-asistio-al-cumpleanos-de-su-hija-inti\/","url":"https:\/\/lagnoticias.com\/2025\/09\/18\/revelan-por-que-christian-nodal-no-asistio-al-cumpleanos-de-su-hija-inti\/","name":"Revelan por qu\u00e9 Christian Nodal no asisti\u00f3 al cumplea\u00f1os de su hija Inti - La G Noticias","isPartOf":{"@id":"https:\/\/lagnoticias.com\/#website"},"primaryImageOfPage":{"@id":"https:\/\/lagnoticias.com\/2025\/09\/18\/revelan-por-que-christian-nodal-no-asistio-al-cumpleanos-de-su-hija-inti\/#primaryimage"},"image":{"@id":"https:\/\/lagnoticias.com\/2025\/09\/18\/revelan-por-que-christian-nodal-no-asistio-al-cumpleanos-de-su-hija-inti\/#primaryimage"},"thumbnailUrl":"https:\/\/lagnoticias.com\/wp-content\/uploads\/2025\/09\/6-9.jpg","datePublished":"2025-09-18T15:11:02+00:00","dateModified":"2025-09-18T15:11:03+00:00","author":{"@id":"https:\/\/lagnoticias.com\/#\/schema\/person\/cb9bfe13f8de05d2c55270be25c6a550"},"breadcrumb":{"@id":"https:\/\/lagnoticias.com\/2025\/09\/18\/revelan-por-que-christian-nodal-no-asistio-al-cumpleanos-de-su-hija-inti\/#breadcrumb"},"inLanguage":"en-US","potentialAction":[{"@type":"ReadAction","target":["https:\/\/lagnoticias.com\/2025\/09\/18\/revelan-por-que-christian-nodal-no-asistio-al-cumpleanos-de-su-hija-inti\/"]}]},{"@type":"ImageObject","inLanguage":"en-US","@id":"https:\/\/lagnoticias.com\/2025\/09\/18\/revelan-por-que-christian-nodal-no-asistio-al-cumpleanos-de-su-hija-inti\/#primaryimage","url":"https:\/\/lagnoticias.com\/wp-content\/uploads\/2025\/09\/6-9.jpg","contentUrl":"https:\/\/lagnoticias.com\/wp-content\/uploads\/2025\/09\/6-9.jpg","width":1280,"height":720},{"@type":"BreadcrumbList","@id":"https:\/\/lagnoticias.com\/2025\/09\/18\/revelan-por-que-christian-nodal-no-asistio-al-cumpleanos-de-su-hija-inti\/#breadcrumb","itemListElement":[{"@type":"ListItem","position":1,"name":"Portada","item":"https:\/\/lagnoticias.com\/"},{"@type":"ListItem","position":2,"name":"Revelan por qu\u00e9 Christian Nodal no asisti\u00f3 al cumplea\u00f1os de su hija Inti"}]},{"@type":"WebSite","@id":"https:\/\/lagnoticias.com\/#website","url":"https:\/\/lagnoticias.com\/","name":"La G Noticias","description":"Noticias Positivas","potentialAction":[{"@type":"SearchAction","target":{"@type":"EntryPoint","urlTemplate":"https:\/\/lagnoticias.com\/?s={search_term_string}"},"query-input":{"@type":"PropertyValueSpecification","valueRequired":true,"valueName":"search_term_string"}}],"inLanguage":"en-US"},{"@type":"Person","@id":"https:\/\/lagnoticias.com\/#\/schema\/person\/cb9bfe13f8de05d2c55270be25c6a550","name":"Oscar","image":{"@type":"ImageObject","inLanguage":"en-US","@id":"https:\/\/secure.gravatar.com\/avatar\/45c195718f652dc7ffdd591dc1f2678956ab7fdadcd359a635edc61304a8c757?s=96&d=mm&r=g","url":"https:\/\/secure.gravatar.com\/avatar\/45c195718f652dc7ffdd591dc1f2678956ab7fdadcd359a635edc61304a8c757?s=96&d=mm&r=g","contentUrl":"https:\/\/secure.gravatar.com\/avatar\/45c195718f652dc7ffdd591dc1f2678956ab7fdadcd359a635edc61304a8c757?s=96&d=mm&r=g","caption":"Oscar"},"url":"https:\/\/lagnoticias.com\/en\/author\/oscar\/"}]}},"_links":{"self":[{"href":"https:\/\/lagnoticias.com\/en\/wp-json\/wp\/v2\/posts\/5112","targetHints":{"allow":["GET"]}}],"collection":[{"href":"https:\/\/lagnoticias.com\/en\/wp-json\/wp\/v2\/posts"}],"about":[{"href":"https:\/\/lagnoticias.com\/en\/wp-json\/wp\/v2\/types\/post"}],"author":[{"embeddable":true,"href":"https:\/\/lagnoticias.com\/en\/wp-json\/wp\/v2\/users\/2"}],"replies":[{"embeddable":true,"href":"https:\/\/lagnoticias.com\/en\/wp-json\/wp\/v2\/comments?post=5112"}],"version-history":[{"count":1,"href":"https:\/\/lagnoticias.com\/en\/wp-json\/wp\/v2\/posts\/5112\/revisions"}],"predecessor-version":[{"id":5114,"href":"https:\/\/lagnoticias.com\/en\/wp-json\/wp\/v2\/posts\/5112\/revisions\/5114"}],"wp:featuredmedia":[{"embeddable":true,"href":"https:\/\/lagnoticias.com\/en\/wp-json\/wp\/v2\/media\/5113"}],"wp:attachment":[{"href":"https:\/\/lagnoticias.com\/en\/wp-json\/wp\/v2\/media?parent=5112"}],"wp:term":[{"taxonomy":"category","embeddable":true,"href":"https:\/\/lagnoticias.com\/en\/wp-json\/wp\/v2\/categories?post=5112"},{"taxonomy":"post_tag","embeddable":true,"href":"https:\/\/lagnoticias.com\/en\/wp-json\/wp\/v2\/tags?post=5112"}],"curies":[{"name":"wp","href":"https:\/\/api.w.org\/{rel}","templated":true}]}}