{"id":5109,"date":"2025-09-18T09:00:50","date_gmt":"2025-09-18T15:00:50","guid":{"rendered":"https:\/\/lagnoticias.com\/?p=5109"},"modified":"2025-09-18T09:00:51","modified_gmt":"2025-09-18T15:00:51","slug":"parte-del-amss-sin-agua-potable-tras-nuevo-colapso-de-tuberia-en-estacion-central","status":"publish","type":"post","link":"https:\/\/lagnoticias.com\/en\/2025\/09\/18\/parte-del-amss-sin-agua-potable-tras-nuevo-colapso-de-tuberia-en-estacion-central\/","title":{"rendered":"Parte del AMSS sin agua potable tras nuevo colapso de tuber\u00eda en Estaci\u00f3n Central"},"content":{"rendered":"<p>Una de las tuber\u00edas principales de la Administraci\u00f3n Nacional de Acueductos y Alcantarillados (ANDA)&nbsp;colaps\u00f3 en la Estaci\u00f3n Central, apenas 4 horas despu\u00e9s de haber sido reparada.&nbsp;El da\u00f1o provoc\u00f3 la interrupci\u00f3n del suministro de agua potable en amplias zonas del \u00c1rea Metropolitana de San Salvador.<\/p>\n\n\n\n<p>Los distritos m\u00e1s afectados incluyen&nbsp;Mejicanos, Miralvalle, Escal\u00f3n, San Benito, bulevar Los Pr\u00f3ceres, alrededores del Estadio Cuscatl\u00e1n, Santa Tecla, Zaragoza y San Jos\u00e9 Villanueva.<\/p>\n\n\n\n<p>Aunque ANDA anunci\u00f3 inicialmente que el servicio se restablecer\u00eda \u201cde forma gradual\u201d, miles de usuarios denunciaron que llevaban m\u00e1s de 24 horas sin agua.<\/p>\n\n\n\n<h2 class=\"wp-block-heading\">Plan de contingencia en marcha<\/h2>\n\n\n\n<p>Las autoridades confirmaron que el&nbsp;sistema da\u00f1ado tiene m\u00e1s de 30 a\u00f1os de antig\u00fcedad y forma parte de un complejo de pozos en San Juan Opico y Quezaltepeque, al norte de la capital.&nbsp;Ante la crisis, se activ\u00f3 un plan de contingencia para abastecer a las comunidades mediante pipas, garrafones y botellas de agua, priorizando hospitales, escuelas y zonas m\u00e1s vulnerables.<\/p>\n\n\n\n<p>Se estima que la reparaci\u00f3n total del sistema&nbsp;tomar\u00e1 aproximadamente 3 d\u00edas,&nbsp;aunque los trabajos continuar\u00e1n sin interrupci\u00f3n.<\/p>\n\n\n\n<h2 class=\"wp-block-heading\">Nuevo presidente de ANDA enfrenta la crisis<\/h2>\n\n\n\n<p>En medio de la emergencia, ANDA cambi\u00f3 de titular.&nbsp;Dagoberto Ar\u00e9valo asumi\u00f3 la presidencia tras la salida de Jorge Castaneda, y en su primera aparici\u00f3n confirm\u00f3 el colapso de la tuber\u00eda de 48 pulgadas.<\/p>\n\n\n\n<p>Ar\u00e9valo asegur\u00f3 que el personal trabaja con maquinaria pesada durante las 24 horas del d\u00eda&nbsp;y en coordinaci\u00f3n con instituciones como el Ministerio de Obras P\u00fablicas, Protecci\u00f3n Civil, Fuerza Armada y CEL.<\/p>\n\n\n\n<p>\u201cLlevar\u00e1 un tiempo recuperar el sistema, pero mantenemos esfuerzos coordinados con diferentes instituciones del gobierno\u201d, indic\u00f3 Ar\u00e9valo.<\/p>\n\n\n\n<h2 class=\"wp-block-heading\">Obras P\u00fablicas refuerza trabajos de emergencia<\/h2>\n\n\n\n<p>El ministro de Obras P\u00fablicas, Romeo Rodr\u00edguez, a\u00f1adi\u00f3 que varias zonas del \u00c1rea Metropolitana permanecen sin agua.&nbsp;Explic\u00f3 que la contingencia incluye camiones cisterna y distribuci\u00f3n de garrafones para aliviar la situaci\u00f3n de la poblaci\u00f3n.<\/p>\n\n\n\n<p>Rodr\u00edguez asegur\u00f3 que las cuadrillas trabajan d\u00eda y noche para reparar la estructura y restablecer el servicio lo m\u00e1s pronto posible.<\/p>\n\n\n\n<p><\/p>\n\n\n\n<p><\/p>\n\n\n\n<p><\/p>\n\n\n\n<p><\/p>\n\n\n\n<p>(CA 360)<\/p>","protected":false},"excerpt":{"rendered":"<p>El colapso de una tuber\u00eda de 48 pulgadas reci\u00e9n reparada interrumpi\u00f3 el suministro <\/p>","protected":false},"author":2,"featured_media":5110,"comment_status":"open","ping_status":"open","sticky":false,"template":"","format":"standard","meta":{"_et_pb_use_builder":"off","_et_pb_old_content":"","_et_gb_content_width":"","footnotes":""},"categories":[679,244],"tags":[356,1026,355,267],"class_list":["post-5109","post","type-post","status-publish","format-standard","has-post-thumbnail","hentry","category-destacados","category-nacionales","tag-agua-potable","tag-amss","tag-anda","tag-el-salvador"],"yoast_head":"<!-- This site is optimized with the Yoast SEO plugin v27.4 - https:\/\/yoast.com\/product\/yoast-seo-wordpress\/ -->\n<title>Parte del AMSS sin agua potable tras nuevo colapso de tuber\u00eda en Estaci\u00f3n Central - La G Noticias<\/title>\n<meta name=\"robots\" content=\"index, follow, max-snippet:-1, max-image-preview:large, max-video-preview:-1\" \/>\n<link rel=\"canonical\" href=\"https:\/\/lagnoticias.com\/en\/2025\/09\/18\/parte-del-amss-sin-agua-potable-tras-nuevo-colapso-de-tuberia-en-estacion-central\/\" \/>\n<meta property=\"og:locale\" content=\"en_US\" \/>\n<meta property=\"og:type\" content=\"article\" \/>\n<meta property=\"og:title\" content=\"Parte del AMSS sin agua potable tras nuevo colapso de tuber\u00eda en Estaci\u00f3n Central - La G Noticias\" \/>\n<meta property=\"og:description\" content=\"El colapso de una tuber\u00eda de 48 pulgadas reci\u00e9n reparada interrumpi\u00f3 el suministro\" \/>\n<meta property=\"og:url\" content=\"https:\/\/lagnoticias.com\/en\/2025\/09\/18\/parte-del-amss-sin-agua-potable-tras-nuevo-colapso-de-tuberia-en-estacion-central\/\" \/>\n<meta property=\"og:site_name\" content=\"La G Noticias\" \/>\n<meta property=\"article:publisher\" content=\"https:\/\/www.facebook.com\/LaGNoticias\" \/>\n<meta property=\"article:published_time\" content=\"2025-09-18T15:00:50+00:00\" \/>\n<meta property=\"article:modified_time\" content=\"2025-09-18T15:00:51+00:00\" \/>\n<meta property=\"og:image\" content=\"https:\/\/lagnoticias.com\/wp-content\/uploads\/2025\/09\/4-19.jpg\" \/>\n\t<meta property=\"og:image:width\" content=\"1280\" \/>\n\t<meta property=\"og:image:height\" content=\"720\" \/>\n\t<meta property=\"og:image:type\" content=\"image\/jpeg\" \/>\n<meta name=\"author\" content=\"Oscar\" \/>\n<meta name=\"twitter:card\" content=\"summary_large_image\" \/>\n<meta name=\"twitter:creator\" content=\"@lagnoticias\" \/>\n<meta name=\"twitter:site\" content=\"@lagnoticias\" \/>\n<meta name=\"twitter:label1\" content=\"Written by\" \/>\n\t<meta name=\"twitter:data1\" content=\"Oscar\" \/>\n\t<meta name=\"twitter:label2\" content=\"Est. reading time\" \/>\n\t<meta name=\"twitter:data2\" content=\"2 minutes\" \/>\n<script type=\"application\/ld+json\" class=\"yoast-schema-graph\">{\"@context\":\"https:\\\/\\\/schema.org\",\"@graph\":[{\"@type\":\"Article\",\"@id\":\"https:\\\/\\\/lagnoticias.com\\\/2025\\\/09\\\/18\\\/parte-del-amss-sin-agua-potable-tras-nuevo-colapso-de-tuberia-en-estacion-central\\\/#article\",\"isPartOf\":{\"@id\":\"https:\\\/\\\/lagnoticias.com\\\/2025\\\/09\\\/18\\\/parte-del-amss-sin-agua-potable-tras-nuevo-colapso-de-tuberia-en-estacion-central\\\/\"},\"author\":{\"name\":\"Oscar\",\"@id\":\"https:\\\/\\\/lagnoticias.com\\\/#\\\/schema\\\/person\\\/cb9bfe13f8de05d2c55270be25c6a550\"},\"headline\":\"Parte del AMSS sin agua potable tras nuevo colapso de tuber\u00eda en Estaci\u00f3n Central\",\"datePublished\":\"2025-09-18T15:00:50+00:00\",\"dateModified\":\"2025-09-18T15:00:51+00:00\",\"mainEntityOfPage\":{\"@id\":\"https:\\\/\\\/lagnoticias.com\\\/2025\\\/09\\\/18\\\/parte-del-amss-sin-agua-potable-tras-nuevo-colapso-de-tuberia-en-estacion-central\\\/\"},\"wordCount\":391,\"commentCount\":0,\"image\":{\"@id\":\"https:\\\/\\\/lagnoticias.com\\\/2025\\\/09\\\/18\\\/parte-del-amss-sin-agua-potable-tras-nuevo-colapso-de-tuberia-en-estacion-central\\\/#primaryimage\"},\"thumbnailUrl\":\"https:\\\/\\\/lagnoticias.com\\\/wp-content\\\/uploads\\\/2025\\\/09\\\/4-19.jpg\",\"keywords\":[\"AGUA POTABLE\",\"AMSS\",\"ANDA\",\"EL SALVADOR\"],\"articleSection\":[\"DESTACADOS\",\"NACIONALES\"],\"inLanguage\":\"en-US\",\"potentialAction\":[{\"@type\":\"CommentAction\",\"name\":\"Comment\",\"target\":[\"https:\\\/\\\/lagnoticias.com\\\/2025\\\/09\\\/18\\\/parte-del-amss-sin-agua-potable-tras-nuevo-colapso-de-tuberia-en-estacion-central\\\/#respond\"]}]},{\"@type\":\"WebPage\",\"@id\":\"https:\\\/\\\/lagnoticias.com\\\/2025\\\/09\\\/18\\\/parte-del-amss-sin-agua-potable-tras-nuevo-colapso-de-tuberia-en-estacion-central\\\/\",\"url\":\"https:\\\/\\\/lagnoticias.com\\\/2025\\\/09\\\/18\\\/parte-del-amss-sin-agua-potable-tras-nuevo-colapso-de-tuberia-en-estacion-central\\\/\",\"name\":\"Parte del AMSS sin agua potable tras nuevo colapso de tuber\u00eda en Estaci\u00f3n Central - La G Noticias\",\"isPartOf\":{\"@id\":\"https:\\\/\\\/lagnoticias.com\\\/#website\"},\"primaryImageOfPage\":{\"@id\":\"https:\\\/\\\/lagnoticias.com\\\/2025\\\/09\\\/18\\\/parte-del-amss-sin-agua-potable-tras-nuevo-colapso-de-tuberia-en-estacion-central\\\/#primaryimage\"},\"image\":{\"@id\":\"https:\\\/\\\/lagnoticias.com\\\/2025\\\/09\\\/18\\\/parte-del-amss-sin-agua-potable-tras-nuevo-colapso-de-tuberia-en-estacion-central\\\/#primaryimage\"},\"thumbnailUrl\":\"https:\\\/\\\/lagnoticias.com\\\/wp-content\\\/uploads\\\/2025\\\/09\\\/4-19.jpg\",\"datePublished\":\"2025-09-18T15:00:50+00:00\",\"dateModified\":\"2025-09-18T15:00:51+00:00\",\"author\":{\"@id\":\"https:\\\/\\\/lagnoticias.com\\\/#\\\/schema\\\/person\\\/cb9bfe13f8de05d2c55270be25c6a550\"},\"breadcrumb\":{\"@id\":\"https:\\\/\\\/lagnoticias.com\\\/2025\\\/09\\\/18\\\/parte-del-amss-sin-agua-potable-tras-nuevo-colapso-de-tuberia-en-estacion-central\\\/#breadcrumb\"},\"inLanguage\":\"en-US\",\"potentialAction\":[{\"@type\":\"ReadAction\",\"target\":[\"https:\\\/\\\/lagnoticias.com\\\/2025\\\/09\\\/18\\\/parte-del-amss-sin-agua-potable-tras-nuevo-colapso-de-tuberia-en-estacion-central\\\/\"]}]},{\"@type\":\"ImageObject\",\"inLanguage\":\"en-US\",\"@id\":\"https:\\\/\\\/lagnoticias.com\\\/2025\\\/09\\\/18\\\/parte-del-amss-sin-agua-potable-tras-nuevo-colapso-de-tuberia-en-estacion-central\\\/#primaryimage\",\"url\":\"https:\\\/\\\/lagnoticias.com\\\/wp-content\\\/uploads\\\/2025\\\/09\\\/4-19.jpg\",\"contentUrl\":\"https:\\\/\\\/lagnoticias.com\\\/wp-content\\\/uploads\\\/2025\\\/09\\\/4-19.jpg\",\"width\":1280,\"height\":720},{\"@type\":\"BreadcrumbList\",\"@id\":\"https:\\\/\\\/lagnoticias.com\\\/2025\\\/09\\\/18\\\/parte-del-amss-sin-agua-potable-tras-nuevo-colapso-de-tuberia-en-estacion-central\\\/#breadcrumb\",\"itemListElement\":[{\"@type\":\"ListItem\",\"position\":1,\"name\":\"Portada\",\"item\":\"https:\\\/\\\/lagnoticias.com\\\/\"},{\"@type\":\"ListItem\",\"position\":2,\"name\":\"Parte del AMSS sin agua potable tras nuevo colapso de tuber\u00eda en Estaci\u00f3n Central\"}]},{\"@type\":\"WebSite\",\"@id\":\"https:\\\/\\\/lagnoticias.com\\\/#website\",\"url\":\"https:\\\/\\\/lagnoticias.com\\\/\",\"name\":\"La G Noticias\",\"description\":\"Noticias Positivas\",\"potentialAction\":[{\"@type\":\"SearchAction\",\"target\":{\"@type\":\"EntryPoint\",\"urlTemplate\":\"https:\\\/\\\/lagnoticias.com\\\/?s={search_term_string}\"},\"query-input\":{\"@type\":\"PropertyValueSpecification\",\"valueRequired\":true,\"valueName\":\"search_term_string\"}}],\"inLanguage\":\"en-US\"},{\"@type\":\"Person\",\"@id\":\"https:\\\/\\\/lagnoticias.com\\\/#\\\/schema\\\/person\\\/cb9bfe13f8de05d2c55270be25c6a550\",\"name\":\"Oscar\",\"image\":{\"@type\":\"ImageObject\",\"inLanguage\":\"en-US\",\"@id\":\"https:\\\/\\\/secure.gravatar.com\\\/avatar\\\/45c195718f652dc7ffdd591dc1f2678956ab7fdadcd359a635edc61304a8c757?s=96&d=mm&r=g\",\"url\":\"https:\\\/\\\/secure.gravatar.com\\\/avatar\\\/45c195718f652dc7ffdd591dc1f2678956ab7fdadcd359a635edc61304a8c757?s=96&d=mm&r=g\",\"contentUrl\":\"https:\\\/\\\/secure.gravatar.com\\\/avatar\\\/45c195718f652dc7ffdd591dc1f2678956ab7fdadcd359a635edc61304a8c757?s=96&d=mm&r=g\",\"caption\":\"Oscar\"},\"url\":\"https:\\\/\\\/lagnoticias.com\\\/en\\\/author\\\/oscar\\\/\"}]}<\/script>\n<!-- \/ Yoast SEO plugin. -->","yoast_head_json":{"title":"Parte del AMSS sin agua potable tras nuevo colapso de tuber\u00eda en Estaci\u00f3n Central - La G Noticias","robots":{"index":"index","follow":"follow","max-snippet":"max-snippet:-1","max-image-preview":"max-image-preview:large","max-video-preview":"max-video-preview:-1"},"canonical":"https:\/\/lagnoticias.com\/en\/2025\/09\/18\/parte-del-amss-sin-agua-potable-tras-nuevo-colapso-de-tuberia-en-estacion-central\/","og_locale":"en_US","og_type":"article","og_title":"Parte del AMSS sin agua potable tras nuevo colapso de tuber\u00eda en Estaci\u00f3n Central - La G Noticias","og_description":"El colapso de una tuber\u00eda de 48 pulgadas reci\u00e9n reparada interrumpi\u00f3 el suministro","og_url":"https:\/\/lagnoticias.com\/en\/2025\/09\/18\/parte-del-amss-sin-agua-potable-tras-nuevo-colapso-de-tuberia-en-estacion-central\/","og_site_name":"La G Noticias","article_publisher":"https:\/\/www.facebook.com\/LaGNoticias","article_published_time":"2025-09-18T15:00:50+00:00","article_modified_time":"2025-09-18T15:00:51+00:00","og_image":[{"width":1280,"height":720,"url":"https:\/\/lagnoticias.com\/wp-content\/uploads\/2025\/09\/4-19.jpg","type":"image\/jpeg"}],"author":"Oscar","twitter_card":"summary_large_image","twitter_creator":"@lagnoticias","twitter_site":"@lagnoticias","twitter_misc":{"Written by":"Oscar","Est. reading time":"2 minutes"},"schema":{"@context":"https:\/\/schema.org","@graph":[{"@type":"Article","@id":"https:\/\/lagnoticias.com\/2025\/09\/18\/parte-del-amss-sin-agua-potable-tras-nuevo-colapso-de-tuberia-en-estacion-central\/#article","isPartOf":{"@id":"https:\/\/lagnoticias.com\/2025\/09\/18\/parte-del-amss-sin-agua-potable-tras-nuevo-colapso-de-tuberia-en-estacion-central\/"},"author":{"name":"Oscar","@id":"https:\/\/lagnoticias.com\/#\/schema\/person\/cb9bfe13f8de05d2c55270be25c6a550"},"headline":"Parte del AMSS sin agua potable tras nuevo colapso de tuber\u00eda en Estaci\u00f3n Central","datePublished":"2025-09-18T15:00:50+00:00","dateModified":"2025-09-18T15:00:51+00:00","mainEntityOfPage":{"@id":"https:\/\/lagnoticias.com\/2025\/09\/18\/parte-del-amss-sin-agua-potable-tras-nuevo-colapso-de-tuberia-en-estacion-central\/"},"wordCount":391,"commentCount":0,"image":{"@id":"https:\/\/lagnoticias.com\/2025\/09\/18\/parte-del-amss-sin-agua-potable-tras-nuevo-colapso-de-tuberia-en-estacion-central\/#primaryimage"},"thumbnailUrl":"https:\/\/lagnoticias.com\/wp-content\/uploads\/2025\/09\/4-19.jpg","keywords":["AGUA POTABLE","AMSS","ANDA","EL SALVADOR"],"articleSection":["DESTACADOS","NACIONALES"],"inLanguage":"en-US","potentialAction":[{"@type":"CommentAction","name":"Comment","target":["https:\/\/lagnoticias.com\/2025\/09\/18\/parte-del-amss-sin-agua-potable-tras-nuevo-colapso-de-tuberia-en-estacion-central\/#respond"]}]},{"@type":"WebPage","@id":"https:\/\/lagnoticias.com\/2025\/09\/18\/parte-del-amss-sin-agua-potable-tras-nuevo-colapso-de-tuberia-en-estacion-central\/","url":"https:\/\/lagnoticias.com\/2025\/09\/18\/parte-del-amss-sin-agua-potable-tras-nuevo-colapso-de-tuberia-en-estacion-central\/","name":"Parte del AMSS sin agua potable tras nuevo colapso de tuber\u00eda en Estaci\u00f3n Central - La G Noticias","isPartOf":{"@id":"https:\/\/lagnoticias.com\/#website"},"primaryImageOfPage":{"@id":"https:\/\/lagnoticias.com\/2025\/09\/18\/parte-del-amss-sin-agua-potable-tras-nuevo-colapso-de-tuberia-en-estacion-central\/#primaryimage"},"image":{"@id":"https:\/\/lagnoticias.com\/2025\/09\/18\/parte-del-amss-sin-agua-potable-tras-nuevo-colapso-de-tuberia-en-estacion-central\/#primaryimage"},"thumbnailUrl":"https:\/\/lagnoticias.com\/wp-content\/uploads\/2025\/09\/4-19.jpg","datePublished":"2025-09-18T15:00:50+00:00","dateModified":"2025-09-18T15:00:51+00:00","author":{"@id":"https:\/\/lagnoticias.com\/#\/schema\/person\/cb9bfe13f8de05d2c55270be25c6a550"},"breadcrumb":{"@id":"https:\/\/lagnoticias.com\/2025\/09\/18\/parte-del-amss-sin-agua-potable-tras-nuevo-colapso-de-tuberia-en-estacion-central\/#breadcrumb"},"inLanguage":"en-US","potentialAction":[{"@type":"ReadAction","target":["https:\/\/lagnoticias.com\/2025\/09\/18\/parte-del-amss-sin-agua-potable-tras-nuevo-colapso-de-tuberia-en-estacion-central\/"]}]},{"@type":"ImageObject","inLanguage":"en-US","@id":"https:\/\/lagnoticias.com\/2025\/09\/18\/parte-del-amss-sin-agua-potable-tras-nuevo-colapso-de-tuberia-en-estacion-central\/#primaryimage","url":"https:\/\/lagnoticias.com\/wp-content\/uploads\/2025\/09\/4-19.jpg","contentUrl":"https:\/\/lagnoticias.com\/wp-content\/uploads\/2025\/09\/4-19.jpg","width":1280,"height":720},{"@type":"BreadcrumbList","@id":"https:\/\/lagnoticias.com\/2025\/09\/18\/parte-del-amss-sin-agua-potable-tras-nuevo-colapso-de-tuberia-en-estacion-central\/#breadcrumb","itemListElement":[{"@type":"ListItem","position":1,"name":"Portada","item":"https:\/\/lagnoticias.com\/"},{"@type":"ListItem","position":2,"name":"Parte del AMSS sin agua potable tras nuevo colapso de tuber\u00eda en Estaci\u00f3n Central"}]},{"@type":"WebSite","@id":"https:\/\/lagnoticias.com\/#website","url":"https:\/\/lagnoticias.com\/","name":"La G Noticias","description":"Noticias Positivas","potentialAction":[{"@type":"SearchAction","target":{"@type":"EntryPoint","urlTemplate":"https:\/\/lagnoticias.com\/?s={search_term_string}"},"query-input":{"@type":"PropertyValueSpecification","valueRequired":true,"valueName":"search_term_string"}}],"inLanguage":"en-US"},{"@type":"Person","@id":"https:\/\/lagnoticias.com\/#\/schema\/person\/cb9bfe13f8de05d2c55270be25c6a550","name":"Oscar","image":{"@type":"ImageObject","inLanguage":"en-US","@id":"https:\/\/secure.gravatar.com\/avatar\/45c195718f652dc7ffdd591dc1f2678956ab7fdadcd359a635edc61304a8c757?s=96&d=mm&r=g","url":"https:\/\/secure.gravatar.com\/avatar\/45c195718f652dc7ffdd591dc1f2678956ab7fdadcd359a635edc61304a8c757?s=96&d=mm&r=g","contentUrl":"https:\/\/secure.gravatar.com\/avatar\/45c195718f652dc7ffdd591dc1f2678956ab7fdadcd359a635edc61304a8c757?s=96&d=mm&r=g","caption":"Oscar"},"url":"https:\/\/lagnoticias.com\/en\/author\/oscar\/"}]}},"_links":{"self":[{"href":"https:\/\/lagnoticias.com\/en\/wp-json\/wp\/v2\/posts\/5109","targetHints":{"allow":["GET"]}}],"collection":[{"href":"https:\/\/lagnoticias.com\/en\/wp-json\/wp\/v2\/posts"}],"about":[{"href":"https:\/\/lagnoticias.com\/en\/wp-json\/wp\/v2\/types\/post"}],"author":[{"embeddable":true,"href":"https:\/\/lagnoticias.com\/en\/wp-json\/wp\/v2\/users\/2"}],"replies":[{"embeddable":true,"href":"https:\/\/lagnoticias.com\/en\/wp-json\/wp\/v2\/comments?post=5109"}],"version-history":[{"count":1,"href":"https:\/\/lagnoticias.com\/en\/wp-json\/wp\/v2\/posts\/5109\/revisions"}],"predecessor-version":[{"id":5111,"href":"https:\/\/lagnoticias.com\/en\/wp-json\/wp\/v2\/posts\/5109\/revisions\/5111"}],"wp:featuredmedia":[{"embeddable":true,"href":"https:\/\/lagnoticias.com\/en\/wp-json\/wp\/v2\/media\/5110"}],"wp:attachment":[{"href":"https:\/\/lagnoticias.com\/en\/wp-json\/wp\/v2\/media?parent=5109"}],"wp:term":[{"taxonomy":"category","embeddable":true,"href":"https:\/\/lagnoticias.com\/en\/wp-json\/wp\/v2\/categories?post=5109"},{"taxonomy":"post_tag","embeddable":true,"href":"https:\/\/lagnoticias.com\/en\/wp-json\/wp\/v2\/tags?post=5109"}],"curies":[{"name":"wp","href":"https:\/\/api.w.org\/{rel}","templated":true}]}}