{"id":5106,"date":"2025-09-18T08:44:46","date_gmt":"2025-09-18T14:44:46","guid":{"rendered":"https:\/\/lagnoticias.com\/?p=5106"},"modified":"2025-09-18T08:44:47","modified_gmt":"2025-09-18T14:44:47","slug":"venezuela-anuncia-maniobras-militares-en-el-caribe","status":"publish","type":"post","link":"https:\/\/lagnoticias.com\/en\/2025\/09\/18\/venezuela-anuncia-maniobras-militares-en-el-caribe\/","title":{"rendered":"Venezuela anuncia maniobras militares en el Caribe"},"content":{"rendered":"<p>Maniobras a\u00e9reas, mar\u00edtimas y terrestres incluir\u00e1 el plan anunciado por el ministro de Defensa de&nbsp;Venezuela, Vladimir Padrino, ante lo que considera una \u00abamenaza\u00bb de&nbsp;Estados Unidos, que mantiene un&nbsp;despliegue naval&nbsp;en aguas internacionales cerca de la regi\u00f3n.<\/p>\n\n\n\n<p>Adem\u00e1s,&nbsp;2500 efectivos ser\u00e1n movilizados&nbsp;durante tres d\u00edas en la isla de La Orchila, en el Caribe venezolano. La Orchila es un territorio insular de 43 kil\u00f3metros cuadrados, aproximadamente, que se ubica a 97 millas de la regi\u00f3n costera de La Guaira, cercana a Caracas, y donde \u00abya ha habido preparativos\u00bb para el desarrollo de esta nueva operaci\u00f3n.&nbsp;<\/p>\n\n\n\n<p>12 buques de la Armada Bolivariana \u00aben sus diferentes clases y tipos\u00bb, 22 aeronaves y una veintena de embarcaciones participar\u00e1n en la maniobra de campa\u00f1a &#8216;Caribe Soberano 200&#8217;, ordenada por el presidente,&nbsp;Nicol\u00e1s Maduro.<\/p>\n\n\n\n<p>Vladimir Padrino coment\u00f3 estos planes en un encuentro con mandos militares transmitido por la estatal Venezolana de Televisi\u00f3n (VTV) y los anunci\u00f3 en su propia cuenta de Instagram.<\/p>\n\n\n\n<h2 class=\"wp-block-heading\">\u00abEjercicio bastante completo\u00bb<\/h2>\n\n\n\n<p>El titular de Defensa pidi\u00f3 \u00abduplicar esfuerzos\u00bb militares ante un&nbsp;eventual escenario armado&nbsp;en el mar Caribe. \u00abEn esta coyuntura especial, nosotros tenemos que duplicar los esfuerzos, elevar nuestro apresto operacional, para un escenario de conflicto armado en la mar. Y lo estamos haciendo\u00bb, afirm\u00f3.<\/p>\n\n\n\n<p>En ese sentido, explic\u00f3 que el plan Caribe Soberano 200 es \u00abun ejercicio bastante completo\u00bb que involucra a grupos de fuerzas especiales, de inteligencia y aeroespaciales, entre otros, as\u00ed como la utilizaci\u00f3n de drones submarinos, a\u00e9reos y de vigilancia. <\/p>\n\n\n\n<p>Igualmente, se\u00f1al\u00f3 que habr\u00e1 un \u00abimportante despliegue de buques de la Armada\u00bb, maniobras de defensa a\u00e9rea desde embarcaciones y un patrullaje tanto mar\u00edtimo como terrestre con la participaci\u00f3n de pescadores.<\/p>\n\n\n\n<p><\/p>\n\n\n\n<p><\/p>\n\n\n\n<p>(DW)<\/p>","protected":false},"excerpt":{"rendered":"<p>Vladimir Padrino, ministro de Defensa de Venezuela, anunci\u00f3 el proyecto &#8216;Caribe Soberano 200&#8217; para hacer frente a la \u00abamenaza\u00bb de EE.UU.<\/p>","protected":false},"author":2,"featured_media":5107,"comment_status":"open","ping_status":"open","sticky":false,"template":"","format":"standard","meta":{"_et_pb_use_builder":"on","_et_pb_old_content":"","_et_gb_content_width":"","footnotes":""},"categories":[679,245],"tags":[272,260,634,346],"class_list":["post-5106","post","type-post","status-publish","format-standard","has-post-thumbnail","hentry","category-destacados","category-internacionales","tag-donald-trump","tag-estados-unidos","tag-nicolas-maduro","tag-venezuela"],"yoast_head":"<!-- This site is optimized with the Yoast SEO plugin v27.4 - https:\/\/yoast.com\/product\/yoast-seo-wordpress\/ -->\n<title>Venezuela anuncia maniobras militares en el Caribe - La G Noticias<\/title>\n<meta name=\"robots\" content=\"index, follow, max-snippet:-1, max-image-preview:large, max-video-preview:-1\" \/>\n<link rel=\"canonical\" href=\"https:\/\/lagnoticias.com\/en\/2025\/09\/18\/venezuela-anuncia-maniobras-militares-en-el-caribe\/\" \/>\n<meta property=\"og:locale\" content=\"en_US\" \/>\n<meta property=\"og:type\" content=\"article\" \/>\n<meta property=\"og:title\" content=\"Venezuela anuncia maniobras militares en el Caribe - La G Noticias\" \/>\n<meta property=\"og:description\" content=\"Vladimir Padrino, ministro de Defensa de Venezuela, anunci\u00f3 el proyecto &#039;Caribe Soberano 200&#039; para hacer frente a la &quot;amenaza&quot; de EE.UU.\" \/>\n<meta property=\"og:url\" content=\"https:\/\/lagnoticias.com\/en\/2025\/09\/18\/venezuela-anuncia-maniobras-militares-en-el-caribe\/\" \/>\n<meta property=\"og:site_name\" content=\"La G Noticias\" \/>\n<meta property=\"article:publisher\" content=\"https:\/\/www.facebook.com\/LaGNoticias\" \/>\n<meta property=\"article:published_time\" content=\"2025-09-18T14:44:46+00:00\" \/>\n<meta property=\"article:modified_time\" content=\"2025-09-18T14:44:47+00:00\" \/>\n<meta property=\"og:image\" content=\"https:\/\/lagnoticias.com\/wp-content\/uploads\/2025\/09\/7-16.jpg\" \/>\n\t<meta property=\"og:image:width\" content=\"992\" \/>\n\t<meta property=\"og:image:height\" content=\"510\" \/>\n\t<meta property=\"og:image:type\" content=\"image\/jpeg\" \/>\n<meta name=\"author\" content=\"Oscar\" \/>\n<meta name=\"twitter:card\" content=\"summary_large_image\" \/>\n<meta name=\"twitter:creator\" content=\"@lagnoticias\" \/>\n<meta name=\"twitter:site\" content=\"@lagnoticias\" \/>\n<meta name=\"twitter:label1\" content=\"Written by\" \/>\n\t<meta name=\"twitter:data1\" content=\"Oscar\" \/>\n\t<meta name=\"twitter:label2\" content=\"Est. reading time\" \/>\n\t<meta name=\"twitter:data2\" content=\"2 minutes\" \/>\n<script type=\"application\/ld+json\" class=\"yoast-schema-graph\">{\"@context\":\"https:\\\/\\\/schema.org\",\"@graph\":[{\"@type\":\"Article\",\"@id\":\"https:\\\/\\\/lagnoticias.com\\\/2025\\\/09\\\/18\\\/venezuela-anuncia-maniobras-militares-en-el-caribe\\\/#article\",\"isPartOf\":{\"@id\":\"https:\\\/\\\/lagnoticias.com\\\/2025\\\/09\\\/18\\\/venezuela-anuncia-maniobras-militares-en-el-caribe\\\/\"},\"author\":{\"name\":\"Oscar\",\"@id\":\"https:\\\/\\\/lagnoticias.com\\\/#\\\/schema\\\/person\\\/cb9bfe13f8de05d2c55270be25c6a550\"},\"headline\":\"Venezuela anuncia maniobras militares en el Caribe\",\"datePublished\":\"2025-09-18T14:44:46+00:00\",\"dateModified\":\"2025-09-18T14:44:47+00:00\",\"mainEntityOfPage\":{\"@id\":\"https:\\\/\\\/lagnoticias.com\\\/2025\\\/09\\\/18\\\/venezuela-anuncia-maniobras-militares-en-el-caribe\\\/\"},\"wordCount\":306,\"commentCount\":0,\"image\":{\"@id\":\"https:\\\/\\\/lagnoticias.com\\\/2025\\\/09\\\/18\\\/venezuela-anuncia-maniobras-militares-en-el-caribe\\\/#primaryimage\"},\"thumbnailUrl\":\"https:\\\/\\\/lagnoticias.com\\\/wp-content\\\/uploads\\\/2025\\\/09\\\/7-16.jpg\",\"keywords\":[\"DONALD TRUMP\",\"ESTADOS UNIDOS\",\"NICOL\u00c1S MADURO\",\"VENEZUELA\"],\"articleSection\":[\"DESTACADOS\",\"INTERNACIONALES\"],\"inLanguage\":\"en-US\",\"potentialAction\":[{\"@type\":\"CommentAction\",\"name\":\"Comment\",\"target\":[\"https:\\\/\\\/lagnoticias.com\\\/2025\\\/09\\\/18\\\/venezuela-anuncia-maniobras-militares-en-el-caribe\\\/#respond\"]}]},{\"@type\":\"WebPage\",\"@id\":\"https:\\\/\\\/lagnoticias.com\\\/2025\\\/09\\\/18\\\/venezuela-anuncia-maniobras-militares-en-el-caribe\\\/\",\"url\":\"https:\\\/\\\/lagnoticias.com\\\/2025\\\/09\\\/18\\\/venezuela-anuncia-maniobras-militares-en-el-caribe\\\/\",\"name\":\"Venezuela anuncia maniobras militares en el Caribe - La G Noticias\",\"isPartOf\":{\"@id\":\"https:\\\/\\\/lagnoticias.com\\\/#website\"},\"primaryImageOfPage\":{\"@id\":\"https:\\\/\\\/lagnoticias.com\\\/2025\\\/09\\\/18\\\/venezuela-anuncia-maniobras-militares-en-el-caribe\\\/#primaryimage\"},\"image\":{\"@id\":\"https:\\\/\\\/lagnoticias.com\\\/2025\\\/09\\\/18\\\/venezuela-anuncia-maniobras-militares-en-el-caribe\\\/#primaryimage\"},\"thumbnailUrl\":\"https:\\\/\\\/lagnoticias.com\\\/wp-content\\\/uploads\\\/2025\\\/09\\\/7-16.jpg\",\"datePublished\":\"2025-09-18T14:44:46+00:00\",\"dateModified\":\"2025-09-18T14:44:47+00:00\",\"author\":{\"@id\":\"https:\\\/\\\/lagnoticias.com\\\/#\\\/schema\\\/person\\\/cb9bfe13f8de05d2c55270be25c6a550\"},\"breadcrumb\":{\"@id\":\"https:\\\/\\\/lagnoticias.com\\\/2025\\\/09\\\/18\\\/venezuela-anuncia-maniobras-militares-en-el-caribe\\\/#breadcrumb\"},\"inLanguage\":\"en-US\",\"potentialAction\":[{\"@type\":\"ReadAction\",\"target\":[\"https:\\\/\\\/lagnoticias.com\\\/2025\\\/09\\\/18\\\/venezuela-anuncia-maniobras-militares-en-el-caribe\\\/\"]}]},{\"@type\":\"ImageObject\",\"inLanguage\":\"en-US\",\"@id\":\"https:\\\/\\\/lagnoticias.com\\\/2025\\\/09\\\/18\\\/venezuela-anuncia-maniobras-militares-en-el-caribe\\\/#primaryimage\",\"url\":\"https:\\\/\\\/lagnoticias.com\\\/wp-content\\\/uploads\\\/2025\\\/09\\\/7-16.jpg\",\"contentUrl\":\"https:\\\/\\\/lagnoticias.com\\\/wp-content\\\/uploads\\\/2025\\\/09\\\/7-16.jpg\",\"width\":992,\"height\":510},{\"@type\":\"BreadcrumbList\",\"@id\":\"https:\\\/\\\/lagnoticias.com\\\/2025\\\/09\\\/18\\\/venezuela-anuncia-maniobras-militares-en-el-caribe\\\/#breadcrumb\",\"itemListElement\":[{\"@type\":\"ListItem\",\"position\":1,\"name\":\"Portada\",\"item\":\"https:\\\/\\\/lagnoticias.com\\\/\"},{\"@type\":\"ListItem\",\"position\":2,\"name\":\"Venezuela anuncia maniobras militares en el Caribe\"}]},{\"@type\":\"WebSite\",\"@id\":\"https:\\\/\\\/lagnoticias.com\\\/#website\",\"url\":\"https:\\\/\\\/lagnoticias.com\\\/\",\"name\":\"La G Noticias\",\"description\":\"Noticias Positivas\",\"potentialAction\":[{\"@type\":\"SearchAction\",\"target\":{\"@type\":\"EntryPoint\",\"urlTemplate\":\"https:\\\/\\\/lagnoticias.com\\\/?s={search_term_string}\"},\"query-input\":{\"@type\":\"PropertyValueSpecification\",\"valueRequired\":true,\"valueName\":\"search_term_string\"}}],\"inLanguage\":\"en-US\"},{\"@type\":\"Person\",\"@id\":\"https:\\\/\\\/lagnoticias.com\\\/#\\\/schema\\\/person\\\/cb9bfe13f8de05d2c55270be25c6a550\",\"name\":\"Oscar\",\"image\":{\"@type\":\"ImageObject\",\"inLanguage\":\"en-US\",\"@id\":\"https:\\\/\\\/secure.gravatar.com\\\/avatar\\\/45c195718f652dc7ffdd591dc1f2678956ab7fdadcd359a635edc61304a8c757?s=96&d=mm&r=g\",\"url\":\"https:\\\/\\\/secure.gravatar.com\\\/avatar\\\/45c195718f652dc7ffdd591dc1f2678956ab7fdadcd359a635edc61304a8c757?s=96&d=mm&r=g\",\"contentUrl\":\"https:\\\/\\\/secure.gravatar.com\\\/avatar\\\/45c195718f652dc7ffdd591dc1f2678956ab7fdadcd359a635edc61304a8c757?s=96&d=mm&r=g\",\"caption\":\"Oscar\"},\"url\":\"https:\\\/\\\/lagnoticias.com\\\/en\\\/author\\\/oscar\\\/\"}]}<\/script>\n<!-- \/ Yoast SEO plugin. -->","yoast_head_json":{"title":"Venezuela anuncia maniobras militares en el Caribe - La G Noticias","robots":{"index":"index","follow":"follow","max-snippet":"max-snippet:-1","max-image-preview":"max-image-preview:large","max-video-preview":"max-video-preview:-1"},"canonical":"https:\/\/lagnoticias.com\/en\/2025\/09\/18\/venezuela-anuncia-maniobras-militares-en-el-caribe\/","og_locale":"en_US","og_type":"article","og_title":"Venezuela anuncia maniobras militares en el Caribe - La G Noticias","og_description":"Vladimir Padrino, ministro de Defensa de Venezuela, anunci\u00f3 el proyecto 'Caribe Soberano 200' para hacer frente a la \"amenaza\" de EE.UU.","og_url":"https:\/\/lagnoticias.com\/en\/2025\/09\/18\/venezuela-anuncia-maniobras-militares-en-el-caribe\/","og_site_name":"La G Noticias","article_publisher":"https:\/\/www.facebook.com\/LaGNoticias","article_published_time":"2025-09-18T14:44:46+00:00","article_modified_time":"2025-09-18T14:44:47+00:00","og_image":[{"width":992,"height":510,"url":"https:\/\/lagnoticias.com\/wp-content\/uploads\/2025\/09\/7-16.jpg","type":"image\/jpeg"}],"author":"Oscar","twitter_card":"summary_large_image","twitter_creator":"@lagnoticias","twitter_site":"@lagnoticias","twitter_misc":{"Written by":"Oscar","Est. reading time":"2 minutes"},"schema":{"@context":"https:\/\/schema.org","@graph":[{"@type":"Article","@id":"https:\/\/lagnoticias.com\/2025\/09\/18\/venezuela-anuncia-maniobras-militares-en-el-caribe\/#article","isPartOf":{"@id":"https:\/\/lagnoticias.com\/2025\/09\/18\/venezuela-anuncia-maniobras-militares-en-el-caribe\/"},"author":{"name":"Oscar","@id":"https:\/\/lagnoticias.com\/#\/schema\/person\/cb9bfe13f8de05d2c55270be25c6a550"},"headline":"Venezuela anuncia maniobras militares en el Caribe","datePublished":"2025-09-18T14:44:46+00:00","dateModified":"2025-09-18T14:44:47+00:00","mainEntityOfPage":{"@id":"https:\/\/lagnoticias.com\/2025\/09\/18\/venezuela-anuncia-maniobras-militares-en-el-caribe\/"},"wordCount":306,"commentCount":0,"image":{"@id":"https:\/\/lagnoticias.com\/2025\/09\/18\/venezuela-anuncia-maniobras-militares-en-el-caribe\/#primaryimage"},"thumbnailUrl":"https:\/\/lagnoticias.com\/wp-content\/uploads\/2025\/09\/7-16.jpg","keywords":["DONALD TRUMP","ESTADOS UNIDOS","NICOL\u00c1S MADURO","VENEZUELA"],"articleSection":["DESTACADOS","INTERNACIONALES"],"inLanguage":"en-US","potentialAction":[{"@type":"CommentAction","name":"Comment","target":["https:\/\/lagnoticias.com\/2025\/09\/18\/venezuela-anuncia-maniobras-militares-en-el-caribe\/#respond"]}]},{"@type":"WebPage","@id":"https:\/\/lagnoticias.com\/2025\/09\/18\/venezuela-anuncia-maniobras-militares-en-el-caribe\/","url":"https:\/\/lagnoticias.com\/2025\/09\/18\/venezuela-anuncia-maniobras-militares-en-el-caribe\/","name":"Venezuela anuncia maniobras militares en el Caribe - La G Noticias","isPartOf":{"@id":"https:\/\/lagnoticias.com\/#website"},"primaryImageOfPage":{"@id":"https:\/\/lagnoticias.com\/2025\/09\/18\/venezuela-anuncia-maniobras-militares-en-el-caribe\/#primaryimage"},"image":{"@id":"https:\/\/lagnoticias.com\/2025\/09\/18\/venezuela-anuncia-maniobras-militares-en-el-caribe\/#primaryimage"},"thumbnailUrl":"https:\/\/lagnoticias.com\/wp-content\/uploads\/2025\/09\/7-16.jpg","datePublished":"2025-09-18T14:44:46+00:00","dateModified":"2025-09-18T14:44:47+00:00","author":{"@id":"https:\/\/lagnoticias.com\/#\/schema\/person\/cb9bfe13f8de05d2c55270be25c6a550"},"breadcrumb":{"@id":"https:\/\/lagnoticias.com\/2025\/09\/18\/venezuela-anuncia-maniobras-militares-en-el-caribe\/#breadcrumb"},"inLanguage":"en-US","potentialAction":[{"@type":"ReadAction","target":["https:\/\/lagnoticias.com\/2025\/09\/18\/venezuela-anuncia-maniobras-militares-en-el-caribe\/"]}]},{"@type":"ImageObject","inLanguage":"en-US","@id":"https:\/\/lagnoticias.com\/2025\/09\/18\/venezuela-anuncia-maniobras-militares-en-el-caribe\/#primaryimage","url":"https:\/\/lagnoticias.com\/wp-content\/uploads\/2025\/09\/7-16.jpg","contentUrl":"https:\/\/lagnoticias.com\/wp-content\/uploads\/2025\/09\/7-16.jpg","width":992,"height":510},{"@type":"BreadcrumbList","@id":"https:\/\/lagnoticias.com\/2025\/09\/18\/venezuela-anuncia-maniobras-militares-en-el-caribe\/#breadcrumb","itemListElement":[{"@type":"ListItem","position":1,"name":"Portada","item":"https:\/\/lagnoticias.com\/"},{"@type":"ListItem","position":2,"name":"Venezuela anuncia maniobras militares en el Caribe"}]},{"@type":"WebSite","@id":"https:\/\/lagnoticias.com\/#website","url":"https:\/\/lagnoticias.com\/","name":"La G Noticias","description":"Noticias Positivas","potentialAction":[{"@type":"SearchAction","target":{"@type":"EntryPoint","urlTemplate":"https:\/\/lagnoticias.com\/?s={search_term_string}"},"query-input":{"@type":"PropertyValueSpecification","valueRequired":true,"valueName":"search_term_string"}}],"inLanguage":"en-US"},{"@type":"Person","@id":"https:\/\/lagnoticias.com\/#\/schema\/person\/cb9bfe13f8de05d2c55270be25c6a550","name":"Oscar","image":{"@type":"ImageObject","inLanguage":"en-US","@id":"https:\/\/secure.gravatar.com\/avatar\/45c195718f652dc7ffdd591dc1f2678956ab7fdadcd359a635edc61304a8c757?s=96&d=mm&r=g","url":"https:\/\/secure.gravatar.com\/avatar\/45c195718f652dc7ffdd591dc1f2678956ab7fdadcd359a635edc61304a8c757?s=96&d=mm&r=g","contentUrl":"https:\/\/secure.gravatar.com\/avatar\/45c195718f652dc7ffdd591dc1f2678956ab7fdadcd359a635edc61304a8c757?s=96&d=mm&r=g","caption":"Oscar"},"url":"https:\/\/lagnoticias.com\/en\/author\/oscar\/"}]}},"_links":{"self":[{"href":"https:\/\/lagnoticias.com\/en\/wp-json\/wp\/v2\/posts\/5106","targetHints":{"allow":["GET"]}}],"collection":[{"href":"https:\/\/lagnoticias.com\/en\/wp-json\/wp\/v2\/posts"}],"about":[{"href":"https:\/\/lagnoticias.com\/en\/wp-json\/wp\/v2\/types\/post"}],"author":[{"embeddable":true,"href":"https:\/\/lagnoticias.com\/en\/wp-json\/wp\/v2\/users\/2"}],"replies":[{"embeddable":true,"href":"https:\/\/lagnoticias.com\/en\/wp-json\/wp\/v2\/comments?post=5106"}],"version-history":[{"count":1,"href":"https:\/\/lagnoticias.com\/en\/wp-json\/wp\/v2\/posts\/5106\/revisions"}],"predecessor-version":[{"id":5108,"href":"https:\/\/lagnoticias.com\/en\/wp-json\/wp\/v2\/posts\/5106\/revisions\/5108"}],"wp:featuredmedia":[{"embeddable":true,"href":"https:\/\/lagnoticias.com\/en\/wp-json\/wp\/v2\/media\/5107"}],"wp:attachment":[{"href":"https:\/\/lagnoticias.com\/en\/wp-json\/wp\/v2\/media?parent=5106"}],"wp:term":[{"taxonomy":"category","embeddable":true,"href":"https:\/\/lagnoticias.com\/en\/wp-json\/wp\/v2\/categories?post=5106"},{"taxonomy":"post_tag","embeddable":true,"href":"https:\/\/lagnoticias.com\/en\/wp-json\/wp\/v2\/tags?post=5106"}],"curies":[{"name":"wp","href":"https:\/\/api.w.org\/{rel}","templated":true}]}}