{"id":5102,"date":"2025-09-17T16:38:31","date_gmt":"2025-09-17T22:38:31","guid":{"rendered":"https:\/\/lagnoticias.com\/?p=5102"},"modified":"2025-09-17T16:38:33","modified_gmt":"2025-09-17T22:38:33","slug":"pelicula-salvadorena-luciernagas-en-el-mozote-se-estrenara-en-diciembre","status":"publish","type":"post","link":"https:\/\/lagnoticias.com\/en\/2025\/09\/17\/pelicula-salvadorena-luciernagas-en-el-mozote-se-estrenara-en-diciembre\/","title":{"rendered":"Pel\u00edcula salvadore\u00f1a \u00abLuci\u00e9rnagas en El Mozote\u00bb se estrenar\u00e1 en diciembre"},"content":{"rendered":"<p>La pel\u00edcula salvadore\u00f1a \u00abLuci\u00e9rnagas en El Mozote\u00bb ya tiene fecha oficial de estreno: el pr\u00f3ximo 11 de diciembre de 2025, seg\u00fan confirm\u00f3 El\u00edas Axume, presidente de Premiere Entertainment, un d\u00eda despu\u00e9s del lanzamiento del tr\u00e1iler oficial.<\/p>\n\n\n\n<p>Dirigida por el cineasta Ernesto Melara \u2014quien falleci\u00f3 en marzo de este a\u00f1o\u2014, la producci\u00f3n representa una de las apuestas m\u00e1s ambiciosas del cine salvadore\u00f1o reciente, tanto por su escala como por el talento internacional que forma parte del proyecto. El elenco incluye a reconocidos actores como Paz Vega (<em>Espanglish<\/em>, <em>Rambo: La \u00daltima Misi\u00f3n<\/em>), Mena Suvari (<em>Belleza Americana<\/em>, <em>American Pie<\/em>), Juan Pablo Shuk (<em>Narcos<\/em>) y Jeff Fahey (<em>El Hombre del Jard\u00edn<\/em>).<\/p>\n\n\n\n<p>El filme aborda uno de los episodios m\u00e1s dolorosos de la historia de El Salvador: la masacre de El Mozote, ocurrida en el departamento de Moraz\u00e1n en 1981, considerada la mayor atrocidad perpetrada contra civiles en la historia moderna de Am\u00e9rica Latina.<\/p>\n\n\n\n<p><\/p>\n\n\n\n<p><\/p>\n\n\n\n<figure class=\"wp-block-image aligncenter size-full\"><img loading=\"lazy\" decoding=\"async\" width=\"554\" height=\"375\" src=\"https:\/\/lagnoticias.com\/wp-content\/uploads\/2025\/09\/879.jpg\" alt=\"\" class=\"wp-image-5104\" srcset=\"https:\/\/lagnoticias.com\/wp-content\/uploads\/2025\/09\/879.jpg 554w, https:\/\/lagnoticias.com\/wp-content\/uploads\/2025\/09\/879-480x325.jpg 480w\" sizes=\"(min-width: 0px) and (max-width: 480px) 480px, (min-width: 481px) 554px, 100vw\" \/><\/figure>\n\n\n\n<p><\/p>\n\n\n\n<p><\/p>\n\n\n\n<p>A trav\u00e9s de una narrativa basada en hechos reales, la pel\u00edcula cuenta la historia de un ni\u00f1o de 10 a\u00f1os que sobrevive a la masacre y emprende un viaje de vida marcado por la p\u00e9rdida, la memoria y la b\u00fasqueda de justicia. El guion combina el drama humano con elementos de acci\u00f3n y denuncia social, en una propuesta visualmente potente y emocionalmente impactante.<\/p>\n\n\n\n<p>Se ha confirmado que Paz Vega, Juan Pablo Shuk y Yancey Arias asistir\u00e1n a la premier oficial en el pa\u00eds, un evento que marca un momento clave para la industria cinematogr\u00e1fica nacional.<\/p>\n\n\n\n<p>Con esta producci\u00f3n, El Salvador consolida su presencia en el panorama cinematogr\u00e1fico internacional, apostando por contar historias locales con est\u00e1ndares de calidad global.<\/p>","protected":false},"excerpt":{"rendered":"<p>La pel\u00edcula \u201cLuci\u00e9rnagas en El Mozote\u201d tiene una proyecci\u00f3n internacional y un elenco de primer nivel.<\/p>","protected":false},"author":2,"featured_media":5103,"comment_status":"open","ping_status":"open","sticky":false,"template":"","format":"standard","meta":{"_et_pb_use_builder":"off","_et_pb_old_content":"","_et_gb_content_width":"","footnotes":""},"categories":[249],"tags":[1025,267,1024,308],"class_list":["post-5102","post","type-post","status-publish","format-standard","has-post-thumbnail","hentry","category-entretenimiento","tag-cine-salvadoreno","tag-el-salvador","tag-luciernagas-en-el-mozote","tag-pelicula"],"yoast_head":"<!-- This site is optimized with the Yoast SEO plugin v27.4 - https:\/\/yoast.com\/product\/yoast-seo-wordpress\/ -->\n<title>Pel\u00edcula salvadore\u00f1a &quot;Luci\u00e9rnagas en El Mozote&quot; se estrenar\u00e1 en diciembre - La G Noticias<\/title>\n<meta name=\"robots\" content=\"index, follow, max-snippet:-1, max-image-preview:large, max-video-preview:-1\" \/>\n<link rel=\"canonical\" href=\"https:\/\/lagnoticias.com\/en\/2025\/09\/17\/pelicula-salvadorena-luciernagas-en-el-mozote-se-estrenara-en-diciembre\/\" \/>\n<meta property=\"og:locale\" content=\"en_US\" \/>\n<meta property=\"og:type\" content=\"article\" \/>\n<meta property=\"og:title\" content=\"Pel\u00edcula salvadore\u00f1a &quot;Luci\u00e9rnagas en El Mozote&quot; se estrenar\u00e1 en diciembre - La G Noticias\" \/>\n<meta property=\"og:description\" content=\"La pel\u00edcula \u201cLuci\u00e9rnagas en El Mozote\u201d tiene una proyecci\u00f3n internacional y un elenco de primer nivel.\" \/>\n<meta property=\"og:url\" content=\"https:\/\/lagnoticias.com\/en\/2025\/09\/17\/pelicula-salvadorena-luciernagas-en-el-mozote-se-estrenara-en-diciembre\/\" \/>\n<meta property=\"og:site_name\" content=\"La G Noticias\" \/>\n<meta property=\"article:publisher\" content=\"https:\/\/www.facebook.com\/LaGNoticias\" \/>\n<meta property=\"article:published_time\" content=\"2025-09-17T22:38:31+00:00\" \/>\n<meta property=\"article:modified_time\" content=\"2025-09-17T22:38:33+00:00\" \/>\n<meta property=\"og:image\" content=\"https:\/\/lagnoticias.com\/wp-content\/uploads\/2025\/09\/4-18.jpg\" \/>\n\t<meta property=\"og:image:width\" content=\"800\" \/>\n\t<meta property=\"og:image:height\" content=\"601\" \/>\n\t<meta property=\"og:image:type\" content=\"image\/jpeg\" \/>\n<meta name=\"author\" content=\"Oscar\" \/>\n<meta name=\"twitter:card\" content=\"summary_large_image\" \/>\n<meta name=\"twitter:creator\" content=\"@lagnoticias\" \/>\n<meta name=\"twitter:site\" content=\"@lagnoticias\" \/>\n<meta name=\"twitter:label1\" content=\"Written by\" \/>\n\t<meta name=\"twitter:data1\" content=\"Oscar\" \/>\n\t<meta name=\"twitter:label2\" content=\"Est. reading time\" \/>\n\t<meta name=\"twitter:data2\" content=\"2 minutes\" \/>\n<script type=\"application\/ld+json\" class=\"yoast-schema-graph\">{\"@context\":\"https:\\\/\\\/schema.org\",\"@graph\":[{\"@type\":\"Article\",\"@id\":\"https:\\\/\\\/lagnoticias.com\\\/2025\\\/09\\\/17\\\/pelicula-salvadorena-luciernagas-en-el-mozote-se-estrenara-en-diciembre\\\/#article\",\"isPartOf\":{\"@id\":\"https:\\\/\\\/lagnoticias.com\\\/2025\\\/09\\\/17\\\/pelicula-salvadorena-luciernagas-en-el-mozote-se-estrenara-en-diciembre\\\/\"},\"author\":{\"name\":\"Oscar\",\"@id\":\"https:\\\/\\\/lagnoticias.com\\\/#\\\/schema\\\/person\\\/cb9bfe13f8de05d2c55270be25c6a550\"},\"headline\":\"Pel\u00edcula salvadore\u00f1a \u00abLuci\u00e9rnagas en El Mozote\u00bb se estrenar\u00e1 en diciembre\",\"datePublished\":\"2025-09-17T22:38:31+00:00\",\"dateModified\":\"2025-09-17T22:38:33+00:00\",\"mainEntityOfPage\":{\"@id\":\"https:\\\/\\\/lagnoticias.com\\\/2025\\\/09\\\/17\\\/pelicula-salvadorena-luciernagas-en-el-mozote-se-estrenara-en-diciembre\\\/\"},\"wordCount\":307,\"commentCount\":0,\"image\":{\"@id\":\"https:\\\/\\\/lagnoticias.com\\\/2025\\\/09\\\/17\\\/pelicula-salvadorena-luciernagas-en-el-mozote-se-estrenara-en-diciembre\\\/#primaryimage\"},\"thumbnailUrl\":\"https:\\\/\\\/lagnoticias.com\\\/wp-content\\\/uploads\\\/2025\\\/09\\\/4-18.jpg\",\"keywords\":[\"CINE SALVADORE\u00d1O\",\"EL SALVADOR\",\"Luci\u00e9rnagas en El Mozote\",\"PEL\u00cdCULA\"],\"articleSection\":[\"ENTRETENIMIENTO\"],\"inLanguage\":\"en-US\",\"potentialAction\":[{\"@type\":\"CommentAction\",\"name\":\"Comment\",\"target\":[\"https:\\\/\\\/lagnoticias.com\\\/2025\\\/09\\\/17\\\/pelicula-salvadorena-luciernagas-en-el-mozote-se-estrenara-en-diciembre\\\/#respond\"]}]},{\"@type\":\"WebPage\",\"@id\":\"https:\\\/\\\/lagnoticias.com\\\/2025\\\/09\\\/17\\\/pelicula-salvadorena-luciernagas-en-el-mozote-se-estrenara-en-diciembre\\\/\",\"url\":\"https:\\\/\\\/lagnoticias.com\\\/2025\\\/09\\\/17\\\/pelicula-salvadorena-luciernagas-en-el-mozote-se-estrenara-en-diciembre\\\/\",\"name\":\"Pel\u00edcula salvadore\u00f1a \\\"Luci\u00e9rnagas en El Mozote\\\" se estrenar\u00e1 en diciembre - La G Noticias\",\"isPartOf\":{\"@id\":\"https:\\\/\\\/lagnoticias.com\\\/#website\"},\"primaryImageOfPage\":{\"@id\":\"https:\\\/\\\/lagnoticias.com\\\/2025\\\/09\\\/17\\\/pelicula-salvadorena-luciernagas-en-el-mozote-se-estrenara-en-diciembre\\\/#primaryimage\"},\"image\":{\"@id\":\"https:\\\/\\\/lagnoticias.com\\\/2025\\\/09\\\/17\\\/pelicula-salvadorena-luciernagas-en-el-mozote-se-estrenara-en-diciembre\\\/#primaryimage\"},\"thumbnailUrl\":\"https:\\\/\\\/lagnoticias.com\\\/wp-content\\\/uploads\\\/2025\\\/09\\\/4-18.jpg\",\"datePublished\":\"2025-09-17T22:38:31+00:00\",\"dateModified\":\"2025-09-17T22:38:33+00:00\",\"author\":{\"@id\":\"https:\\\/\\\/lagnoticias.com\\\/#\\\/schema\\\/person\\\/cb9bfe13f8de05d2c55270be25c6a550\"},\"breadcrumb\":{\"@id\":\"https:\\\/\\\/lagnoticias.com\\\/2025\\\/09\\\/17\\\/pelicula-salvadorena-luciernagas-en-el-mozote-se-estrenara-en-diciembre\\\/#breadcrumb\"},\"inLanguage\":\"en-US\",\"potentialAction\":[{\"@type\":\"ReadAction\",\"target\":[\"https:\\\/\\\/lagnoticias.com\\\/2025\\\/09\\\/17\\\/pelicula-salvadorena-luciernagas-en-el-mozote-se-estrenara-en-diciembre\\\/\"]}]},{\"@type\":\"ImageObject\",\"inLanguage\":\"en-US\",\"@id\":\"https:\\\/\\\/lagnoticias.com\\\/2025\\\/09\\\/17\\\/pelicula-salvadorena-luciernagas-en-el-mozote-se-estrenara-en-diciembre\\\/#primaryimage\",\"url\":\"https:\\\/\\\/lagnoticias.com\\\/wp-content\\\/uploads\\\/2025\\\/09\\\/4-18.jpg\",\"contentUrl\":\"https:\\\/\\\/lagnoticias.com\\\/wp-content\\\/uploads\\\/2025\\\/09\\\/4-18.jpg\",\"width\":800,\"height\":601},{\"@type\":\"BreadcrumbList\",\"@id\":\"https:\\\/\\\/lagnoticias.com\\\/2025\\\/09\\\/17\\\/pelicula-salvadorena-luciernagas-en-el-mozote-se-estrenara-en-diciembre\\\/#breadcrumb\",\"itemListElement\":[{\"@type\":\"ListItem\",\"position\":1,\"name\":\"Portada\",\"item\":\"https:\\\/\\\/lagnoticias.com\\\/\"},{\"@type\":\"ListItem\",\"position\":2,\"name\":\"Pel\u00edcula salvadore\u00f1a \u00abLuci\u00e9rnagas en El Mozote\u00bb se estrenar\u00e1 en diciembre\"}]},{\"@type\":\"WebSite\",\"@id\":\"https:\\\/\\\/lagnoticias.com\\\/#website\",\"url\":\"https:\\\/\\\/lagnoticias.com\\\/\",\"name\":\"La G Noticias\",\"description\":\"Noticias Positivas\",\"potentialAction\":[{\"@type\":\"SearchAction\",\"target\":{\"@type\":\"EntryPoint\",\"urlTemplate\":\"https:\\\/\\\/lagnoticias.com\\\/?s={search_term_string}\"},\"query-input\":{\"@type\":\"PropertyValueSpecification\",\"valueRequired\":true,\"valueName\":\"search_term_string\"}}],\"inLanguage\":\"en-US\"},{\"@type\":\"Person\",\"@id\":\"https:\\\/\\\/lagnoticias.com\\\/#\\\/schema\\\/person\\\/cb9bfe13f8de05d2c55270be25c6a550\",\"name\":\"Oscar\",\"image\":{\"@type\":\"ImageObject\",\"inLanguage\":\"en-US\",\"@id\":\"https:\\\/\\\/secure.gravatar.com\\\/avatar\\\/45c195718f652dc7ffdd591dc1f2678956ab7fdadcd359a635edc61304a8c757?s=96&d=mm&r=g\",\"url\":\"https:\\\/\\\/secure.gravatar.com\\\/avatar\\\/45c195718f652dc7ffdd591dc1f2678956ab7fdadcd359a635edc61304a8c757?s=96&d=mm&r=g\",\"contentUrl\":\"https:\\\/\\\/secure.gravatar.com\\\/avatar\\\/45c195718f652dc7ffdd591dc1f2678956ab7fdadcd359a635edc61304a8c757?s=96&d=mm&r=g\",\"caption\":\"Oscar\"},\"url\":\"https:\\\/\\\/lagnoticias.com\\\/en\\\/author\\\/oscar\\\/\"}]}<\/script>\n<!-- \/ Yoast SEO plugin. -->","yoast_head_json":{"title":"Pel\u00edcula salvadore\u00f1a \"Luci\u00e9rnagas en El Mozote\" se estrenar\u00e1 en diciembre - La G Noticias","robots":{"index":"index","follow":"follow","max-snippet":"max-snippet:-1","max-image-preview":"max-image-preview:large","max-video-preview":"max-video-preview:-1"},"canonical":"https:\/\/lagnoticias.com\/en\/2025\/09\/17\/pelicula-salvadorena-luciernagas-en-el-mozote-se-estrenara-en-diciembre\/","og_locale":"en_US","og_type":"article","og_title":"Pel\u00edcula salvadore\u00f1a \"Luci\u00e9rnagas en El Mozote\" se estrenar\u00e1 en diciembre - La G Noticias","og_description":"La pel\u00edcula \u201cLuci\u00e9rnagas en El Mozote\u201d tiene una proyecci\u00f3n internacional y un elenco de primer nivel.","og_url":"https:\/\/lagnoticias.com\/en\/2025\/09\/17\/pelicula-salvadorena-luciernagas-en-el-mozote-se-estrenara-en-diciembre\/","og_site_name":"La G Noticias","article_publisher":"https:\/\/www.facebook.com\/LaGNoticias","article_published_time":"2025-09-17T22:38:31+00:00","article_modified_time":"2025-09-17T22:38:33+00:00","og_image":[{"width":800,"height":601,"url":"https:\/\/lagnoticias.com\/wp-content\/uploads\/2025\/09\/4-18.jpg","type":"image\/jpeg"}],"author":"Oscar","twitter_card":"summary_large_image","twitter_creator":"@lagnoticias","twitter_site":"@lagnoticias","twitter_misc":{"Written by":"Oscar","Est. reading time":"2 minutes"},"schema":{"@context":"https:\/\/schema.org","@graph":[{"@type":"Article","@id":"https:\/\/lagnoticias.com\/2025\/09\/17\/pelicula-salvadorena-luciernagas-en-el-mozote-se-estrenara-en-diciembre\/#article","isPartOf":{"@id":"https:\/\/lagnoticias.com\/2025\/09\/17\/pelicula-salvadorena-luciernagas-en-el-mozote-se-estrenara-en-diciembre\/"},"author":{"name":"Oscar","@id":"https:\/\/lagnoticias.com\/#\/schema\/person\/cb9bfe13f8de05d2c55270be25c6a550"},"headline":"Pel\u00edcula salvadore\u00f1a \u00abLuci\u00e9rnagas en El Mozote\u00bb se estrenar\u00e1 en diciembre","datePublished":"2025-09-17T22:38:31+00:00","dateModified":"2025-09-17T22:38:33+00:00","mainEntityOfPage":{"@id":"https:\/\/lagnoticias.com\/2025\/09\/17\/pelicula-salvadorena-luciernagas-en-el-mozote-se-estrenara-en-diciembre\/"},"wordCount":307,"commentCount":0,"image":{"@id":"https:\/\/lagnoticias.com\/2025\/09\/17\/pelicula-salvadorena-luciernagas-en-el-mozote-se-estrenara-en-diciembre\/#primaryimage"},"thumbnailUrl":"https:\/\/lagnoticias.com\/wp-content\/uploads\/2025\/09\/4-18.jpg","keywords":["CINE SALVADORE\u00d1O","EL SALVADOR","Luci\u00e9rnagas en El Mozote","PEL\u00cdCULA"],"articleSection":["ENTRETENIMIENTO"],"inLanguage":"en-US","potentialAction":[{"@type":"CommentAction","name":"Comment","target":["https:\/\/lagnoticias.com\/2025\/09\/17\/pelicula-salvadorena-luciernagas-en-el-mozote-se-estrenara-en-diciembre\/#respond"]}]},{"@type":"WebPage","@id":"https:\/\/lagnoticias.com\/2025\/09\/17\/pelicula-salvadorena-luciernagas-en-el-mozote-se-estrenara-en-diciembre\/","url":"https:\/\/lagnoticias.com\/2025\/09\/17\/pelicula-salvadorena-luciernagas-en-el-mozote-se-estrenara-en-diciembre\/","name":"Pel\u00edcula salvadore\u00f1a \"Luci\u00e9rnagas en El Mozote\" se estrenar\u00e1 en diciembre - La G Noticias","isPartOf":{"@id":"https:\/\/lagnoticias.com\/#website"},"primaryImageOfPage":{"@id":"https:\/\/lagnoticias.com\/2025\/09\/17\/pelicula-salvadorena-luciernagas-en-el-mozote-se-estrenara-en-diciembre\/#primaryimage"},"image":{"@id":"https:\/\/lagnoticias.com\/2025\/09\/17\/pelicula-salvadorena-luciernagas-en-el-mozote-se-estrenara-en-diciembre\/#primaryimage"},"thumbnailUrl":"https:\/\/lagnoticias.com\/wp-content\/uploads\/2025\/09\/4-18.jpg","datePublished":"2025-09-17T22:38:31+00:00","dateModified":"2025-09-17T22:38:33+00:00","author":{"@id":"https:\/\/lagnoticias.com\/#\/schema\/person\/cb9bfe13f8de05d2c55270be25c6a550"},"breadcrumb":{"@id":"https:\/\/lagnoticias.com\/2025\/09\/17\/pelicula-salvadorena-luciernagas-en-el-mozote-se-estrenara-en-diciembre\/#breadcrumb"},"inLanguage":"en-US","potentialAction":[{"@type":"ReadAction","target":["https:\/\/lagnoticias.com\/2025\/09\/17\/pelicula-salvadorena-luciernagas-en-el-mozote-se-estrenara-en-diciembre\/"]}]},{"@type":"ImageObject","inLanguage":"en-US","@id":"https:\/\/lagnoticias.com\/2025\/09\/17\/pelicula-salvadorena-luciernagas-en-el-mozote-se-estrenara-en-diciembre\/#primaryimage","url":"https:\/\/lagnoticias.com\/wp-content\/uploads\/2025\/09\/4-18.jpg","contentUrl":"https:\/\/lagnoticias.com\/wp-content\/uploads\/2025\/09\/4-18.jpg","width":800,"height":601},{"@type":"BreadcrumbList","@id":"https:\/\/lagnoticias.com\/2025\/09\/17\/pelicula-salvadorena-luciernagas-en-el-mozote-se-estrenara-en-diciembre\/#breadcrumb","itemListElement":[{"@type":"ListItem","position":1,"name":"Portada","item":"https:\/\/lagnoticias.com\/"},{"@type":"ListItem","position":2,"name":"Pel\u00edcula salvadore\u00f1a \u00abLuci\u00e9rnagas en El Mozote\u00bb se estrenar\u00e1 en diciembre"}]},{"@type":"WebSite","@id":"https:\/\/lagnoticias.com\/#website","url":"https:\/\/lagnoticias.com\/","name":"La G Noticias","description":"Noticias Positivas","potentialAction":[{"@type":"SearchAction","target":{"@type":"EntryPoint","urlTemplate":"https:\/\/lagnoticias.com\/?s={search_term_string}"},"query-input":{"@type":"PropertyValueSpecification","valueRequired":true,"valueName":"search_term_string"}}],"inLanguage":"en-US"},{"@type":"Person","@id":"https:\/\/lagnoticias.com\/#\/schema\/person\/cb9bfe13f8de05d2c55270be25c6a550","name":"Oscar","image":{"@type":"ImageObject","inLanguage":"en-US","@id":"https:\/\/secure.gravatar.com\/avatar\/45c195718f652dc7ffdd591dc1f2678956ab7fdadcd359a635edc61304a8c757?s=96&d=mm&r=g","url":"https:\/\/secure.gravatar.com\/avatar\/45c195718f652dc7ffdd591dc1f2678956ab7fdadcd359a635edc61304a8c757?s=96&d=mm&r=g","contentUrl":"https:\/\/secure.gravatar.com\/avatar\/45c195718f652dc7ffdd591dc1f2678956ab7fdadcd359a635edc61304a8c757?s=96&d=mm&r=g","caption":"Oscar"},"url":"https:\/\/lagnoticias.com\/en\/author\/oscar\/"}]}},"_links":{"self":[{"href":"https:\/\/lagnoticias.com\/en\/wp-json\/wp\/v2\/posts\/5102","targetHints":{"allow":["GET"]}}],"collection":[{"href":"https:\/\/lagnoticias.com\/en\/wp-json\/wp\/v2\/posts"}],"about":[{"href":"https:\/\/lagnoticias.com\/en\/wp-json\/wp\/v2\/types\/post"}],"author":[{"embeddable":true,"href":"https:\/\/lagnoticias.com\/en\/wp-json\/wp\/v2\/users\/2"}],"replies":[{"embeddable":true,"href":"https:\/\/lagnoticias.com\/en\/wp-json\/wp\/v2\/comments?post=5102"}],"version-history":[{"count":1,"href":"https:\/\/lagnoticias.com\/en\/wp-json\/wp\/v2\/posts\/5102\/revisions"}],"predecessor-version":[{"id":5105,"href":"https:\/\/lagnoticias.com\/en\/wp-json\/wp\/v2\/posts\/5102\/revisions\/5105"}],"wp:featuredmedia":[{"embeddable":true,"href":"https:\/\/lagnoticias.com\/en\/wp-json\/wp\/v2\/media\/5103"}],"wp:attachment":[{"href":"https:\/\/lagnoticias.com\/en\/wp-json\/wp\/v2\/media?parent=5102"}],"wp:term":[{"taxonomy":"category","embeddable":true,"href":"https:\/\/lagnoticias.com\/en\/wp-json\/wp\/v2\/categories?post=5102"},{"taxonomy":"post_tag","embeddable":true,"href":"https:\/\/lagnoticias.com\/en\/wp-json\/wp\/v2\/tags?post=5102"}],"curies":[{"name":"wp","href":"https:\/\/api.w.org\/{rel}","templated":true}]}}