{"id":5061,"date":"2025-09-17T09:11:22","date_gmt":"2025-09-17T15:11:22","guid":{"rendered":"https:\/\/lagnoticias.com\/?p=5061"},"modified":"2025-09-18T12:36:58","modified_gmt":"2025-09-18T18:36:58","slug":"central-perk-abrira-una-sede-permanente-en-nueva-york-inspirada-en-la-serie-friends","status":"publish","type":"post","link":"https:\/\/lagnoticias.com\/en\/2025\/09\/17\/central-perk-abrira-una-sede-permanente-en-nueva-york-inspirada-en-la-serie-friends\/","title":{"rendered":"Central Perk abrir\u00e1 una sede permanente en Nueva York, inspirada en la serie Friends"},"content":{"rendered":"<p>El caf\u00e9 ficticio que acompa\u00f1\u00f3 a Rachel, Monica, Phoebe, Joey, Chandler y Ross durante diez temporadas dar\u00e1 un paso definitivo al mundo real.&nbsp;Central Perk Coffeehouse&nbsp;abrir\u00e1 una&nbsp;ubicaci\u00f3n permanente en Times Square, Nueva York, en la esquina de la S\u00e9ptima Avenida con la calle 47.<\/p>\n\n\n\n<p>Se espera que este nuevo espacio abra sus puertas en el&nbsp;oto\u00f1o de 2025, consolid\u00e1ndose como un atractivo tur\u00edstico y cultural para fan\u00e1ticos de la serie y amantes del caf\u00e9.<\/p>\n\n\n\n<h2 class=\"wp-block-heading\">Un lugar para los fans de Friends<\/h2>\n\n\n\n<p>El dise\u00f1o incluir\u00e1 elementos ic\u00f3nicos de la serie, entre ellos una sala especial con el&nbsp;famoso sof\u00e1 naranja&nbsp;que fue testigo de incontables escenas en el programa. Adem\u00e1s de su est\u00e9tica nost\u00e1lgica, el lugar estar\u00e1 pensado como un caf\u00e9 contempor\u00e1neo que combine experiencia tem\u00e1tica y comodidad real para sus visitantes.<\/p>\n\n\n\n<p><\/p>\n\n\n\n<p><\/p>\n\n\n\n<figure class=\"wp-block-image aligncenter size-full\"><img loading=\"lazy\" decoding=\"async\" width=\"992\" height=\"646\" src=\"https:\/\/lagnoticias.com\/wp-content\/uploads\/2025\/09\/9-12.jpg\" alt=\"\" class=\"wp-image-5063\" srcset=\"https:\/\/lagnoticias.com\/wp-content\/uploads\/2025\/09\/9-12.jpg 992w, https:\/\/lagnoticias.com\/wp-content\/uploads\/2025\/09\/9-12-980x638.jpg 980w, https:\/\/lagnoticias.com\/wp-content\/uploads\/2025\/09\/9-12-480x313.jpg 480w\" sizes=\"(min-width: 0px) and (max-width: 480px) 480px, (min-width: 481px) and (max-width: 980px) 980px, (min-width: 981px) 992px, 100vw\" \/><\/figure>\n\n\n\n<p><\/p>\n\n\n\n<p><\/p>\n\n\n\n<h2 class=\"wp-block-heading\">Caf\u00e9, men\u00fa y experiencias exclusivas<\/h2>\n\n\n\n<p>El men\u00fa estar\u00e1 a cargo del chef&nbsp;Tom Colicchio, ganador del premio James Beard, quien dise\u00f1ar\u00e1 bebidas y platillos inspirados en la serie.<\/p>\n\n\n\n<p>Los visitantes podr\u00e1n disfrutar de las seis mezclas originales de caf\u00e9 de Central Perk, con nombres alusivos a momentos memorables de la historia, como&nbsp;\u201cPivot Blend\u201d&nbsp;o&nbsp;\u201cWe Were on a \u2018Coffee\u2019 Break\u201d. Estos caf\u00e9s estar\u00e1n disponibles en grano, molido o c\u00e1psulas compostables.<\/p>\n\n\n\n<p>Adem\u00e1s, el lugar contar\u00e1 con&nbsp;mercanc\u00eda exclusiva&nbsp;que solo se podr\u00e1 adquirir en esta nueva sede.<\/p>\n\n\n\n<h2 class=\"wp-block-heading\">De Boston a Nueva York<\/h2>\n\n\n\n<p>La apertura en Manhattan sigue al \u00e9xito de la primera tienda Central Perk que abri\u00f3 en Boston en 2023. Con la llegada a Times Square, la marca busca consolidarse como un espacio de culto para los seguidores de&nbsp;Friends&nbsp;y, al mismo tiempo, como un punto de encuentro para locales y turistas en una de las zonas m\u00e1s transitadas de la ciudad.<\/p>\n\n\n\n<p>Con esta apertura, Central Perk dejar\u00e1 de ser solo un set televisivo para convertirse en un lugar real donde los fans podr\u00e1n revivir la experiencia de la serie mientras disfrutan de un caf\u00e9 en el coraz\u00f3n de Nueva York.<\/p>","protected":false},"excerpt":{"rendered":"<p>El ic\u00f3nico caf\u00e9 de la serie abrir\u00e1 sus puertas en Times Square durante el oto\u00f1o de 2025, con dise\u00f1o tem\u00e1tico, men\u00fa especial y productos exclusivos.<\/p>","protected":false},"author":2,"featured_media":5062,"comment_status":"open","ping_status":"open","sticky":false,"template":"","format":"standard","meta":{"_et_pb_use_builder":"off","_et_pb_old_content":"","_et_gb_content_width":"","footnotes":""},"categories":[249],"tags":[1009,655,505,654],"class_list":["post-5061","post","type-post","status-publish","format-standard","has-post-thumbnail","hentry","category-entretenimiento","tag-friends","tag-nueva-york","tag-serie","tag-times-square"],"yoast_head":"<!-- This site is optimized with the Yoast SEO plugin v27.4 - https:\/\/yoast.com\/product\/yoast-seo-wordpress\/ -->\n<title>Central Perk abrir\u00e1 una sede permanente en Nueva York, inspirada en la serie Friends - La G Noticias<\/title>\n<meta name=\"robots\" content=\"index, follow, max-snippet:-1, max-image-preview:large, max-video-preview:-1\" \/>\n<link rel=\"canonical\" href=\"https:\/\/lagnoticias.com\/en\/2025\/09\/17\/central-perk-abrira-una-sede-permanente-en-nueva-york-inspirada-en-la-serie-friends\/\" \/>\n<meta property=\"og:locale\" content=\"en_US\" \/>\n<meta property=\"og:type\" content=\"article\" \/>\n<meta property=\"og:title\" content=\"Central Perk abrir\u00e1 una sede permanente en Nueva York, inspirada en la serie Friends - La G Noticias\" \/>\n<meta property=\"og:description\" content=\"El ic\u00f3nico caf\u00e9 de la serie abrir\u00e1 sus puertas en Times Square durante el oto\u00f1o de 2025, con dise\u00f1o tem\u00e1tico, men\u00fa especial y productos exclusivos.\" \/>\n<meta property=\"og:url\" content=\"https:\/\/lagnoticias.com\/en\/2025\/09\/17\/central-perk-abrira-una-sede-permanente-en-nueva-york-inspirada-en-la-serie-friends\/\" \/>\n<meta property=\"og:site_name\" content=\"La G Noticias\" \/>\n<meta property=\"article:publisher\" content=\"https:\/\/www.facebook.com\/LaGNoticias\" \/>\n<meta property=\"article:published_time\" content=\"2025-09-17T15:11:22+00:00\" \/>\n<meta property=\"article:modified_time\" content=\"2025-09-18T18:36:58+00:00\" \/>\n<meta property=\"og:image\" content=\"https:\/\/lagnoticias.com\/wp-content\/uploads\/2025\/09\/4-16.jpg\" \/>\n\t<meta property=\"og:image:width\" content=\"1200\" \/>\n\t<meta property=\"og:image:height\" content=\"630\" \/>\n\t<meta property=\"og:image:type\" content=\"image\/jpeg\" \/>\n<meta name=\"author\" content=\"Oscar\" \/>\n<meta name=\"twitter:card\" content=\"summary_large_image\" \/>\n<meta name=\"twitter:creator\" content=\"@lagnoticias\" \/>\n<meta name=\"twitter:site\" content=\"@lagnoticias\" \/>\n<meta name=\"twitter:label1\" content=\"Written by\" \/>\n\t<meta name=\"twitter:data1\" content=\"Oscar\" \/>\n\t<meta name=\"twitter:label2\" content=\"Est. reading time\" \/>\n\t<meta name=\"twitter:data2\" content=\"2 minutes\" \/>\n<script type=\"application\/ld+json\" class=\"yoast-schema-graph\">{\"@context\":\"https:\\\/\\\/schema.org\",\"@graph\":[{\"@type\":\"Article\",\"@id\":\"https:\\\/\\\/lagnoticias.com\\\/2025\\\/09\\\/17\\\/central-perk-abrira-una-sede-permanente-en-nueva-york-inspirada-en-la-serie-friends\\\/#article\",\"isPartOf\":{\"@id\":\"https:\\\/\\\/lagnoticias.com\\\/2025\\\/09\\\/17\\\/central-perk-abrira-una-sede-permanente-en-nueva-york-inspirada-en-la-serie-friends\\\/\"},\"author\":{\"name\":\"Oscar\",\"@id\":\"https:\\\/\\\/lagnoticias.com\\\/#\\\/schema\\\/person\\\/cb9bfe13f8de05d2c55270be25c6a550\"},\"headline\":\"Central Perk abrir\u00e1 una sede permanente en Nueva York, inspirada en la serie Friends\",\"datePublished\":\"2025-09-17T15:11:22+00:00\",\"dateModified\":\"2025-09-18T18:36:58+00:00\",\"mainEntityOfPage\":{\"@id\":\"https:\\\/\\\/lagnoticias.com\\\/2025\\\/09\\\/17\\\/central-perk-abrira-una-sede-permanente-en-nueva-york-inspirada-en-la-serie-friends\\\/\"},\"wordCount\":374,\"commentCount\":0,\"image\":{\"@id\":\"https:\\\/\\\/lagnoticias.com\\\/2025\\\/09\\\/17\\\/central-perk-abrira-una-sede-permanente-en-nueva-york-inspirada-en-la-serie-friends\\\/#primaryimage\"},\"thumbnailUrl\":\"https:\\\/\\\/lagnoticias.com\\\/wp-content\\\/uploads\\\/2025\\\/09\\\/4-16.jpg\",\"keywords\":[\"FRIENDS\",\"NUEVA YORK\",\"serie\",\"TIMES SQUARE\"],\"articleSection\":[\"ENTRETENIMIENTO\"],\"inLanguage\":\"en-US\",\"potentialAction\":[{\"@type\":\"CommentAction\",\"name\":\"Comment\",\"target\":[\"https:\\\/\\\/lagnoticias.com\\\/2025\\\/09\\\/17\\\/central-perk-abrira-una-sede-permanente-en-nueva-york-inspirada-en-la-serie-friends\\\/#respond\"]}]},{\"@type\":\"WebPage\",\"@id\":\"https:\\\/\\\/lagnoticias.com\\\/2025\\\/09\\\/17\\\/central-perk-abrira-una-sede-permanente-en-nueva-york-inspirada-en-la-serie-friends\\\/\",\"url\":\"https:\\\/\\\/lagnoticias.com\\\/2025\\\/09\\\/17\\\/central-perk-abrira-una-sede-permanente-en-nueva-york-inspirada-en-la-serie-friends\\\/\",\"name\":\"Central Perk abrir\u00e1 una sede permanente en Nueva York, inspirada en la serie Friends - La G Noticias\",\"isPartOf\":{\"@id\":\"https:\\\/\\\/lagnoticias.com\\\/#website\"},\"primaryImageOfPage\":{\"@id\":\"https:\\\/\\\/lagnoticias.com\\\/2025\\\/09\\\/17\\\/central-perk-abrira-una-sede-permanente-en-nueva-york-inspirada-en-la-serie-friends\\\/#primaryimage\"},\"image\":{\"@id\":\"https:\\\/\\\/lagnoticias.com\\\/2025\\\/09\\\/17\\\/central-perk-abrira-una-sede-permanente-en-nueva-york-inspirada-en-la-serie-friends\\\/#primaryimage\"},\"thumbnailUrl\":\"https:\\\/\\\/lagnoticias.com\\\/wp-content\\\/uploads\\\/2025\\\/09\\\/4-16.jpg\",\"datePublished\":\"2025-09-17T15:11:22+00:00\",\"dateModified\":\"2025-09-18T18:36:58+00:00\",\"author\":{\"@id\":\"https:\\\/\\\/lagnoticias.com\\\/#\\\/schema\\\/person\\\/cb9bfe13f8de05d2c55270be25c6a550\"},\"breadcrumb\":{\"@id\":\"https:\\\/\\\/lagnoticias.com\\\/2025\\\/09\\\/17\\\/central-perk-abrira-una-sede-permanente-en-nueva-york-inspirada-en-la-serie-friends\\\/#breadcrumb\"},\"inLanguage\":\"en-US\",\"potentialAction\":[{\"@type\":\"ReadAction\",\"target\":[\"https:\\\/\\\/lagnoticias.com\\\/2025\\\/09\\\/17\\\/central-perk-abrira-una-sede-permanente-en-nueva-york-inspirada-en-la-serie-friends\\\/\"]}]},{\"@type\":\"ImageObject\",\"inLanguage\":\"en-US\",\"@id\":\"https:\\\/\\\/lagnoticias.com\\\/2025\\\/09\\\/17\\\/central-perk-abrira-una-sede-permanente-en-nueva-york-inspirada-en-la-serie-friends\\\/#primaryimage\",\"url\":\"https:\\\/\\\/lagnoticias.com\\\/wp-content\\\/uploads\\\/2025\\\/09\\\/4-16.jpg\",\"contentUrl\":\"https:\\\/\\\/lagnoticias.com\\\/wp-content\\\/uploads\\\/2025\\\/09\\\/4-16.jpg\",\"width\":1200,\"height\":630},{\"@type\":\"BreadcrumbList\",\"@id\":\"https:\\\/\\\/lagnoticias.com\\\/2025\\\/09\\\/17\\\/central-perk-abrira-una-sede-permanente-en-nueva-york-inspirada-en-la-serie-friends\\\/#breadcrumb\",\"itemListElement\":[{\"@type\":\"ListItem\",\"position\":1,\"name\":\"Portada\",\"item\":\"https:\\\/\\\/lagnoticias.com\\\/\"},{\"@type\":\"ListItem\",\"position\":2,\"name\":\"Central Perk abrir\u00e1 una sede permanente en Nueva York, inspirada en la serie Friends\"}]},{\"@type\":\"WebSite\",\"@id\":\"https:\\\/\\\/lagnoticias.com\\\/#website\",\"url\":\"https:\\\/\\\/lagnoticias.com\\\/\",\"name\":\"La G Noticias\",\"description\":\"Noticias Positivas\",\"potentialAction\":[{\"@type\":\"SearchAction\",\"target\":{\"@type\":\"EntryPoint\",\"urlTemplate\":\"https:\\\/\\\/lagnoticias.com\\\/?s={search_term_string}\"},\"query-input\":{\"@type\":\"PropertyValueSpecification\",\"valueRequired\":true,\"valueName\":\"search_term_string\"}}],\"inLanguage\":\"en-US\"},{\"@type\":\"Person\",\"@id\":\"https:\\\/\\\/lagnoticias.com\\\/#\\\/schema\\\/person\\\/cb9bfe13f8de05d2c55270be25c6a550\",\"name\":\"Oscar\",\"image\":{\"@type\":\"ImageObject\",\"inLanguage\":\"en-US\",\"@id\":\"https:\\\/\\\/secure.gravatar.com\\\/avatar\\\/45c195718f652dc7ffdd591dc1f2678956ab7fdadcd359a635edc61304a8c757?s=96&d=mm&r=g\",\"url\":\"https:\\\/\\\/secure.gravatar.com\\\/avatar\\\/45c195718f652dc7ffdd591dc1f2678956ab7fdadcd359a635edc61304a8c757?s=96&d=mm&r=g\",\"contentUrl\":\"https:\\\/\\\/secure.gravatar.com\\\/avatar\\\/45c195718f652dc7ffdd591dc1f2678956ab7fdadcd359a635edc61304a8c757?s=96&d=mm&r=g\",\"caption\":\"Oscar\"},\"url\":\"https:\\\/\\\/lagnoticias.com\\\/en\\\/author\\\/oscar\\\/\"}]}<\/script>\n<!-- \/ Yoast SEO plugin. -->","yoast_head_json":{"title":"Central Perk abrir\u00e1 una sede permanente en Nueva York, inspirada en la serie Friends - La G Noticias","robots":{"index":"index","follow":"follow","max-snippet":"max-snippet:-1","max-image-preview":"max-image-preview:large","max-video-preview":"max-video-preview:-1"},"canonical":"https:\/\/lagnoticias.com\/en\/2025\/09\/17\/central-perk-abrira-una-sede-permanente-en-nueva-york-inspirada-en-la-serie-friends\/","og_locale":"en_US","og_type":"article","og_title":"Central Perk abrir\u00e1 una sede permanente en Nueva York, inspirada en la serie Friends - La G Noticias","og_description":"El ic\u00f3nico caf\u00e9 de la serie abrir\u00e1 sus puertas en Times Square durante el oto\u00f1o de 2025, con dise\u00f1o tem\u00e1tico, men\u00fa especial y productos exclusivos.","og_url":"https:\/\/lagnoticias.com\/en\/2025\/09\/17\/central-perk-abrira-una-sede-permanente-en-nueva-york-inspirada-en-la-serie-friends\/","og_site_name":"La G Noticias","article_publisher":"https:\/\/www.facebook.com\/LaGNoticias","article_published_time":"2025-09-17T15:11:22+00:00","article_modified_time":"2025-09-18T18:36:58+00:00","og_image":[{"width":1200,"height":630,"url":"https:\/\/lagnoticias.com\/wp-content\/uploads\/2025\/09\/4-16.jpg","type":"image\/jpeg"}],"author":"Oscar","twitter_card":"summary_large_image","twitter_creator":"@lagnoticias","twitter_site":"@lagnoticias","twitter_misc":{"Written by":"Oscar","Est. reading time":"2 minutes"},"schema":{"@context":"https:\/\/schema.org","@graph":[{"@type":"Article","@id":"https:\/\/lagnoticias.com\/2025\/09\/17\/central-perk-abrira-una-sede-permanente-en-nueva-york-inspirada-en-la-serie-friends\/#article","isPartOf":{"@id":"https:\/\/lagnoticias.com\/2025\/09\/17\/central-perk-abrira-una-sede-permanente-en-nueva-york-inspirada-en-la-serie-friends\/"},"author":{"name":"Oscar","@id":"https:\/\/lagnoticias.com\/#\/schema\/person\/cb9bfe13f8de05d2c55270be25c6a550"},"headline":"Central Perk abrir\u00e1 una sede permanente en Nueva York, inspirada en la serie Friends","datePublished":"2025-09-17T15:11:22+00:00","dateModified":"2025-09-18T18:36:58+00:00","mainEntityOfPage":{"@id":"https:\/\/lagnoticias.com\/2025\/09\/17\/central-perk-abrira-una-sede-permanente-en-nueva-york-inspirada-en-la-serie-friends\/"},"wordCount":374,"commentCount":0,"image":{"@id":"https:\/\/lagnoticias.com\/2025\/09\/17\/central-perk-abrira-una-sede-permanente-en-nueva-york-inspirada-en-la-serie-friends\/#primaryimage"},"thumbnailUrl":"https:\/\/lagnoticias.com\/wp-content\/uploads\/2025\/09\/4-16.jpg","keywords":["FRIENDS","NUEVA YORK","serie","TIMES SQUARE"],"articleSection":["ENTRETENIMIENTO"],"inLanguage":"en-US","potentialAction":[{"@type":"CommentAction","name":"Comment","target":["https:\/\/lagnoticias.com\/2025\/09\/17\/central-perk-abrira-una-sede-permanente-en-nueva-york-inspirada-en-la-serie-friends\/#respond"]}]},{"@type":"WebPage","@id":"https:\/\/lagnoticias.com\/2025\/09\/17\/central-perk-abrira-una-sede-permanente-en-nueva-york-inspirada-en-la-serie-friends\/","url":"https:\/\/lagnoticias.com\/2025\/09\/17\/central-perk-abrira-una-sede-permanente-en-nueva-york-inspirada-en-la-serie-friends\/","name":"Central Perk abrir\u00e1 una sede permanente en Nueva York, inspirada en la serie Friends - La G Noticias","isPartOf":{"@id":"https:\/\/lagnoticias.com\/#website"},"primaryImageOfPage":{"@id":"https:\/\/lagnoticias.com\/2025\/09\/17\/central-perk-abrira-una-sede-permanente-en-nueva-york-inspirada-en-la-serie-friends\/#primaryimage"},"image":{"@id":"https:\/\/lagnoticias.com\/2025\/09\/17\/central-perk-abrira-una-sede-permanente-en-nueva-york-inspirada-en-la-serie-friends\/#primaryimage"},"thumbnailUrl":"https:\/\/lagnoticias.com\/wp-content\/uploads\/2025\/09\/4-16.jpg","datePublished":"2025-09-17T15:11:22+00:00","dateModified":"2025-09-18T18:36:58+00:00","author":{"@id":"https:\/\/lagnoticias.com\/#\/schema\/person\/cb9bfe13f8de05d2c55270be25c6a550"},"breadcrumb":{"@id":"https:\/\/lagnoticias.com\/2025\/09\/17\/central-perk-abrira-una-sede-permanente-en-nueva-york-inspirada-en-la-serie-friends\/#breadcrumb"},"inLanguage":"en-US","potentialAction":[{"@type":"ReadAction","target":["https:\/\/lagnoticias.com\/2025\/09\/17\/central-perk-abrira-una-sede-permanente-en-nueva-york-inspirada-en-la-serie-friends\/"]}]},{"@type":"ImageObject","inLanguage":"en-US","@id":"https:\/\/lagnoticias.com\/2025\/09\/17\/central-perk-abrira-una-sede-permanente-en-nueva-york-inspirada-en-la-serie-friends\/#primaryimage","url":"https:\/\/lagnoticias.com\/wp-content\/uploads\/2025\/09\/4-16.jpg","contentUrl":"https:\/\/lagnoticias.com\/wp-content\/uploads\/2025\/09\/4-16.jpg","width":1200,"height":630},{"@type":"BreadcrumbList","@id":"https:\/\/lagnoticias.com\/2025\/09\/17\/central-perk-abrira-una-sede-permanente-en-nueva-york-inspirada-en-la-serie-friends\/#breadcrumb","itemListElement":[{"@type":"ListItem","position":1,"name":"Portada","item":"https:\/\/lagnoticias.com\/"},{"@type":"ListItem","position":2,"name":"Central Perk abrir\u00e1 una sede permanente en Nueva York, inspirada en la serie Friends"}]},{"@type":"WebSite","@id":"https:\/\/lagnoticias.com\/#website","url":"https:\/\/lagnoticias.com\/","name":"La G Noticias","description":"Noticias Positivas","potentialAction":[{"@type":"SearchAction","target":{"@type":"EntryPoint","urlTemplate":"https:\/\/lagnoticias.com\/?s={search_term_string}"},"query-input":{"@type":"PropertyValueSpecification","valueRequired":true,"valueName":"search_term_string"}}],"inLanguage":"en-US"},{"@type":"Person","@id":"https:\/\/lagnoticias.com\/#\/schema\/person\/cb9bfe13f8de05d2c55270be25c6a550","name":"Oscar","image":{"@type":"ImageObject","inLanguage":"en-US","@id":"https:\/\/secure.gravatar.com\/avatar\/45c195718f652dc7ffdd591dc1f2678956ab7fdadcd359a635edc61304a8c757?s=96&d=mm&r=g","url":"https:\/\/secure.gravatar.com\/avatar\/45c195718f652dc7ffdd591dc1f2678956ab7fdadcd359a635edc61304a8c757?s=96&d=mm&r=g","contentUrl":"https:\/\/secure.gravatar.com\/avatar\/45c195718f652dc7ffdd591dc1f2678956ab7fdadcd359a635edc61304a8c757?s=96&d=mm&r=g","caption":"Oscar"},"url":"https:\/\/lagnoticias.com\/en\/author\/oscar\/"}]}},"_links":{"self":[{"href":"https:\/\/lagnoticias.com\/en\/wp-json\/wp\/v2\/posts\/5061","targetHints":{"allow":["GET"]}}],"collection":[{"href":"https:\/\/lagnoticias.com\/en\/wp-json\/wp\/v2\/posts"}],"about":[{"href":"https:\/\/lagnoticias.com\/en\/wp-json\/wp\/v2\/types\/post"}],"author":[{"embeddable":true,"href":"https:\/\/lagnoticias.com\/en\/wp-json\/wp\/v2\/users\/2"}],"replies":[{"embeddable":true,"href":"https:\/\/lagnoticias.com\/en\/wp-json\/wp\/v2\/comments?post=5061"}],"version-history":[{"count":1,"href":"https:\/\/lagnoticias.com\/en\/wp-json\/wp\/v2\/posts\/5061\/revisions"}],"predecessor-version":[{"id":5064,"href":"https:\/\/lagnoticias.com\/en\/wp-json\/wp\/v2\/posts\/5061\/revisions\/5064"}],"wp:featuredmedia":[{"embeddable":true,"href":"https:\/\/lagnoticias.com\/en\/wp-json\/wp\/v2\/media\/5062"}],"wp:attachment":[{"href":"https:\/\/lagnoticias.com\/en\/wp-json\/wp\/v2\/media?parent=5061"}],"wp:term":[{"taxonomy":"category","embeddable":true,"href":"https:\/\/lagnoticias.com\/en\/wp-json\/wp\/v2\/categories?post=5061"},{"taxonomy":"post_tag","embeddable":true,"href":"https:\/\/lagnoticias.com\/en\/wp-json\/wp\/v2\/tags?post=5061"}],"curies":[{"name":"wp","href":"https:\/\/api.w.org\/{rel}","templated":true}]}}