{"id":5058,"date":"2025-09-17T08:56:53","date_gmt":"2025-09-17T14:56:53","guid":{"rendered":"https:\/\/lagnoticias.com\/?p=5058"},"modified":"2025-09-18T12:37:06","modified_gmt":"2025-09-18T18:37:06","slug":"europa-propone-paquete-de-sanciones-contra-israel","status":"publish","type":"post","link":"https:\/\/lagnoticias.com\/en\/2025\/09\/17\/europa-propone-paquete-de-sanciones-contra-israel\/","title":{"rendered":"Europa propone paquete de sanciones contra Israel"},"content":{"rendered":"<p>En respuesta a las operaciones militares en la&nbsp;Franja de Gaza, la&nbsp;Comisi\u00f3n Europea, el \u00f3rgano ejecutivo de la&nbsp;Uni\u00f3n Europea, ha propuesto sanciones&nbsp;contra&nbsp;Israel. El paquete incluye el aumento de impuestos a ciertas importaciones de israel y sancionar a dos ministros del Gobierno de&nbsp;Benjam\u00edn Netanyahu.&nbsp;&nbsp;<\/p>\n\n\n\n<p>Las medidas comerciales, si fueran adoptadas por los pa\u00edses de la UE, encarecer\u00edan en unos 227 millones de euros el costo de determinadas importaciones israel\u00edes, principalmente de origen agr\u00edcola. <\/p>\n\n\n\n<p>La Comisi\u00f3n Europea tambi\u00e9n propuso sancionar a dos ministros israel\u00edes de extrema derecha, Itamar Ben-Gvir, responsable de Seguridad Nacional, y Bezalel Smotrich, responsable de Finanzas, seg\u00fan un responsable comunitario.<\/p>\n\n\n\n<h2 class=\"wp-block-heading\">Violaci\u00f3n de acuerdo UE-Israel<\/h2>\n\n\n\n<p>\u00abQuiero ser muy clara, el objetivo no es castigar a Israel. El objetivo es mejorar la\u00a0situaci\u00f3n humanitaria en Gaza\u00bb, afirm\u00f3 en conferencia\u00a0de prensa la jefa de la diplomacia de la UE,\u00a0Kaja Kallas.<\/p>\n\n\n\n<p>\u00abTodos coincidimos en que la situaci\u00f3n en Gaza sigue yendo en la direcci\u00f3n equivocada. Debemos aprovechar las herramientas a nuestra disposici\u00f3n para presionar al Gobierno israel\u00ed a que cambie de rumbo\u00bb, declar\u00f3\u00a0Kallas.<\/p>\n\n\n\n<p>Una\u00a0revisi\u00f3n interna de la UE\u00a0concluy\u00f3 que las acciones de Israel en el territorio asediado violan un acuerdo entre la UE e Israel que obliga a ambas partes a respetar los derechos humanos.<\/p>\n\n\n\n<p>\u00abSuspender las concesiones comerciales e imponer sanciones a ministros extremistas, colonos violentos y agentes de Ham\u00e1s enviar\u00eda un mensaje contundente de la Uni\u00f3n Europea: esta guerra debe terminar, el sufrimiento debe cesar y los rehenes deben ser liberados\u00bb, prosigui\u00f3 la jefa diplom\u00e1tica.<\/p>\n\n\n\n<h2 class=\"wp-block-heading\">No est\u00e1 claro si la propuesta podr\u00e1 encontrar el respaldo necesario entre los 27 Estados miembros de la UE<\/h2>\n\n\n\n<p>La suspensi\u00f3n de los beneficios comerciales para Israel requerir\u00eda la aprobaci\u00f3n de 15 pa\u00edses que, en conjunto, representen al menos el 65 por ciento\u00a0de la poblaci\u00f3n total de la UE.\u00a0<\/p>\n\n\n\n<p><\/p>\n\n\n\n<p><\/p>\n\n\n\n<p><\/p>\n\n\n\n<p><\/p>\n\n\n\n<p>(DW)<\/p>","protected":false},"excerpt":{"rendered":"<p>La jefa de la diplomacia europea, Kaja Kallas, present\u00f3 una propuesta para sancionar a Israel en respuesta a sus operaciones militares en Gaza.<\/p>","protected":false},"author":2,"featured_media":5059,"comment_status":"open","ping_status":"open","sticky":false,"template":"","format":"standard","meta":{"_et_pb_use_builder":"off","_et_pb_old_content":"","_et_gb_content_width":"","footnotes":""},"categories":[245],"tags":[1007,418,1008,262],"class_list":["post-5058","post","type-post","status-publish","format-standard","has-post-thumbnail","hentry","category-internacionales","tag-europa","tag-franja-de-gaza","tag-israel","tag-union-europea"],"yoast_head":"<!-- This site is optimized with the Yoast SEO plugin v27.4 - https:\/\/yoast.com\/product\/yoast-seo-wordpress\/ -->\n<title>Europa propone paquete de sanciones contra Israel - La G Noticias<\/title>\n<meta name=\"robots\" content=\"index, follow, max-snippet:-1, max-image-preview:large, max-video-preview:-1\" \/>\n<link rel=\"canonical\" href=\"https:\/\/lagnoticias.com\/en\/2025\/09\/17\/europa-propone-paquete-de-sanciones-contra-israel\/\" \/>\n<meta property=\"og:locale\" content=\"en_US\" \/>\n<meta property=\"og:type\" content=\"article\" \/>\n<meta property=\"og:title\" content=\"Europa propone paquete de sanciones contra Israel - La G Noticias\" \/>\n<meta property=\"og:description\" content=\"La jefa de la diplomacia europea, Kaja Kallas, present\u00f3 una propuesta para sancionar a Israel en respuesta a sus operaciones militares en Gaza.\" \/>\n<meta property=\"og:url\" content=\"https:\/\/lagnoticias.com\/en\/2025\/09\/17\/europa-propone-paquete-de-sanciones-contra-israel\/\" \/>\n<meta property=\"og:site_name\" content=\"La G Noticias\" \/>\n<meta property=\"article:publisher\" content=\"https:\/\/www.facebook.com\/LaGNoticias\" \/>\n<meta property=\"article:published_time\" content=\"2025-09-17T14:56:53+00:00\" \/>\n<meta property=\"article:modified_time\" content=\"2025-09-18T18:37:06+00:00\" \/>\n<meta property=\"og:image\" content=\"https:\/\/lagnoticias.com\/wp-content\/uploads\/2025\/09\/2-9.jpg\" \/>\n\t<meta property=\"og:image:width\" content=\"1002\" \/>\n\t<meta property=\"og:image:height\" content=\"507\" \/>\n\t<meta property=\"og:image:type\" content=\"image\/jpeg\" \/>\n<meta name=\"author\" content=\"Oscar\" \/>\n<meta name=\"twitter:card\" content=\"summary_large_image\" \/>\n<meta name=\"twitter:creator\" content=\"@lagnoticias\" \/>\n<meta name=\"twitter:site\" content=\"@lagnoticias\" \/>\n<meta name=\"twitter:label1\" content=\"Written by\" \/>\n\t<meta name=\"twitter:data1\" content=\"Oscar\" \/>\n\t<meta name=\"twitter:label2\" content=\"Est. reading time\" \/>\n\t<meta name=\"twitter:data2\" content=\"2 minutes\" \/>\n<script type=\"application\/ld+json\" class=\"yoast-schema-graph\">{\"@context\":\"https:\\\/\\\/schema.org\",\"@graph\":[{\"@type\":\"Article\",\"@id\":\"https:\\\/\\\/lagnoticias.com\\\/2025\\\/09\\\/17\\\/europa-propone-paquete-de-sanciones-contra-israel\\\/#article\",\"isPartOf\":{\"@id\":\"https:\\\/\\\/lagnoticias.com\\\/2025\\\/09\\\/17\\\/europa-propone-paquete-de-sanciones-contra-israel\\\/\"},\"author\":{\"name\":\"Oscar\",\"@id\":\"https:\\\/\\\/lagnoticias.com\\\/#\\\/schema\\\/person\\\/cb9bfe13f8de05d2c55270be25c6a550\"},\"headline\":\"Europa propone paquete de sanciones contra Israel\",\"datePublished\":\"2025-09-17T14:56:53+00:00\",\"dateModified\":\"2025-09-18T18:37:06+00:00\",\"mainEntityOfPage\":{\"@id\":\"https:\\\/\\\/lagnoticias.com\\\/2025\\\/09\\\/17\\\/europa-propone-paquete-de-sanciones-contra-israel\\\/\"},\"wordCount\":342,\"commentCount\":0,\"image\":{\"@id\":\"https:\\\/\\\/lagnoticias.com\\\/2025\\\/09\\\/17\\\/europa-propone-paquete-de-sanciones-contra-israel\\\/#primaryimage\"},\"thumbnailUrl\":\"https:\\\/\\\/lagnoticias.com\\\/wp-content\\\/uploads\\\/2025\\\/09\\\/2-9.jpg\",\"keywords\":[\"EUROPA\",\"FRANJA DE GAZA\",\"ISRAEL\",\"UNI\u00d3N EUROPEA\"],\"articleSection\":[\"INTERNACIONALES\"],\"inLanguage\":\"en-US\",\"potentialAction\":[{\"@type\":\"CommentAction\",\"name\":\"Comment\",\"target\":[\"https:\\\/\\\/lagnoticias.com\\\/2025\\\/09\\\/17\\\/europa-propone-paquete-de-sanciones-contra-israel\\\/#respond\"]}]},{\"@type\":\"WebPage\",\"@id\":\"https:\\\/\\\/lagnoticias.com\\\/2025\\\/09\\\/17\\\/europa-propone-paquete-de-sanciones-contra-israel\\\/\",\"url\":\"https:\\\/\\\/lagnoticias.com\\\/2025\\\/09\\\/17\\\/europa-propone-paquete-de-sanciones-contra-israel\\\/\",\"name\":\"Europa propone paquete de sanciones contra Israel - La G Noticias\",\"isPartOf\":{\"@id\":\"https:\\\/\\\/lagnoticias.com\\\/#website\"},\"primaryImageOfPage\":{\"@id\":\"https:\\\/\\\/lagnoticias.com\\\/2025\\\/09\\\/17\\\/europa-propone-paquete-de-sanciones-contra-israel\\\/#primaryimage\"},\"image\":{\"@id\":\"https:\\\/\\\/lagnoticias.com\\\/2025\\\/09\\\/17\\\/europa-propone-paquete-de-sanciones-contra-israel\\\/#primaryimage\"},\"thumbnailUrl\":\"https:\\\/\\\/lagnoticias.com\\\/wp-content\\\/uploads\\\/2025\\\/09\\\/2-9.jpg\",\"datePublished\":\"2025-09-17T14:56:53+00:00\",\"dateModified\":\"2025-09-18T18:37:06+00:00\",\"author\":{\"@id\":\"https:\\\/\\\/lagnoticias.com\\\/#\\\/schema\\\/person\\\/cb9bfe13f8de05d2c55270be25c6a550\"},\"breadcrumb\":{\"@id\":\"https:\\\/\\\/lagnoticias.com\\\/2025\\\/09\\\/17\\\/europa-propone-paquete-de-sanciones-contra-israel\\\/#breadcrumb\"},\"inLanguage\":\"en-US\",\"potentialAction\":[{\"@type\":\"ReadAction\",\"target\":[\"https:\\\/\\\/lagnoticias.com\\\/2025\\\/09\\\/17\\\/europa-propone-paquete-de-sanciones-contra-israel\\\/\"]}]},{\"@type\":\"ImageObject\",\"inLanguage\":\"en-US\",\"@id\":\"https:\\\/\\\/lagnoticias.com\\\/2025\\\/09\\\/17\\\/europa-propone-paquete-de-sanciones-contra-israel\\\/#primaryimage\",\"url\":\"https:\\\/\\\/lagnoticias.com\\\/wp-content\\\/uploads\\\/2025\\\/09\\\/2-9.jpg\",\"contentUrl\":\"https:\\\/\\\/lagnoticias.com\\\/wp-content\\\/uploads\\\/2025\\\/09\\\/2-9.jpg\",\"width\":1002,\"height\":507},{\"@type\":\"BreadcrumbList\",\"@id\":\"https:\\\/\\\/lagnoticias.com\\\/2025\\\/09\\\/17\\\/europa-propone-paquete-de-sanciones-contra-israel\\\/#breadcrumb\",\"itemListElement\":[{\"@type\":\"ListItem\",\"position\":1,\"name\":\"Portada\",\"item\":\"https:\\\/\\\/lagnoticias.com\\\/\"},{\"@type\":\"ListItem\",\"position\":2,\"name\":\"Europa propone paquete de sanciones contra Israel\"}]},{\"@type\":\"WebSite\",\"@id\":\"https:\\\/\\\/lagnoticias.com\\\/#website\",\"url\":\"https:\\\/\\\/lagnoticias.com\\\/\",\"name\":\"La G Noticias\",\"description\":\"Noticias Positivas\",\"potentialAction\":[{\"@type\":\"SearchAction\",\"target\":{\"@type\":\"EntryPoint\",\"urlTemplate\":\"https:\\\/\\\/lagnoticias.com\\\/?s={search_term_string}\"},\"query-input\":{\"@type\":\"PropertyValueSpecification\",\"valueRequired\":true,\"valueName\":\"search_term_string\"}}],\"inLanguage\":\"en-US\"},{\"@type\":\"Person\",\"@id\":\"https:\\\/\\\/lagnoticias.com\\\/#\\\/schema\\\/person\\\/cb9bfe13f8de05d2c55270be25c6a550\",\"name\":\"Oscar\",\"image\":{\"@type\":\"ImageObject\",\"inLanguage\":\"en-US\",\"@id\":\"https:\\\/\\\/secure.gravatar.com\\\/avatar\\\/45c195718f652dc7ffdd591dc1f2678956ab7fdadcd359a635edc61304a8c757?s=96&d=mm&r=g\",\"url\":\"https:\\\/\\\/secure.gravatar.com\\\/avatar\\\/45c195718f652dc7ffdd591dc1f2678956ab7fdadcd359a635edc61304a8c757?s=96&d=mm&r=g\",\"contentUrl\":\"https:\\\/\\\/secure.gravatar.com\\\/avatar\\\/45c195718f652dc7ffdd591dc1f2678956ab7fdadcd359a635edc61304a8c757?s=96&d=mm&r=g\",\"caption\":\"Oscar\"},\"url\":\"https:\\\/\\\/lagnoticias.com\\\/en\\\/author\\\/oscar\\\/\"}]}<\/script>\n<!-- \/ Yoast SEO plugin. -->","yoast_head_json":{"title":"Europa propone paquete de sanciones contra Israel - La G Noticias","robots":{"index":"index","follow":"follow","max-snippet":"max-snippet:-1","max-image-preview":"max-image-preview:large","max-video-preview":"max-video-preview:-1"},"canonical":"https:\/\/lagnoticias.com\/en\/2025\/09\/17\/europa-propone-paquete-de-sanciones-contra-israel\/","og_locale":"en_US","og_type":"article","og_title":"Europa propone paquete de sanciones contra Israel - La G Noticias","og_description":"La jefa de la diplomacia europea, Kaja Kallas, present\u00f3 una propuesta para sancionar a Israel en respuesta a sus operaciones militares en Gaza.","og_url":"https:\/\/lagnoticias.com\/en\/2025\/09\/17\/europa-propone-paquete-de-sanciones-contra-israel\/","og_site_name":"La G Noticias","article_publisher":"https:\/\/www.facebook.com\/LaGNoticias","article_published_time":"2025-09-17T14:56:53+00:00","article_modified_time":"2025-09-18T18:37:06+00:00","og_image":[{"width":1002,"height":507,"url":"https:\/\/lagnoticias.com\/wp-content\/uploads\/2025\/09\/2-9.jpg","type":"image\/jpeg"}],"author":"Oscar","twitter_card":"summary_large_image","twitter_creator":"@lagnoticias","twitter_site":"@lagnoticias","twitter_misc":{"Written by":"Oscar","Est. reading time":"2 minutes"},"schema":{"@context":"https:\/\/schema.org","@graph":[{"@type":"Article","@id":"https:\/\/lagnoticias.com\/2025\/09\/17\/europa-propone-paquete-de-sanciones-contra-israel\/#article","isPartOf":{"@id":"https:\/\/lagnoticias.com\/2025\/09\/17\/europa-propone-paquete-de-sanciones-contra-israel\/"},"author":{"name":"Oscar","@id":"https:\/\/lagnoticias.com\/#\/schema\/person\/cb9bfe13f8de05d2c55270be25c6a550"},"headline":"Europa propone paquete de sanciones contra Israel","datePublished":"2025-09-17T14:56:53+00:00","dateModified":"2025-09-18T18:37:06+00:00","mainEntityOfPage":{"@id":"https:\/\/lagnoticias.com\/2025\/09\/17\/europa-propone-paquete-de-sanciones-contra-israel\/"},"wordCount":342,"commentCount":0,"image":{"@id":"https:\/\/lagnoticias.com\/2025\/09\/17\/europa-propone-paquete-de-sanciones-contra-israel\/#primaryimage"},"thumbnailUrl":"https:\/\/lagnoticias.com\/wp-content\/uploads\/2025\/09\/2-9.jpg","keywords":["EUROPA","FRANJA DE GAZA","ISRAEL","UNI\u00d3N EUROPEA"],"articleSection":["INTERNACIONALES"],"inLanguage":"en-US","potentialAction":[{"@type":"CommentAction","name":"Comment","target":["https:\/\/lagnoticias.com\/2025\/09\/17\/europa-propone-paquete-de-sanciones-contra-israel\/#respond"]}]},{"@type":"WebPage","@id":"https:\/\/lagnoticias.com\/2025\/09\/17\/europa-propone-paquete-de-sanciones-contra-israel\/","url":"https:\/\/lagnoticias.com\/2025\/09\/17\/europa-propone-paquete-de-sanciones-contra-israel\/","name":"Europa propone paquete de sanciones contra Israel - La G Noticias","isPartOf":{"@id":"https:\/\/lagnoticias.com\/#website"},"primaryImageOfPage":{"@id":"https:\/\/lagnoticias.com\/2025\/09\/17\/europa-propone-paquete-de-sanciones-contra-israel\/#primaryimage"},"image":{"@id":"https:\/\/lagnoticias.com\/2025\/09\/17\/europa-propone-paquete-de-sanciones-contra-israel\/#primaryimage"},"thumbnailUrl":"https:\/\/lagnoticias.com\/wp-content\/uploads\/2025\/09\/2-9.jpg","datePublished":"2025-09-17T14:56:53+00:00","dateModified":"2025-09-18T18:37:06+00:00","author":{"@id":"https:\/\/lagnoticias.com\/#\/schema\/person\/cb9bfe13f8de05d2c55270be25c6a550"},"breadcrumb":{"@id":"https:\/\/lagnoticias.com\/2025\/09\/17\/europa-propone-paquete-de-sanciones-contra-israel\/#breadcrumb"},"inLanguage":"en-US","potentialAction":[{"@type":"ReadAction","target":["https:\/\/lagnoticias.com\/2025\/09\/17\/europa-propone-paquete-de-sanciones-contra-israel\/"]}]},{"@type":"ImageObject","inLanguage":"en-US","@id":"https:\/\/lagnoticias.com\/2025\/09\/17\/europa-propone-paquete-de-sanciones-contra-israel\/#primaryimage","url":"https:\/\/lagnoticias.com\/wp-content\/uploads\/2025\/09\/2-9.jpg","contentUrl":"https:\/\/lagnoticias.com\/wp-content\/uploads\/2025\/09\/2-9.jpg","width":1002,"height":507},{"@type":"BreadcrumbList","@id":"https:\/\/lagnoticias.com\/2025\/09\/17\/europa-propone-paquete-de-sanciones-contra-israel\/#breadcrumb","itemListElement":[{"@type":"ListItem","position":1,"name":"Portada","item":"https:\/\/lagnoticias.com\/"},{"@type":"ListItem","position":2,"name":"Europa propone paquete de sanciones contra Israel"}]},{"@type":"WebSite","@id":"https:\/\/lagnoticias.com\/#website","url":"https:\/\/lagnoticias.com\/","name":"La G Noticias","description":"Noticias Positivas","potentialAction":[{"@type":"SearchAction","target":{"@type":"EntryPoint","urlTemplate":"https:\/\/lagnoticias.com\/?s={search_term_string}"},"query-input":{"@type":"PropertyValueSpecification","valueRequired":true,"valueName":"search_term_string"}}],"inLanguage":"en-US"},{"@type":"Person","@id":"https:\/\/lagnoticias.com\/#\/schema\/person\/cb9bfe13f8de05d2c55270be25c6a550","name":"Oscar","image":{"@type":"ImageObject","inLanguage":"en-US","@id":"https:\/\/secure.gravatar.com\/avatar\/45c195718f652dc7ffdd591dc1f2678956ab7fdadcd359a635edc61304a8c757?s=96&d=mm&r=g","url":"https:\/\/secure.gravatar.com\/avatar\/45c195718f652dc7ffdd591dc1f2678956ab7fdadcd359a635edc61304a8c757?s=96&d=mm&r=g","contentUrl":"https:\/\/secure.gravatar.com\/avatar\/45c195718f652dc7ffdd591dc1f2678956ab7fdadcd359a635edc61304a8c757?s=96&d=mm&r=g","caption":"Oscar"},"url":"https:\/\/lagnoticias.com\/en\/author\/oscar\/"}]}},"_links":{"self":[{"href":"https:\/\/lagnoticias.com\/en\/wp-json\/wp\/v2\/posts\/5058","targetHints":{"allow":["GET"]}}],"collection":[{"href":"https:\/\/lagnoticias.com\/en\/wp-json\/wp\/v2\/posts"}],"about":[{"href":"https:\/\/lagnoticias.com\/en\/wp-json\/wp\/v2\/types\/post"}],"author":[{"embeddable":true,"href":"https:\/\/lagnoticias.com\/en\/wp-json\/wp\/v2\/users\/2"}],"replies":[{"embeddable":true,"href":"https:\/\/lagnoticias.com\/en\/wp-json\/wp\/v2\/comments?post=5058"}],"version-history":[{"count":1,"href":"https:\/\/lagnoticias.com\/en\/wp-json\/wp\/v2\/posts\/5058\/revisions"}],"predecessor-version":[{"id":5060,"href":"https:\/\/lagnoticias.com\/en\/wp-json\/wp\/v2\/posts\/5058\/revisions\/5060"}],"wp:featuredmedia":[{"embeddable":true,"href":"https:\/\/lagnoticias.com\/en\/wp-json\/wp\/v2\/media\/5059"}],"wp:attachment":[{"href":"https:\/\/lagnoticias.com\/en\/wp-json\/wp\/v2\/media?parent=5058"}],"wp:term":[{"taxonomy":"category","embeddable":true,"href":"https:\/\/lagnoticias.com\/en\/wp-json\/wp\/v2\/categories?post=5058"},{"taxonomy":"post_tag","embeddable":true,"href":"https:\/\/lagnoticias.com\/en\/wp-json\/wp\/v2\/tags?post=5058"}],"curies":[{"name":"wp","href":"https:\/\/api.w.org\/{rel}","templated":true}]}}