{"id":5052,"date":"2025-09-16T15:54:23","date_gmt":"2025-09-16T21:54:23","guid":{"rendered":"https:\/\/lagnoticias.com\/?p=5052"},"modified":"2025-09-16T15:54:25","modified_gmt":"2025-09-16T21:54:25","slug":"cultura-trabaja-en-la-renovacion-y-modernizacion-de-emblematicos-espacios-culturales","status":"publish","type":"post","link":"https:\/\/lagnoticias.com\/en\/2025\/09\/16\/cultura-trabaja-en-la-renovacion-y-modernizacion-de-emblematicos-espacios-culturales\/","title":{"rendered":"Cultura trabaja en la renovaci\u00f3n y modernizaci\u00f3n de emblem\u00e1ticos espacios culturales\u00a0\u00a0"},"content":{"rendered":"<p>El Ministerio de Cultura le apuesta al mejoramiento de sitios donde se fomenta el arte y la cultura, como el Teatro Nacional de San Miguel, el cual es renovado.&nbsp;<\/p>\n\n\n\n<p>El ministro de Cultura, Ra\u00fal Castillo, inform\u00f3 que tienen prevista la inauguraci\u00f3n de este espacio para diciembre. Asimismo, destac\u00f3 que se est\u00e1 remodelando el Museo Nacional de Antropolog\u00eda Dr. David J. Guzm\u00e1n. \u201cLas salas de exposiciones van a tener tecnolog\u00eda incorporada, se contar\u00e1 con realidad virtual, estamos trabajando de forma acelerada. Este ha sido un a\u00f1o de reconstrucci\u00f3n, queremos que la poblaci\u00f3n en esta Navidad tenga otras opciones para visitar\u201d, sostuvo.<\/p>\n\n\n\n<p>El Ministerio de Cultura tambi\u00e9n trasladar\u00e1 el Archivo General de la Naci\u00f3n a un lugar digno, al cual tendr\u00e1 acceso la poblaci\u00f3n. El ministro Castillo afirm\u00f3 que actualmente todos esos documentos, donde se encuentra la historia de El Salvador, est\u00e1n resguardados.<\/p>\n\n\n\n<h2 class=\"wp-block-heading\">Oferta cultural y otras actividades&nbsp;&nbsp;<\/h2>\n\n\n\n<p>El funcionario detall\u00f3 algunas de las actividades culturales que tiene planificadas la instituci\u00f3n para los meses restantes del a\u00f1o. \u00abTendremos la presentaci\u00f3n de &#8216;El lago de los cisnes&#8217;, que se estrena esta semana en el Teatro Nacional de San Salvador, luego ir\u00e1 al teatro de Santa Ana\u00bb, indic\u00f3.<\/p>\n\n\n\n<p>Adem\u00e1s, inform\u00f3 que, en noviembre, el pa\u00eds ser\u00e1 sede de un foro sobre econom\u00edas naranjas, en el que participar\u00e1n ponentes internacionales, se realizar\u00e1 una feria de emprendedores y se premiar\u00e1 el mejor proyecto.&nbsp;&nbsp;&nbsp;<\/p>","protected":false},"excerpt":{"rendered":"<p>El Ministerio de Cultura le apuesta al mejoramiento de sitios donde se fomenta el arte y la cultura, como el Teatro Nacional de San Miguel, el cual es renovado.&nbsp; El ministro de Cultura, Ra\u00fal Castillo, inform\u00f3 que tienen prevista la inauguraci\u00f3n de este espacio para diciembre. Asimismo, destac\u00f3 que se est\u00e1 remodelando el Museo Nacional [&hellip;]<\/p>","protected":false},"author":2,"featured_media":5053,"comment_status":"open","ping_status":"open","sticky":false,"template":"","format":"standard","meta":{"_et_pb_use_builder":"off","_et_pb_old_content":"","_et_gb_content_width":"","footnotes":""},"categories":[244],"tags":[1005,267,653],"class_list":["post-5052","post","type-post","status-publish","format-standard","has-post-thumbnail","hentry","category-nacionales","tag-cultura","tag-el-salvador","tag-ministerio-de-cultura"],"yoast_head":"<!-- This site is optimized with the Yoast SEO plugin v27.4 - https:\/\/yoast.com\/product\/yoast-seo-wordpress\/ -->\n<title>Cultura trabaja en la renovaci\u00f3n y modernizaci\u00f3n de emblem\u00e1ticos espacios culturales\u00a0\u00a0 - La G Noticias<\/title>\n<meta name=\"robots\" content=\"index, follow, max-snippet:-1, max-image-preview:large, max-video-preview:-1\" \/>\n<link rel=\"canonical\" href=\"https:\/\/lagnoticias.com\/en\/2025\/09\/16\/cultura-trabaja-en-la-renovacion-y-modernizacion-de-emblematicos-espacios-culturales\/\" \/>\n<meta property=\"og:locale\" content=\"en_US\" \/>\n<meta property=\"og:type\" content=\"article\" \/>\n<meta property=\"og:title\" content=\"Cultura trabaja en la renovaci\u00f3n y modernizaci\u00f3n de emblem\u00e1ticos espacios culturales\u00a0\u00a0 - La G Noticias\" \/>\n<meta property=\"og:description\" content=\"El Ministerio de Cultura le apuesta al mejoramiento de sitios donde se fomenta el arte y la cultura, como el Teatro Nacional de San Miguel, el cual es renovado.&nbsp; El ministro de Cultura, Ra\u00fal Castillo, inform\u00f3 que tienen prevista la inauguraci\u00f3n de este espacio para diciembre. Asimismo, destac\u00f3 que se est\u00e1 remodelando el Museo Nacional [&hellip;]\" \/>\n<meta property=\"og:url\" content=\"https:\/\/lagnoticias.com\/en\/2025\/09\/16\/cultura-trabaja-en-la-renovacion-y-modernizacion-de-emblematicos-espacios-culturales\/\" \/>\n<meta property=\"og:site_name\" content=\"La G Noticias\" \/>\n<meta property=\"article:publisher\" content=\"https:\/\/www.facebook.com\/LaGNoticias\" \/>\n<meta property=\"article:published_time\" content=\"2025-09-16T21:54:23+00:00\" \/>\n<meta property=\"article:modified_time\" content=\"2025-09-16T21:54:25+00:00\" \/>\n<meta property=\"og:image\" content=\"https:\/\/lagnoticias.com\/wp-content\/uploads\/2025\/09\/5A4A8376-scaled.jpg\" \/>\n\t<meta property=\"og:image:width\" content=\"2560\" \/>\n\t<meta property=\"og:image:height\" content=\"1707\" \/>\n\t<meta property=\"og:image:type\" content=\"image\/jpeg\" \/>\n<meta name=\"author\" content=\"Oscar\" \/>\n<meta name=\"twitter:card\" content=\"summary_large_image\" \/>\n<meta name=\"twitter:creator\" content=\"@lagnoticias\" \/>\n<meta name=\"twitter:site\" content=\"@lagnoticias\" \/>\n<meta name=\"twitter:label1\" content=\"Written by\" \/>\n\t<meta name=\"twitter:data1\" content=\"Oscar\" \/>\n\t<meta name=\"twitter:label2\" content=\"Est. reading time\" \/>\n\t<meta name=\"twitter:data2\" content=\"2 minutes\" \/>\n<script type=\"application\/ld+json\" class=\"yoast-schema-graph\">{\"@context\":\"https:\\\/\\\/schema.org\",\"@graph\":[{\"@type\":\"Article\",\"@id\":\"https:\\\/\\\/lagnoticias.com\\\/2025\\\/09\\\/16\\\/cultura-trabaja-en-la-renovacion-y-modernizacion-de-emblematicos-espacios-culturales\\\/#article\",\"isPartOf\":{\"@id\":\"https:\\\/\\\/lagnoticias.com\\\/2025\\\/09\\\/16\\\/cultura-trabaja-en-la-renovacion-y-modernizacion-de-emblematicos-espacios-culturales\\\/\"},\"author\":{\"name\":\"Oscar\",\"@id\":\"https:\\\/\\\/lagnoticias.com\\\/#\\\/schema\\\/person\\\/cb9bfe13f8de05d2c55270be25c6a550\"},\"headline\":\"Cultura trabaja en la renovaci\u00f3n y modernizaci\u00f3n de emblem\u00e1ticos espacios culturales\u00a0\u00a0\",\"datePublished\":\"2025-09-16T21:54:23+00:00\",\"dateModified\":\"2025-09-16T21:54:25+00:00\",\"mainEntityOfPage\":{\"@id\":\"https:\\\/\\\/lagnoticias.com\\\/2025\\\/09\\\/16\\\/cultura-trabaja-en-la-renovacion-y-modernizacion-de-emblematicos-espacios-culturales\\\/\"},\"wordCount\":266,\"commentCount\":0,\"image\":{\"@id\":\"https:\\\/\\\/lagnoticias.com\\\/2025\\\/09\\\/16\\\/cultura-trabaja-en-la-renovacion-y-modernizacion-de-emblematicos-espacios-culturales\\\/#primaryimage\"},\"thumbnailUrl\":\"https:\\\/\\\/lagnoticias.com\\\/wp-content\\\/uploads\\\/2025\\\/09\\\/5A4A8376-scaled.jpg\",\"keywords\":[\"cultura\",\"EL SALVADOR\",\"MINISTERIO DE CULTURA\"],\"articleSection\":[\"NACIONALES\"],\"inLanguage\":\"en-US\",\"potentialAction\":[{\"@type\":\"CommentAction\",\"name\":\"Comment\",\"target\":[\"https:\\\/\\\/lagnoticias.com\\\/2025\\\/09\\\/16\\\/cultura-trabaja-en-la-renovacion-y-modernizacion-de-emblematicos-espacios-culturales\\\/#respond\"]}]},{\"@type\":\"WebPage\",\"@id\":\"https:\\\/\\\/lagnoticias.com\\\/2025\\\/09\\\/16\\\/cultura-trabaja-en-la-renovacion-y-modernizacion-de-emblematicos-espacios-culturales\\\/\",\"url\":\"https:\\\/\\\/lagnoticias.com\\\/2025\\\/09\\\/16\\\/cultura-trabaja-en-la-renovacion-y-modernizacion-de-emblematicos-espacios-culturales\\\/\",\"name\":\"Cultura trabaja en la renovaci\u00f3n y modernizaci\u00f3n de emblem\u00e1ticos espacios culturales\u00a0\u00a0 - La G Noticias\",\"isPartOf\":{\"@id\":\"https:\\\/\\\/lagnoticias.com\\\/#website\"},\"primaryImageOfPage\":{\"@id\":\"https:\\\/\\\/lagnoticias.com\\\/2025\\\/09\\\/16\\\/cultura-trabaja-en-la-renovacion-y-modernizacion-de-emblematicos-espacios-culturales\\\/#primaryimage\"},\"image\":{\"@id\":\"https:\\\/\\\/lagnoticias.com\\\/2025\\\/09\\\/16\\\/cultura-trabaja-en-la-renovacion-y-modernizacion-de-emblematicos-espacios-culturales\\\/#primaryimage\"},\"thumbnailUrl\":\"https:\\\/\\\/lagnoticias.com\\\/wp-content\\\/uploads\\\/2025\\\/09\\\/5A4A8376-scaled.jpg\",\"datePublished\":\"2025-09-16T21:54:23+00:00\",\"dateModified\":\"2025-09-16T21:54:25+00:00\",\"author\":{\"@id\":\"https:\\\/\\\/lagnoticias.com\\\/#\\\/schema\\\/person\\\/cb9bfe13f8de05d2c55270be25c6a550\"},\"breadcrumb\":{\"@id\":\"https:\\\/\\\/lagnoticias.com\\\/2025\\\/09\\\/16\\\/cultura-trabaja-en-la-renovacion-y-modernizacion-de-emblematicos-espacios-culturales\\\/#breadcrumb\"},\"inLanguage\":\"en-US\",\"potentialAction\":[{\"@type\":\"ReadAction\",\"target\":[\"https:\\\/\\\/lagnoticias.com\\\/2025\\\/09\\\/16\\\/cultura-trabaja-en-la-renovacion-y-modernizacion-de-emblematicos-espacios-culturales\\\/\"]}]},{\"@type\":\"ImageObject\",\"inLanguage\":\"en-US\",\"@id\":\"https:\\\/\\\/lagnoticias.com\\\/2025\\\/09\\\/16\\\/cultura-trabaja-en-la-renovacion-y-modernizacion-de-emblematicos-espacios-culturales\\\/#primaryimage\",\"url\":\"https:\\\/\\\/lagnoticias.com\\\/wp-content\\\/uploads\\\/2025\\\/09\\\/5A4A8376-scaled.jpg\",\"contentUrl\":\"https:\\\/\\\/lagnoticias.com\\\/wp-content\\\/uploads\\\/2025\\\/09\\\/5A4A8376-scaled.jpg\",\"width\":2560,\"height\":1707},{\"@type\":\"BreadcrumbList\",\"@id\":\"https:\\\/\\\/lagnoticias.com\\\/2025\\\/09\\\/16\\\/cultura-trabaja-en-la-renovacion-y-modernizacion-de-emblematicos-espacios-culturales\\\/#breadcrumb\",\"itemListElement\":[{\"@type\":\"ListItem\",\"position\":1,\"name\":\"Portada\",\"item\":\"https:\\\/\\\/lagnoticias.com\\\/\"},{\"@type\":\"ListItem\",\"position\":2,\"name\":\"Cultura trabaja en la renovaci\u00f3n y modernizaci\u00f3n de emblem\u00e1ticos espacios culturales\u00a0\u00a0\"}]},{\"@type\":\"WebSite\",\"@id\":\"https:\\\/\\\/lagnoticias.com\\\/#website\",\"url\":\"https:\\\/\\\/lagnoticias.com\\\/\",\"name\":\"La G Noticias\",\"description\":\"Noticias Positivas\",\"potentialAction\":[{\"@type\":\"SearchAction\",\"target\":{\"@type\":\"EntryPoint\",\"urlTemplate\":\"https:\\\/\\\/lagnoticias.com\\\/?s={search_term_string}\"},\"query-input\":{\"@type\":\"PropertyValueSpecification\",\"valueRequired\":true,\"valueName\":\"search_term_string\"}}],\"inLanguage\":\"en-US\"},{\"@type\":\"Person\",\"@id\":\"https:\\\/\\\/lagnoticias.com\\\/#\\\/schema\\\/person\\\/cb9bfe13f8de05d2c55270be25c6a550\",\"name\":\"Oscar\",\"image\":{\"@type\":\"ImageObject\",\"inLanguage\":\"en-US\",\"@id\":\"https:\\\/\\\/secure.gravatar.com\\\/avatar\\\/45c195718f652dc7ffdd591dc1f2678956ab7fdadcd359a635edc61304a8c757?s=96&d=mm&r=g\",\"url\":\"https:\\\/\\\/secure.gravatar.com\\\/avatar\\\/45c195718f652dc7ffdd591dc1f2678956ab7fdadcd359a635edc61304a8c757?s=96&d=mm&r=g\",\"contentUrl\":\"https:\\\/\\\/secure.gravatar.com\\\/avatar\\\/45c195718f652dc7ffdd591dc1f2678956ab7fdadcd359a635edc61304a8c757?s=96&d=mm&r=g\",\"caption\":\"Oscar\"},\"url\":\"https:\\\/\\\/lagnoticias.com\\\/en\\\/author\\\/oscar\\\/\"}]}<\/script>\n<!-- \/ Yoast SEO plugin. -->","yoast_head_json":{"title":"Cultura trabaja en la renovaci\u00f3n y modernizaci\u00f3n de emblem\u00e1ticos espacios culturales\u00a0\u00a0 - La G Noticias","robots":{"index":"index","follow":"follow","max-snippet":"max-snippet:-1","max-image-preview":"max-image-preview:large","max-video-preview":"max-video-preview:-1"},"canonical":"https:\/\/lagnoticias.com\/en\/2025\/09\/16\/cultura-trabaja-en-la-renovacion-y-modernizacion-de-emblematicos-espacios-culturales\/","og_locale":"en_US","og_type":"article","og_title":"Cultura trabaja en la renovaci\u00f3n y modernizaci\u00f3n de emblem\u00e1ticos espacios culturales\u00a0\u00a0 - La G Noticias","og_description":"El Ministerio de Cultura le apuesta al mejoramiento de sitios donde se fomenta el arte y la cultura, como el Teatro Nacional de San Miguel, el cual es renovado.&nbsp; El ministro de Cultura, Ra\u00fal Castillo, inform\u00f3 que tienen prevista la inauguraci\u00f3n de este espacio para diciembre. Asimismo, destac\u00f3 que se est\u00e1 remodelando el Museo Nacional [&hellip;]","og_url":"https:\/\/lagnoticias.com\/en\/2025\/09\/16\/cultura-trabaja-en-la-renovacion-y-modernizacion-de-emblematicos-espacios-culturales\/","og_site_name":"La G Noticias","article_publisher":"https:\/\/www.facebook.com\/LaGNoticias","article_published_time":"2025-09-16T21:54:23+00:00","article_modified_time":"2025-09-16T21:54:25+00:00","og_image":[{"width":2560,"height":1707,"url":"https:\/\/lagnoticias.com\/wp-content\/uploads\/2025\/09\/5A4A8376-scaled.jpg","type":"image\/jpeg"}],"author":"Oscar","twitter_card":"summary_large_image","twitter_creator":"@lagnoticias","twitter_site":"@lagnoticias","twitter_misc":{"Written by":"Oscar","Est. reading time":"2 minutes"},"schema":{"@context":"https:\/\/schema.org","@graph":[{"@type":"Article","@id":"https:\/\/lagnoticias.com\/2025\/09\/16\/cultura-trabaja-en-la-renovacion-y-modernizacion-de-emblematicos-espacios-culturales\/#article","isPartOf":{"@id":"https:\/\/lagnoticias.com\/2025\/09\/16\/cultura-trabaja-en-la-renovacion-y-modernizacion-de-emblematicos-espacios-culturales\/"},"author":{"name":"Oscar","@id":"https:\/\/lagnoticias.com\/#\/schema\/person\/cb9bfe13f8de05d2c55270be25c6a550"},"headline":"Cultura trabaja en la renovaci\u00f3n y modernizaci\u00f3n de emblem\u00e1ticos espacios culturales\u00a0\u00a0","datePublished":"2025-09-16T21:54:23+00:00","dateModified":"2025-09-16T21:54:25+00:00","mainEntityOfPage":{"@id":"https:\/\/lagnoticias.com\/2025\/09\/16\/cultura-trabaja-en-la-renovacion-y-modernizacion-de-emblematicos-espacios-culturales\/"},"wordCount":266,"commentCount":0,"image":{"@id":"https:\/\/lagnoticias.com\/2025\/09\/16\/cultura-trabaja-en-la-renovacion-y-modernizacion-de-emblematicos-espacios-culturales\/#primaryimage"},"thumbnailUrl":"https:\/\/lagnoticias.com\/wp-content\/uploads\/2025\/09\/5A4A8376-scaled.jpg","keywords":["cultura","EL SALVADOR","MINISTERIO DE CULTURA"],"articleSection":["NACIONALES"],"inLanguage":"en-US","potentialAction":[{"@type":"CommentAction","name":"Comment","target":["https:\/\/lagnoticias.com\/2025\/09\/16\/cultura-trabaja-en-la-renovacion-y-modernizacion-de-emblematicos-espacios-culturales\/#respond"]}]},{"@type":"WebPage","@id":"https:\/\/lagnoticias.com\/2025\/09\/16\/cultura-trabaja-en-la-renovacion-y-modernizacion-de-emblematicos-espacios-culturales\/","url":"https:\/\/lagnoticias.com\/2025\/09\/16\/cultura-trabaja-en-la-renovacion-y-modernizacion-de-emblematicos-espacios-culturales\/","name":"Cultura trabaja en la renovaci\u00f3n y modernizaci\u00f3n de emblem\u00e1ticos espacios culturales\u00a0\u00a0 - La G Noticias","isPartOf":{"@id":"https:\/\/lagnoticias.com\/#website"},"primaryImageOfPage":{"@id":"https:\/\/lagnoticias.com\/2025\/09\/16\/cultura-trabaja-en-la-renovacion-y-modernizacion-de-emblematicos-espacios-culturales\/#primaryimage"},"image":{"@id":"https:\/\/lagnoticias.com\/2025\/09\/16\/cultura-trabaja-en-la-renovacion-y-modernizacion-de-emblematicos-espacios-culturales\/#primaryimage"},"thumbnailUrl":"https:\/\/lagnoticias.com\/wp-content\/uploads\/2025\/09\/5A4A8376-scaled.jpg","datePublished":"2025-09-16T21:54:23+00:00","dateModified":"2025-09-16T21:54:25+00:00","author":{"@id":"https:\/\/lagnoticias.com\/#\/schema\/person\/cb9bfe13f8de05d2c55270be25c6a550"},"breadcrumb":{"@id":"https:\/\/lagnoticias.com\/2025\/09\/16\/cultura-trabaja-en-la-renovacion-y-modernizacion-de-emblematicos-espacios-culturales\/#breadcrumb"},"inLanguage":"en-US","potentialAction":[{"@type":"ReadAction","target":["https:\/\/lagnoticias.com\/2025\/09\/16\/cultura-trabaja-en-la-renovacion-y-modernizacion-de-emblematicos-espacios-culturales\/"]}]},{"@type":"ImageObject","inLanguage":"en-US","@id":"https:\/\/lagnoticias.com\/2025\/09\/16\/cultura-trabaja-en-la-renovacion-y-modernizacion-de-emblematicos-espacios-culturales\/#primaryimage","url":"https:\/\/lagnoticias.com\/wp-content\/uploads\/2025\/09\/5A4A8376-scaled.jpg","contentUrl":"https:\/\/lagnoticias.com\/wp-content\/uploads\/2025\/09\/5A4A8376-scaled.jpg","width":2560,"height":1707},{"@type":"BreadcrumbList","@id":"https:\/\/lagnoticias.com\/2025\/09\/16\/cultura-trabaja-en-la-renovacion-y-modernizacion-de-emblematicos-espacios-culturales\/#breadcrumb","itemListElement":[{"@type":"ListItem","position":1,"name":"Portada","item":"https:\/\/lagnoticias.com\/"},{"@type":"ListItem","position":2,"name":"Cultura trabaja en la renovaci\u00f3n y modernizaci\u00f3n de emblem\u00e1ticos espacios culturales\u00a0\u00a0"}]},{"@type":"WebSite","@id":"https:\/\/lagnoticias.com\/#website","url":"https:\/\/lagnoticias.com\/","name":"La G Noticias","description":"Noticias Positivas","potentialAction":[{"@type":"SearchAction","target":{"@type":"EntryPoint","urlTemplate":"https:\/\/lagnoticias.com\/?s={search_term_string}"},"query-input":{"@type":"PropertyValueSpecification","valueRequired":true,"valueName":"search_term_string"}}],"inLanguage":"en-US"},{"@type":"Person","@id":"https:\/\/lagnoticias.com\/#\/schema\/person\/cb9bfe13f8de05d2c55270be25c6a550","name":"Oscar","image":{"@type":"ImageObject","inLanguage":"en-US","@id":"https:\/\/secure.gravatar.com\/avatar\/45c195718f652dc7ffdd591dc1f2678956ab7fdadcd359a635edc61304a8c757?s=96&d=mm&r=g","url":"https:\/\/secure.gravatar.com\/avatar\/45c195718f652dc7ffdd591dc1f2678956ab7fdadcd359a635edc61304a8c757?s=96&d=mm&r=g","contentUrl":"https:\/\/secure.gravatar.com\/avatar\/45c195718f652dc7ffdd591dc1f2678956ab7fdadcd359a635edc61304a8c757?s=96&d=mm&r=g","caption":"Oscar"},"url":"https:\/\/lagnoticias.com\/en\/author\/oscar\/"}]}},"_links":{"self":[{"href":"https:\/\/lagnoticias.com\/en\/wp-json\/wp\/v2\/posts\/5052","targetHints":{"allow":["GET"]}}],"collection":[{"href":"https:\/\/lagnoticias.com\/en\/wp-json\/wp\/v2\/posts"}],"about":[{"href":"https:\/\/lagnoticias.com\/en\/wp-json\/wp\/v2\/types\/post"}],"author":[{"embeddable":true,"href":"https:\/\/lagnoticias.com\/en\/wp-json\/wp\/v2\/users\/2"}],"replies":[{"embeddable":true,"href":"https:\/\/lagnoticias.com\/en\/wp-json\/wp\/v2\/comments?post=5052"}],"version-history":[{"count":1,"href":"https:\/\/lagnoticias.com\/en\/wp-json\/wp\/v2\/posts\/5052\/revisions"}],"predecessor-version":[{"id":5054,"href":"https:\/\/lagnoticias.com\/en\/wp-json\/wp\/v2\/posts\/5052\/revisions\/5054"}],"wp:featuredmedia":[{"embeddable":true,"href":"https:\/\/lagnoticias.com\/en\/wp-json\/wp\/v2\/media\/5053"}],"wp:attachment":[{"href":"https:\/\/lagnoticias.com\/en\/wp-json\/wp\/v2\/media?parent=5052"}],"wp:term":[{"taxonomy":"category","embeddable":true,"href":"https:\/\/lagnoticias.com\/en\/wp-json\/wp\/v2\/categories?post=5052"},{"taxonomy":"post_tag","embeddable":true,"href":"https:\/\/lagnoticias.com\/en\/wp-json\/wp\/v2\/tags?post=5052"}],"curies":[{"name":"wp","href":"https:\/\/api.w.org\/{rel}","templated":true}]}}