{"id":5046,"date":"2025-09-16T15:27:51","date_gmt":"2025-09-16T21:27:51","guid":{"rendered":"https:\/\/lagnoticias.com\/?p=5046"},"modified":"2025-09-16T15:27:52","modified_gmt":"2025-09-16T21:27:52","slug":"gobierno-se-prepara-para-lanzar-el-plan-multianual-de-facilitacion-de-comercio-2026-2030","status":"publish","type":"post","link":"https:\/\/lagnoticias.com\/en\/2025\/09\/16\/gobierno-se-prepara-para-lanzar-el-plan-multianual-de-facilitacion-de-comercio-2026-2030\/","title":{"rendered":"Gobierno se prepara para lanzar el Plan Multianual de Facilitaci\u00f3n de Comercio 2026-2030"},"content":{"rendered":"<p>La ministra de Econom\u00eda, Mar\u00eda Luisa Hayem, inform\u00f3 que esta semana realizar\u00e1n un importante lanzamiento que involucra a asociaciones de comercio y a instituciones del Gobierno de El Salvador.<\/p>\n\n\n\n<h2 class=\"wp-block-heading\">Se trata del Plan Multianual de Facilitaci\u00f3n de Comercio 2026-2030.<\/h2>\n\n\n\n<p>\u201cEse es uno de los grandes planes que estamos por lanzar esta semana. El mi\u00e9rcoles estaremos reunidos, somos m\u00e1s de 14 instituciones del Gobierno y siete asociaciones de comercio, entre ellas la C\u00e1mara de Comercio Americana, Coexport, Camtex y la ASI. <\/p>\n\n\n\n<p>B\u00e1sicamente comprende todo el trabajo a realizar desde 2026 a 2030, que da continuidad a lo ejecutado desde 2019, con el objetivo de alcanzar las metas que nos trazamos en la Estrategia Nacional de Facilitaci\u00f3n del Comercio\u201d, anunci\u00f3 Hayem.<\/p>\n\n\n\n<p>Agreg\u00f3 que el plan contempla 50 acciones relacionadas a la facilitaci\u00f3n de comercio, que van desde la digitalizaci\u00f3n de un tr\u00e1mite en la Superintendencia de Regulaci\u00f3n Sanitaria, pero tambi\u00e9n incluye tecnolog\u00edas a adoptar para que el paso en frontera de un transporte sea \u00e1gil.<\/p>\n\n\n\n<p>\u201cPara que una estrategia pueda implementarse es necesario que tenga un plan, que tenga un responsable de cada acci\u00f3n, cu\u00e1les son las fechas l\u00edmites para alcanzar esas metas y el plan multianual propone esas acciones que realizar\u00e1n las instituciones de Gobierno hasta 2030, para convertirnos en uno de los pa\u00edses con la mayor facilitaci\u00f3n de comercio a escala mundial\u201d, a\u00f1adi\u00f3.<\/p>\n\n\n\n<h2 class=\"wp-block-heading\">Cifras favorables<\/h2>\n\n\n\n<p>La ministra Hayem comparti\u00f3 cifras relacionadas al crecimiento econ\u00f3mico, asegurando que \u201clas variables econ\u00f3micas est\u00e1n a nuestro favor en el pa\u00eds\u201d. <\/p>\n\n\n\n<p>Las importaciones registran crecimiento de 14 %. En igual sentido es la informaci\u00f3n de las exportaciones, hay aumento de 7 %, a julio de este a\u00f1o, respecto al mismo periodo del a\u00f1o anterior. Las remesas tienen incremento de 19 %.<\/p>","protected":false},"excerpt":{"rendered":"<p>La ministra de Econom\u00eda, Mar\u00eda Luisa Hayem, inform\u00f3 que esta semana realizar\u00e1n un importante lanzamiento que involucra a asociaciones de comercio y a instituciones del Gobierno de El Salvador. Se trata del Plan Multianual de Facilitaci\u00f3n de Comercio 2026-2030. \u201cEse es uno de los grandes planes que estamos por lanzar esta semana. El mi\u00e9rcoles estaremos [&hellip;]<\/p>","protected":false},"author":2,"featured_media":5047,"comment_status":"open","ping_status":"open","sticky":false,"template":"","format":"standard","meta":{"_et_pb_use_builder":"off","_et_pb_old_content":"","_et_gb_content_width":"","footnotes":""},"categories":[244],"tags":[1002,358,267,371,268,1001],"class_list":["post-5046","post","type-post","status-publish","format-standard","has-post-thumbnail","hentry","category-nacionales","tag-comercio","tag-economia","tag-el-salvador","tag-empresas","tag-gobierno-de-el-salvador","tag-ministerio-de-economia"],"yoast_head":"<!-- This site is optimized with the Yoast SEO plugin v27.4 - https:\/\/yoast.com\/product\/yoast-seo-wordpress\/ -->\n<title>Gobierno se prepara para lanzar el Plan Multianual de Facilitaci\u00f3n de Comercio 2026-2030 - La G Noticias<\/title>\n<meta name=\"robots\" content=\"index, follow, max-snippet:-1, max-image-preview:large, max-video-preview:-1\" \/>\n<link rel=\"canonical\" href=\"https:\/\/lagnoticias.com\/en\/2025\/09\/16\/gobierno-se-prepara-para-lanzar-el-plan-multianual-de-facilitacion-de-comercio-2026-2030\/\" \/>\n<meta property=\"og:locale\" content=\"en_US\" \/>\n<meta property=\"og:type\" content=\"article\" \/>\n<meta property=\"og:title\" content=\"Gobierno se prepara para lanzar el Plan Multianual de Facilitaci\u00f3n de Comercio 2026-2030 - La G Noticias\" \/>\n<meta property=\"og:description\" content=\"La ministra de Econom\u00eda, Mar\u00eda Luisa Hayem, inform\u00f3 que esta semana realizar\u00e1n un importante lanzamiento que involucra a asociaciones de comercio y a instituciones del Gobierno de El Salvador. Se trata del Plan Multianual de Facilitaci\u00f3n de Comercio 2026-2030. \u201cEse es uno de los grandes planes que estamos por lanzar esta semana. El mi\u00e9rcoles estaremos [&hellip;]\" \/>\n<meta property=\"og:url\" content=\"https:\/\/lagnoticias.com\/en\/2025\/09\/16\/gobierno-se-prepara-para-lanzar-el-plan-multianual-de-facilitacion-de-comercio-2026-2030\/\" \/>\n<meta property=\"og:site_name\" content=\"La G Noticias\" \/>\n<meta property=\"article:publisher\" content=\"https:\/\/www.facebook.com\/LaGNoticias\" \/>\n<meta property=\"article:published_time\" content=\"2025-09-16T21:27:51+00:00\" \/>\n<meta property=\"article:modified_time\" content=\"2025-09-16T21:27:52+00:00\" \/>\n<meta property=\"og:image\" content=\"https:\/\/lagnoticias.com\/wp-content\/uploads\/2025\/09\/WhatsApp-Image-2025-09-16-at-07.13.33-1-scaled.jpg\" \/>\n\t<meta property=\"og:image:width\" content=\"2560\" \/>\n\t<meta property=\"og:image:height\" content=\"1707\" \/>\n\t<meta property=\"og:image:type\" content=\"image\/jpeg\" \/>\n<meta name=\"author\" content=\"Oscar\" \/>\n<meta name=\"twitter:card\" content=\"summary_large_image\" \/>\n<meta name=\"twitter:creator\" content=\"@lagnoticias\" \/>\n<meta name=\"twitter:site\" content=\"@lagnoticias\" \/>\n<meta name=\"twitter:label1\" content=\"Written by\" \/>\n\t<meta name=\"twitter:data1\" content=\"Oscar\" \/>\n\t<meta name=\"twitter:label2\" content=\"Est. reading time\" \/>\n\t<meta name=\"twitter:data2\" content=\"2 minutes\" \/>\n<script type=\"application\/ld+json\" class=\"yoast-schema-graph\">{\"@context\":\"https:\\\/\\\/schema.org\",\"@graph\":[{\"@type\":\"Article\",\"@id\":\"https:\\\/\\\/lagnoticias.com\\\/2025\\\/09\\\/16\\\/gobierno-se-prepara-para-lanzar-el-plan-multianual-de-facilitacion-de-comercio-2026-2030\\\/#article\",\"isPartOf\":{\"@id\":\"https:\\\/\\\/lagnoticias.com\\\/2025\\\/09\\\/16\\\/gobierno-se-prepara-para-lanzar-el-plan-multianual-de-facilitacion-de-comercio-2026-2030\\\/\"},\"author\":{\"name\":\"Oscar\",\"@id\":\"https:\\\/\\\/lagnoticias.com\\\/#\\\/schema\\\/person\\\/cb9bfe13f8de05d2c55270be25c6a550\"},\"headline\":\"Gobierno se prepara para lanzar el Plan Multianual de Facilitaci\u00f3n de Comercio 2026-2030\",\"datePublished\":\"2025-09-16T21:27:51+00:00\",\"dateModified\":\"2025-09-16T21:27:52+00:00\",\"mainEntityOfPage\":{\"@id\":\"https:\\\/\\\/lagnoticias.com\\\/2025\\\/09\\\/16\\\/gobierno-se-prepara-para-lanzar-el-plan-multianual-de-facilitacion-de-comercio-2026-2030\\\/\"},\"wordCount\":317,\"commentCount\":0,\"image\":{\"@id\":\"https:\\\/\\\/lagnoticias.com\\\/2025\\\/09\\\/16\\\/gobierno-se-prepara-para-lanzar-el-plan-multianual-de-facilitacion-de-comercio-2026-2030\\\/#primaryimage\"},\"thumbnailUrl\":\"https:\\\/\\\/lagnoticias.com\\\/wp-content\\\/uploads\\\/2025\\\/09\\\/WhatsApp-Image-2025-09-16-at-07.13.33-1-scaled.jpg\",\"keywords\":[\"COMERCIO\",\"ECONOM\u00cdA\",\"EL SALVADOR\",\"EMPRESAS\",\"GOBIERNO DE EL SALVADOR\",\"MINISTERIO DE ECONOM\u00cdA\"],\"articleSection\":[\"NACIONALES\"],\"inLanguage\":\"en-US\",\"potentialAction\":[{\"@type\":\"CommentAction\",\"name\":\"Comment\",\"target\":[\"https:\\\/\\\/lagnoticias.com\\\/2025\\\/09\\\/16\\\/gobierno-se-prepara-para-lanzar-el-plan-multianual-de-facilitacion-de-comercio-2026-2030\\\/#respond\"]}]},{\"@type\":\"WebPage\",\"@id\":\"https:\\\/\\\/lagnoticias.com\\\/2025\\\/09\\\/16\\\/gobierno-se-prepara-para-lanzar-el-plan-multianual-de-facilitacion-de-comercio-2026-2030\\\/\",\"url\":\"https:\\\/\\\/lagnoticias.com\\\/2025\\\/09\\\/16\\\/gobierno-se-prepara-para-lanzar-el-plan-multianual-de-facilitacion-de-comercio-2026-2030\\\/\",\"name\":\"Gobierno se prepara para lanzar el Plan Multianual de Facilitaci\u00f3n de Comercio 2026-2030 - La G Noticias\",\"isPartOf\":{\"@id\":\"https:\\\/\\\/lagnoticias.com\\\/#website\"},\"primaryImageOfPage\":{\"@id\":\"https:\\\/\\\/lagnoticias.com\\\/2025\\\/09\\\/16\\\/gobierno-se-prepara-para-lanzar-el-plan-multianual-de-facilitacion-de-comercio-2026-2030\\\/#primaryimage\"},\"image\":{\"@id\":\"https:\\\/\\\/lagnoticias.com\\\/2025\\\/09\\\/16\\\/gobierno-se-prepara-para-lanzar-el-plan-multianual-de-facilitacion-de-comercio-2026-2030\\\/#primaryimage\"},\"thumbnailUrl\":\"https:\\\/\\\/lagnoticias.com\\\/wp-content\\\/uploads\\\/2025\\\/09\\\/WhatsApp-Image-2025-09-16-at-07.13.33-1-scaled.jpg\",\"datePublished\":\"2025-09-16T21:27:51+00:00\",\"dateModified\":\"2025-09-16T21:27:52+00:00\",\"author\":{\"@id\":\"https:\\\/\\\/lagnoticias.com\\\/#\\\/schema\\\/person\\\/cb9bfe13f8de05d2c55270be25c6a550\"},\"breadcrumb\":{\"@id\":\"https:\\\/\\\/lagnoticias.com\\\/2025\\\/09\\\/16\\\/gobierno-se-prepara-para-lanzar-el-plan-multianual-de-facilitacion-de-comercio-2026-2030\\\/#breadcrumb\"},\"inLanguage\":\"en-US\",\"potentialAction\":[{\"@type\":\"ReadAction\",\"target\":[\"https:\\\/\\\/lagnoticias.com\\\/2025\\\/09\\\/16\\\/gobierno-se-prepara-para-lanzar-el-plan-multianual-de-facilitacion-de-comercio-2026-2030\\\/\"]}]},{\"@type\":\"ImageObject\",\"inLanguage\":\"en-US\",\"@id\":\"https:\\\/\\\/lagnoticias.com\\\/2025\\\/09\\\/16\\\/gobierno-se-prepara-para-lanzar-el-plan-multianual-de-facilitacion-de-comercio-2026-2030\\\/#primaryimage\",\"url\":\"https:\\\/\\\/lagnoticias.com\\\/wp-content\\\/uploads\\\/2025\\\/09\\\/WhatsApp-Image-2025-09-16-at-07.13.33-1-scaled.jpg\",\"contentUrl\":\"https:\\\/\\\/lagnoticias.com\\\/wp-content\\\/uploads\\\/2025\\\/09\\\/WhatsApp-Image-2025-09-16-at-07.13.33-1-scaled.jpg\",\"width\":2560,\"height\":1707},{\"@type\":\"BreadcrumbList\",\"@id\":\"https:\\\/\\\/lagnoticias.com\\\/2025\\\/09\\\/16\\\/gobierno-se-prepara-para-lanzar-el-plan-multianual-de-facilitacion-de-comercio-2026-2030\\\/#breadcrumb\",\"itemListElement\":[{\"@type\":\"ListItem\",\"position\":1,\"name\":\"Portada\",\"item\":\"https:\\\/\\\/lagnoticias.com\\\/\"},{\"@type\":\"ListItem\",\"position\":2,\"name\":\"Gobierno se prepara para lanzar el Plan Multianual de Facilitaci\u00f3n de Comercio 2026-2030\"}]},{\"@type\":\"WebSite\",\"@id\":\"https:\\\/\\\/lagnoticias.com\\\/#website\",\"url\":\"https:\\\/\\\/lagnoticias.com\\\/\",\"name\":\"La G Noticias\",\"description\":\"Noticias Positivas\",\"potentialAction\":[{\"@type\":\"SearchAction\",\"target\":{\"@type\":\"EntryPoint\",\"urlTemplate\":\"https:\\\/\\\/lagnoticias.com\\\/?s={search_term_string}\"},\"query-input\":{\"@type\":\"PropertyValueSpecification\",\"valueRequired\":true,\"valueName\":\"search_term_string\"}}],\"inLanguage\":\"en-US\"},{\"@type\":\"Person\",\"@id\":\"https:\\\/\\\/lagnoticias.com\\\/#\\\/schema\\\/person\\\/cb9bfe13f8de05d2c55270be25c6a550\",\"name\":\"Oscar\",\"image\":{\"@type\":\"ImageObject\",\"inLanguage\":\"en-US\",\"@id\":\"https:\\\/\\\/secure.gravatar.com\\\/avatar\\\/45c195718f652dc7ffdd591dc1f2678956ab7fdadcd359a635edc61304a8c757?s=96&d=mm&r=g\",\"url\":\"https:\\\/\\\/secure.gravatar.com\\\/avatar\\\/45c195718f652dc7ffdd591dc1f2678956ab7fdadcd359a635edc61304a8c757?s=96&d=mm&r=g\",\"contentUrl\":\"https:\\\/\\\/secure.gravatar.com\\\/avatar\\\/45c195718f652dc7ffdd591dc1f2678956ab7fdadcd359a635edc61304a8c757?s=96&d=mm&r=g\",\"caption\":\"Oscar\"},\"url\":\"https:\\\/\\\/lagnoticias.com\\\/en\\\/author\\\/oscar\\\/\"}]}<\/script>\n<!-- \/ Yoast SEO plugin. -->","yoast_head_json":{"title":"Gobierno se prepara para lanzar el Plan Multianual de Facilitaci\u00f3n de Comercio 2026-2030 - La G Noticias","robots":{"index":"index","follow":"follow","max-snippet":"max-snippet:-1","max-image-preview":"max-image-preview:large","max-video-preview":"max-video-preview:-1"},"canonical":"https:\/\/lagnoticias.com\/en\/2025\/09\/16\/gobierno-se-prepara-para-lanzar-el-plan-multianual-de-facilitacion-de-comercio-2026-2030\/","og_locale":"en_US","og_type":"article","og_title":"Gobierno se prepara para lanzar el Plan Multianual de Facilitaci\u00f3n de Comercio 2026-2030 - La G Noticias","og_description":"La ministra de Econom\u00eda, Mar\u00eda Luisa Hayem, inform\u00f3 que esta semana realizar\u00e1n un importante lanzamiento que involucra a asociaciones de comercio y a instituciones del Gobierno de El Salvador. Se trata del Plan Multianual de Facilitaci\u00f3n de Comercio 2026-2030. \u201cEse es uno de los grandes planes que estamos por lanzar esta semana. El mi\u00e9rcoles estaremos [&hellip;]","og_url":"https:\/\/lagnoticias.com\/en\/2025\/09\/16\/gobierno-se-prepara-para-lanzar-el-plan-multianual-de-facilitacion-de-comercio-2026-2030\/","og_site_name":"La G Noticias","article_publisher":"https:\/\/www.facebook.com\/LaGNoticias","article_published_time":"2025-09-16T21:27:51+00:00","article_modified_time":"2025-09-16T21:27:52+00:00","og_image":[{"width":2560,"height":1707,"url":"https:\/\/lagnoticias.com\/wp-content\/uploads\/2025\/09\/WhatsApp-Image-2025-09-16-at-07.13.33-1-scaled.jpg","type":"image\/jpeg"}],"author":"Oscar","twitter_card":"summary_large_image","twitter_creator":"@lagnoticias","twitter_site":"@lagnoticias","twitter_misc":{"Written by":"Oscar","Est. reading time":"2 minutes"},"schema":{"@context":"https:\/\/schema.org","@graph":[{"@type":"Article","@id":"https:\/\/lagnoticias.com\/2025\/09\/16\/gobierno-se-prepara-para-lanzar-el-plan-multianual-de-facilitacion-de-comercio-2026-2030\/#article","isPartOf":{"@id":"https:\/\/lagnoticias.com\/2025\/09\/16\/gobierno-se-prepara-para-lanzar-el-plan-multianual-de-facilitacion-de-comercio-2026-2030\/"},"author":{"name":"Oscar","@id":"https:\/\/lagnoticias.com\/#\/schema\/person\/cb9bfe13f8de05d2c55270be25c6a550"},"headline":"Gobierno se prepara para lanzar el Plan Multianual de Facilitaci\u00f3n de Comercio 2026-2030","datePublished":"2025-09-16T21:27:51+00:00","dateModified":"2025-09-16T21:27:52+00:00","mainEntityOfPage":{"@id":"https:\/\/lagnoticias.com\/2025\/09\/16\/gobierno-se-prepara-para-lanzar-el-plan-multianual-de-facilitacion-de-comercio-2026-2030\/"},"wordCount":317,"commentCount":0,"image":{"@id":"https:\/\/lagnoticias.com\/2025\/09\/16\/gobierno-se-prepara-para-lanzar-el-plan-multianual-de-facilitacion-de-comercio-2026-2030\/#primaryimage"},"thumbnailUrl":"https:\/\/lagnoticias.com\/wp-content\/uploads\/2025\/09\/WhatsApp-Image-2025-09-16-at-07.13.33-1-scaled.jpg","keywords":["COMERCIO","ECONOM\u00cdA","EL SALVADOR","EMPRESAS","GOBIERNO DE EL SALVADOR","MINISTERIO DE ECONOM\u00cdA"],"articleSection":["NACIONALES"],"inLanguage":"en-US","potentialAction":[{"@type":"CommentAction","name":"Comment","target":["https:\/\/lagnoticias.com\/2025\/09\/16\/gobierno-se-prepara-para-lanzar-el-plan-multianual-de-facilitacion-de-comercio-2026-2030\/#respond"]}]},{"@type":"WebPage","@id":"https:\/\/lagnoticias.com\/2025\/09\/16\/gobierno-se-prepara-para-lanzar-el-plan-multianual-de-facilitacion-de-comercio-2026-2030\/","url":"https:\/\/lagnoticias.com\/2025\/09\/16\/gobierno-se-prepara-para-lanzar-el-plan-multianual-de-facilitacion-de-comercio-2026-2030\/","name":"Gobierno se prepara para lanzar el Plan Multianual de Facilitaci\u00f3n de Comercio 2026-2030 - La G Noticias","isPartOf":{"@id":"https:\/\/lagnoticias.com\/#website"},"primaryImageOfPage":{"@id":"https:\/\/lagnoticias.com\/2025\/09\/16\/gobierno-se-prepara-para-lanzar-el-plan-multianual-de-facilitacion-de-comercio-2026-2030\/#primaryimage"},"image":{"@id":"https:\/\/lagnoticias.com\/2025\/09\/16\/gobierno-se-prepara-para-lanzar-el-plan-multianual-de-facilitacion-de-comercio-2026-2030\/#primaryimage"},"thumbnailUrl":"https:\/\/lagnoticias.com\/wp-content\/uploads\/2025\/09\/WhatsApp-Image-2025-09-16-at-07.13.33-1-scaled.jpg","datePublished":"2025-09-16T21:27:51+00:00","dateModified":"2025-09-16T21:27:52+00:00","author":{"@id":"https:\/\/lagnoticias.com\/#\/schema\/person\/cb9bfe13f8de05d2c55270be25c6a550"},"breadcrumb":{"@id":"https:\/\/lagnoticias.com\/2025\/09\/16\/gobierno-se-prepara-para-lanzar-el-plan-multianual-de-facilitacion-de-comercio-2026-2030\/#breadcrumb"},"inLanguage":"en-US","potentialAction":[{"@type":"ReadAction","target":["https:\/\/lagnoticias.com\/2025\/09\/16\/gobierno-se-prepara-para-lanzar-el-plan-multianual-de-facilitacion-de-comercio-2026-2030\/"]}]},{"@type":"ImageObject","inLanguage":"en-US","@id":"https:\/\/lagnoticias.com\/2025\/09\/16\/gobierno-se-prepara-para-lanzar-el-plan-multianual-de-facilitacion-de-comercio-2026-2030\/#primaryimage","url":"https:\/\/lagnoticias.com\/wp-content\/uploads\/2025\/09\/WhatsApp-Image-2025-09-16-at-07.13.33-1-scaled.jpg","contentUrl":"https:\/\/lagnoticias.com\/wp-content\/uploads\/2025\/09\/WhatsApp-Image-2025-09-16-at-07.13.33-1-scaled.jpg","width":2560,"height":1707},{"@type":"BreadcrumbList","@id":"https:\/\/lagnoticias.com\/2025\/09\/16\/gobierno-se-prepara-para-lanzar-el-plan-multianual-de-facilitacion-de-comercio-2026-2030\/#breadcrumb","itemListElement":[{"@type":"ListItem","position":1,"name":"Portada","item":"https:\/\/lagnoticias.com\/"},{"@type":"ListItem","position":2,"name":"Gobierno se prepara para lanzar el Plan Multianual de Facilitaci\u00f3n de Comercio 2026-2030"}]},{"@type":"WebSite","@id":"https:\/\/lagnoticias.com\/#website","url":"https:\/\/lagnoticias.com\/","name":"La G Noticias","description":"Noticias Positivas","potentialAction":[{"@type":"SearchAction","target":{"@type":"EntryPoint","urlTemplate":"https:\/\/lagnoticias.com\/?s={search_term_string}"},"query-input":{"@type":"PropertyValueSpecification","valueRequired":true,"valueName":"search_term_string"}}],"inLanguage":"en-US"},{"@type":"Person","@id":"https:\/\/lagnoticias.com\/#\/schema\/person\/cb9bfe13f8de05d2c55270be25c6a550","name":"Oscar","image":{"@type":"ImageObject","inLanguage":"en-US","@id":"https:\/\/secure.gravatar.com\/avatar\/45c195718f652dc7ffdd591dc1f2678956ab7fdadcd359a635edc61304a8c757?s=96&d=mm&r=g","url":"https:\/\/secure.gravatar.com\/avatar\/45c195718f652dc7ffdd591dc1f2678956ab7fdadcd359a635edc61304a8c757?s=96&d=mm&r=g","contentUrl":"https:\/\/secure.gravatar.com\/avatar\/45c195718f652dc7ffdd591dc1f2678956ab7fdadcd359a635edc61304a8c757?s=96&d=mm&r=g","caption":"Oscar"},"url":"https:\/\/lagnoticias.com\/en\/author\/oscar\/"}]}},"_links":{"self":[{"href":"https:\/\/lagnoticias.com\/en\/wp-json\/wp\/v2\/posts\/5046","targetHints":{"allow":["GET"]}}],"collection":[{"href":"https:\/\/lagnoticias.com\/en\/wp-json\/wp\/v2\/posts"}],"about":[{"href":"https:\/\/lagnoticias.com\/en\/wp-json\/wp\/v2\/types\/post"}],"author":[{"embeddable":true,"href":"https:\/\/lagnoticias.com\/en\/wp-json\/wp\/v2\/users\/2"}],"replies":[{"embeddable":true,"href":"https:\/\/lagnoticias.com\/en\/wp-json\/wp\/v2\/comments?post=5046"}],"version-history":[{"count":1,"href":"https:\/\/lagnoticias.com\/en\/wp-json\/wp\/v2\/posts\/5046\/revisions"}],"predecessor-version":[{"id":5048,"href":"https:\/\/lagnoticias.com\/en\/wp-json\/wp\/v2\/posts\/5046\/revisions\/5048"}],"wp:featuredmedia":[{"embeddable":true,"href":"https:\/\/lagnoticias.com\/en\/wp-json\/wp\/v2\/media\/5047"}],"wp:attachment":[{"href":"https:\/\/lagnoticias.com\/en\/wp-json\/wp\/v2\/media?parent=5046"}],"wp:term":[{"taxonomy":"category","embeddable":true,"href":"https:\/\/lagnoticias.com\/en\/wp-json\/wp\/v2\/categories?post=5046"},{"taxonomy":"post_tag","embeddable":true,"href":"https:\/\/lagnoticias.com\/en\/wp-json\/wp\/v2\/tags?post=5046"}],"curies":[{"name":"wp","href":"https:\/\/api.w.org\/{rel}","templated":true}]}}