{"id":5043,"date":"2025-09-16T15:17:36","date_gmt":"2025-09-16T21:17:36","guid":{"rendered":"https:\/\/lagnoticias.com\/?p=5043"},"modified":"2025-09-16T15:17:37","modified_gmt":"2025-09-16T21:17:37","slug":"maribel-guardia-no-dejara-fuera-de-su-herencia-a-su-nieto","status":"publish","type":"post","link":"https:\/\/lagnoticias.com\/en\/2025\/09\/16\/maribel-guardia-no-dejara-fuera-de-su-herencia-a-su-nieto\/","title":{"rendered":"Maribel Guardia no dejar\u00e1 fuera de su herencia a su nieto"},"content":{"rendered":"<p>La relaci\u00f3n entre&nbsp;Maribel Guardia&nbsp;e&nbsp;Imelda Garza Tu\u00f1\u00f3n&nbsp;contin\u00faa en el centro de la atenci\u00f3n medi\u00e1tica tras el proceso legal que ambas sostienen por la custodia de Jos\u00e9 Juli\u00e1n, hijo del fallecido cantante Juli\u00e1n Figueroa. Aunque el pleito legal ha desatado una fuerte confrontaci\u00f3n de declaraciones, la actriz dej\u00f3 claro que no piensa excluir a su nieto de su herencia, pese a la distancia que mantiene con \u00e9l.<\/p>\n\n\n\n<h2 class=\"wp-block-heading\">Un conflicto que inici\u00f3 en los tribunales<\/h2>\n\n\n\n<p>La disputa comenz\u00f3 a finales de enero de este a\u00f1o, cuando Maribel Guardia present\u00f3 una denuncia contra su exnuera con el objetivo de proteger la integridad de Jos\u00e9 Juli\u00e1n. La actriz se\u00f1al\u00f3 p\u00fablicamente a Imelda Garza de consumir sustancias, situaci\u00f3n que deriv\u00f3 en que la custodia del menor le fuera otorgada temporalmente.<\/p>\n\n\n\n<p>Durante algunos d\u00edas, el ni\u00f1o permaneci\u00f3 bajo el cuidado de Guardia, sin embargo, el proceso legal concluy\u00f3 con el regreso de la custodia a su madre, lo que intensific\u00f3 la confrontaci\u00f3n entre ambas.<\/p>\n\n\n\n<p>Desde entonces, las diferencias se trasladaron al \u00e1mbito medi\u00e1tico, con declaraciones constantes en programas de espect\u00e1culos y redes sociales.<\/p>\n\n\n\n<h2 class=\"wp-block-heading\">La postura de Maribel Guardia sobre su herencia<\/h2>\n\n\n\n<p>En un reciente encuentro con reporteros, retomado por el canal de YouTube de El Fernan, Maribel fue cuestionada sobre las palabras de Garza Tu\u00f1\u00f3n, quien pidi\u00f3 poner fin a los conflictos y dejar de lado el tema de la herencia.<\/p>\n\n\n\n<p>Guardia respondi\u00f3 con firmeza, asegurando que su nieto no quedar\u00e1 fuera de su testamento, a pesar de las diferencias que mantiene con la madre del menor.<\/p>\n\n\n\n<p>\u201cMis cosas son mis cosas, por supuesto que me quedo con ellas, las tengo y yo se las dejar\u00e9 a quien yo quiera (\u2026) Ella me ha mandado algunos mensajes donde me deja ver claramente lo que\u2026 no se los puedo contar, pero muy triste, muy triste\u201d, expres\u00f3 la actriz.<\/p>\n\n\n\n<p>Con esta declaraci\u00f3n, la costarricense nacionalizada mexicana reiter\u00f3 su intenci\u00f3n de velar por el bienestar futuro de Jos\u00e9 Juli\u00e1n, sin importar el distanciamiento con su exnuera.<\/p>\n\n\n\n<h2 class=\"wp-block-heading\">Las declaraciones de Imelda Garza Tu\u00f1\u00f3n<\/h2>\n\n\n\n<p>Por su parte, Imelda Garza Tu\u00f1\u00f3n, viuda de Juli\u00e1n Figueroa, ha hecho p\u00fablicos varios se\u00f1alamientos en torno a la relaci\u00f3n con Maribel Guardia. En entrevista retomada por el programa Ventaneando, explic\u00f3 que desde hace meses dej\u00f3 de recibir apoyo econ\u00f3mico de la actriz para su hijo. Seg\u00fan sus palabras, dicha ayuda hab\u00eda sido un medio de control sobre su vida personal.<\/p>\n\n\n\n<p>Pese a ello, Garza Tu\u00f1\u00f3n manifest\u00f3 no guardar rencor y expres\u00f3 buenos deseos hacia Guardia, aunque puntualiz\u00f3 que su hijo no mantiene contacto con su abuela paterna.<\/p>\n\n\n\n<p>\u201cYo creo que me ayud\u00f3 mucho a madurar y aprender que no puedes confiar en todas las personas, que hay veces que la gente te va a decepcionar y que tengan mucho cuidado, nunca se debe de vivir en la casa de la suegra. Eso ya me lo hab\u00edan dicho, me lo dijo mi mam\u00e1, mi abuela: \u2018Nadie te va a querer como tu familia\u2019, y una persona que me hubiera querido como mi familia no me hubiera expuesto de manera que lo hizo\u201d, declar\u00f3.<\/p>\n\n\n\n<h2 class=\"wp-block-heading\">Distancia familiar y repercusiones p\u00fablicas<\/h2>\n\n\n\n<p>El pleito legal y las declaraciones de ambas han provocado un distanciamiento evidente entre las dos mujeres, lo que tambi\u00e9n ha repercutido en el contacto de Jos\u00e9 Juli\u00e1n con su abuela paterna.<\/p>","protected":false},"excerpt":{"rendered":"<p>La actriz mantiene un distanciamiento con su exnuera, pero asegur\u00f3 que su nieto siempre estar\u00e1 considerado en su testamento<\/p>","protected":false},"author":2,"featured_media":5044,"comment_status":"open","ping_status":"open","sticky":false,"template":"","format":"standard","meta":{"_et_pb_use_builder":"off","_et_pb_old_content":"","_et_gb_content_width":"","footnotes":""},"categories":[249],"tags":[342,998,999,997,287,1000],"class_list":["post-5043","post","type-post","status-publish","format-standard","has-post-thumbnail","hentry","category-entretenimiento","tag-actriz","tag-herencia","tag-imelda-garza-tunon","tag-maribel-guardia","tag-mexico","tag-nieto"],"yoast_head":"<!-- This site is optimized with the Yoast SEO plugin v27.4 - https:\/\/yoast.com\/product\/yoast-seo-wordpress\/ -->\n<title>Maribel Guardia no dejar\u00e1 fuera de su herencia a su nieto - La G Noticias<\/title>\n<meta name=\"robots\" content=\"index, follow, max-snippet:-1, max-image-preview:large, max-video-preview:-1\" \/>\n<link rel=\"canonical\" href=\"https:\/\/lagnoticias.com\/en\/2025\/09\/16\/maribel-guardia-no-dejara-fuera-de-su-herencia-a-su-nieto\/\" \/>\n<meta property=\"og:locale\" content=\"en_US\" \/>\n<meta property=\"og:type\" content=\"article\" \/>\n<meta property=\"og:title\" content=\"Maribel Guardia no dejar\u00e1 fuera de su herencia a su nieto - La G Noticias\" \/>\n<meta property=\"og:description\" content=\"La actriz mantiene un distanciamiento con su exnuera, pero asegur\u00f3 que su nieto siempre estar\u00e1 considerado en su testamento\" \/>\n<meta property=\"og:url\" content=\"https:\/\/lagnoticias.com\/en\/2025\/09\/16\/maribel-guardia-no-dejara-fuera-de-su-herencia-a-su-nieto\/\" \/>\n<meta property=\"og:site_name\" content=\"La G Noticias\" \/>\n<meta property=\"article:publisher\" content=\"https:\/\/www.facebook.com\/LaGNoticias\" \/>\n<meta property=\"article:published_time\" content=\"2025-09-16T21:17:36+00:00\" \/>\n<meta property=\"article:modified_time\" content=\"2025-09-16T21:17:37+00:00\" \/>\n<meta property=\"og:image\" content=\"https:\/\/lagnoticias.com\/wp-content\/uploads\/2025\/09\/7-14.jpg\" \/>\n\t<meta property=\"og:image:width\" content=\"1920\" \/>\n\t<meta property=\"og:image:height\" content=\"1080\" \/>\n\t<meta property=\"og:image:type\" content=\"image\/jpeg\" \/>\n<meta name=\"author\" content=\"Oscar\" \/>\n<meta name=\"twitter:card\" content=\"summary_large_image\" \/>\n<meta name=\"twitter:creator\" content=\"@lagnoticias\" \/>\n<meta name=\"twitter:site\" content=\"@lagnoticias\" \/>\n<meta name=\"twitter:label1\" content=\"Written by\" \/>\n\t<meta name=\"twitter:data1\" content=\"Oscar\" \/>\n\t<meta name=\"twitter:label2\" content=\"Est. reading time\" \/>\n\t<meta name=\"twitter:data2\" content=\"3 minutes\" \/>\n<script type=\"application\/ld+json\" class=\"yoast-schema-graph\">{\"@context\":\"https:\\\/\\\/schema.org\",\"@graph\":[{\"@type\":\"Article\",\"@id\":\"https:\\\/\\\/lagnoticias.com\\\/2025\\\/09\\\/16\\\/maribel-guardia-no-dejara-fuera-de-su-herencia-a-su-nieto\\\/#article\",\"isPartOf\":{\"@id\":\"https:\\\/\\\/lagnoticias.com\\\/2025\\\/09\\\/16\\\/maribel-guardia-no-dejara-fuera-de-su-herencia-a-su-nieto\\\/\"},\"author\":{\"name\":\"Oscar\",\"@id\":\"https:\\\/\\\/lagnoticias.com\\\/#\\\/schema\\\/person\\\/cb9bfe13f8de05d2c55270be25c6a550\"},\"headline\":\"Maribel Guardia no dejar\u00e1 fuera de su herencia a su nieto\",\"datePublished\":\"2025-09-16T21:17:36+00:00\",\"dateModified\":\"2025-09-16T21:17:37+00:00\",\"mainEntityOfPage\":{\"@id\":\"https:\\\/\\\/lagnoticias.com\\\/2025\\\/09\\\/16\\\/maribel-guardia-no-dejara-fuera-de-su-herencia-a-su-nieto\\\/\"},\"wordCount\":596,\"commentCount\":0,\"image\":{\"@id\":\"https:\\\/\\\/lagnoticias.com\\\/2025\\\/09\\\/16\\\/maribel-guardia-no-dejara-fuera-de-su-herencia-a-su-nieto\\\/#primaryimage\"},\"thumbnailUrl\":\"https:\\\/\\\/lagnoticias.com\\\/wp-content\\\/uploads\\\/2025\\\/09\\\/7-14.jpg\",\"keywords\":[\"ACTRIZ\",\"HERENCIA\",\"IMELDA GARZA TU\u00d1\u00d3N\",\"MARIBEL GUARDIA\",\"M\u00c9XICO\",\"NIETO\"],\"articleSection\":[\"ENTRETENIMIENTO\"],\"inLanguage\":\"en-US\",\"potentialAction\":[{\"@type\":\"CommentAction\",\"name\":\"Comment\",\"target\":[\"https:\\\/\\\/lagnoticias.com\\\/2025\\\/09\\\/16\\\/maribel-guardia-no-dejara-fuera-de-su-herencia-a-su-nieto\\\/#respond\"]}]},{\"@type\":\"WebPage\",\"@id\":\"https:\\\/\\\/lagnoticias.com\\\/2025\\\/09\\\/16\\\/maribel-guardia-no-dejara-fuera-de-su-herencia-a-su-nieto\\\/\",\"url\":\"https:\\\/\\\/lagnoticias.com\\\/2025\\\/09\\\/16\\\/maribel-guardia-no-dejara-fuera-de-su-herencia-a-su-nieto\\\/\",\"name\":\"Maribel Guardia no dejar\u00e1 fuera de su herencia a su nieto - La G Noticias\",\"isPartOf\":{\"@id\":\"https:\\\/\\\/lagnoticias.com\\\/#website\"},\"primaryImageOfPage\":{\"@id\":\"https:\\\/\\\/lagnoticias.com\\\/2025\\\/09\\\/16\\\/maribel-guardia-no-dejara-fuera-de-su-herencia-a-su-nieto\\\/#primaryimage\"},\"image\":{\"@id\":\"https:\\\/\\\/lagnoticias.com\\\/2025\\\/09\\\/16\\\/maribel-guardia-no-dejara-fuera-de-su-herencia-a-su-nieto\\\/#primaryimage\"},\"thumbnailUrl\":\"https:\\\/\\\/lagnoticias.com\\\/wp-content\\\/uploads\\\/2025\\\/09\\\/7-14.jpg\",\"datePublished\":\"2025-09-16T21:17:36+00:00\",\"dateModified\":\"2025-09-16T21:17:37+00:00\",\"author\":{\"@id\":\"https:\\\/\\\/lagnoticias.com\\\/#\\\/schema\\\/person\\\/cb9bfe13f8de05d2c55270be25c6a550\"},\"breadcrumb\":{\"@id\":\"https:\\\/\\\/lagnoticias.com\\\/2025\\\/09\\\/16\\\/maribel-guardia-no-dejara-fuera-de-su-herencia-a-su-nieto\\\/#breadcrumb\"},\"inLanguage\":\"en-US\",\"potentialAction\":[{\"@type\":\"ReadAction\",\"target\":[\"https:\\\/\\\/lagnoticias.com\\\/2025\\\/09\\\/16\\\/maribel-guardia-no-dejara-fuera-de-su-herencia-a-su-nieto\\\/\"]}]},{\"@type\":\"ImageObject\",\"inLanguage\":\"en-US\",\"@id\":\"https:\\\/\\\/lagnoticias.com\\\/2025\\\/09\\\/16\\\/maribel-guardia-no-dejara-fuera-de-su-herencia-a-su-nieto\\\/#primaryimage\",\"url\":\"https:\\\/\\\/lagnoticias.com\\\/wp-content\\\/uploads\\\/2025\\\/09\\\/7-14.jpg\",\"contentUrl\":\"https:\\\/\\\/lagnoticias.com\\\/wp-content\\\/uploads\\\/2025\\\/09\\\/7-14.jpg\",\"width\":1920,\"height\":1080},{\"@type\":\"BreadcrumbList\",\"@id\":\"https:\\\/\\\/lagnoticias.com\\\/2025\\\/09\\\/16\\\/maribel-guardia-no-dejara-fuera-de-su-herencia-a-su-nieto\\\/#breadcrumb\",\"itemListElement\":[{\"@type\":\"ListItem\",\"position\":1,\"name\":\"Portada\",\"item\":\"https:\\\/\\\/lagnoticias.com\\\/\"},{\"@type\":\"ListItem\",\"position\":2,\"name\":\"Maribel Guardia no dejar\u00e1 fuera de su herencia a su nieto\"}]},{\"@type\":\"WebSite\",\"@id\":\"https:\\\/\\\/lagnoticias.com\\\/#website\",\"url\":\"https:\\\/\\\/lagnoticias.com\\\/\",\"name\":\"La G Noticias\",\"description\":\"Noticias Positivas\",\"potentialAction\":[{\"@type\":\"SearchAction\",\"target\":{\"@type\":\"EntryPoint\",\"urlTemplate\":\"https:\\\/\\\/lagnoticias.com\\\/?s={search_term_string}\"},\"query-input\":{\"@type\":\"PropertyValueSpecification\",\"valueRequired\":true,\"valueName\":\"search_term_string\"}}],\"inLanguage\":\"en-US\"},{\"@type\":\"Person\",\"@id\":\"https:\\\/\\\/lagnoticias.com\\\/#\\\/schema\\\/person\\\/cb9bfe13f8de05d2c55270be25c6a550\",\"name\":\"Oscar\",\"image\":{\"@type\":\"ImageObject\",\"inLanguage\":\"en-US\",\"@id\":\"https:\\\/\\\/secure.gravatar.com\\\/avatar\\\/45c195718f652dc7ffdd591dc1f2678956ab7fdadcd359a635edc61304a8c757?s=96&d=mm&r=g\",\"url\":\"https:\\\/\\\/secure.gravatar.com\\\/avatar\\\/45c195718f652dc7ffdd591dc1f2678956ab7fdadcd359a635edc61304a8c757?s=96&d=mm&r=g\",\"contentUrl\":\"https:\\\/\\\/secure.gravatar.com\\\/avatar\\\/45c195718f652dc7ffdd591dc1f2678956ab7fdadcd359a635edc61304a8c757?s=96&d=mm&r=g\",\"caption\":\"Oscar\"},\"url\":\"https:\\\/\\\/lagnoticias.com\\\/en\\\/author\\\/oscar\\\/\"}]}<\/script>\n<!-- \/ Yoast SEO plugin. -->","yoast_head_json":{"title":"Maribel Guardia no dejar\u00e1 fuera de su herencia a su nieto - La G Noticias","robots":{"index":"index","follow":"follow","max-snippet":"max-snippet:-1","max-image-preview":"max-image-preview:large","max-video-preview":"max-video-preview:-1"},"canonical":"https:\/\/lagnoticias.com\/en\/2025\/09\/16\/maribel-guardia-no-dejara-fuera-de-su-herencia-a-su-nieto\/","og_locale":"en_US","og_type":"article","og_title":"Maribel Guardia no dejar\u00e1 fuera de su herencia a su nieto - La G Noticias","og_description":"La actriz mantiene un distanciamiento con su exnuera, pero asegur\u00f3 que su nieto siempre estar\u00e1 considerado en su testamento","og_url":"https:\/\/lagnoticias.com\/en\/2025\/09\/16\/maribel-guardia-no-dejara-fuera-de-su-herencia-a-su-nieto\/","og_site_name":"La G Noticias","article_publisher":"https:\/\/www.facebook.com\/LaGNoticias","article_published_time":"2025-09-16T21:17:36+00:00","article_modified_time":"2025-09-16T21:17:37+00:00","og_image":[{"width":1920,"height":1080,"url":"https:\/\/lagnoticias.com\/wp-content\/uploads\/2025\/09\/7-14.jpg","type":"image\/jpeg"}],"author":"Oscar","twitter_card":"summary_large_image","twitter_creator":"@lagnoticias","twitter_site":"@lagnoticias","twitter_misc":{"Written by":"Oscar","Est. reading time":"3 minutes"},"schema":{"@context":"https:\/\/schema.org","@graph":[{"@type":"Article","@id":"https:\/\/lagnoticias.com\/2025\/09\/16\/maribel-guardia-no-dejara-fuera-de-su-herencia-a-su-nieto\/#article","isPartOf":{"@id":"https:\/\/lagnoticias.com\/2025\/09\/16\/maribel-guardia-no-dejara-fuera-de-su-herencia-a-su-nieto\/"},"author":{"name":"Oscar","@id":"https:\/\/lagnoticias.com\/#\/schema\/person\/cb9bfe13f8de05d2c55270be25c6a550"},"headline":"Maribel Guardia no dejar\u00e1 fuera de su herencia a su nieto","datePublished":"2025-09-16T21:17:36+00:00","dateModified":"2025-09-16T21:17:37+00:00","mainEntityOfPage":{"@id":"https:\/\/lagnoticias.com\/2025\/09\/16\/maribel-guardia-no-dejara-fuera-de-su-herencia-a-su-nieto\/"},"wordCount":596,"commentCount":0,"image":{"@id":"https:\/\/lagnoticias.com\/2025\/09\/16\/maribel-guardia-no-dejara-fuera-de-su-herencia-a-su-nieto\/#primaryimage"},"thumbnailUrl":"https:\/\/lagnoticias.com\/wp-content\/uploads\/2025\/09\/7-14.jpg","keywords":["ACTRIZ","HERENCIA","IMELDA GARZA TU\u00d1\u00d3N","MARIBEL GUARDIA","M\u00c9XICO","NIETO"],"articleSection":["ENTRETENIMIENTO"],"inLanguage":"en-US","potentialAction":[{"@type":"CommentAction","name":"Comment","target":["https:\/\/lagnoticias.com\/2025\/09\/16\/maribel-guardia-no-dejara-fuera-de-su-herencia-a-su-nieto\/#respond"]}]},{"@type":"WebPage","@id":"https:\/\/lagnoticias.com\/2025\/09\/16\/maribel-guardia-no-dejara-fuera-de-su-herencia-a-su-nieto\/","url":"https:\/\/lagnoticias.com\/2025\/09\/16\/maribel-guardia-no-dejara-fuera-de-su-herencia-a-su-nieto\/","name":"Maribel Guardia no dejar\u00e1 fuera de su herencia a su nieto - La G Noticias","isPartOf":{"@id":"https:\/\/lagnoticias.com\/#website"},"primaryImageOfPage":{"@id":"https:\/\/lagnoticias.com\/2025\/09\/16\/maribel-guardia-no-dejara-fuera-de-su-herencia-a-su-nieto\/#primaryimage"},"image":{"@id":"https:\/\/lagnoticias.com\/2025\/09\/16\/maribel-guardia-no-dejara-fuera-de-su-herencia-a-su-nieto\/#primaryimage"},"thumbnailUrl":"https:\/\/lagnoticias.com\/wp-content\/uploads\/2025\/09\/7-14.jpg","datePublished":"2025-09-16T21:17:36+00:00","dateModified":"2025-09-16T21:17:37+00:00","author":{"@id":"https:\/\/lagnoticias.com\/#\/schema\/person\/cb9bfe13f8de05d2c55270be25c6a550"},"breadcrumb":{"@id":"https:\/\/lagnoticias.com\/2025\/09\/16\/maribel-guardia-no-dejara-fuera-de-su-herencia-a-su-nieto\/#breadcrumb"},"inLanguage":"en-US","potentialAction":[{"@type":"ReadAction","target":["https:\/\/lagnoticias.com\/2025\/09\/16\/maribel-guardia-no-dejara-fuera-de-su-herencia-a-su-nieto\/"]}]},{"@type":"ImageObject","inLanguage":"en-US","@id":"https:\/\/lagnoticias.com\/2025\/09\/16\/maribel-guardia-no-dejara-fuera-de-su-herencia-a-su-nieto\/#primaryimage","url":"https:\/\/lagnoticias.com\/wp-content\/uploads\/2025\/09\/7-14.jpg","contentUrl":"https:\/\/lagnoticias.com\/wp-content\/uploads\/2025\/09\/7-14.jpg","width":1920,"height":1080},{"@type":"BreadcrumbList","@id":"https:\/\/lagnoticias.com\/2025\/09\/16\/maribel-guardia-no-dejara-fuera-de-su-herencia-a-su-nieto\/#breadcrumb","itemListElement":[{"@type":"ListItem","position":1,"name":"Portada","item":"https:\/\/lagnoticias.com\/"},{"@type":"ListItem","position":2,"name":"Maribel Guardia no dejar\u00e1 fuera de su herencia a su nieto"}]},{"@type":"WebSite","@id":"https:\/\/lagnoticias.com\/#website","url":"https:\/\/lagnoticias.com\/","name":"La G Noticias","description":"Noticias Positivas","potentialAction":[{"@type":"SearchAction","target":{"@type":"EntryPoint","urlTemplate":"https:\/\/lagnoticias.com\/?s={search_term_string}"},"query-input":{"@type":"PropertyValueSpecification","valueRequired":true,"valueName":"search_term_string"}}],"inLanguage":"en-US"},{"@type":"Person","@id":"https:\/\/lagnoticias.com\/#\/schema\/person\/cb9bfe13f8de05d2c55270be25c6a550","name":"Oscar","image":{"@type":"ImageObject","inLanguage":"en-US","@id":"https:\/\/secure.gravatar.com\/avatar\/45c195718f652dc7ffdd591dc1f2678956ab7fdadcd359a635edc61304a8c757?s=96&d=mm&r=g","url":"https:\/\/secure.gravatar.com\/avatar\/45c195718f652dc7ffdd591dc1f2678956ab7fdadcd359a635edc61304a8c757?s=96&d=mm&r=g","contentUrl":"https:\/\/secure.gravatar.com\/avatar\/45c195718f652dc7ffdd591dc1f2678956ab7fdadcd359a635edc61304a8c757?s=96&d=mm&r=g","caption":"Oscar"},"url":"https:\/\/lagnoticias.com\/en\/author\/oscar\/"}]}},"_links":{"self":[{"href":"https:\/\/lagnoticias.com\/en\/wp-json\/wp\/v2\/posts\/5043","targetHints":{"allow":["GET"]}}],"collection":[{"href":"https:\/\/lagnoticias.com\/en\/wp-json\/wp\/v2\/posts"}],"about":[{"href":"https:\/\/lagnoticias.com\/en\/wp-json\/wp\/v2\/types\/post"}],"author":[{"embeddable":true,"href":"https:\/\/lagnoticias.com\/en\/wp-json\/wp\/v2\/users\/2"}],"replies":[{"embeddable":true,"href":"https:\/\/lagnoticias.com\/en\/wp-json\/wp\/v2\/comments?post=5043"}],"version-history":[{"count":1,"href":"https:\/\/lagnoticias.com\/en\/wp-json\/wp\/v2\/posts\/5043\/revisions"}],"predecessor-version":[{"id":5045,"href":"https:\/\/lagnoticias.com\/en\/wp-json\/wp\/v2\/posts\/5043\/revisions\/5045"}],"wp:featuredmedia":[{"embeddable":true,"href":"https:\/\/lagnoticias.com\/en\/wp-json\/wp\/v2\/media\/5044"}],"wp:attachment":[{"href":"https:\/\/lagnoticias.com\/en\/wp-json\/wp\/v2\/media?parent=5043"}],"wp:term":[{"taxonomy":"category","embeddable":true,"href":"https:\/\/lagnoticias.com\/en\/wp-json\/wp\/v2\/categories?post=5043"},{"taxonomy":"post_tag","embeddable":true,"href":"https:\/\/lagnoticias.com\/en\/wp-json\/wp\/v2\/tags?post=5043"}],"curies":[{"name":"wp","href":"https:\/\/api.w.org\/{rel}","templated":true}]}}