{"id":5037,"date":"2025-09-16T14:44:38","date_gmt":"2025-09-16T20:44:38","guid":{"rendered":"https:\/\/lagnoticias.com\/?p=5037"},"modified":"2025-09-16T14:44:39","modified_gmt":"2025-09-16T20:44:39","slug":"donald-trump-demanda-por-difamacion-y-calumnia-al-new-york-times","status":"publish","type":"post","link":"https:\/\/lagnoticias.com\/en\/2025\/09\/16\/donald-trump-demanda-por-difamacion-y-calumnia-al-new-york-times\/","title":{"rendered":"Donald Trump demanda por difamaci\u00f3n y calumnia al \u00abNew York Times\u00bb"},"content":{"rendered":"<p><br>El diario neoyorquino&nbsp;The New&nbsp; York Times&nbsp;ya avanz\u00f3 la semana pasada que&nbsp;Trump&nbsp;hab\u00eda amenazado con tomar acciones legales por la publicaci\u00f3n de art\u00edculos sobre una carta de cumplea\u00f1os presuntamente enviada por el actual presidente de&nbsp;EE. UU.&nbsp;al financiero y delincuente sexual ya fallecido Jeffrey Epstein.<\/p>\n\n\n\n<p>La carta contiene un mensaje mecanografiado insertado en la silueta&nbsp;dibujada&nbsp;de una mujer desnuda y el presidente estadounidense&nbsp;niega que la firma&nbsp;que la acompa\u00f1a sea la suya.&nbsp;<\/p>\n\n\n\n<h2 class=\"wp-block-heading\">\u00abDifamaci\u00f3n y calumnia\u00bb<\/h2>\n\n\n\n<p>\u00abSe ha permitido a&nbsp;The New York Times&nbsp;mentir, difamar y calumniarme libremente durante demasiado tiempo, \u00a1y eso se acaba, YA!\u00bb, escribi\u00f3 el mandatario en su red Truth Social.<\/p>\n\n\n\n<p>\u00abHoy tengo el gran honor de presentar una demanda por difamaci\u00f3n y calumnia por 15 000 millones de d\u00f3lares contra&nbsp;The New York Times\u00bb, afirm\u00f3 el presidente estadounidense.&nbsp;<\/p>\n\n\n\n<p>Fue el&nbsp;lunes 15 de septiembre de 2025 cuando Trump present\u00f3 la demanda, que&nbsp;tambi\u00e9n est\u00e1 dirigida a cuatro reporteros del diario y a la editorial Penguin Random House, seg\u00fan la querella de 85 p\u00e1ginas presentada en un tribunal de distrito de Florida.<\/p>\n\n\n\n<p><\/p>\n\n\n\n<p><\/p>\n\n\n\n<p><\/p>\n\n\n\n<p><\/p>\n\n\n\n<p>(DW)<\/p>","protected":false},"excerpt":{"rendered":"<p>15 000 millones de d\u00f3lares es lo que exige el presidente de EE.UU. al \u00abNew York Times\u00bb por presunta difamaci\u00f3n y calumnia.<\/p>","protected":false},"author":2,"featured_media":5038,"comment_status":"open","ping_status":"open","sticky":false,"template":"","format":"standard","meta":{"_et_pb_use_builder":"off","_et_pb_old_content":"","_et_gb_content_width":"","footnotes":""},"categories":[245],"tags":[996,272,260,995,994],"class_list":["post-5037","post","type-post","status-publish","format-standard","has-post-thumbnail","hentry","category-internacionales","tag-demanda","tag-donald-trump","tag-estados-unidos","tag-new-york-times","tag-periodico"],"yoast_head":"<!-- This site is optimized with the Yoast SEO plugin v27.4 - https:\/\/yoast.com\/product\/yoast-seo-wordpress\/ -->\n<title>Donald Trump demanda por difamaci\u00f3n y calumnia al &quot;New York Times&quot; - La G Noticias<\/title>\n<meta name=\"robots\" content=\"index, follow, max-snippet:-1, max-image-preview:large, max-video-preview:-1\" \/>\n<link rel=\"canonical\" href=\"https:\/\/lagnoticias.com\/en\/2025\/09\/16\/donald-trump-demanda-por-difamacion-y-calumnia-al-new-york-times\/\" \/>\n<meta property=\"og:locale\" content=\"en_US\" \/>\n<meta property=\"og:type\" content=\"article\" \/>\n<meta property=\"og:title\" content=\"Donald Trump demanda por difamaci\u00f3n y calumnia al &quot;New York Times&quot; - La G Noticias\" \/>\n<meta property=\"og:description\" content=\"15 000 millones de d\u00f3lares es lo que exige el presidente de EE.UU. al &quot;New York Times&quot; por presunta difamaci\u00f3n y calumnia.\" \/>\n<meta property=\"og:url\" content=\"https:\/\/lagnoticias.com\/en\/2025\/09\/16\/donald-trump-demanda-por-difamacion-y-calumnia-al-new-york-times\/\" \/>\n<meta property=\"og:site_name\" content=\"La G Noticias\" \/>\n<meta property=\"article:publisher\" content=\"https:\/\/www.facebook.com\/LaGNoticias\" \/>\n<meta property=\"article:published_time\" content=\"2025-09-16T20:44:38+00:00\" \/>\n<meta property=\"article:modified_time\" content=\"2025-09-16T20:44:39+00:00\" \/>\n<meta property=\"og:image\" content=\"https:\/\/lagnoticias.com\/wp-content\/uploads\/2025\/09\/2-8.jpg\" \/>\n\t<meta property=\"og:image:width\" content=\"1144\" \/>\n\t<meta property=\"og:image:height\" content=\"510\" \/>\n\t<meta property=\"og:image:type\" content=\"image\/jpeg\" \/>\n<meta name=\"author\" content=\"Oscar\" \/>\n<meta name=\"twitter:card\" content=\"summary_large_image\" \/>\n<meta name=\"twitter:creator\" content=\"@lagnoticias\" \/>\n<meta name=\"twitter:site\" content=\"@lagnoticias\" \/>\n<meta name=\"twitter:label1\" content=\"Written by\" \/>\n\t<meta name=\"twitter:data1\" content=\"Oscar\" \/>\n\t<meta name=\"twitter:label2\" content=\"Est. reading time\" \/>\n\t<meta name=\"twitter:data2\" content=\"2 minutes\" \/>\n<script type=\"application\/ld+json\" class=\"yoast-schema-graph\">{\"@context\":\"https:\\\/\\\/schema.org\",\"@graph\":[{\"@type\":\"Article\",\"@id\":\"https:\\\/\\\/lagnoticias.com\\\/2025\\\/09\\\/16\\\/donald-trump-demanda-por-difamacion-y-calumnia-al-new-york-times\\\/#article\",\"isPartOf\":{\"@id\":\"https:\\\/\\\/lagnoticias.com\\\/2025\\\/09\\\/16\\\/donald-trump-demanda-por-difamacion-y-calumnia-al-new-york-times\\\/\"},\"author\":{\"name\":\"Oscar\",\"@id\":\"https:\\\/\\\/lagnoticias.com\\\/#\\\/schema\\\/person\\\/cb9bfe13f8de05d2c55270be25c6a550\"},\"headline\":\"Donald Trump demanda por difamaci\u00f3n y calumnia al \u00abNew York Times\u00bb\",\"datePublished\":\"2025-09-16T20:44:38+00:00\",\"dateModified\":\"2025-09-16T20:44:39+00:00\",\"mainEntityOfPage\":{\"@id\":\"https:\\\/\\\/lagnoticias.com\\\/2025\\\/09\\\/16\\\/donald-trump-demanda-por-difamacion-y-calumnia-al-new-york-times\\\/\"},\"wordCount\":217,\"commentCount\":0,\"image\":{\"@id\":\"https:\\\/\\\/lagnoticias.com\\\/2025\\\/09\\\/16\\\/donald-trump-demanda-por-difamacion-y-calumnia-al-new-york-times\\\/#primaryimage\"},\"thumbnailUrl\":\"https:\\\/\\\/lagnoticias.com\\\/wp-content\\\/uploads\\\/2025\\\/09\\\/2-8.jpg\",\"keywords\":[\"DEMANDA\",\"DONALD TRUMP\",\"ESTADOS UNIDOS\",\"NEW YORK TIMES\",\"peri\u00f3dico\"],\"articleSection\":[\"INTERNACIONALES\"],\"inLanguage\":\"en-US\",\"potentialAction\":[{\"@type\":\"CommentAction\",\"name\":\"Comment\",\"target\":[\"https:\\\/\\\/lagnoticias.com\\\/2025\\\/09\\\/16\\\/donald-trump-demanda-por-difamacion-y-calumnia-al-new-york-times\\\/#respond\"]}]},{\"@type\":\"WebPage\",\"@id\":\"https:\\\/\\\/lagnoticias.com\\\/2025\\\/09\\\/16\\\/donald-trump-demanda-por-difamacion-y-calumnia-al-new-york-times\\\/\",\"url\":\"https:\\\/\\\/lagnoticias.com\\\/2025\\\/09\\\/16\\\/donald-trump-demanda-por-difamacion-y-calumnia-al-new-york-times\\\/\",\"name\":\"Donald Trump demanda por difamaci\u00f3n y calumnia al \\\"New York Times\\\" - La G Noticias\",\"isPartOf\":{\"@id\":\"https:\\\/\\\/lagnoticias.com\\\/#website\"},\"primaryImageOfPage\":{\"@id\":\"https:\\\/\\\/lagnoticias.com\\\/2025\\\/09\\\/16\\\/donald-trump-demanda-por-difamacion-y-calumnia-al-new-york-times\\\/#primaryimage\"},\"image\":{\"@id\":\"https:\\\/\\\/lagnoticias.com\\\/2025\\\/09\\\/16\\\/donald-trump-demanda-por-difamacion-y-calumnia-al-new-york-times\\\/#primaryimage\"},\"thumbnailUrl\":\"https:\\\/\\\/lagnoticias.com\\\/wp-content\\\/uploads\\\/2025\\\/09\\\/2-8.jpg\",\"datePublished\":\"2025-09-16T20:44:38+00:00\",\"dateModified\":\"2025-09-16T20:44:39+00:00\",\"author\":{\"@id\":\"https:\\\/\\\/lagnoticias.com\\\/#\\\/schema\\\/person\\\/cb9bfe13f8de05d2c55270be25c6a550\"},\"breadcrumb\":{\"@id\":\"https:\\\/\\\/lagnoticias.com\\\/2025\\\/09\\\/16\\\/donald-trump-demanda-por-difamacion-y-calumnia-al-new-york-times\\\/#breadcrumb\"},\"inLanguage\":\"en-US\",\"potentialAction\":[{\"@type\":\"ReadAction\",\"target\":[\"https:\\\/\\\/lagnoticias.com\\\/2025\\\/09\\\/16\\\/donald-trump-demanda-por-difamacion-y-calumnia-al-new-york-times\\\/\"]}]},{\"@type\":\"ImageObject\",\"inLanguage\":\"en-US\",\"@id\":\"https:\\\/\\\/lagnoticias.com\\\/2025\\\/09\\\/16\\\/donald-trump-demanda-por-difamacion-y-calumnia-al-new-york-times\\\/#primaryimage\",\"url\":\"https:\\\/\\\/lagnoticias.com\\\/wp-content\\\/uploads\\\/2025\\\/09\\\/2-8.jpg\",\"contentUrl\":\"https:\\\/\\\/lagnoticias.com\\\/wp-content\\\/uploads\\\/2025\\\/09\\\/2-8.jpg\",\"width\":1144,\"height\":510},{\"@type\":\"BreadcrumbList\",\"@id\":\"https:\\\/\\\/lagnoticias.com\\\/2025\\\/09\\\/16\\\/donald-trump-demanda-por-difamacion-y-calumnia-al-new-york-times\\\/#breadcrumb\",\"itemListElement\":[{\"@type\":\"ListItem\",\"position\":1,\"name\":\"Portada\",\"item\":\"https:\\\/\\\/lagnoticias.com\\\/\"},{\"@type\":\"ListItem\",\"position\":2,\"name\":\"Donald Trump demanda por difamaci\u00f3n y calumnia al \u00abNew York Times\u00bb\"}]},{\"@type\":\"WebSite\",\"@id\":\"https:\\\/\\\/lagnoticias.com\\\/#website\",\"url\":\"https:\\\/\\\/lagnoticias.com\\\/\",\"name\":\"La G Noticias\",\"description\":\"Noticias Positivas\",\"potentialAction\":[{\"@type\":\"SearchAction\",\"target\":{\"@type\":\"EntryPoint\",\"urlTemplate\":\"https:\\\/\\\/lagnoticias.com\\\/?s={search_term_string}\"},\"query-input\":{\"@type\":\"PropertyValueSpecification\",\"valueRequired\":true,\"valueName\":\"search_term_string\"}}],\"inLanguage\":\"en-US\"},{\"@type\":\"Person\",\"@id\":\"https:\\\/\\\/lagnoticias.com\\\/#\\\/schema\\\/person\\\/cb9bfe13f8de05d2c55270be25c6a550\",\"name\":\"Oscar\",\"image\":{\"@type\":\"ImageObject\",\"inLanguage\":\"en-US\",\"@id\":\"https:\\\/\\\/secure.gravatar.com\\\/avatar\\\/45c195718f652dc7ffdd591dc1f2678956ab7fdadcd359a635edc61304a8c757?s=96&d=mm&r=g\",\"url\":\"https:\\\/\\\/secure.gravatar.com\\\/avatar\\\/45c195718f652dc7ffdd591dc1f2678956ab7fdadcd359a635edc61304a8c757?s=96&d=mm&r=g\",\"contentUrl\":\"https:\\\/\\\/secure.gravatar.com\\\/avatar\\\/45c195718f652dc7ffdd591dc1f2678956ab7fdadcd359a635edc61304a8c757?s=96&d=mm&r=g\",\"caption\":\"Oscar\"},\"url\":\"https:\\\/\\\/lagnoticias.com\\\/en\\\/author\\\/oscar\\\/\"}]}<\/script>\n<!-- \/ Yoast SEO plugin. -->","yoast_head_json":{"title":"Donald Trump demanda por difamaci\u00f3n y calumnia al \"New York Times\" - La G Noticias","robots":{"index":"index","follow":"follow","max-snippet":"max-snippet:-1","max-image-preview":"max-image-preview:large","max-video-preview":"max-video-preview:-1"},"canonical":"https:\/\/lagnoticias.com\/en\/2025\/09\/16\/donald-trump-demanda-por-difamacion-y-calumnia-al-new-york-times\/","og_locale":"en_US","og_type":"article","og_title":"Donald Trump demanda por difamaci\u00f3n y calumnia al \"New York Times\" - La G Noticias","og_description":"15 000 millones de d\u00f3lares es lo que exige el presidente de EE.UU. al \"New York Times\" por presunta difamaci\u00f3n y calumnia.","og_url":"https:\/\/lagnoticias.com\/en\/2025\/09\/16\/donald-trump-demanda-por-difamacion-y-calumnia-al-new-york-times\/","og_site_name":"La G Noticias","article_publisher":"https:\/\/www.facebook.com\/LaGNoticias","article_published_time":"2025-09-16T20:44:38+00:00","article_modified_time":"2025-09-16T20:44:39+00:00","og_image":[{"width":1144,"height":510,"url":"https:\/\/lagnoticias.com\/wp-content\/uploads\/2025\/09\/2-8.jpg","type":"image\/jpeg"}],"author":"Oscar","twitter_card":"summary_large_image","twitter_creator":"@lagnoticias","twitter_site":"@lagnoticias","twitter_misc":{"Written by":"Oscar","Est. reading time":"2 minutes"},"schema":{"@context":"https:\/\/schema.org","@graph":[{"@type":"Article","@id":"https:\/\/lagnoticias.com\/2025\/09\/16\/donald-trump-demanda-por-difamacion-y-calumnia-al-new-york-times\/#article","isPartOf":{"@id":"https:\/\/lagnoticias.com\/2025\/09\/16\/donald-trump-demanda-por-difamacion-y-calumnia-al-new-york-times\/"},"author":{"name":"Oscar","@id":"https:\/\/lagnoticias.com\/#\/schema\/person\/cb9bfe13f8de05d2c55270be25c6a550"},"headline":"Donald Trump demanda por difamaci\u00f3n y calumnia al \u00abNew York Times\u00bb","datePublished":"2025-09-16T20:44:38+00:00","dateModified":"2025-09-16T20:44:39+00:00","mainEntityOfPage":{"@id":"https:\/\/lagnoticias.com\/2025\/09\/16\/donald-trump-demanda-por-difamacion-y-calumnia-al-new-york-times\/"},"wordCount":217,"commentCount":0,"image":{"@id":"https:\/\/lagnoticias.com\/2025\/09\/16\/donald-trump-demanda-por-difamacion-y-calumnia-al-new-york-times\/#primaryimage"},"thumbnailUrl":"https:\/\/lagnoticias.com\/wp-content\/uploads\/2025\/09\/2-8.jpg","keywords":["DEMANDA","DONALD TRUMP","ESTADOS UNIDOS","NEW YORK TIMES","peri\u00f3dico"],"articleSection":["INTERNACIONALES"],"inLanguage":"en-US","potentialAction":[{"@type":"CommentAction","name":"Comment","target":["https:\/\/lagnoticias.com\/2025\/09\/16\/donald-trump-demanda-por-difamacion-y-calumnia-al-new-york-times\/#respond"]}]},{"@type":"WebPage","@id":"https:\/\/lagnoticias.com\/2025\/09\/16\/donald-trump-demanda-por-difamacion-y-calumnia-al-new-york-times\/","url":"https:\/\/lagnoticias.com\/2025\/09\/16\/donald-trump-demanda-por-difamacion-y-calumnia-al-new-york-times\/","name":"Donald Trump demanda por difamaci\u00f3n y calumnia al \"New York Times\" - La G Noticias","isPartOf":{"@id":"https:\/\/lagnoticias.com\/#website"},"primaryImageOfPage":{"@id":"https:\/\/lagnoticias.com\/2025\/09\/16\/donald-trump-demanda-por-difamacion-y-calumnia-al-new-york-times\/#primaryimage"},"image":{"@id":"https:\/\/lagnoticias.com\/2025\/09\/16\/donald-trump-demanda-por-difamacion-y-calumnia-al-new-york-times\/#primaryimage"},"thumbnailUrl":"https:\/\/lagnoticias.com\/wp-content\/uploads\/2025\/09\/2-8.jpg","datePublished":"2025-09-16T20:44:38+00:00","dateModified":"2025-09-16T20:44:39+00:00","author":{"@id":"https:\/\/lagnoticias.com\/#\/schema\/person\/cb9bfe13f8de05d2c55270be25c6a550"},"breadcrumb":{"@id":"https:\/\/lagnoticias.com\/2025\/09\/16\/donald-trump-demanda-por-difamacion-y-calumnia-al-new-york-times\/#breadcrumb"},"inLanguage":"en-US","potentialAction":[{"@type":"ReadAction","target":["https:\/\/lagnoticias.com\/2025\/09\/16\/donald-trump-demanda-por-difamacion-y-calumnia-al-new-york-times\/"]}]},{"@type":"ImageObject","inLanguage":"en-US","@id":"https:\/\/lagnoticias.com\/2025\/09\/16\/donald-trump-demanda-por-difamacion-y-calumnia-al-new-york-times\/#primaryimage","url":"https:\/\/lagnoticias.com\/wp-content\/uploads\/2025\/09\/2-8.jpg","contentUrl":"https:\/\/lagnoticias.com\/wp-content\/uploads\/2025\/09\/2-8.jpg","width":1144,"height":510},{"@type":"BreadcrumbList","@id":"https:\/\/lagnoticias.com\/2025\/09\/16\/donald-trump-demanda-por-difamacion-y-calumnia-al-new-york-times\/#breadcrumb","itemListElement":[{"@type":"ListItem","position":1,"name":"Portada","item":"https:\/\/lagnoticias.com\/"},{"@type":"ListItem","position":2,"name":"Donald Trump demanda por difamaci\u00f3n y calumnia al \u00abNew York Times\u00bb"}]},{"@type":"WebSite","@id":"https:\/\/lagnoticias.com\/#website","url":"https:\/\/lagnoticias.com\/","name":"La G Noticias","description":"Noticias Positivas","potentialAction":[{"@type":"SearchAction","target":{"@type":"EntryPoint","urlTemplate":"https:\/\/lagnoticias.com\/?s={search_term_string}"},"query-input":{"@type":"PropertyValueSpecification","valueRequired":true,"valueName":"search_term_string"}}],"inLanguage":"en-US"},{"@type":"Person","@id":"https:\/\/lagnoticias.com\/#\/schema\/person\/cb9bfe13f8de05d2c55270be25c6a550","name":"Oscar","image":{"@type":"ImageObject","inLanguage":"en-US","@id":"https:\/\/secure.gravatar.com\/avatar\/45c195718f652dc7ffdd591dc1f2678956ab7fdadcd359a635edc61304a8c757?s=96&d=mm&r=g","url":"https:\/\/secure.gravatar.com\/avatar\/45c195718f652dc7ffdd591dc1f2678956ab7fdadcd359a635edc61304a8c757?s=96&d=mm&r=g","contentUrl":"https:\/\/secure.gravatar.com\/avatar\/45c195718f652dc7ffdd591dc1f2678956ab7fdadcd359a635edc61304a8c757?s=96&d=mm&r=g","caption":"Oscar"},"url":"https:\/\/lagnoticias.com\/en\/author\/oscar\/"}]}},"_links":{"self":[{"href":"https:\/\/lagnoticias.com\/en\/wp-json\/wp\/v2\/posts\/5037","targetHints":{"allow":["GET"]}}],"collection":[{"href":"https:\/\/lagnoticias.com\/en\/wp-json\/wp\/v2\/posts"}],"about":[{"href":"https:\/\/lagnoticias.com\/en\/wp-json\/wp\/v2\/types\/post"}],"author":[{"embeddable":true,"href":"https:\/\/lagnoticias.com\/en\/wp-json\/wp\/v2\/users\/2"}],"replies":[{"embeddable":true,"href":"https:\/\/lagnoticias.com\/en\/wp-json\/wp\/v2\/comments?post=5037"}],"version-history":[{"count":1,"href":"https:\/\/lagnoticias.com\/en\/wp-json\/wp\/v2\/posts\/5037\/revisions"}],"predecessor-version":[{"id":5039,"href":"https:\/\/lagnoticias.com\/en\/wp-json\/wp\/v2\/posts\/5037\/revisions\/5039"}],"wp:featuredmedia":[{"embeddable":true,"href":"https:\/\/lagnoticias.com\/en\/wp-json\/wp\/v2\/media\/5038"}],"wp:attachment":[{"href":"https:\/\/lagnoticias.com\/en\/wp-json\/wp\/v2\/media?parent=5037"}],"wp:term":[{"taxonomy":"category","embeddable":true,"href":"https:\/\/lagnoticias.com\/en\/wp-json\/wp\/v2\/categories?post=5037"},{"taxonomy":"post_tag","embeddable":true,"href":"https:\/\/lagnoticias.com\/en\/wp-json\/wp\/v2\/tags?post=5037"}],"curies":[{"name":"wp","href":"https:\/\/api.w.org\/{rel}","templated":true}]}}