{"id":5011,"date":"2025-09-16T09:01:13","date_gmt":"2025-09-16T15:01:13","guid":{"rendered":"https:\/\/lagnoticias.com\/?p=5011"},"modified":"2025-09-17T11:17:20","modified_gmt":"2025-09-17T17:17:20","slug":"estabilidad-de-las-remesas-centroamericanas-en-jaque-por-tarifas-de-envio","status":"publish","type":"post","link":"https:\/\/lagnoticias.com\/en\/2025\/09\/16\/estabilidad-de-las-remesas-centroamericanas-en-jaque-por-tarifas-de-envio\/","title":{"rendered":"Estabilidad de las remesas centroamericanas en jaque por tarifas de env\u00edo"},"content":{"rendered":"<p>El nuevo&nbsp;impuesto&nbsp;a las remesas del 1 % aprobado en Estados Unidos,&nbsp;que se aplicar\u00e1 a partir del 1 de enero de 2026, podr\u00eda reducir los flujos entre 0.37 % y 1.21 % en el mediano plazo en la regi\u00f3n, seg\u00fan un estudio de la Secretar\u00eda Ejecutiva del Consejo Monetario Centroamericano (Secmca).<\/p>\n\n\n\n<p>Las remesas se han consolidado como uno de los&nbsp;pilares econ\u00f3micos de Centroam\u00e9rica y Rep\u00fablica Dominicana.&nbsp;En El Salvador, Honduras y Nicaragua equivalen al 27 % del producto interno bruto (PIB), mientras que en Guatemala superan el 19 %, convirti\u00e9ndose en una fuente de divisas superior a las exportaciones y a la inversi\u00f3n extranjera directa.<\/p>\n\n\n\n<p>El estudio advierte que el reciente impuesto del 1 %&nbsp;afectar\u00e1 de forma directa la capacidad de env\u00edo de los migrantes, en los cuales una buena parte se encuentran en estatus irregular.<\/p>\n\n\n\n<p>Seg\u00fan las estimaciones, las remesas son relativamente inel\u00e1sticas al costo en el corto plazo:&nbsp;por cada 1 % de incremento en el costo de env\u00edo, los flujos se reducen 0.37 %. Sin embargo, el efecto se acumula con el tiempo y puede llegar hasta -1.21 % en el largo plazo.<\/p>\n\n\n\n<p>Esto significa que, aunque las familias migrantes priorizan enviar dinero aun cuando los costos suben, una carga sostenida podr\u00eda erosionar de forma gradual la magnitud de los env\u00edos.<\/p>\n\n\n\n<p>En medio de la ofensiva contra la migraci\u00f3n, Estados Unidos aprob\u00f3 en julio un impuesto a las remesas -que inicialmente se propuso del 5 %- para financiar un pol\u00e9mico programa fiscal. Este cargo se aplicar\u00e1 \u00fanicamente a transferencia de remesas para cualquier remitente con efectivo, un giro postal, un cheque de caja o cualquier instrumento f\u00edsico. Queda exentas las transferencias desde una cuenta bancaria o tarjeta de un banco domiciliado en Estados Unidos.<\/p>\n\n\n\n<h2 class=\"wp-block-heading\">Remesas para consumo e inversi\u00f3n<\/h2>\n\n\n\n<p>El informe tambi\u00e9n resalta diferencias en el destino de las remesas dentro de la regi\u00f3n.&nbsp;En El Salvador, el 98.7 % de los recursos se destina al consumo, mientras que apenas el 1.3 % se canaliza hacia inversi\u00f3n.<\/p>\n\n\n\n<p>En&nbsp;Guatemala, en cambio,&nbsp;el patr\u00f3n es m\u00e1s diversificado con un 58.4 % para consumo, 29.3 % para inversi\u00f3n y ahorro, y&nbsp;un 12.3 % salud y educaci\u00f3n.<\/p>\n\n\n\n<p>En Honduras, el 76.4 % se usa para manutenci\u00f3n, con m\u00ednimos porcentajes dirigidos a inversi\u00f3n (1.4 %) y ahorro (2.5 %).<\/p>\n\n\n\n<p>Adem\u00e1s del costo de env\u00edo, el estudio identifica otros determinantes de las remesas, como el crecimiento econ\u00f3mico de Estados Unidos que impulsa la capacidad de los migrantes para enviar m\u00e1s dinero. Adem\u00e1s, incide la pol\u00edtica contra la migraci\u00f3n y el empleo hispano en EE. UU., as\u00ed como el tipo de cambio en los pa\u00edses receptores.<\/p>\n\n\n\n<p>En el primer semestre de 2025, Guatemala, El Salvador y Honduras recibieron m\u00e1s de $22,765.1 millones, una cifra que aument\u00f3 en $3,764.13 millones en relaci\u00f3n con igual per\u00edodo de 2024, equivalente a un 19.8 %.<\/p>\n\n\n\n<p><\/p>\n\n\n\n<p><\/p>\n\n\n\n<p><\/p>\n\n\n\n<p><\/p>\n\n\n\n<p><\/p>\n\n\n\n<p>(CA 360)<\/p>","protected":false},"excerpt":{"rendered":"<p>El nuevo impuesto del 1 % aprobado en Estados Unidos a las transferencias podr\u00eda reducir los flujos de remesas entre 0.37 % y 1.21 % en el mediano plazo.<\/p>","protected":false},"author":2,"featured_media":5012,"comment_status":"open","ping_status":"open","sticky":false,"template":"","format":"standard","meta":{"_et_pb_use_builder":"off","_et_pb_old_content":"","_et_gb_content_width":"","footnotes":""},"categories":[245],"tags":[263,358,267,260,488],"class_list":["post-5011","post","type-post","status-publish","format-standard","has-post-thumbnail","hentry","category-internacionales","tag-centroamerica","tag-economia","tag-el-salvador","tag-estados-unidos","tag-remesas"],"yoast_head":"<!-- This site is optimized with the Yoast SEO plugin v27.4 - https:\/\/yoast.com\/product\/yoast-seo-wordpress\/ -->\n<title>Estabilidad de las remesas centroamericanas en jaque por tarifas de env\u00edo - La G Noticias<\/title>\n<meta name=\"robots\" content=\"index, follow, max-snippet:-1, max-image-preview:large, max-video-preview:-1\" \/>\n<link rel=\"canonical\" href=\"https:\/\/lagnoticias.com\/en\/2025\/09\/16\/estabilidad-de-las-remesas-centroamericanas-en-jaque-por-tarifas-de-envio\/\" \/>\n<meta property=\"og:locale\" content=\"en_US\" \/>\n<meta property=\"og:type\" content=\"article\" \/>\n<meta property=\"og:title\" content=\"Estabilidad de las remesas centroamericanas en jaque por tarifas de env\u00edo - La G Noticias\" \/>\n<meta property=\"og:description\" content=\"El nuevo impuesto del 1 % aprobado en Estados Unidos a las transferencias podr\u00eda reducir los flujos de remesas entre 0.37 % y 1.21 % en el mediano plazo.\" \/>\n<meta property=\"og:url\" content=\"https:\/\/lagnoticias.com\/en\/2025\/09\/16\/estabilidad-de-las-remesas-centroamericanas-en-jaque-por-tarifas-de-envio\/\" \/>\n<meta property=\"og:site_name\" content=\"La G Noticias\" \/>\n<meta property=\"article:publisher\" content=\"https:\/\/www.facebook.com\/LaGNoticias\" \/>\n<meta property=\"article:published_time\" content=\"2025-09-16T15:01:13+00:00\" \/>\n<meta property=\"article:modified_time\" content=\"2025-09-17T17:17:20+00:00\" \/>\n<meta property=\"og:image\" content=\"https:\/\/lagnoticias.com\/wp-content\/uploads\/2025\/09\/9-11.jpg\" \/>\n\t<meta property=\"og:image:width\" content=\"790\" \/>\n\t<meta property=\"og:image:height\" content=\"408\" \/>\n\t<meta property=\"og:image:type\" content=\"image\/jpeg\" \/>\n<meta name=\"author\" content=\"Oscar\" \/>\n<meta name=\"twitter:card\" content=\"summary_large_image\" \/>\n<meta name=\"twitter:creator\" content=\"@lagnoticias\" \/>\n<meta name=\"twitter:site\" content=\"@lagnoticias\" \/>\n<meta name=\"twitter:label1\" content=\"Written by\" \/>\n\t<meta name=\"twitter:data1\" content=\"Oscar\" \/>\n\t<meta name=\"twitter:label2\" content=\"Est. reading time\" \/>\n\t<meta name=\"twitter:data2\" content=\"3 minutes\" \/>\n<script type=\"application\/ld+json\" class=\"yoast-schema-graph\">{\"@context\":\"https:\\\/\\\/schema.org\",\"@graph\":[{\"@type\":\"Article\",\"@id\":\"https:\\\/\\\/lagnoticias.com\\\/2025\\\/09\\\/16\\\/estabilidad-de-las-remesas-centroamericanas-en-jaque-por-tarifas-de-envio\\\/#article\",\"isPartOf\":{\"@id\":\"https:\\\/\\\/lagnoticias.com\\\/2025\\\/09\\\/16\\\/estabilidad-de-las-remesas-centroamericanas-en-jaque-por-tarifas-de-envio\\\/\"},\"author\":{\"name\":\"Oscar\",\"@id\":\"https:\\\/\\\/lagnoticias.com\\\/#\\\/schema\\\/person\\\/cb9bfe13f8de05d2c55270be25c6a550\"},\"headline\":\"Estabilidad de las remesas centroamericanas en jaque por tarifas de env\u00edo\",\"datePublished\":\"2025-09-16T15:01:13+00:00\",\"dateModified\":\"2025-09-17T17:17:20+00:00\",\"mainEntityOfPage\":{\"@id\":\"https:\\\/\\\/lagnoticias.com\\\/2025\\\/09\\\/16\\\/estabilidad-de-las-remesas-centroamericanas-en-jaque-por-tarifas-de-envio\\\/\"},\"wordCount\":495,\"commentCount\":0,\"image\":{\"@id\":\"https:\\\/\\\/lagnoticias.com\\\/2025\\\/09\\\/16\\\/estabilidad-de-las-remesas-centroamericanas-en-jaque-por-tarifas-de-envio\\\/#primaryimage\"},\"thumbnailUrl\":\"https:\\\/\\\/lagnoticias.com\\\/wp-content\\\/uploads\\\/2025\\\/09\\\/9-11.jpg\",\"keywords\":[\"CENTROAM\u00c9RICA\",\"ECONOM\u00cdA\",\"EL SALVADOR\",\"ESTADOS UNIDOS\",\"remesas\"],\"articleSection\":[\"INTERNACIONALES\"],\"inLanguage\":\"en-US\",\"potentialAction\":[{\"@type\":\"CommentAction\",\"name\":\"Comment\",\"target\":[\"https:\\\/\\\/lagnoticias.com\\\/2025\\\/09\\\/16\\\/estabilidad-de-las-remesas-centroamericanas-en-jaque-por-tarifas-de-envio\\\/#respond\"]}]},{\"@type\":\"WebPage\",\"@id\":\"https:\\\/\\\/lagnoticias.com\\\/2025\\\/09\\\/16\\\/estabilidad-de-las-remesas-centroamericanas-en-jaque-por-tarifas-de-envio\\\/\",\"url\":\"https:\\\/\\\/lagnoticias.com\\\/2025\\\/09\\\/16\\\/estabilidad-de-las-remesas-centroamericanas-en-jaque-por-tarifas-de-envio\\\/\",\"name\":\"Estabilidad de las remesas centroamericanas en jaque por tarifas de env\u00edo - La G Noticias\",\"isPartOf\":{\"@id\":\"https:\\\/\\\/lagnoticias.com\\\/#website\"},\"primaryImageOfPage\":{\"@id\":\"https:\\\/\\\/lagnoticias.com\\\/2025\\\/09\\\/16\\\/estabilidad-de-las-remesas-centroamericanas-en-jaque-por-tarifas-de-envio\\\/#primaryimage\"},\"image\":{\"@id\":\"https:\\\/\\\/lagnoticias.com\\\/2025\\\/09\\\/16\\\/estabilidad-de-las-remesas-centroamericanas-en-jaque-por-tarifas-de-envio\\\/#primaryimage\"},\"thumbnailUrl\":\"https:\\\/\\\/lagnoticias.com\\\/wp-content\\\/uploads\\\/2025\\\/09\\\/9-11.jpg\",\"datePublished\":\"2025-09-16T15:01:13+00:00\",\"dateModified\":\"2025-09-17T17:17:20+00:00\",\"author\":{\"@id\":\"https:\\\/\\\/lagnoticias.com\\\/#\\\/schema\\\/person\\\/cb9bfe13f8de05d2c55270be25c6a550\"},\"breadcrumb\":{\"@id\":\"https:\\\/\\\/lagnoticias.com\\\/2025\\\/09\\\/16\\\/estabilidad-de-las-remesas-centroamericanas-en-jaque-por-tarifas-de-envio\\\/#breadcrumb\"},\"inLanguage\":\"en-US\",\"potentialAction\":[{\"@type\":\"ReadAction\",\"target\":[\"https:\\\/\\\/lagnoticias.com\\\/2025\\\/09\\\/16\\\/estabilidad-de-las-remesas-centroamericanas-en-jaque-por-tarifas-de-envio\\\/\"]}]},{\"@type\":\"ImageObject\",\"inLanguage\":\"en-US\",\"@id\":\"https:\\\/\\\/lagnoticias.com\\\/2025\\\/09\\\/16\\\/estabilidad-de-las-remesas-centroamericanas-en-jaque-por-tarifas-de-envio\\\/#primaryimage\",\"url\":\"https:\\\/\\\/lagnoticias.com\\\/wp-content\\\/uploads\\\/2025\\\/09\\\/9-11.jpg\",\"contentUrl\":\"https:\\\/\\\/lagnoticias.com\\\/wp-content\\\/uploads\\\/2025\\\/09\\\/9-11.jpg\",\"width\":790,\"height\":408},{\"@type\":\"BreadcrumbList\",\"@id\":\"https:\\\/\\\/lagnoticias.com\\\/2025\\\/09\\\/16\\\/estabilidad-de-las-remesas-centroamericanas-en-jaque-por-tarifas-de-envio\\\/#breadcrumb\",\"itemListElement\":[{\"@type\":\"ListItem\",\"position\":1,\"name\":\"Portada\",\"item\":\"https:\\\/\\\/lagnoticias.com\\\/\"},{\"@type\":\"ListItem\",\"position\":2,\"name\":\"Estabilidad de las remesas centroamericanas en jaque por tarifas de env\u00edo\"}]},{\"@type\":\"WebSite\",\"@id\":\"https:\\\/\\\/lagnoticias.com\\\/#website\",\"url\":\"https:\\\/\\\/lagnoticias.com\\\/\",\"name\":\"La G Noticias\",\"description\":\"Noticias Positivas\",\"potentialAction\":[{\"@type\":\"SearchAction\",\"target\":{\"@type\":\"EntryPoint\",\"urlTemplate\":\"https:\\\/\\\/lagnoticias.com\\\/?s={search_term_string}\"},\"query-input\":{\"@type\":\"PropertyValueSpecification\",\"valueRequired\":true,\"valueName\":\"search_term_string\"}}],\"inLanguage\":\"en-US\"},{\"@type\":\"Person\",\"@id\":\"https:\\\/\\\/lagnoticias.com\\\/#\\\/schema\\\/person\\\/cb9bfe13f8de05d2c55270be25c6a550\",\"name\":\"Oscar\",\"image\":{\"@type\":\"ImageObject\",\"inLanguage\":\"en-US\",\"@id\":\"https:\\\/\\\/secure.gravatar.com\\\/avatar\\\/45c195718f652dc7ffdd591dc1f2678956ab7fdadcd359a635edc61304a8c757?s=96&d=mm&r=g\",\"url\":\"https:\\\/\\\/secure.gravatar.com\\\/avatar\\\/45c195718f652dc7ffdd591dc1f2678956ab7fdadcd359a635edc61304a8c757?s=96&d=mm&r=g\",\"contentUrl\":\"https:\\\/\\\/secure.gravatar.com\\\/avatar\\\/45c195718f652dc7ffdd591dc1f2678956ab7fdadcd359a635edc61304a8c757?s=96&d=mm&r=g\",\"caption\":\"Oscar\"},\"url\":\"https:\\\/\\\/lagnoticias.com\\\/en\\\/author\\\/oscar\\\/\"}]}<\/script>\n<!-- \/ Yoast SEO plugin. -->","yoast_head_json":{"title":"Estabilidad de las remesas centroamericanas en jaque por tarifas de env\u00edo - La G Noticias","robots":{"index":"index","follow":"follow","max-snippet":"max-snippet:-1","max-image-preview":"max-image-preview:large","max-video-preview":"max-video-preview:-1"},"canonical":"https:\/\/lagnoticias.com\/en\/2025\/09\/16\/estabilidad-de-las-remesas-centroamericanas-en-jaque-por-tarifas-de-envio\/","og_locale":"en_US","og_type":"article","og_title":"Estabilidad de las remesas centroamericanas en jaque por tarifas de env\u00edo - La G Noticias","og_description":"El nuevo impuesto del 1 % aprobado en Estados Unidos a las transferencias podr\u00eda reducir los flujos de remesas entre 0.37 % y 1.21 % en el mediano plazo.","og_url":"https:\/\/lagnoticias.com\/en\/2025\/09\/16\/estabilidad-de-las-remesas-centroamericanas-en-jaque-por-tarifas-de-envio\/","og_site_name":"La G Noticias","article_publisher":"https:\/\/www.facebook.com\/LaGNoticias","article_published_time":"2025-09-16T15:01:13+00:00","article_modified_time":"2025-09-17T17:17:20+00:00","og_image":[{"width":790,"height":408,"url":"https:\/\/lagnoticias.com\/wp-content\/uploads\/2025\/09\/9-11.jpg","type":"image\/jpeg"}],"author":"Oscar","twitter_card":"summary_large_image","twitter_creator":"@lagnoticias","twitter_site":"@lagnoticias","twitter_misc":{"Written by":"Oscar","Est. reading time":"3 minutes"},"schema":{"@context":"https:\/\/schema.org","@graph":[{"@type":"Article","@id":"https:\/\/lagnoticias.com\/2025\/09\/16\/estabilidad-de-las-remesas-centroamericanas-en-jaque-por-tarifas-de-envio\/#article","isPartOf":{"@id":"https:\/\/lagnoticias.com\/2025\/09\/16\/estabilidad-de-las-remesas-centroamericanas-en-jaque-por-tarifas-de-envio\/"},"author":{"name":"Oscar","@id":"https:\/\/lagnoticias.com\/#\/schema\/person\/cb9bfe13f8de05d2c55270be25c6a550"},"headline":"Estabilidad de las remesas centroamericanas en jaque por tarifas de env\u00edo","datePublished":"2025-09-16T15:01:13+00:00","dateModified":"2025-09-17T17:17:20+00:00","mainEntityOfPage":{"@id":"https:\/\/lagnoticias.com\/2025\/09\/16\/estabilidad-de-las-remesas-centroamericanas-en-jaque-por-tarifas-de-envio\/"},"wordCount":495,"commentCount":0,"image":{"@id":"https:\/\/lagnoticias.com\/2025\/09\/16\/estabilidad-de-las-remesas-centroamericanas-en-jaque-por-tarifas-de-envio\/#primaryimage"},"thumbnailUrl":"https:\/\/lagnoticias.com\/wp-content\/uploads\/2025\/09\/9-11.jpg","keywords":["CENTROAM\u00c9RICA","ECONOM\u00cdA","EL SALVADOR","ESTADOS UNIDOS","remesas"],"articleSection":["INTERNACIONALES"],"inLanguage":"en-US","potentialAction":[{"@type":"CommentAction","name":"Comment","target":["https:\/\/lagnoticias.com\/2025\/09\/16\/estabilidad-de-las-remesas-centroamericanas-en-jaque-por-tarifas-de-envio\/#respond"]}]},{"@type":"WebPage","@id":"https:\/\/lagnoticias.com\/2025\/09\/16\/estabilidad-de-las-remesas-centroamericanas-en-jaque-por-tarifas-de-envio\/","url":"https:\/\/lagnoticias.com\/2025\/09\/16\/estabilidad-de-las-remesas-centroamericanas-en-jaque-por-tarifas-de-envio\/","name":"Estabilidad de las remesas centroamericanas en jaque por tarifas de env\u00edo - La G Noticias","isPartOf":{"@id":"https:\/\/lagnoticias.com\/#website"},"primaryImageOfPage":{"@id":"https:\/\/lagnoticias.com\/2025\/09\/16\/estabilidad-de-las-remesas-centroamericanas-en-jaque-por-tarifas-de-envio\/#primaryimage"},"image":{"@id":"https:\/\/lagnoticias.com\/2025\/09\/16\/estabilidad-de-las-remesas-centroamericanas-en-jaque-por-tarifas-de-envio\/#primaryimage"},"thumbnailUrl":"https:\/\/lagnoticias.com\/wp-content\/uploads\/2025\/09\/9-11.jpg","datePublished":"2025-09-16T15:01:13+00:00","dateModified":"2025-09-17T17:17:20+00:00","author":{"@id":"https:\/\/lagnoticias.com\/#\/schema\/person\/cb9bfe13f8de05d2c55270be25c6a550"},"breadcrumb":{"@id":"https:\/\/lagnoticias.com\/2025\/09\/16\/estabilidad-de-las-remesas-centroamericanas-en-jaque-por-tarifas-de-envio\/#breadcrumb"},"inLanguage":"en-US","potentialAction":[{"@type":"ReadAction","target":["https:\/\/lagnoticias.com\/2025\/09\/16\/estabilidad-de-las-remesas-centroamericanas-en-jaque-por-tarifas-de-envio\/"]}]},{"@type":"ImageObject","inLanguage":"en-US","@id":"https:\/\/lagnoticias.com\/2025\/09\/16\/estabilidad-de-las-remesas-centroamericanas-en-jaque-por-tarifas-de-envio\/#primaryimage","url":"https:\/\/lagnoticias.com\/wp-content\/uploads\/2025\/09\/9-11.jpg","contentUrl":"https:\/\/lagnoticias.com\/wp-content\/uploads\/2025\/09\/9-11.jpg","width":790,"height":408},{"@type":"BreadcrumbList","@id":"https:\/\/lagnoticias.com\/2025\/09\/16\/estabilidad-de-las-remesas-centroamericanas-en-jaque-por-tarifas-de-envio\/#breadcrumb","itemListElement":[{"@type":"ListItem","position":1,"name":"Portada","item":"https:\/\/lagnoticias.com\/"},{"@type":"ListItem","position":2,"name":"Estabilidad de las remesas centroamericanas en jaque por tarifas de env\u00edo"}]},{"@type":"WebSite","@id":"https:\/\/lagnoticias.com\/#website","url":"https:\/\/lagnoticias.com\/","name":"La G Noticias","description":"Noticias Positivas","potentialAction":[{"@type":"SearchAction","target":{"@type":"EntryPoint","urlTemplate":"https:\/\/lagnoticias.com\/?s={search_term_string}"},"query-input":{"@type":"PropertyValueSpecification","valueRequired":true,"valueName":"search_term_string"}}],"inLanguage":"en-US"},{"@type":"Person","@id":"https:\/\/lagnoticias.com\/#\/schema\/person\/cb9bfe13f8de05d2c55270be25c6a550","name":"Oscar","image":{"@type":"ImageObject","inLanguage":"en-US","@id":"https:\/\/secure.gravatar.com\/avatar\/45c195718f652dc7ffdd591dc1f2678956ab7fdadcd359a635edc61304a8c757?s=96&d=mm&r=g","url":"https:\/\/secure.gravatar.com\/avatar\/45c195718f652dc7ffdd591dc1f2678956ab7fdadcd359a635edc61304a8c757?s=96&d=mm&r=g","contentUrl":"https:\/\/secure.gravatar.com\/avatar\/45c195718f652dc7ffdd591dc1f2678956ab7fdadcd359a635edc61304a8c757?s=96&d=mm&r=g","caption":"Oscar"},"url":"https:\/\/lagnoticias.com\/en\/author\/oscar\/"}]}},"_links":{"self":[{"href":"https:\/\/lagnoticias.com\/en\/wp-json\/wp\/v2\/posts\/5011","targetHints":{"allow":["GET"]}}],"collection":[{"href":"https:\/\/lagnoticias.com\/en\/wp-json\/wp\/v2\/posts"}],"about":[{"href":"https:\/\/lagnoticias.com\/en\/wp-json\/wp\/v2\/types\/post"}],"author":[{"embeddable":true,"href":"https:\/\/lagnoticias.com\/en\/wp-json\/wp\/v2\/users\/2"}],"replies":[{"embeddable":true,"href":"https:\/\/lagnoticias.com\/en\/wp-json\/wp\/v2\/comments?post=5011"}],"version-history":[{"count":1,"href":"https:\/\/lagnoticias.com\/en\/wp-json\/wp\/v2\/posts\/5011\/revisions"}],"predecessor-version":[{"id":5013,"href":"https:\/\/lagnoticias.com\/en\/wp-json\/wp\/v2\/posts\/5011\/revisions\/5013"}],"wp:featuredmedia":[{"embeddable":true,"href":"https:\/\/lagnoticias.com\/en\/wp-json\/wp\/v2\/media\/5012"}],"wp:attachment":[{"href":"https:\/\/lagnoticias.com\/en\/wp-json\/wp\/v2\/media?parent=5011"}],"wp:term":[{"taxonomy":"category","embeddable":true,"href":"https:\/\/lagnoticias.com\/en\/wp-json\/wp\/v2\/categories?post=5011"},{"taxonomy":"post_tag","embeddable":true,"href":"https:\/\/lagnoticias.com\/en\/wp-json\/wp\/v2\/tags?post=5011"}],"curies":[{"name":"wp","href":"https:\/\/api.w.org\/{rel}","templated":true}]}}