{"id":5007,"date":"2025-09-16T08:46:43","date_gmt":"2025-09-16T14:46:43","guid":{"rendered":"https:\/\/lagnoticias.com\/?p=5007"},"modified":"2025-09-17T11:17:26","modified_gmt":"2025-09-17T17:17:26","slug":"los-hermanos-flores-confirmados-para-coachella-2026","status":"publish","type":"post","link":"https:\/\/lagnoticias.com\/en\/2025\/09\/16\/los-hermanos-flores-confirmados-para-coachella-2026\/","title":{"rendered":"Los Hermanos Flores confirmados para Coachella 2026"},"content":{"rendered":"<p>La Orquesta Internacional de los Hermanos Flores sorprendi\u00f3 al p\u00fablico durante su presentaci\u00f3n del 15 de septiembre en el Centro Hist\u00f3rico de San Salvador con un anuncio bomba: han sido oficialmente invitados al Festival de Coachella 2026.<\/p>\n\n\n\n<p>Este evento internacional, considerado uno de los m\u00e1s importantes del mundo en el \u00e1mbito musical, se celebra cada a\u00f1o en el desierto de Colorado, en el estado de California, Estados Unidos. <\/p>\n\n\n\n<p>Coachella re\u00fane a estrellas de renombre global y se caracteriza por su diversidad art\u00edstica.<\/p>\n\n\n\n<p>En abril de 2026, Los Hermanos Flores compartir\u00e1n escenario con figuras como Justin Bieber, Sabrina Carpenter, The Strokes, Iggy Pop y Karol G.<\/p>\n\n\n\n<h2 class=\"wp-block-heading\">Primeros artistas salvadore\u00f1os y centroamericanos en Coachella<\/h2>\n\n\n\n<p>La inclusi\u00f3n de Los Hermanos Flores marca un precedente para la m\u00fasica centroamericana. <\/p>\n\n\n\n<p>Se trata de la primera vez que una agrupaci\u00f3n de El Salvador es confirmada para este escenario. La noticia fue oficializada la noche del lunes a trav\u00e9s de las redes sociales del festival, al publicarse el cartel oficial de la edici\u00f3n 2026.<\/p>\n\n\n\n<p>Los Hermanos Flores, originarios de San Vicente, son un \u00edcono de la m\u00fasica tropical salvadore\u00f1a desde su fundaci\u00f3n en 1960. La orquesta, liderada por la cantante Nory Flores, ha sido responsable de \u00e9xitos como \u201cSalvadore\u00f1as\u201d, \u201cEnfermera\u201d, \u201cLa secretaria\u201d, \u201cLinda muchachita\u201d, \u201cArriba El Salvador\u201d, \u201cEl papaturro\u201d, \u201cLa bala\u201d y \u201cSomos latinos\u201d.<\/p>\n\n\n\n<p><\/p>\n\n\n\n<p><\/p>\n\n\n\n<figure class=\"wp-block-image aligncenter size-large\"><img loading=\"lazy\" decoding=\"async\" width=\"819\" height=\"1024\" src=\"https:\/\/lagnoticias.com\/wp-content\/uploads\/2025\/09\/G08ZY9dW4AAlY8W-819x1024.jpg\" alt=\"\" class=\"wp-image-5009\"\/><\/figure>\n\n\n\n<p><\/p>\n\n\n\n<p><\/p>\n\n\n\n<h2 class=\"wp-block-heading\">Actuaciones programadas en abril de 2026<\/h2>\n\n\n\n<p>La agrupaci\u00f3n salvadore\u00f1a tiene previsto presentarse los d\u00edas s\u00e1bado 11 y s\u00e1bado 18 de abril, fechas clave dentro del calendario de Coachella 2026. Su participaci\u00f3n en el festival promete llevar la cultura salvadore\u00f1a a una audiencia global, con una mezcla de ritmos tropicales, historia musical y tradici\u00f3n centroamericana.<\/p>\n\n\n\n<h2 class=\"wp-block-heading\">Una vitrina mundial para la m\u00fasica tropical salvadore\u00f1a<\/h2>\n\n\n\n<p>La participaci\u00f3n de Los Hermanos Flores en Coachella representa una vitrina internacional para la m\u00fasica tropical de El Salvador. <\/p>\n\n\n\n<p>Su presencia en un escenario tan influyente abre nuevas oportunidades para otros artistas de la regi\u00f3n que buscan posicionarse en la escena global.<\/p>\n\n\n\n<p>Con m\u00e1s de seis d\u00e9cadas de trayectoria, la orquesta contin\u00faa consolid\u00e1ndose como un emblema de la m\u00fasica centroamericana. Su pr\u00f3xima presentaci\u00f3n en Coachella ser\u00e1 un nuevo cap\u00edtulo en su legado musical.<\/p>\n\n\n\n<p><\/p>\n\n\n\n<p><\/p>\n\n\n\n<p><\/p>\n\n\n\n<p><\/p>\n\n\n\n<p><\/p>\n\n\n\n<p>(CA 360)<\/p>","protected":false},"excerpt":{"rendered":"<p>La legendaria orquesta ser\u00e1 la primera agrupaci\u00f3n salvadore\u00f1a en presentarse en el reconocido Festival de M\u00fasica y Artes de Coachella Valley.<\/p>","protected":false},"author":2,"featured_media":5008,"comment_status":"open","ping_status":"open","sticky":false,"template":"","format":"standard","meta":{"_et_pb_use_builder":"off","_et_pb_old_content":"","_et_gb_content_width":"","footnotes":""},"categories":[249],"tags":[269,991,267,260,992,990],"class_list":["post-5007","post","type-post","status-publish","format-standard","has-post-thumbnail","hentry","category-entretenimiento","tag-centro-historico","tag-coachella-2026","tag-el-salvador","tag-estados-unidos","tag-festival-de-coachella-2026","tag-orquesta-los-hermanos-flores"],"yoast_head":"<!-- This site is optimized with the Yoast SEO plugin v27.4 - https:\/\/yoast.com\/product\/yoast-seo-wordpress\/ -->\n<title>Los Hermanos Flores confirmados para Coachella 2026 - La G Noticias<\/title>\n<meta name=\"robots\" content=\"index, follow, max-snippet:-1, max-image-preview:large, max-video-preview:-1\" \/>\n<link rel=\"canonical\" href=\"https:\/\/lagnoticias.com\/en\/2025\/09\/16\/los-hermanos-flores-confirmados-para-coachella-2026\/\" \/>\n<meta property=\"og:locale\" content=\"en_US\" \/>\n<meta property=\"og:type\" content=\"article\" \/>\n<meta property=\"og:title\" content=\"Los Hermanos Flores confirmados para Coachella 2026 - La G Noticias\" \/>\n<meta property=\"og:description\" content=\"La legendaria orquesta ser\u00e1 la primera agrupaci\u00f3n salvadore\u00f1a en presentarse en el reconocido Festival de M\u00fasica y Artes de Coachella Valley.\" \/>\n<meta property=\"og:url\" content=\"https:\/\/lagnoticias.com\/en\/2025\/09\/16\/los-hermanos-flores-confirmados-para-coachella-2026\/\" \/>\n<meta property=\"og:site_name\" content=\"La G Noticias\" \/>\n<meta property=\"article:publisher\" content=\"https:\/\/www.facebook.com\/LaGNoticias\" \/>\n<meta property=\"article:published_time\" content=\"2025-09-16T14:46:43+00:00\" \/>\n<meta property=\"article:modified_time\" content=\"2025-09-17T17:17:26+00:00\" \/>\n<meta property=\"og:image\" content=\"https:\/\/lagnoticias.com\/wp-content\/uploads\/2025\/09\/7-13.jpg\" \/>\n\t<meta property=\"og:image:width\" content=\"627\" \/>\n\t<meta property=\"og:image:height\" content=\"360\" \/>\n\t<meta property=\"og:image:type\" content=\"image\/jpeg\" \/>\n<meta name=\"author\" content=\"Oscar\" \/>\n<meta name=\"twitter:card\" content=\"summary_large_image\" \/>\n<meta name=\"twitter:creator\" content=\"@lagnoticias\" \/>\n<meta name=\"twitter:site\" content=\"@lagnoticias\" \/>\n<meta name=\"twitter:label1\" content=\"Written by\" \/>\n\t<meta name=\"twitter:data1\" content=\"Oscar\" \/>\n\t<meta name=\"twitter:label2\" content=\"Est. reading time\" \/>\n\t<meta name=\"twitter:data2\" content=\"3 minutes\" \/>\n<script type=\"application\/ld+json\" class=\"yoast-schema-graph\">{\"@context\":\"https:\\\/\\\/schema.org\",\"@graph\":[{\"@type\":\"Article\",\"@id\":\"https:\\\/\\\/lagnoticias.com\\\/2025\\\/09\\\/16\\\/los-hermanos-flores-confirmados-para-coachella-2026\\\/#article\",\"isPartOf\":{\"@id\":\"https:\\\/\\\/lagnoticias.com\\\/2025\\\/09\\\/16\\\/los-hermanos-flores-confirmados-para-coachella-2026\\\/\"},\"author\":{\"name\":\"Oscar\",\"@id\":\"https:\\\/\\\/lagnoticias.com\\\/#\\\/schema\\\/person\\\/cb9bfe13f8de05d2c55270be25c6a550\"},\"headline\":\"Los Hermanos Flores confirmados para Coachella 2026\",\"datePublished\":\"2025-09-16T14:46:43+00:00\",\"dateModified\":\"2025-09-17T17:17:26+00:00\",\"mainEntityOfPage\":{\"@id\":\"https:\\\/\\\/lagnoticias.com\\\/2025\\\/09\\\/16\\\/los-hermanos-flores-confirmados-para-coachella-2026\\\/\"},\"wordCount\":389,\"commentCount\":0,\"image\":{\"@id\":\"https:\\\/\\\/lagnoticias.com\\\/2025\\\/09\\\/16\\\/los-hermanos-flores-confirmados-para-coachella-2026\\\/#primaryimage\"},\"thumbnailUrl\":\"https:\\\/\\\/lagnoticias.com\\\/wp-content\\\/uploads\\\/2025\\\/09\\\/7-13.jpg\",\"keywords\":[\"CENTRO HIST\u00d3RICO\",\"COACHELLA 2026\",\"EL SALVADOR\",\"ESTADOS UNIDOS\",\"Festival de Coachella 2026\",\"ORQUESTA LOS HERMANOS FLORES\"],\"articleSection\":[\"ENTRETENIMIENTO\"],\"inLanguage\":\"en-US\",\"potentialAction\":[{\"@type\":\"CommentAction\",\"name\":\"Comment\",\"target\":[\"https:\\\/\\\/lagnoticias.com\\\/2025\\\/09\\\/16\\\/los-hermanos-flores-confirmados-para-coachella-2026\\\/#respond\"]}]},{\"@type\":\"WebPage\",\"@id\":\"https:\\\/\\\/lagnoticias.com\\\/2025\\\/09\\\/16\\\/los-hermanos-flores-confirmados-para-coachella-2026\\\/\",\"url\":\"https:\\\/\\\/lagnoticias.com\\\/2025\\\/09\\\/16\\\/los-hermanos-flores-confirmados-para-coachella-2026\\\/\",\"name\":\"Los Hermanos Flores confirmados para Coachella 2026 - La G Noticias\",\"isPartOf\":{\"@id\":\"https:\\\/\\\/lagnoticias.com\\\/#website\"},\"primaryImageOfPage\":{\"@id\":\"https:\\\/\\\/lagnoticias.com\\\/2025\\\/09\\\/16\\\/los-hermanos-flores-confirmados-para-coachella-2026\\\/#primaryimage\"},\"image\":{\"@id\":\"https:\\\/\\\/lagnoticias.com\\\/2025\\\/09\\\/16\\\/los-hermanos-flores-confirmados-para-coachella-2026\\\/#primaryimage\"},\"thumbnailUrl\":\"https:\\\/\\\/lagnoticias.com\\\/wp-content\\\/uploads\\\/2025\\\/09\\\/7-13.jpg\",\"datePublished\":\"2025-09-16T14:46:43+00:00\",\"dateModified\":\"2025-09-17T17:17:26+00:00\",\"author\":{\"@id\":\"https:\\\/\\\/lagnoticias.com\\\/#\\\/schema\\\/person\\\/cb9bfe13f8de05d2c55270be25c6a550\"},\"breadcrumb\":{\"@id\":\"https:\\\/\\\/lagnoticias.com\\\/2025\\\/09\\\/16\\\/los-hermanos-flores-confirmados-para-coachella-2026\\\/#breadcrumb\"},\"inLanguage\":\"en-US\",\"potentialAction\":[{\"@type\":\"ReadAction\",\"target\":[\"https:\\\/\\\/lagnoticias.com\\\/2025\\\/09\\\/16\\\/los-hermanos-flores-confirmados-para-coachella-2026\\\/\"]}]},{\"@type\":\"ImageObject\",\"inLanguage\":\"en-US\",\"@id\":\"https:\\\/\\\/lagnoticias.com\\\/2025\\\/09\\\/16\\\/los-hermanos-flores-confirmados-para-coachella-2026\\\/#primaryimage\",\"url\":\"https:\\\/\\\/lagnoticias.com\\\/wp-content\\\/uploads\\\/2025\\\/09\\\/7-13.jpg\",\"contentUrl\":\"https:\\\/\\\/lagnoticias.com\\\/wp-content\\\/uploads\\\/2025\\\/09\\\/7-13.jpg\",\"width\":627,\"height\":360},{\"@type\":\"BreadcrumbList\",\"@id\":\"https:\\\/\\\/lagnoticias.com\\\/2025\\\/09\\\/16\\\/los-hermanos-flores-confirmados-para-coachella-2026\\\/#breadcrumb\",\"itemListElement\":[{\"@type\":\"ListItem\",\"position\":1,\"name\":\"Portada\",\"item\":\"https:\\\/\\\/lagnoticias.com\\\/\"},{\"@type\":\"ListItem\",\"position\":2,\"name\":\"Los Hermanos Flores confirmados para Coachella 2026\"}]},{\"@type\":\"WebSite\",\"@id\":\"https:\\\/\\\/lagnoticias.com\\\/#website\",\"url\":\"https:\\\/\\\/lagnoticias.com\\\/\",\"name\":\"La G Noticias\",\"description\":\"Noticias Positivas\",\"potentialAction\":[{\"@type\":\"SearchAction\",\"target\":{\"@type\":\"EntryPoint\",\"urlTemplate\":\"https:\\\/\\\/lagnoticias.com\\\/?s={search_term_string}\"},\"query-input\":{\"@type\":\"PropertyValueSpecification\",\"valueRequired\":true,\"valueName\":\"search_term_string\"}}],\"inLanguage\":\"en-US\"},{\"@type\":\"Person\",\"@id\":\"https:\\\/\\\/lagnoticias.com\\\/#\\\/schema\\\/person\\\/cb9bfe13f8de05d2c55270be25c6a550\",\"name\":\"Oscar\",\"image\":{\"@type\":\"ImageObject\",\"inLanguage\":\"en-US\",\"@id\":\"https:\\\/\\\/secure.gravatar.com\\\/avatar\\\/45c195718f652dc7ffdd591dc1f2678956ab7fdadcd359a635edc61304a8c757?s=96&d=mm&r=g\",\"url\":\"https:\\\/\\\/secure.gravatar.com\\\/avatar\\\/45c195718f652dc7ffdd591dc1f2678956ab7fdadcd359a635edc61304a8c757?s=96&d=mm&r=g\",\"contentUrl\":\"https:\\\/\\\/secure.gravatar.com\\\/avatar\\\/45c195718f652dc7ffdd591dc1f2678956ab7fdadcd359a635edc61304a8c757?s=96&d=mm&r=g\",\"caption\":\"Oscar\"},\"url\":\"https:\\\/\\\/lagnoticias.com\\\/en\\\/author\\\/oscar\\\/\"}]}<\/script>\n<!-- \/ Yoast SEO plugin. -->","yoast_head_json":{"title":"Los Hermanos Flores confirmados para Coachella 2026 - La G Noticias","robots":{"index":"index","follow":"follow","max-snippet":"max-snippet:-1","max-image-preview":"max-image-preview:large","max-video-preview":"max-video-preview:-1"},"canonical":"https:\/\/lagnoticias.com\/en\/2025\/09\/16\/los-hermanos-flores-confirmados-para-coachella-2026\/","og_locale":"en_US","og_type":"article","og_title":"Los Hermanos Flores confirmados para Coachella 2026 - La G Noticias","og_description":"La legendaria orquesta ser\u00e1 la primera agrupaci\u00f3n salvadore\u00f1a en presentarse en el reconocido Festival de M\u00fasica y Artes de Coachella Valley.","og_url":"https:\/\/lagnoticias.com\/en\/2025\/09\/16\/los-hermanos-flores-confirmados-para-coachella-2026\/","og_site_name":"La G Noticias","article_publisher":"https:\/\/www.facebook.com\/LaGNoticias","article_published_time":"2025-09-16T14:46:43+00:00","article_modified_time":"2025-09-17T17:17:26+00:00","og_image":[{"width":627,"height":360,"url":"https:\/\/lagnoticias.com\/wp-content\/uploads\/2025\/09\/7-13.jpg","type":"image\/jpeg"}],"author":"Oscar","twitter_card":"summary_large_image","twitter_creator":"@lagnoticias","twitter_site":"@lagnoticias","twitter_misc":{"Written by":"Oscar","Est. reading time":"3 minutes"},"schema":{"@context":"https:\/\/schema.org","@graph":[{"@type":"Article","@id":"https:\/\/lagnoticias.com\/2025\/09\/16\/los-hermanos-flores-confirmados-para-coachella-2026\/#article","isPartOf":{"@id":"https:\/\/lagnoticias.com\/2025\/09\/16\/los-hermanos-flores-confirmados-para-coachella-2026\/"},"author":{"name":"Oscar","@id":"https:\/\/lagnoticias.com\/#\/schema\/person\/cb9bfe13f8de05d2c55270be25c6a550"},"headline":"Los Hermanos Flores confirmados para Coachella 2026","datePublished":"2025-09-16T14:46:43+00:00","dateModified":"2025-09-17T17:17:26+00:00","mainEntityOfPage":{"@id":"https:\/\/lagnoticias.com\/2025\/09\/16\/los-hermanos-flores-confirmados-para-coachella-2026\/"},"wordCount":389,"commentCount":0,"image":{"@id":"https:\/\/lagnoticias.com\/2025\/09\/16\/los-hermanos-flores-confirmados-para-coachella-2026\/#primaryimage"},"thumbnailUrl":"https:\/\/lagnoticias.com\/wp-content\/uploads\/2025\/09\/7-13.jpg","keywords":["CENTRO HIST\u00d3RICO","COACHELLA 2026","EL SALVADOR","ESTADOS UNIDOS","Festival de Coachella 2026","ORQUESTA LOS HERMANOS FLORES"],"articleSection":["ENTRETENIMIENTO"],"inLanguage":"en-US","potentialAction":[{"@type":"CommentAction","name":"Comment","target":["https:\/\/lagnoticias.com\/2025\/09\/16\/los-hermanos-flores-confirmados-para-coachella-2026\/#respond"]}]},{"@type":"WebPage","@id":"https:\/\/lagnoticias.com\/2025\/09\/16\/los-hermanos-flores-confirmados-para-coachella-2026\/","url":"https:\/\/lagnoticias.com\/2025\/09\/16\/los-hermanos-flores-confirmados-para-coachella-2026\/","name":"Los Hermanos Flores confirmados para Coachella 2026 - La G Noticias","isPartOf":{"@id":"https:\/\/lagnoticias.com\/#website"},"primaryImageOfPage":{"@id":"https:\/\/lagnoticias.com\/2025\/09\/16\/los-hermanos-flores-confirmados-para-coachella-2026\/#primaryimage"},"image":{"@id":"https:\/\/lagnoticias.com\/2025\/09\/16\/los-hermanos-flores-confirmados-para-coachella-2026\/#primaryimage"},"thumbnailUrl":"https:\/\/lagnoticias.com\/wp-content\/uploads\/2025\/09\/7-13.jpg","datePublished":"2025-09-16T14:46:43+00:00","dateModified":"2025-09-17T17:17:26+00:00","author":{"@id":"https:\/\/lagnoticias.com\/#\/schema\/person\/cb9bfe13f8de05d2c55270be25c6a550"},"breadcrumb":{"@id":"https:\/\/lagnoticias.com\/2025\/09\/16\/los-hermanos-flores-confirmados-para-coachella-2026\/#breadcrumb"},"inLanguage":"en-US","potentialAction":[{"@type":"ReadAction","target":["https:\/\/lagnoticias.com\/2025\/09\/16\/los-hermanos-flores-confirmados-para-coachella-2026\/"]}]},{"@type":"ImageObject","inLanguage":"en-US","@id":"https:\/\/lagnoticias.com\/2025\/09\/16\/los-hermanos-flores-confirmados-para-coachella-2026\/#primaryimage","url":"https:\/\/lagnoticias.com\/wp-content\/uploads\/2025\/09\/7-13.jpg","contentUrl":"https:\/\/lagnoticias.com\/wp-content\/uploads\/2025\/09\/7-13.jpg","width":627,"height":360},{"@type":"BreadcrumbList","@id":"https:\/\/lagnoticias.com\/2025\/09\/16\/los-hermanos-flores-confirmados-para-coachella-2026\/#breadcrumb","itemListElement":[{"@type":"ListItem","position":1,"name":"Portada","item":"https:\/\/lagnoticias.com\/"},{"@type":"ListItem","position":2,"name":"Los Hermanos Flores confirmados para Coachella 2026"}]},{"@type":"WebSite","@id":"https:\/\/lagnoticias.com\/#website","url":"https:\/\/lagnoticias.com\/","name":"La G Noticias","description":"Noticias Positivas","potentialAction":[{"@type":"SearchAction","target":{"@type":"EntryPoint","urlTemplate":"https:\/\/lagnoticias.com\/?s={search_term_string}"},"query-input":{"@type":"PropertyValueSpecification","valueRequired":true,"valueName":"search_term_string"}}],"inLanguage":"en-US"},{"@type":"Person","@id":"https:\/\/lagnoticias.com\/#\/schema\/person\/cb9bfe13f8de05d2c55270be25c6a550","name":"Oscar","image":{"@type":"ImageObject","inLanguage":"en-US","@id":"https:\/\/secure.gravatar.com\/avatar\/45c195718f652dc7ffdd591dc1f2678956ab7fdadcd359a635edc61304a8c757?s=96&d=mm&r=g","url":"https:\/\/secure.gravatar.com\/avatar\/45c195718f652dc7ffdd591dc1f2678956ab7fdadcd359a635edc61304a8c757?s=96&d=mm&r=g","contentUrl":"https:\/\/secure.gravatar.com\/avatar\/45c195718f652dc7ffdd591dc1f2678956ab7fdadcd359a635edc61304a8c757?s=96&d=mm&r=g","caption":"Oscar"},"url":"https:\/\/lagnoticias.com\/en\/author\/oscar\/"}]}},"_links":{"self":[{"href":"https:\/\/lagnoticias.com\/en\/wp-json\/wp\/v2\/posts\/5007","targetHints":{"allow":["GET"]}}],"collection":[{"href":"https:\/\/lagnoticias.com\/en\/wp-json\/wp\/v2\/posts"}],"about":[{"href":"https:\/\/lagnoticias.com\/en\/wp-json\/wp\/v2\/types\/post"}],"author":[{"embeddable":true,"href":"https:\/\/lagnoticias.com\/en\/wp-json\/wp\/v2\/users\/2"}],"replies":[{"embeddable":true,"href":"https:\/\/lagnoticias.com\/en\/wp-json\/wp\/v2\/comments?post=5007"}],"version-history":[{"count":2,"href":"https:\/\/lagnoticias.com\/en\/wp-json\/wp\/v2\/posts\/5007\/revisions"}],"predecessor-version":[{"id":5031,"href":"https:\/\/lagnoticias.com\/en\/wp-json\/wp\/v2\/posts\/5007\/revisions\/5031"}],"wp:featuredmedia":[{"embeddable":true,"href":"https:\/\/lagnoticias.com\/en\/wp-json\/wp\/v2\/media\/5008"}],"wp:attachment":[{"href":"https:\/\/lagnoticias.com\/en\/wp-json\/wp\/v2\/media?parent=5007"}],"wp:term":[{"taxonomy":"category","embeddable":true,"href":"https:\/\/lagnoticias.com\/en\/wp-json\/wp\/v2\/categories?post=5007"},{"taxonomy":"post_tag","embeddable":true,"href":"https:\/\/lagnoticias.com\/en\/wp-json\/wp\/v2\/tags?post=5007"}],"curies":[{"name":"wp","href":"https:\/\/api.w.org\/{rel}","templated":true}]}}