{"id":4993,"date":"2025-09-15T10:09:29","date_gmt":"2025-09-15T16:09:29","guid":{"rendered":"https:\/\/lagnoticias.com\/?p=4993"},"modified":"2025-09-17T08:34:19","modified_gmt":"2025-09-17T14:34:19","slug":"como-parte-de-la-celebracion-de-la-independencia-patria-se-puso-en-escena-danzas-para-la-nacion","status":"publish","type":"post","link":"https:\/\/lagnoticias.com\/en\/2025\/09\/15\/como-parte-de-la-celebracion-de-la-independencia-patria-se-puso-en-escena-danzas-para-la-nacion\/","title":{"rendered":"Como parte de la celebraci\u00f3n de la independencia patria se puso en escena \u201dDanzas para la Naci\u00f3n\u201d"},"content":{"rendered":"<p>El Ministerio de Cultura de El Salvador realiz\u00f3 una presentaci\u00f3n especial de la gala: Danzas para la Naci\u00f3n, un espect\u00e1culo enfocado en recordar y honrar las ra\u00edces salvadore\u00f1as.<\/p>\n\n\n\n<h2 class=\"wp-block-heading\">Esta producci\u00f3n reuni\u00f3 en el Teatro Presidente a los elencos nacionales m\u00e1s destacados del pa\u00eds, quienes con su talento y dedicaci\u00f3n honran las ra\u00edces culturales de nuestra naci\u00f3n. <\/h2>\n\n\n\n<p>El Ballet Folkl\u00f3rico Nacional, el Ballet Nacional de El Salvador y la Compa\u00f1\u00eda Nacional de Danza unieron sus fuerzas en una sinfon\u00eda de movimientos que evocan la diversidad y la vitalidad de El Salvador.<\/p>\n\n\n\n<p>El ministro de Cultura, Ra\u00fal Castillo, destac\u00f3 que la celebraci\u00f3n de los 204 a\u00f1os de independencia es un momento para que los salvadore\u00f1os recuerden su identidad, por lo que llam\u00f3 a las familias salvadore\u00f1as a vivir la cultura, el arte y la m\u00fasica nacional.<\/p>\n\n\n\n<p>\u201cDanzas para la Naci\u00f3n no solamente son movimientos, giros, esa esencia que tiene la danza, sino un recuerdo vivo que invita al pueblo salvadore\u00f1o a sentirnos orgullosos de nuestra identidad\u201d, explic\u00f3 el titular de Cultura.<\/p>\n\n\n\n<p>Estos eventos, organizados con el compromiso de promover la cultura como pilar de unidad y progreso, reflejan la visi\u00f3n transformadora del Presidente Nayib Bukele, quien ha consolidado un El Salvador seguro, pr\u00f3spero y vibrante, donde las tradiciones se entrelazan con el desarrollo para las nuevas generaciones.<\/p>\n\n\n\n<p>\u201cHay un involucramiento, vienen en familia; no vienen solo el pap\u00e1 o mam\u00e1, sino que vienen en compa\u00f1\u00eda de sus hijos; la juventud est\u00e1 cambiando y eso ha sido gracias al Gobierno del Presidente Bukele que les da la opci\u00f3n a los j\u00f3venes de elegir un camino diferente, ahora tienen oportunidades\u201d, a\u00f1adi\u00f3 el funcionario.<\/p>\n\n\n\n<p>Estas presentaciones culturales descentralizan el acceso a las artes, acercando la herencia cultural a todas las familias salvadore\u00f1as y posicionando al pa\u00eds como un referente de innovaci\u00f3n y preservaci\u00f3n de las expresiones culturales en el mundo.<\/p>\n\n\n\n<p><\/p>","protected":false},"excerpt":{"rendered":"<p>El Ministerio de Cultura de El Salvador realiz\u00f3 una presentaci\u00f3n especial de la gala: Danzas para la Naci\u00f3n, un espect\u00e1culo enfocado en recordar y honrar las ra\u00edces salvadore\u00f1as. Esta producci\u00f3n reuni\u00f3 en el Teatro Presidente a los elencos nacionales m\u00e1s destacados del pa\u00eds, quienes con su talento y dedicaci\u00f3n honran las ra\u00edces culturales de nuestra [&hellip;]<\/p>","protected":false},"author":2,"featured_media":4994,"comment_status":"open","ping_status":"open","sticky":false,"template":"","format":"standard","meta":{"_et_pb_use_builder":"off","_et_pb_old_content":"","_et_gb_content_width":"","footnotes":""},"categories":[244],"tags":[955,267,956],"class_list":["post-4993","post","type-post","status-publish","format-standard","has-post-thumbnail","hentry","category-nacionales","tag-15-de-septiembre","tag-el-salvador","tag-independencia-de-el-salvador"],"yoast_head":"<!-- This site is optimized with the Yoast SEO plugin v27.4 - https:\/\/yoast.com\/product\/yoast-seo-wordpress\/ -->\n<title>Como parte de la celebraci\u00f3n de la independencia patria se puso en escena \u201dDanzas para la Naci\u00f3n\u201d - La G Noticias<\/title>\n<meta name=\"robots\" content=\"index, follow, max-snippet:-1, max-image-preview:large, max-video-preview:-1\" \/>\n<link rel=\"canonical\" href=\"https:\/\/lagnoticias.com\/en\/2025\/09\/15\/como-parte-de-la-celebracion-de-la-independencia-patria-se-puso-en-escena-danzas-para-la-nacion\/\" \/>\n<meta property=\"og:locale\" content=\"en_US\" \/>\n<meta property=\"og:type\" content=\"article\" \/>\n<meta property=\"og:title\" content=\"Como parte de la celebraci\u00f3n de la independencia patria se puso en escena \u201dDanzas para la Naci\u00f3n\u201d - La G Noticias\" \/>\n<meta property=\"og:description\" content=\"El Ministerio de Cultura de El Salvador realiz\u00f3 una presentaci\u00f3n especial de la gala: Danzas para la Naci\u00f3n, un espect\u00e1culo enfocado en recordar y honrar las ra\u00edces salvadore\u00f1as. Esta producci\u00f3n reuni\u00f3 en el Teatro Presidente a los elencos nacionales m\u00e1s destacados del pa\u00eds, quienes con su talento y dedicaci\u00f3n honran las ra\u00edces culturales de nuestra [&hellip;]\" \/>\n<meta property=\"og:url\" content=\"https:\/\/lagnoticias.com\/en\/2025\/09\/15\/como-parte-de-la-celebracion-de-la-independencia-patria-se-puso-en-escena-danzas-para-la-nacion\/\" \/>\n<meta property=\"og:site_name\" content=\"La G Noticias\" \/>\n<meta property=\"article:publisher\" content=\"https:\/\/www.facebook.com\/LaGNoticias\" \/>\n<meta property=\"article:published_time\" content=\"2025-09-15T16:09:29+00:00\" \/>\n<meta property=\"article:modified_time\" content=\"2025-09-17T14:34:19+00:00\" \/>\n<meta property=\"og:image\" content=\"https:\/\/lagnoticias.com\/wp-content\/uploads\/2025\/09\/548106553_1147622147542044_5284373502887470118_n.jpg\" \/>\n\t<meta property=\"og:image:width\" content=\"2048\" \/>\n\t<meta property=\"og:image:height\" content=\"1365\" \/>\n\t<meta property=\"og:image:type\" content=\"image\/jpeg\" \/>\n<meta name=\"author\" content=\"Oscar\" \/>\n<meta name=\"twitter:card\" content=\"summary_large_image\" \/>\n<meta name=\"twitter:creator\" content=\"@lagnoticias\" \/>\n<meta name=\"twitter:site\" content=\"@lagnoticias\" \/>\n<meta name=\"twitter:label1\" content=\"Written by\" \/>\n\t<meta name=\"twitter:data1\" content=\"Oscar\" \/>\n\t<meta name=\"twitter:label2\" content=\"Est. reading time\" \/>\n\t<meta name=\"twitter:data2\" content=\"2 minutes\" \/>\n<script type=\"application\/ld+json\" class=\"yoast-schema-graph\">{\"@context\":\"https:\\\/\\\/schema.org\",\"@graph\":[{\"@type\":\"Article\",\"@id\":\"https:\\\/\\\/lagnoticias.com\\\/2025\\\/09\\\/15\\\/como-parte-de-la-celebracion-de-la-independencia-patria-se-puso-en-escena-danzas-para-la-nacion\\\/#article\",\"isPartOf\":{\"@id\":\"https:\\\/\\\/lagnoticias.com\\\/2025\\\/09\\\/15\\\/como-parte-de-la-celebracion-de-la-independencia-patria-se-puso-en-escena-danzas-para-la-nacion\\\/\"},\"author\":{\"name\":\"Oscar\",\"@id\":\"https:\\\/\\\/lagnoticias.com\\\/#\\\/schema\\\/person\\\/cb9bfe13f8de05d2c55270be25c6a550\"},\"headline\":\"Como parte de la celebraci\u00f3n de la independencia patria se puso en escena \u201dDanzas para la Naci\u00f3n\u201d\",\"datePublished\":\"2025-09-15T16:09:29+00:00\",\"dateModified\":\"2025-09-17T14:34:19+00:00\",\"mainEntityOfPage\":{\"@id\":\"https:\\\/\\\/lagnoticias.com\\\/2025\\\/09\\\/15\\\/como-parte-de-la-celebracion-de-la-independencia-patria-se-puso-en-escena-danzas-para-la-nacion\\\/\"},\"wordCount\":355,\"commentCount\":0,\"image\":{\"@id\":\"https:\\\/\\\/lagnoticias.com\\\/2025\\\/09\\\/15\\\/como-parte-de-la-celebracion-de-la-independencia-patria-se-puso-en-escena-danzas-para-la-nacion\\\/#primaryimage\"},\"thumbnailUrl\":\"https:\\\/\\\/lagnoticias.com\\\/wp-content\\\/uploads\\\/2025\\\/09\\\/548106553_1147622147542044_5284373502887470118_n.jpg\",\"keywords\":[\"15 DE SEPTIEMBRE\",\"EL SALVADOR\",\"INDEPENDENCIA DE EL SALVADOR\"],\"articleSection\":[\"NACIONALES\"],\"inLanguage\":\"en-US\",\"potentialAction\":[{\"@type\":\"CommentAction\",\"name\":\"Comment\",\"target\":[\"https:\\\/\\\/lagnoticias.com\\\/2025\\\/09\\\/15\\\/como-parte-de-la-celebracion-de-la-independencia-patria-se-puso-en-escena-danzas-para-la-nacion\\\/#respond\"]}]},{\"@type\":\"WebPage\",\"@id\":\"https:\\\/\\\/lagnoticias.com\\\/2025\\\/09\\\/15\\\/como-parte-de-la-celebracion-de-la-independencia-patria-se-puso-en-escena-danzas-para-la-nacion\\\/\",\"url\":\"https:\\\/\\\/lagnoticias.com\\\/2025\\\/09\\\/15\\\/como-parte-de-la-celebracion-de-la-independencia-patria-se-puso-en-escena-danzas-para-la-nacion\\\/\",\"name\":\"Como parte de la celebraci\u00f3n de la independencia patria se puso en escena \u201dDanzas para la Naci\u00f3n\u201d - La G Noticias\",\"isPartOf\":{\"@id\":\"https:\\\/\\\/lagnoticias.com\\\/#website\"},\"primaryImageOfPage\":{\"@id\":\"https:\\\/\\\/lagnoticias.com\\\/2025\\\/09\\\/15\\\/como-parte-de-la-celebracion-de-la-independencia-patria-se-puso-en-escena-danzas-para-la-nacion\\\/#primaryimage\"},\"image\":{\"@id\":\"https:\\\/\\\/lagnoticias.com\\\/2025\\\/09\\\/15\\\/como-parte-de-la-celebracion-de-la-independencia-patria-se-puso-en-escena-danzas-para-la-nacion\\\/#primaryimage\"},\"thumbnailUrl\":\"https:\\\/\\\/lagnoticias.com\\\/wp-content\\\/uploads\\\/2025\\\/09\\\/548106553_1147622147542044_5284373502887470118_n.jpg\",\"datePublished\":\"2025-09-15T16:09:29+00:00\",\"dateModified\":\"2025-09-17T14:34:19+00:00\",\"author\":{\"@id\":\"https:\\\/\\\/lagnoticias.com\\\/#\\\/schema\\\/person\\\/cb9bfe13f8de05d2c55270be25c6a550\"},\"breadcrumb\":{\"@id\":\"https:\\\/\\\/lagnoticias.com\\\/2025\\\/09\\\/15\\\/como-parte-de-la-celebracion-de-la-independencia-patria-se-puso-en-escena-danzas-para-la-nacion\\\/#breadcrumb\"},\"inLanguage\":\"en-US\",\"potentialAction\":[{\"@type\":\"ReadAction\",\"target\":[\"https:\\\/\\\/lagnoticias.com\\\/2025\\\/09\\\/15\\\/como-parte-de-la-celebracion-de-la-independencia-patria-se-puso-en-escena-danzas-para-la-nacion\\\/\"]}]},{\"@type\":\"ImageObject\",\"inLanguage\":\"en-US\",\"@id\":\"https:\\\/\\\/lagnoticias.com\\\/2025\\\/09\\\/15\\\/como-parte-de-la-celebracion-de-la-independencia-patria-se-puso-en-escena-danzas-para-la-nacion\\\/#primaryimage\",\"url\":\"https:\\\/\\\/lagnoticias.com\\\/wp-content\\\/uploads\\\/2025\\\/09\\\/548106553_1147622147542044_5284373502887470118_n.jpg\",\"contentUrl\":\"https:\\\/\\\/lagnoticias.com\\\/wp-content\\\/uploads\\\/2025\\\/09\\\/548106553_1147622147542044_5284373502887470118_n.jpg\",\"width\":2048,\"height\":1365},{\"@type\":\"BreadcrumbList\",\"@id\":\"https:\\\/\\\/lagnoticias.com\\\/2025\\\/09\\\/15\\\/como-parte-de-la-celebracion-de-la-independencia-patria-se-puso-en-escena-danzas-para-la-nacion\\\/#breadcrumb\",\"itemListElement\":[{\"@type\":\"ListItem\",\"position\":1,\"name\":\"Portada\",\"item\":\"https:\\\/\\\/lagnoticias.com\\\/\"},{\"@type\":\"ListItem\",\"position\":2,\"name\":\"Como parte de la celebraci\u00f3n de la independencia patria se puso en escena \u201dDanzas para la Naci\u00f3n\u201d\"}]},{\"@type\":\"WebSite\",\"@id\":\"https:\\\/\\\/lagnoticias.com\\\/#website\",\"url\":\"https:\\\/\\\/lagnoticias.com\\\/\",\"name\":\"La G Noticias\",\"description\":\"Noticias Positivas\",\"potentialAction\":[{\"@type\":\"SearchAction\",\"target\":{\"@type\":\"EntryPoint\",\"urlTemplate\":\"https:\\\/\\\/lagnoticias.com\\\/?s={search_term_string}\"},\"query-input\":{\"@type\":\"PropertyValueSpecification\",\"valueRequired\":true,\"valueName\":\"search_term_string\"}}],\"inLanguage\":\"en-US\"},{\"@type\":\"Person\",\"@id\":\"https:\\\/\\\/lagnoticias.com\\\/#\\\/schema\\\/person\\\/cb9bfe13f8de05d2c55270be25c6a550\",\"name\":\"Oscar\",\"image\":{\"@type\":\"ImageObject\",\"inLanguage\":\"en-US\",\"@id\":\"https:\\\/\\\/secure.gravatar.com\\\/avatar\\\/45c195718f652dc7ffdd591dc1f2678956ab7fdadcd359a635edc61304a8c757?s=96&d=mm&r=g\",\"url\":\"https:\\\/\\\/secure.gravatar.com\\\/avatar\\\/45c195718f652dc7ffdd591dc1f2678956ab7fdadcd359a635edc61304a8c757?s=96&d=mm&r=g\",\"contentUrl\":\"https:\\\/\\\/secure.gravatar.com\\\/avatar\\\/45c195718f652dc7ffdd591dc1f2678956ab7fdadcd359a635edc61304a8c757?s=96&d=mm&r=g\",\"caption\":\"Oscar\"},\"url\":\"https:\\\/\\\/lagnoticias.com\\\/en\\\/author\\\/oscar\\\/\"}]}<\/script>\n<!-- \/ Yoast SEO plugin. -->","yoast_head_json":{"title":"Como parte de la celebraci\u00f3n de la independencia patria se puso en escena \u201dDanzas para la Naci\u00f3n\u201d - La G Noticias","robots":{"index":"index","follow":"follow","max-snippet":"max-snippet:-1","max-image-preview":"max-image-preview:large","max-video-preview":"max-video-preview:-1"},"canonical":"https:\/\/lagnoticias.com\/en\/2025\/09\/15\/como-parte-de-la-celebracion-de-la-independencia-patria-se-puso-en-escena-danzas-para-la-nacion\/","og_locale":"en_US","og_type":"article","og_title":"Como parte de la celebraci\u00f3n de la independencia patria se puso en escena \u201dDanzas para la Naci\u00f3n\u201d - La G Noticias","og_description":"El Ministerio de Cultura de El Salvador realiz\u00f3 una presentaci\u00f3n especial de la gala: Danzas para la Naci\u00f3n, un espect\u00e1culo enfocado en recordar y honrar las ra\u00edces salvadore\u00f1as. Esta producci\u00f3n reuni\u00f3 en el Teatro Presidente a los elencos nacionales m\u00e1s destacados del pa\u00eds, quienes con su talento y dedicaci\u00f3n honran las ra\u00edces culturales de nuestra [&hellip;]","og_url":"https:\/\/lagnoticias.com\/en\/2025\/09\/15\/como-parte-de-la-celebracion-de-la-independencia-patria-se-puso-en-escena-danzas-para-la-nacion\/","og_site_name":"La G Noticias","article_publisher":"https:\/\/www.facebook.com\/LaGNoticias","article_published_time":"2025-09-15T16:09:29+00:00","article_modified_time":"2025-09-17T14:34:19+00:00","og_image":[{"width":2048,"height":1365,"url":"https:\/\/lagnoticias.com\/wp-content\/uploads\/2025\/09\/548106553_1147622147542044_5284373502887470118_n.jpg","type":"image\/jpeg"}],"author":"Oscar","twitter_card":"summary_large_image","twitter_creator":"@lagnoticias","twitter_site":"@lagnoticias","twitter_misc":{"Written by":"Oscar","Est. reading time":"2 minutes"},"schema":{"@context":"https:\/\/schema.org","@graph":[{"@type":"Article","@id":"https:\/\/lagnoticias.com\/2025\/09\/15\/como-parte-de-la-celebracion-de-la-independencia-patria-se-puso-en-escena-danzas-para-la-nacion\/#article","isPartOf":{"@id":"https:\/\/lagnoticias.com\/2025\/09\/15\/como-parte-de-la-celebracion-de-la-independencia-patria-se-puso-en-escena-danzas-para-la-nacion\/"},"author":{"name":"Oscar","@id":"https:\/\/lagnoticias.com\/#\/schema\/person\/cb9bfe13f8de05d2c55270be25c6a550"},"headline":"Como parte de la celebraci\u00f3n de la independencia patria se puso en escena \u201dDanzas para la Naci\u00f3n\u201d","datePublished":"2025-09-15T16:09:29+00:00","dateModified":"2025-09-17T14:34:19+00:00","mainEntityOfPage":{"@id":"https:\/\/lagnoticias.com\/2025\/09\/15\/como-parte-de-la-celebracion-de-la-independencia-patria-se-puso-en-escena-danzas-para-la-nacion\/"},"wordCount":355,"commentCount":0,"image":{"@id":"https:\/\/lagnoticias.com\/2025\/09\/15\/como-parte-de-la-celebracion-de-la-independencia-patria-se-puso-en-escena-danzas-para-la-nacion\/#primaryimage"},"thumbnailUrl":"https:\/\/lagnoticias.com\/wp-content\/uploads\/2025\/09\/548106553_1147622147542044_5284373502887470118_n.jpg","keywords":["15 DE SEPTIEMBRE","EL SALVADOR","INDEPENDENCIA DE EL SALVADOR"],"articleSection":["NACIONALES"],"inLanguage":"en-US","potentialAction":[{"@type":"CommentAction","name":"Comment","target":["https:\/\/lagnoticias.com\/2025\/09\/15\/como-parte-de-la-celebracion-de-la-independencia-patria-se-puso-en-escena-danzas-para-la-nacion\/#respond"]}]},{"@type":"WebPage","@id":"https:\/\/lagnoticias.com\/2025\/09\/15\/como-parte-de-la-celebracion-de-la-independencia-patria-se-puso-en-escena-danzas-para-la-nacion\/","url":"https:\/\/lagnoticias.com\/2025\/09\/15\/como-parte-de-la-celebracion-de-la-independencia-patria-se-puso-en-escena-danzas-para-la-nacion\/","name":"Como parte de la celebraci\u00f3n de la independencia patria se puso en escena \u201dDanzas para la Naci\u00f3n\u201d - La G Noticias","isPartOf":{"@id":"https:\/\/lagnoticias.com\/#website"},"primaryImageOfPage":{"@id":"https:\/\/lagnoticias.com\/2025\/09\/15\/como-parte-de-la-celebracion-de-la-independencia-patria-se-puso-en-escena-danzas-para-la-nacion\/#primaryimage"},"image":{"@id":"https:\/\/lagnoticias.com\/2025\/09\/15\/como-parte-de-la-celebracion-de-la-independencia-patria-se-puso-en-escena-danzas-para-la-nacion\/#primaryimage"},"thumbnailUrl":"https:\/\/lagnoticias.com\/wp-content\/uploads\/2025\/09\/548106553_1147622147542044_5284373502887470118_n.jpg","datePublished":"2025-09-15T16:09:29+00:00","dateModified":"2025-09-17T14:34:19+00:00","author":{"@id":"https:\/\/lagnoticias.com\/#\/schema\/person\/cb9bfe13f8de05d2c55270be25c6a550"},"breadcrumb":{"@id":"https:\/\/lagnoticias.com\/2025\/09\/15\/como-parte-de-la-celebracion-de-la-independencia-patria-se-puso-en-escena-danzas-para-la-nacion\/#breadcrumb"},"inLanguage":"en-US","potentialAction":[{"@type":"ReadAction","target":["https:\/\/lagnoticias.com\/2025\/09\/15\/como-parte-de-la-celebracion-de-la-independencia-patria-se-puso-en-escena-danzas-para-la-nacion\/"]}]},{"@type":"ImageObject","inLanguage":"en-US","@id":"https:\/\/lagnoticias.com\/2025\/09\/15\/como-parte-de-la-celebracion-de-la-independencia-patria-se-puso-en-escena-danzas-para-la-nacion\/#primaryimage","url":"https:\/\/lagnoticias.com\/wp-content\/uploads\/2025\/09\/548106553_1147622147542044_5284373502887470118_n.jpg","contentUrl":"https:\/\/lagnoticias.com\/wp-content\/uploads\/2025\/09\/548106553_1147622147542044_5284373502887470118_n.jpg","width":2048,"height":1365},{"@type":"BreadcrumbList","@id":"https:\/\/lagnoticias.com\/2025\/09\/15\/como-parte-de-la-celebracion-de-la-independencia-patria-se-puso-en-escena-danzas-para-la-nacion\/#breadcrumb","itemListElement":[{"@type":"ListItem","position":1,"name":"Portada","item":"https:\/\/lagnoticias.com\/"},{"@type":"ListItem","position":2,"name":"Como parte de la celebraci\u00f3n de la independencia patria se puso en escena \u201dDanzas para la Naci\u00f3n\u201d"}]},{"@type":"WebSite","@id":"https:\/\/lagnoticias.com\/#website","url":"https:\/\/lagnoticias.com\/","name":"La G Noticias","description":"Noticias Positivas","potentialAction":[{"@type":"SearchAction","target":{"@type":"EntryPoint","urlTemplate":"https:\/\/lagnoticias.com\/?s={search_term_string}"},"query-input":{"@type":"PropertyValueSpecification","valueRequired":true,"valueName":"search_term_string"}}],"inLanguage":"en-US"},{"@type":"Person","@id":"https:\/\/lagnoticias.com\/#\/schema\/person\/cb9bfe13f8de05d2c55270be25c6a550","name":"Oscar","image":{"@type":"ImageObject","inLanguage":"en-US","@id":"https:\/\/secure.gravatar.com\/avatar\/45c195718f652dc7ffdd591dc1f2678956ab7fdadcd359a635edc61304a8c757?s=96&d=mm&r=g","url":"https:\/\/secure.gravatar.com\/avatar\/45c195718f652dc7ffdd591dc1f2678956ab7fdadcd359a635edc61304a8c757?s=96&d=mm&r=g","contentUrl":"https:\/\/secure.gravatar.com\/avatar\/45c195718f652dc7ffdd591dc1f2678956ab7fdadcd359a635edc61304a8c757?s=96&d=mm&r=g","caption":"Oscar"},"url":"https:\/\/lagnoticias.com\/en\/author\/oscar\/"}]}},"_links":{"self":[{"href":"https:\/\/lagnoticias.com\/en\/wp-json\/wp\/v2\/posts\/4993","targetHints":{"allow":["GET"]}}],"collection":[{"href":"https:\/\/lagnoticias.com\/en\/wp-json\/wp\/v2\/posts"}],"about":[{"href":"https:\/\/lagnoticias.com\/en\/wp-json\/wp\/v2\/types\/post"}],"author":[{"embeddable":true,"href":"https:\/\/lagnoticias.com\/en\/wp-json\/wp\/v2\/users\/2"}],"replies":[{"embeddable":true,"href":"https:\/\/lagnoticias.com\/en\/wp-json\/wp\/v2\/comments?post=4993"}],"version-history":[{"count":1,"href":"https:\/\/lagnoticias.com\/en\/wp-json\/wp\/v2\/posts\/4993\/revisions"}],"predecessor-version":[{"id":4995,"href":"https:\/\/lagnoticias.com\/en\/wp-json\/wp\/v2\/posts\/4993\/revisions\/4995"}],"wp:featuredmedia":[{"embeddable":true,"href":"https:\/\/lagnoticias.com\/en\/wp-json\/wp\/v2\/media\/4994"}],"wp:attachment":[{"href":"https:\/\/lagnoticias.com\/en\/wp-json\/wp\/v2\/media?parent=4993"}],"wp:term":[{"taxonomy":"category","embeddable":true,"href":"https:\/\/lagnoticias.com\/en\/wp-json\/wp\/v2\/categories?post=4993"},{"taxonomy":"post_tag","embeddable":true,"href":"https:\/\/lagnoticias.com\/en\/wp-json\/wp\/v2\/tags?post=4993"}],"curies":[{"name":"wp","href":"https:\/\/api.w.org\/{rel}","templated":true}]}}