{"id":4990,"date":"2025-09-15T09:52:55","date_gmt":"2025-09-15T15:52:55","guid":{"rendered":"https:\/\/lagnoticias.com\/?p=4990"},"modified":"2025-09-17T08:34:08","modified_gmt":"2025-09-17T14:34:08","slug":"conoces-la-historia-detras-del-15-de-septiembre-en-centroamerica","status":"publish","type":"post","link":"https:\/\/lagnoticias.com\/en\/2025\/09\/15\/conoces-la-historia-detras-del-15-de-septiembre-en-centroamerica\/","title":{"rendered":"\u00bfConoces la historia detr\u00e1s del 15 de septiembre en Centroam\u00e9rica?"},"content":{"rendered":"<p>La celebraci\u00f3n com\u00fan despierta una pregunta clave:&nbsp;\u00bfpor qu\u00e9 casi toda Centroam\u00e9rica recuerda su independencia el mismo d\u00eda?&nbsp;La respuesta est\u00e1 en un proceso hist\u00f3rico que inici\u00f3 con rebeliones locales y termin\u00f3 con la firma de un documento que cambi\u00f3 el rumbo de la regi\u00f3n.<\/p>\n\n\n\n<p>La b\u00fasqueda de independencia en Centroam\u00e9rica comenz\u00f3 en&nbsp;1811, cuando en El Salvador estall\u00f3 el primer levantamiento contra las autoridades coloniales.&nbsp;Aquella rebeli\u00f3n, liderada por curas y criollos inconformes con las leyes espa\u00f1olas, abri\u00f3 un camino que se extender\u00eda por diez a\u00f1os.<\/p>\n\n\n\n<p>El 15 de septiembre de 1821 se firm\u00f3 en Guatemala el Acta de Independencia de Centroam\u00e9rica, con la que se declar\u00f3 la separaci\u00f3n de la Corona espa\u00f1ola. Ese d\u00eda,&nbsp;Guatemala, Honduras, El Salvador, Costa Rica y Nicaragua se unieron en una decisi\u00f3n que marcar\u00eda la historia de la regi\u00f3n.<\/p>\n\n\n\n<p>Durante el dominio espa\u00f1ol, lo que hoy conocemos como Centroam\u00e9rica, con excepci\u00f3n de Panam\u00e1, formaba parte de la&nbsp;Capitan\u00eda General de Guatemala, bajo el Virreinato de Nueva Espa\u00f1a.&nbsp;Esta organizaci\u00f3n facilit\u00f3 que la independencia se declarara de manera conjunta para casi toda la regi\u00f3n.<\/p>\n\n\n\n<h2 class=\"wp-block-heading\">Panam\u00e1 y Belice: un camino distinto<\/h2>\n\n\n\n<p>Panam\u00e1 no comparte la fecha del 15 de septiembre porque obtuvo su independencia m\u00e1s tarde.&nbsp;Fue el 28 de noviembre de 1821 cuando se liber\u00f3 de Espa\u00f1a.<\/p>\n\n\n\n<p>Sin embargo,&nbsp;en lugar de convertirse en rep\u00fablica independiente, se uni\u00f3 a la Gran Colombia, el proyecto de integraci\u00f3n impulsado por Sim\u00f3n Bol\u00edvar.<\/p>\n\n\n\n<p>El caso de Belice es diferente.&nbsp;Este territorio se convirti\u00f3 en colonia brit\u00e1nica en 1840 y no fue hasta el 21 de septiembre de 1981 que alcanz\u00f3 la independencia.&nbsp;Desde entonces, cada a\u00f1o conmemora su libertad en una fecha distinta al resto de pa\u00edses de la regi\u00f3n.<\/p>\n\n\n\n<p>As\u00ed, el 15 de septiembre no solo es una jornada de desfiles, actos c\u00edvicos y s\u00edmbolos patrios, sino tambi\u00e9n&nbsp;un recordatorio de la historia compartida que dio origen a las naciones centroamericanas.&nbsp;Una fecha que, dos siglos despu\u00e9s, sigue uniendo a millones bajo la misma bandera de libertad.<\/p>\n\n\n\n<p><\/p>\n\n\n\n<p><\/p>\n\n\n\n<p><\/p>\n\n\n\n<p><\/p>\n\n\n\n<p>(CA 360)<\/p>","protected":false},"excerpt":{"rendered":"<p>En 2025 se conmemoran 204 a\u00f1os desde que Honduras, Costa Rica, Nicaragua, El Salvador y Guatemala proclamaron su independencia, una fecha que contin\u00faa uniendo a millones de personas en toda la regi\u00f3n.<\/p>","protected":false},"author":2,"featured_media":4991,"comment_status":"open","ping_status":"open","sticky":false,"template":"","format":"standard","meta":{"_et_pb_use_builder":"off","_et_pb_old_content":"","_et_gb_content_width":"","footnotes":""},"categories":[245],"tags":[955,989,263,267,814],"class_list":["post-4990","post","type-post","status-publish","format-standard","has-post-thumbnail","hentry","category-internacionales","tag-15-de-septiembre","tag-belice","tag-centroamerica","tag-el-salvador","tag-panama"],"yoast_head":"<!-- This site is optimized with the Yoast SEO plugin v27.4 - https:\/\/yoast.com\/product\/yoast-seo-wordpress\/ -->\n<title>\u00bfConoces la historia detr\u00e1s del 15 de septiembre en Centroam\u00e9rica? - La G Noticias<\/title>\n<meta name=\"robots\" content=\"index, follow, max-snippet:-1, max-image-preview:large, max-video-preview:-1\" \/>\n<link rel=\"canonical\" href=\"https:\/\/lagnoticias.com\/en\/2025\/09\/15\/conoces-la-historia-detras-del-15-de-septiembre-en-centroamerica\/\" \/>\n<meta property=\"og:locale\" content=\"en_US\" \/>\n<meta property=\"og:type\" content=\"article\" \/>\n<meta property=\"og:title\" content=\"\u00bfConoces la historia detr\u00e1s del 15 de septiembre en Centroam\u00e9rica? - La G Noticias\" \/>\n<meta property=\"og:description\" content=\"En 2025 se conmemoran 204 a\u00f1os desde que Honduras, Costa Rica, Nicaragua, El Salvador y Guatemala proclamaron su independencia, una fecha que contin\u00faa uniendo a millones de personas en toda la regi\u00f3n.\" \/>\n<meta property=\"og:url\" content=\"https:\/\/lagnoticias.com\/en\/2025\/09\/15\/conoces-la-historia-detras-del-15-de-septiembre-en-centroamerica\/\" \/>\n<meta property=\"og:site_name\" content=\"La G Noticias\" \/>\n<meta property=\"article:publisher\" content=\"https:\/\/www.facebook.com\/LaGNoticias\" \/>\n<meta property=\"article:published_time\" content=\"2025-09-15T15:52:55+00:00\" \/>\n<meta property=\"article:modified_time\" content=\"2025-09-17T14:34:08+00:00\" \/>\n<meta property=\"og:image\" content=\"https:\/\/lagnoticias.com\/wp-content\/uploads\/2025\/09\/4-14.jpg\" \/>\n\t<meta property=\"og:image:width\" content=\"500\" \/>\n\t<meta property=\"og:image:height\" content=\"249\" \/>\n\t<meta property=\"og:image:type\" content=\"image\/jpeg\" \/>\n<meta name=\"author\" content=\"Oscar\" \/>\n<meta name=\"twitter:card\" content=\"summary_large_image\" \/>\n<meta name=\"twitter:creator\" content=\"@lagnoticias\" \/>\n<meta name=\"twitter:site\" content=\"@lagnoticias\" \/>\n<meta name=\"twitter:label1\" content=\"Written by\" \/>\n\t<meta name=\"twitter:data1\" content=\"Oscar\" \/>\n\t<meta name=\"twitter:label2\" content=\"Est. reading time\" \/>\n\t<meta name=\"twitter:data2\" content=\"2 minutes\" \/>\n<script type=\"application\/ld+json\" class=\"yoast-schema-graph\">{\"@context\":\"https:\\\/\\\/schema.org\",\"@graph\":[{\"@type\":\"Article\",\"@id\":\"https:\\\/\\\/lagnoticias.com\\\/2025\\\/09\\\/15\\\/conoces-la-historia-detras-del-15-de-septiembre-en-centroamerica\\\/#article\",\"isPartOf\":{\"@id\":\"https:\\\/\\\/lagnoticias.com\\\/2025\\\/09\\\/15\\\/conoces-la-historia-detras-del-15-de-septiembre-en-centroamerica\\\/\"},\"author\":{\"name\":\"Oscar\",\"@id\":\"https:\\\/\\\/lagnoticias.com\\\/#\\\/schema\\\/person\\\/cb9bfe13f8de05d2c55270be25c6a550\"},\"headline\":\"\u00bfConoces la historia detr\u00e1s del 15 de septiembre en Centroam\u00e9rica?\",\"datePublished\":\"2025-09-15T15:52:55+00:00\",\"dateModified\":\"2025-09-17T14:34:08+00:00\",\"mainEntityOfPage\":{\"@id\":\"https:\\\/\\\/lagnoticias.com\\\/2025\\\/09\\\/15\\\/conoces-la-historia-detras-del-15-de-septiembre-en-centroamerica\\\/\"},\"wordCount\":386,\"commentCount\":0,\"image\":{\"@id\":\"https:\\\/\\\/lagnoticias.com\\\/2025\\\/09\\\/15\\\/conoces-la-historia-detras-del-15-de-septiembre-en-centroamerica\\\/#primaryimage\"},\"thumbnailUrl\":\"https:\\\/\\\/lagnoticias.com\\\/wp-content\\\/uploads\\\/2025\\\/09\\\/4-14.jpg\",\"keywords\":[\"15 DE SEPTIEMBRE\",\"BELICE\",\"CENTROAM\u00c9RICA\",\"EL SALVADOR\",\"PANAM\u00c1\"],\"articleSection\":[\"INTERNACIONALES\"],\"inLanguage\":\"en-US\",\"potentialAction\":[{\"@type\":\"CommentAction\",\"name\":\"Comment\",\"target\":[\"https:\\\/\\\/lagnoticias.com\\\/2025\\\/09\\\/15\\\/conoces-la-historia-detras-del-15-de-septiembre-en-centroamerica\\\/#respond\"]}]},{\"@type\":\"WebPage\",\"@id\":\"https:\\\/\\\/lagnoticias.com\\\/2025\\\/09\\\/15\\\/conoces-la-historia-detras-del-15-de-septiembre-en-centroamerica\\\/\",\"url\":\"https:\\\/\\\/lagnoticias.com\\\/2025\\\/09\\\/15\\\/conoces-la-historia-detras-del-15-de-septiembre-en-centroamerica\\\/\",\"name\":\"\u00bfConoces la historia detr\u00e1s del 15 de septiembre en Centroam\u00e9rica? - La G Noticias\",\"isPartOf\":{\"@id\":\"https:\\\/\\\/lagnoticias.com\\\/#website\"},\"primaryImageOfPage\":{\"@id\":\"https:\\\/\\\/lagnoticias.com\\\/2025\\\/09\\\/15\\\/conoces-la-historia-detras-del-15-de-septiembre-en-centroamerica\\\/#primaryimage\"},\"image\":{\"@id\":\"https:\\\/\\\/lagnoticias.com\\\/2025\\\/09\\\/15\\\/conoces-la-historia-detras-del-15-de-septiembre-en-centroamerica\\\/#primaryimage\"},\"thumbnailUrl\":\"https:\\\/\\\/lagnoticias.com\\\/wp-content\\\/uploads\\\/2025\\\/09\\\/4-14.jpg\",\"datePublished\":\"2025-09-15T15:52:55+00:00\",\"dateModified\":\"2025-09-17T14:34:08+00:00\",\"author\":{\"@id\":\"https:\\\/\\\/lagnoticias.com\\\/#\\\/schema\\\/person\\\/cb9bfe13f8de05d2c55270be25c6a550\"},\"breadcrumb\":{\"@id\":\"https:\\\/\\\/lagnoticias.com\\\/2025\\\/09\\\/15\\\/conoces-la-historia-detras-del-15-de-septiembre-en-centroamerica\\\/#breadcrumb\"},\"inLanguage\":\"en-US\",\"potentialAction\":[{\"@type\":\"ReadAction\",\"target\":[\"https:\\\/\\\/lagnoticias.com\\\/2025\\\/09\\\/15\\\/conoces-la-historia-detras-del-15-de-septiembre-en-centroamerica\\\/\"]}]},{\"@type\":\"ImageObject\",\"inLanguage\":\"en-US\",\"@id\":\"https:\\\/\\\/lagnoticias.com\\\/2025\\\/09\\\/15\\\/conoces-la-historia-detras-del-15-de-septiembre-en-centroamerica\\\/#primaryimage\",\"url\":\"https:\\\/\\\/lagnoticias.com\\\/wp-content\\\/uploads\\\/2025\\\/09\\\/4-14.jpg\",\"contentUrl\":\"https:\\\/\\\/lagnoticias.com\\\/wp-content\\\/uploads\\\/2025\\\/09\\\/4-14.jpg\",\"width\":500,\"height\":249,\"caption\":\"220702021 CUADROS DE PINTURA DE LA FIRMA DE INDEPENDENCIA Y PINTURAS DE EL GENERAL GERARDO BARRIOS.\"},{\"@type\":\"BreadcrumbList\",\"@id\":\"https:\\\/\\\/lagnoticias.com\\\/2025\\\/09\\\/15\\\/conoces-la-historia-detras-del-15-de-septiembre-en-centroamerica\\\/#breadcrumb\",\"itemListElement\":[{\"@type\":\"ListItem\",\"position\":1,\"name\":\"Portada\",\"item\":\"https:\\\/\\\/lagnoticias.com\\\/\"},{\"@type\":\"ListItem\",\"position\":2,\"name\":\"\u00bfConoces la historia detr\u00e1s del 15 de septiembre en Centroam\u00e9rica?\"}]},{\"@type\":\"WebSite\",\"@id\":\"https:\\\/\\\/lagnoticias.com\\\/#website\",\"url\":\"https:\\\/\\\/lagnoticias.com\\\/\",\"name\":\"La G Noticias\",\"description\":\"Noticias Positivas\",\"potentialAction\":[{\"@type\":\"SearchAction\",\"target\":{\"@type\":\"EntryPoint\",\"urlTemplate\":\"https:\\\/\\\/lagnoticias.com\\\/?s={search_term_string}\"},\"query-input\":{\"@type\":\"PropertyValueSpecification\",\"valueRequired\":true,\"valueName\":\"search_term_string\"}}],\"inLanguage\":\"en-US\"},{\"@type\":\"Person\",\"@id\":\"https:\\\/\\\/lagnoticias.com\\\/#\\\/schema\\\/person\\\/cb9bfe13f8de05d2c55270be25c6a550\",\"name\":\"Oscar\",\"image\":{\"@type\":\"ImageObject\",\"inLanguage\":\"en-US\",\"@id\":\"https:\\\/\\\/secure.gravatar.com\\\/avatar\\\/45c195718f652dc7ffdd591dc1f2678956ab7fdadcd359a635edc61304a8c757?s=96&d=mm&r=g\",\"url\":\"https:\\\/\\\/secure.gravatar.com\\\/avatar\\\/45c195718f652dc7ffdd591dc1f2678956ab7fdadcd359a635edc61304a8c757?s=96&d=mm&r=g\",\"contentUrl\":\"https:\\\/\\\/secure.gravatar.com\\\/avatar\\\/45c195718f652dc7ffdd591dc1f2678956ab7fdadcd359a635edc61304a8c757?s=96&d=mm&r=g\",\"caption\":\"Oscar\"},\"url\":\"https:\\\/\\\/lagnoticias.com\\\/en\\\/author\\\/oscar\\\/\"}]}<\/script>\n<!-- \/ Yoast SEO plugin. -->","yoast_head_json":{"title":"\u00bfConoces la historia detr\u00e1s del 15 de septiembre en Centroam\u00e9rica? - La G Noticias","robots":{"index":"index","follow":"follow","max-snippet":"max-snippet:-1","max-image-preview":"max-image-preview:large","max-video-preview":"max-video-preview:-1"},"canonical":"https:\/\/lagnoticias.com\/en\/2025\/09\/15\/conoces-la-historia-detras-del-15-de-septiembre-en-centroamerica\/","og_locale":"en_US","og_type":"article","og_title":"\u00bfConoces la historia detr\u00e1s del 15 de septiembre en Centroam\u00e9rica? - La G Noticias","og_description":"En 2025 se conmemoran 204 a\u00f1os desde que Honduras, Costa Rica, Nicaragua, El Salvador y Guatemala proclamaron su independencia, una fecha que contin\u00faa uniendo a millones de personas en toda la regi\u00f3n.","og_url":"https:\/\/lagnoticias.com\/en\/2025\/09\/15\/conoces-la-historia-detras-del-15-de-septiembre-en-centroamerica\/","og_site_name":"La G Noticias","article_publisher":"https:\/\/www.facebook.com\/LaGNoticias","article_published_time":"2025-09-15T15:52:55+00:00","article_modified_time":"2025-09-17T14:34:08+00:00","og_image":[{"width":500,"height":249,"url":"https:\/\/lagnoticias.com\/wp-content\/uploads\/2025\/09\/4-14.jpg","type":"image\/jpeg"}],"author":"Oscar","twitter_card":"summary_large_image","twitter_creator":"@lagnoticias","twitter_site":"@lagnoticias","twitter_misc":{"Written by":"Oscar","Est. reading time":"2 minutes"},"schema":{"@context":"https:\/\/schema.org","@graph":[{"@type":"Article","@id":"https:\/\/lagnoticias.com\/2025\/09\/15\/conoces-la-historia-detras-del-15-de-septiembre-en-centroamerica\/#article","isPartOf":{"@id":"https:\/\/lagnoticias.com\/2025\/09\/15\/conoces-la-historia-detras-del-15-de-septiembre-en-centroamerica\/"},"author":{"name":"Oscar","@id":"https:\/\/lagnoticias.com\/#\/schema\/person\/cb9bfe13f8de05d2c55270be25c6a550"},"headline":"\u00bfConoces la historia detr\u00e1s del 15 de septiembre en Centroam\u00e9rica?","datePublished":"2025-09-15T15:52:55+00:00","dateModified":"2025-09-17T14:34:08+00:00","mainEntityOfPage":{"@id":"https:\/\/lagnoticias.com\/2025\/09\/15\/conoces-la-historia-detras-del-15-de-septiembre-en-centroamerica\/"},"wordCount":386,"commentCount":0,"image":{"@id":"https:\/\/lagnoticias.com\/2025\/09\/15\/conoces-la-historia-detras-del-15-de-septiembre-en-centroamerica\/#primaryimage"},"thumbnailUrl":"https:\/\/lagnoticias.com\/wp-content\/uploads\/2025\/09\/4-14.jpg","keywords":["15 DE SEPTIEMBRE","BELICE","CENTROAM\u00c9RICA","EL SALVADOR","PANAM\u00c1"],"articleSection":["INTERNACIONALES"],"inLanguage":"en-US","potentialAction":[{"@type":"CommentAction","name":"Comment","target":["https:\/\/lagnoticias.com\/2025\/09\/15\/conoces-la-historia-detras-del-15-de-septiembre-en-centroamerica\/#respond"]}]},{"@type":"WebPage","@id":"https:\/\/lagnoticias.com\/2025\/09\/15\/conoces-la-historia-detras-del-15-de-septiembre-en-centroamerica\/","url":"https:\/\/lagnoticias.com\/2025\/09\/15\/conoces-la-historia-detras-del-15-de-septiembre-en-centroamerica\/","name":"\u00bfConoces la historia detr\u00e1s del 15 de septiembre en Centroam\u00e9rica? - La G Noticias","isPartOf":{"@id":"https:\/\/lagnoticias.com\/#website"},"primaryImageOfPage":{"@id":"https:\/\/lagnoticias.com\/2025\/09\/15\/conoces-la-historia-detras-del-15-de-septiembre-en-centroamerica\/#primaryimage"},"image":{"@id":"https:\/\/lagnoticias.com\/2025\/09\/15\/conoces-la-historia-detras-del-15-de-septiembre-en-centroamerica\/#primaryimage"},"thumbnailUrl":"https:\/\/lagnoticias.com\/wp-content\/uploads\/2025\/09\/4-14.jpg","datePublished":"2025-09-15T15:52:55+00:00","dateModified":"2025-09-17T14:34:08+00:00","author":{"@id":"https:\/\/lagnoticias.com\/#\/schema\/person\/cb9bfe13f8de05d2c55270be25c6a550"},"breadcrumb":{"@id":"https:\/\/lagnoticias.com\/2025\/09\/15\/conoces-la-historia-detras-del-15-de-septiembre-en-centroamerica\/#breadcrumb"},"inLanguage":"en-US","potentialAction":[{"@type":"ReadAction","target":["https:\/\/lagnoticias.com\/2025\/09\/15\/conoces-la-historia-detras-del-15-de-septiembre-en-centroamerica\/"]}]},{"@type":"ImageObject","inLanguage":"en-US","@id":"https:\/\/lagnoticias.com\/2025\/09\/15\/conoces-la-historia-detras-del-15-de-septiembre-en-centroamerica\/#primaryimage","url":"https:\/\/lagnoticias.com\/wp-content\/uploads\/2025\/09\/4-14.jpg","contentUrl":"https:\/\/lagnoticias.com\/wp-content\/uploads\/2025\/09\/4-14.jpg","width":500,"height":249,"caption":"220702021 CUADROS DE PINTURA DE LA FIRMA DE INDEPENDENCIA Y PINTURAS DE EL GENERAL GERARDO BARRIOS."},{"@type":"BreadcrumbList","@id":"https:\/\/lagnoticias.com\/2025\/09\/15\/conoces-la-historia-detras-del-15-de-septiembre-en-centroamerica\/#breadcrumb","itemListElement":[{"@type":"ListItem","position":1,"name":"Portada","item":"https:\/\/lagnoticias.com\/"},{"@type":"ListItem","position":2,"name":"\u00bfConoces la historia detr\u00e1s del 15 de septiembre en Centroam\u00e9rica?"}]},{"@type":"WebSite","@id":"https:\/\/lagnoticias.com\/#website","url":"https:\/\/lagnoticias.com\/","name":"La G Noticias","description":"Noticias Positivas","potentialAction":[{"@type":"SearchAction","target":{"@type":"EntryPoint","urlTemplate":"https:\/\/lagnoticias.com\/?s={search_term_string}"},"query-input":{"@type":"PropertyValueSpecification","valueRequired":true,"valueName":"search_term_string"}}],"inLanguage":"en-US"},{"@type":"Person","@id":"https:\/\/lagnoticias.com\/#\/schema\/person\/cb9bfe13f8de05d2c55270be25c6a550","name":"Oscar","image":{"@type":"ImageObject","inLanguage":"en-US","@id":"https:\/\/secure.gravatar.com\/avatar\/45c195718f652dc7ffdd591dc1f2678956ab7fdadcd359a635edc61304a8c757?s=96&d=mm&r=g","url":"https:\/\/secure.gravatar.com\/avatar\/45c195718f652dc7ffdd591dc1f2678956ab7fdadcd359a635edc61304a8c757?s=96&d=mm&r=g","contentUrl":"https:\/\/secure.gravatar.com\/avatar\/45c195718f652dc7ffdd591dc1f2678956ab7fdadcd359a635edc61304a8c757?s=96&d=mm&r=g","caption":"Oscar"},"url":"https:\/\/lagnoticias.com\/en\/author\/oscar\/"}]}},"_links":{"self":[{"href":"https:\/\/lagnoticias.com\/en\/wp-json\/wp\/v2\/posts\/4990","targetHints":{"allow":["GET"]}}],"collection":[{"href":"https:\/\/lagnoticias.com\/en\/wp-json\/wp\/v2\/posts"}],"about":[{"href":"https:\/\/lagnoticias.com\/en\/wp-json\/wp\/v2\/types\/post"}],"author":[{"embeddable":true,"href":"https:\/\/lagnoticias.com\/en\/wp-json\/wp\/v2\/users\/2"}],"replies":[{"embeddable":true,"href":"https:\/\/lagnoticias.com\/en\/wp-json\/wp\/v2\/comments?post=4990"}],"version-history":[{"count":1,"href":"https:\/\/lagnoticias.com\/en\/wp-json\/wp\/v2\/posts\/4990\/revisions"}],"predecessor-version":[{"id":4992,"href":"https:\/\/lagnoticias.com\/en\/wp-json\/wp\/v2\/posts\/4990\/revisions\/4992"}],"wp:featuredmedia":[{"embeddable":true,"href":"https:\/\/lagnoticias.com\/en\/wp-json\/wp\/v2\/media\/4991"}],"wp:attachment":[{"href":"https:\/\/lagnoticias.com\/en\/wp-json\/wp\/v2\/media?parent=4990"}],"wp:term":[{"taxonomy":"category","embeddable":true,"href":"https:\/\/lagnoticias.com\/en\/wp-json\/wp\/v2\/categories?post=4990"},{"taxonomy":"post_tag","embeddable":true,"href":"https:\/\/lagnoticias.com\/en\/wp-json\/wp\/v2\/tags?post=4990"}],"curies":[{"name":"wp","href":"https:\/\/api.w.org\/{rel}","templated":true}]}}