{"id":4986,"date":"2025-09-14T12:01:51","date_gmt":"2025-09-14T18:01:51","guid":{"rendered":"https:\/\/lagnoticias.com\/?p=4986"},"modified":"2025-09-17T08:33:59","modified_gmt":"2025-09-17T14:33:59","slug":"el-teatro-presidente-se-lleno-de-musica-con-el-concierto-de-independencia","status":"publish","type":"post","link":"https:\/\/lagnoticias.com\/en\/2025\/09\/14\/el-teatro-presidente-se-lleno-de-musica-con-el-concierto-de-independencia\/","title":{"rendered":"El Teatro Presidente se llen\u00f3 de m\u00fasica con el concierto de Independencia"},"content":{"rendered":"<p>Como parte de la agenda conmemorativa de los 204 a\u00f1os de independencia, la noche de este s\u00e1bado, el Teatro Presidente se llen\u00f3 de m\u00fasica con el Concierto de Independencia, organizado por el Ministerio de Cultura.<\/p>\n\n\n\n<p>\u201cEsta no es solo una velada art\u00edstica, es un acto de memoria y de futuro, un s\u00edmbolo de lo que somos y de lo que estamos construyendo como naci\u00f3n.<\/p>\n\n\n\n<p>\u00abLa independencia no puede reducirse a una fecha, es un compromiso vivo\u201d, expres\u00f3 el ministro de Cultura, Ra\u00fal Castillo.<\/p>\n\n\n\n<h2 class=\"wp-block-heading\">Este escenario fue testigo de un encuentro generacional<\/h2>\n\n\n\n<p>Los j\u00f3venes de la Orquesta Sinf\u00f3nica Juvenil y el programa Coral de la Escuela Nacional de M\u00fasica se unieron a la experiencia y al talento de la Orquesta Sinf\u00f3nica de El Salvador.<\/p>\n\n\n\n<p>Asimismo, hizo un reconocimiento especial a la Escuela Nacional de M\u00fasica y destac\u00f3 que esto no habr\u00eda sido posible sin la visi\u00f3n y el compromiso de la Primera Dama Gabriela de Bukele, quien gracias a su esfuerzo ha permitido que miles de ni\u00f1os y j\u00f3venes tengan acceso a formaci\u00f3n musical de calidad.<\/p>\n\n\n\n<p><\/p>\n\n\n\n<figure class=\"wp-block-image aligncenter size-large\"><img loading=\"lazy\" decoding=\"async\" width=\"1024\" height=\"683\" src=\"https:\/\/lagnoticias.com\/wp-content\/uploads\/2025\/09\/547143308_1146851850952407_1622336760198329710_n-1024x683.jpg\" alt=\"\" class=\"wp-image-4988\" srcset=\"https:\/\/lagnoticias.com\/wp-content\/uploads\/2025\/09\/547143308_1146851850952407_1622336760198329710_n-980x654.jpg 980w, https:\/\/lagnoticias.com\/wp-content\/uploads\/2025\/09\/547143308_1146851850952407_1622336760198329710_n-480x320.jpg 480w\" sizes=\"(min-width: 0px) and (max-width: 480px) 480px, (min-width: 481px) and (max-width: 980px) 980px, (min-width: 981px) 1024px, 100vw\" \/><\/figure>\n\n\n\n<p><\/p>\n\n\n\n<p>\u201cEsta actividad es fruto de lo que han trabajado los chicos desde que inici\u00f3 la escuela en noviembre del a\u00f1o pasado y que gracias a Dios hoy tenemos esta oportunidad de escuchar, disfrutar con toda la poblaci\u00f3n. <\/p>\n\n\n\n<p>\u00abSentimos ese orgullo, los 365 d\u00edas del a\u00f1o de tener un pa\u00eds que goce de tranquilidad, de paz, de libertad, que es justamente alguno de los valores que se destacan en este mes\u201d, dijo Castillo.<\/p>\n\n\n\n<p>Durante el evento, los asistentes pudieron disfrutar de presentaciones musicales que combinaron tradici\u00f3n y modernidad, mostrando el trabajo constante de los estudiantes y de los profesionales que integran las distintas orquestas y coros del pa\u00eds.<\/p>\n\n\n\n<p>Actividades como la conmemoraci\u00f3n de la independencia salvadore\u00f1a con m\u00fasica y talento nacional reflejan la dedicaci\u00f3n por construir un pa\u00eds donde la cultura est\u00e9 al alcance de todos.<\/p>","protected":false},"excerpt":{"rendered":"<p>Como parte de la agenda conmemorativa de los 204 a\u00f1os de independencia, la noche de este s\u00e1bado, el Teatro Presidente se llen\u00f3 de m\u00fasica con el Concierto de Independencia, organizado por el Ministerio de Cultura. \u201cEsta no es solo una velada art\u00edstica, es un acto de memoria y de futuro, un s\u00edmbolo de lo que [&hellip;]<\/p>","protected":false},"author":2,"featured_media":4987,"comment_status":"open","ping_status":"open","sticky":false,"template":"","format":"standard","meta":{"_et_pb_use_builder":"off","_et_pb_old_content":"","_et_gb_content_width":"","footnotes":""},"categories":[244],"tags":[],"class_list":["post-4986","post","type-post","status-publish","format-standard","has-post-thumbnail","hentry","category-nacionales"],"yoast_head":"<!-- This site is optimized with the Yoast SEO plugin v27.4 - https:\/\/yoast.com\/product\/yoast-seo-wordpress\/ -->\n<title>El Teatro Presidente se llen\u00f3 de m\u00fasica con el concierto de Independencia - La G Noticias<\/title>\n<meta name=\"robots\" content=\"index, follow, max-snippet:-1, max-image-preview:large, max-video-preview:-1\" \/>\n<link rel=\"canonical\" href=\"https:\/\/lagnoticias.com\/en\/2025\/09\/14\/el-teatro-presidente-se-lleno-de-musica-con-el-concierto-de-independencia\/\" \/>\n<meta property=\"og:locale\" content=\"en_US\" \/>\n<meta property=\"og:type\" content=\"article\" \/>\n<meta property=\"og:title\" content=\"El Teatro Presidente se llen\u00f3 de m\u00fasica con el concierto de Independencia - La G Noticias\" \/>\n<meta property=\"og:description\" content=\"Como parte de la agenda conmemorativa de los 204 a\u00f1os de independencia, la noche de este s\u00e1bado, el Teatro Presidente se llen\u00f3 de m\u00fasica con el Concierto de Independencia, organizado por el Ministerio de Cultura. \u201cEsta no es solo una velada art\u00edstica, es un acto de memoria y de futuro, un s\u00edmbolo de lo que [&hellip;]\" \/>\n<meta property=\"og:url\" content=\"https:\/\/lagnoticias.com\/en\/2025\/09\/14\/el-teatro-presidente-se-lleno-de-musica-con-el-concierto-de-independencia\/\" \/>\n<meta property=\"og:site_name\" content=\"La G Noticias\" \/>\n<meta property=\"article:publisher\" content=\"https:\/\/www.facebook.com\/LaGNoticias\" \/>\n<meta property=\"article:published_time\" content=\"2025-09-14T18:01:51+00:00\" \/>\n<meta property=\"article:modified_time\" content=\"2025-09-17T14:33:59+00:00\" \/>\n<meta property=\"og:image\" content=\"https:\/\/lagnoticias.com\/wp-content\/uploads\/2025\/09\/548971714_1146833040954288_536443595620861406_n.jpg\" \/>\n\t<meta property=\"og:image:width\" content=\"2048\" \/>\n\t<meta property=\"og:image:height\" content=\"1365\" \/>\n\t<meta property=\"og:image:type\" content=\"image\/jpeg\" \/>\n<meta name=\"author\" content=\"Oscar\" \/>\n<meta name=\"twitter:card\" content=\"summary_large_image\" \/>\n<meta name=\"twitter:creator\" content=\"@lagnoticias\" \/>\n<meta name=\"twitter:site\" content=\"@lagnoticias\" \/>\n<meta name=\"twitter:label1\" content=\"Written by\" \/>\n\t<meta name=\"twitter:data1\" content=\"Oscar\" \/>\n\t<meta name=\"twitter:label2\" content=\"Est. reading time\" \/>\n\t<meta name=\"twitter:data2\" content=\"2 minutes\" \/>\n<script type=\"application\/ld+json\" class=\"yoast-schema-graph\">{\"@context\":\"https:\\\/\\\/schema.org\",\"@graph\":[{\"@type\":\"Article\",\"@id\":\"https:\\\/\\\/lagnoticias.com\\\/2025\\\/09\\\/14\\\/el-teatro-presidente-se-lleno-de-musica-con-el-concierto-de-independencia\\\/#article\",\"isPartOf\":{\"@id\":\"https:\\\/\\\/lagnoticias.com\\\/2025\\\/09\\\/14\\\/el-teatro-presidente-se-lleno-de-musica-con-el-concierto-de-independencia\\\/\"},\"author\":{\"name\":\"Oscar\",\"@id\":\"https:\\\/\\\/lagnoticias.com\\\/#\\\/schema\\\/person\\\/cb9bfe13f8de05d2c55270be25c6a550\"},\"headline\":\"El Teatro Presidente se llen\u00f3 de m\u00fasica con el concierto de Independencia\",\"datePublished\":\"2025-09-14T18:01:51+00:00\",\"dateModified\":\"2025-09-17T14:33:59+00:00\",\"mainEntityOfPage\":{\"@id\":\"https:\\\/\\\/lagnoticias.com\\\/2025\\\/09\\\/14\\\/el-teatro-presidente-se-lleno-de-musica-con-el-concierto-de-independencia\\\/\"},\"wordCount\":350,\"commentCount\":0,\"image\":{\"@id\":\"https:\\\/\\\/lagnoticias.com\\\/2025\\\/09\\\/14\\\/el-teatro-presidente-se-lleno-de-musica-con-el-concierto-de-independencia\\\/#primaryimage\"},\"thumbnailUrl\":\"https:\\\/\\\/lagnoticias.com\\\/wp-content\\\/uploads\\\/2025\\\/09\\\/548971714_1146833040954288_536443595620861406_n.jpg\",\"articleSection\":[\"NACIONALES\"],\"inLanguage\":\"en-US\",\"potentialAction\":[{\"@type\":\"CommentAction\",\"name\":\"Comment\",\"target\":[\"https:\\\/\\\/lagnoticias.com\\\/2025\\\/09\\\/14\\\/el-teatro-presidente-se-lleno-de-musica-con-el-concierto-de-independencia\\\/#respond\"]}]},{\"@type\":\"WebPage\",\"@id\":\"https:\\\/\\\/lagnoticias.com\\\/2025\\\/09\\\/14\\\/el-teatro-presidente-se-lleno-de-musica-con-el-concierto-de-independencia\\\/\",\"url\":\"https:\\\/\\\/lagnoticias.com\\\/2025\\\/09\\\/14\\\/el-teatro-presidente-se-lleno-de-musica-con-el-concierto-de-independencia\\\/\",\"name\":\"El Teatro Presidente se llen\u00f3 de m\u00fasica con el concierto de Independencia - La G Noticias\",\"isPartOf\":{\"@id\":\"https:\\\/\\\/lagnoticias.com\\\/#website\"},\"primaryImageOfPage\":{\"@id\":\"https:\\\/\\\/lagnoticias.com\\\/2025\\\/09\\\/14\\\/el-teatro-presidente-se-lleno-de-musica-con-el-concierto-de-independencia\\\/#primaryimage\"},\"image\":{\"@id\":\"https:\\\/\\\/lagnoticias.com\\\/2025\\\/09\\\/14\\\/el-teatro-presidente-se-lleno-de-musica-con-el-concierto-de-independencia\\\/#primaryimage\"},\"thumbnailUrl\":\"https:\\\/\\\/lagnoticias.com\\\/wp-content\\\/uploads\\\/2025\\\/09\\\/548971714_1146833040954288_536443595620861406_n.jpg\",\"datePublished\":\"2025-09-14T18:01:51+00:00\",\"dateModified\":\"2025-09-17T14:33:59+00:00\",\"author\":{\"@id\":\"https:\\\/\\\/lagnoticias.com\\\/#\\\/schema\\\/person\\\/cb9bfe13f8de05d2c55270be25c6a550\"},\"breadcrumb\":{\"@id\":\"https:\\\/\\\/lagnoticias.com\\\/2025\\\/09\\\/14\\\/el-teatro-presidente-se-lleno-de-musica-con-el-concierto-de-independencia\\\/#breadcrumb\"},\"inLanguage\":\"en-US\",\"potentialAction\":[{\"@type\":\"ReadAction\",\"target\":[\"https:\\\/\\\/lagnoticias.com\\\/2025\\\/09\\\/14\\\/el-teatro-presidente-se-lleno-de-musica-con-el-concierto-de-independencia\\\/\"]}]},{\"@type\":\"ImageObject\",\"inLanguage\":\"en-US\",\"@id\":\"https:\\\/\\\/lagnoticias.com\\\/2025\\\/09\\\/14\\\/el-teatro-presidente-se-lleno-de-musica-con-el-concierto-de-independencia\\\/#primaryimage\",\"url\":\"https:\\\/\\\/lagnoticias.com\\\/wp-content\\\/uploads\\\/2025\\\/09\\\/548971714_1146833040954288_536443595620861406_n.jpg\",\"contentUrl\":\"https:\\\/\\\/lagnoticias.com\\\/wp-content\\\/uploads\\\/2025\\\/09\\\/548971714_1146833040954288_536443595620861406_n.jpg\",\"width\":2048,\"height\":1365},{\"@type\":\"BreadcrumbList\",\"@id\":\"https:\\\/\\\/lagnoticias.com\\\/2025\\\/09\\\/14\\\/el-teatro-presidente-se-lleno-de-musica-con-el-concierto-de-independencia\\\/#breadcrumb\",\"itemListElement\":[{\"@type\":\"ListItem\",\"position\":1,\"name\":\"Portada\",\"item\":\"https:\\\/\\\/lagnoticias.com\\\/\"},{\"@type\":\"ListItem\",\"position\":2,\"name\":\"El Teatro Presidente se llen\u00f3 de m\u00fasica con el concierto de Independencia\"}]},{\"@type\":\"WebSite\",\"@id\":\"https:\\\/\\\/lagnoticias.com\\\/#website\",\"url\":\"https:\\\/\\\/lagnoticias.com\\\/\",\"name\":\"La G Noticias\",\"description\":\"Noticias Positivas\",\"potentialAction\":[{\"@type\":\"SearchAction\",\"target\":{\"@type\":\"EntryPoint\",\"urlTemplate\":\"https:\\\/\\\/lagnoticias.com\\\/?s={search_term_string}\"},\"query-input\":{\"@type\":\"PropertyValueSpecification\",\"valueRequired\":true,\"valueName\":\"search_term_string\"}}],\"inLanguage\":\"en-US\"},{\"@type\":\"Person\",\"@id\":\"https:\\\/\\\/lagnoticias.com\\\/#\\\/schema\\\/person\\\/cb9bfe13f8de05d2c55270be25c6a550\",\"name\":\"Oscar\",\"image\":{\"@type\":\"ImageObject\",\"inLanguage\":\"en-US\",\"@id\":\"https:\\\/\\\/secure.gravatar.com\\\/avatar\\\/45c195718f652dc7ffdd591dc1f2678956ab7fdadcd359a635edc61304a8c757?s=96&d=mm&r=g\",\"url\":\"https:\\\/\\\/secure.gravatar.com\\\/avatar\\\/45c195718f652dc7ffdd591dc1f2678956ab7fdadcd359a635edc61304a8c757?s=96&d=mm&r=g\",\"contentUrl\":\"https:\\\/\\\/secure.gravatar.com\\\/avatar\\\/45c195718f652dc7ffdd591dc1f2678956ab7fdadcd359a635edc61304a8c757?s=96&d=mm&r=g\",\"caption\":\"Oscar\"},\"url\":\"https:\\\/\\\/lagnoticias.com\\\/en\\\/author\\\/oscar\\\/\"}]}<\/script>\n<!-- \/ Yoast SEO plugin. -->","yoast_head_json":{"title":"El Teatro Presidente se llen\u00f3 de m\u00fasica con el concierto de Independencia - La G Noticias","robots":{"index":"index","follow":"follow","max-snippet":"max-snippet:-1","max-image-preview":"max-image-preview:large","max-video-preview":"max-video-preview:-1"},"canonical":"https:\/\/lagnoticias.com\/en\/2025\/09\/14\/el-teatro-presidente-se-lleno-de-musica-con-el-concierto-de-independencia\/","og_locale":"en_US","og_type":"article","og_title":"El Teatro Presidente se llen\u00f3 de m\u00fasica con el concierto de Independencia - La G Noticias","og_description":"Como parte de la agenda conmemorativa de los 204 a\u00f1os de independencia, la noche de este s\u00e1bado, el Teatro Presidente se llen\u00f3 de m\u00fasica con el Concierto de Independencia, organizado por el Ministerio de Cultura. \u201cEsta no es solo una velada art\u00edstica, es un acto de memoria y de futuro, un s\u00edmbolo de lo que [&hellip;]","og_url":"https:\/\/lagnoticias.com\/en\/2025\/09\/14\/el-teatro-presidente-se-lleno-de-musica-con-el-concierto-de-independencia\/","og_site_name":"La G Noticias","article_publisher":"https:\/\/www.facebook.com\/LaGNoticias","article_published_time":"2025-09-14T18:01:51+00:00","article_modified_time":"2025-09-17T14:33:59+00:00","og_image":[{"width":2048,"height":1365,"url":"https:\/\/lagnoticias.com\/wp-content\/uploads\/2025\/09\/548971714_1146833040954288_536443595620861406_n.jpg","type":"image\/jpeg"}],"author":"Oscar","twitter_card":"summary_large_image","twitter_creator":"@lagnoticias","twitter_site":"@lagnoticias","twitter_misc":{"Written by":"Oscar","Est. reading time":"2 minutes"},"schema":{"@context":"https:\/\/schema.org","@graph":[{"@type":"Article","@id":"https:\/\/lagnoticias.com\/2025\/09\/14\/el-teatro-presidente-se-lleno-de-musica-con-el-concierto-de-independencia\/#article","isPartOf":{"@id":"https:\/\/lagnoticias.com\/2025\/09\/14\/el-teatro-presidente-se-lleno-de-musica-con-el-concierto-de-independencia\/"},"author":{"name":"Oscar","@id":"https:\/\/lagnoticias.com\/#\/schema\/person\/cb9bfe13f8de05d2c55270be25c6a550"},"headline":"El Teatro Presidente se llen\u00f3 de m\u00fasica con el concierto de Independencia","datePublished":"2025-09-14T18:01:51+00:00","dateModified":"2025-09-17T14:33:59+00:00","mainEntityOfPage":{"@id":"https:\/\/lagnoticias.com\/2025\/09\/14\/el-teatro-presidente-se-lleno-de-musica-con-el-concierto-de-independencia\/"},"wordCount":350,"commentCount":0,"image":{"@id":"https:\/\/lagnoticias.com\/2025\/09\/14\/el-teatro-presidente-se-lleno-de-musica-con-el-concierto-de-independencia\/#primaryimage"},"thumbnailUrl":"https:\/\/lagnoticias.com\/wp-content\/uploads\/2025\/09\/548971714_1146833040954288_536443595620861406_n.jpg","articleSection":["NACIONALES"],"inLanguage":"en-US","potentialAction":[{"@type":"CommentAction","name":"Comment","target":["https:\/\/lagnoticias.com\/2025\/09\/14\/el-teatro-presidente-se-lleno-de-musica-con-el-concierto-de-independencia\/#respond"]}]},{"@type":"WebPage","@id":"https:\/\/lagnoticias.com\/2025\/09\/14\/el-teatro-presidente-se-lleno-de-musica-con-el-concierto-de-independencia\/","url":"https:\/\/lagnoticias.com\/2025\/09\/14\/el-teatro-presidente-se-lleno-de-musica-con-el-concierto-de-independencia\/","name":"El Teatro Presidente se llen\u00f3 de m\u00fasica con el concierto de Independencia - La G Noticias","isPartOf":{"@id":"https:\/\/lagnoticias.com\/#website"},"primaryImageOfPage":{"@id":"https:\/\/lagnoticias.com\/2025\/09\/14\/el-teatro-presidente-se-lleno-de-musica-con-el-concierto-de-independencia\/#primaryimage"},"image":{"@id":"https:\/\/lagnoticias.com\/2025\/09\/14\/el-teatro-presidente-se-lleno-de-musica-con-el-concierto-de-independencia\/#primaryimage"},"thumbnailUrl":"https:\/\/lagnoticias.com\/wp-content\/uploads\/2025\/09\/548971714_1146833040954288_536443595620861406_n.jpg","datePublished":"2025-09-14T18:01:51+00:00","dateModified":"2025-09-17T14:33:59+00:00","author":{"@id":"https:\/\/lagnoticias.com\/#\/schema\/person\/cb9bfe13f8de05d2c55270be25c6a550"},"breadcrumb":{"@id":"https:\/\/lagnoticias.com\/2025\/09\/14\/el-teatro-presidente-se-lleno-de-musica-con-el-concierto-de-independencia\/#breadcrumb"},"inLanguage":"en-US","potentialAction":[{"@type":"ReadAction","target":["https:\/\/lagnoticias.com\/2025\/09\/14\/el-teatro-presidente-se-lleno-de-musica-con-el-concierto-de-independencia\/"]}]},{"@type":"ImageObject","inLanguage":"en-US","@id":"https:\/\/lagnoticias.com\/2025\/09\/14\/el-teatro-presidente-se-lleno-de-musica-con-el-concierto-de-independencia\/#primaryimage","url":"https:\/\/lagnoticias.com\/wp-content\/uploads\/2025\/09\/548971714_1146833040954288_536443595620861406_n.jpg","contentUrl":"https:\/\/lagnoticias.com\/wp-content\/uploads\/2025\/09\/548971714_1146833040954288_536443595620861406_n.jpg","width":2048,"height":1365},{"@type":"BreadcrumbList","@id":"https:\/\/lagnoticias.com\/2025\/09\/14\/el-teatro-presidente-se-lleno-de-musica-con-el-concierto-de-independencia\/#breadcrumb","itemListElement":[{"@type":"ListItem","position":1,"name":"Portada","item":"https:\/\/lagnoticias.com\/"},{"@type":"ListItem","position":2,"name":"El Teatro Presidente se llen\u00f3 de m\u00fasica con el concierto de Independencia"}]},{"@type":"WebSite","@id":"https:\/\/lagnoticias.com\/#website","url":"https:\/\/lagnoticias.com\/","name":"La G Noticias","description":"Noticias Positivas","potentialAction":[{"@type":"SearchAction","target":{"@type":"EntryPoint","urlTemplate":"https:\/\/lagnoticias.com\/?s={search_term_string}"},"query-input":{"@type":"PropertyValueSpecification","valueRequired":true,"valueName":"search_term_string"}}],"inLanguage":"en-US"},{"@type":"Person","@id":"https:\/\/lagnoticias.com\/#\/schema\/person\/cb9bfe13f8de05d2c55270be25c6a550","name":"Oscar","image":{"@type":"ImageObject","inLanguage":"en-US","@id":"https:\/\/secure.gravatar.com\/avatar\/45c195718f652dc7ffdd591dc1f2678956ab7fdadcd359a635edc61304a8c757?s=96&d=mm&r=g","url":"https:\/\/secure.gravatar.com\/avatar\/45c195718f652dc7ffdd591dc1f2678956ab7fdadcd359a635edc61304a8c757?s=96&d=mm&r=g","contentUrl":"https:\/\/secure.gravatar.com\/avatar\/45c195718f652dc7ffdd591dc1f2678956ab7fdadcd359a635edc61304a8c757?s=96&d=mm&r=g","caption":"Oscar"},"url":"https:\/\/lagnoticias.com\/en\/author\/oscar\/"}]}},"_links":{"self":[{"href":"https:\/\/lagnoticias.com\/en\/wp-json\/wp\/v2\/posts\/4986","targetHints":{"allow":["GET"]}}],"collection":[{"href":"https:\/\/lagnoticias.com\/en\/wp-json\/wp\/v2\/posts"}],"about":[{"href":"https:\/\/lagnoticias.com\/en\/wp-json\/wp\/v2\/types\/post"}],"author":[{"embeddable":true,"href":"https:\/\/lagnoticias.com\/en\/wp-json\/wp\/v2\/users\/2"}],"replies":[{"embeddable":true,"href":"https:\/\/lagnoticias.com\/en\/wp-json\/wp\/v2\/comments?post=4986"}],"version-history":[{"count":1,"href":"https:\/\/lagnoticias.com\/en\/wp-json\/wp\/v2\/posts\/4986\/revisions"}],"predecessor-version":[{"id":4989,"href":"https:\/\/lagnoticias.com\/en\/wp-json\/wp\/v2\/posts\/4986\/revisions\/4989"}],"wp:featuredmedia":[{"embeddable":true,"href":"https:\/\/lagnoticias.com\/en\/wp-json\/wp\/v2\/media\/4987"}],"wp:attachment":[{"href":"https:\/\/lagnoticias.com\/en\/wp-json\/wp\/v2\/media?parent=4986"}],"wp:term":[{"taxonomy":"category","embeddable":true,"href":"https:\/\/lagnoticias.com\/en\/wp-json\/wp\/v2\/categories?post=4986"},{"taxonomy":"post_tag","embeddable":true,"href":"https:\/\/lagnoticias.com\/en\/wp-json\/wp\/v2\/tags?post=4986"}],"curies":[{"name":"wp","href":"https:\/\/api.w.org\/{rel}","templated":true}]}}