{"id":4980,"date":"2025-09-14T11:38:34","date_gmt":"2025-09-14T17:38:34","guid":{"rendered":"https:\/\/lagnoticias.com\/?p=4980"},"modified":"2025-09-17T08:33:45","modified_gmt":"2025-09-17T14:33:45","slug":"canelo-alvarez-pierde-su-cinturon-de-campeon-mundial","status":"publish","type":"post","link":"https:\/\/lagnoticias.com\/en\/2025\/09\/14\/canelo-alvarez-pierde-su-cinturon-de-campeon-mundial\/","title":{"rendered":"\u201cCanelo\u201d \u00c1lvarez pierde su cintur\u00f3n de campe\u00f3n mundial"},"content":{"rendered":"<p>El mexicano Sa\u00fal &#8216;Canelo&#8217; \u00c1lvarez cay\u00f3 por decisi\u00f3n un\u00e1nime ante el estadounidense Terence Crawford en&nbsp;Las Vegas&nbsp;y le entreg\u00f3 sus cuatro cinturones de campe\u00f3n indiscutido del peso supermediano. Muy veloz, con movimientos laterales con los que escap\u00f3 del ataque de su rival, el de Nebraska desconcert\u00f3 al de Guadalajara, que por momentos hizo da\u00f1o con su recto de derecha, pero recibi\u00f3 mucho castigo.<\/p>\n\n\n\n<p>Para decepci\u00f3n de la mayor\u00eda de los 70,000 aficionados, la estrella mexicana encaj\u00f3 una sorprendente y rotunda derrota, la tercera de su carrera, frente a un peleador que ascendi\u00f3 dos categor\u00edas para enfrentarlo.<\/p>\n\n\n\n<p>El invicto Crawford, antiguo monarca del peso superligero y welter, se convirti\u00f3 en el primer boxeador de la historia en ser campe\u00f3n indiscutido de tres divisiones distintas. Tras una actuaci\u00f3n muy floja del favorito Canelo, los jueces dieron el triunfo a Crawford con dos tarjetas de 115-113 y otra de 116-112 sobre el ring del Allegiant Stadium.<\/p>\n\n\n\n<p><\/p>\n\n\n\n<h2 class=\"wp-block-heading\">Canelo, dispuesto a la revancha<\/h2>\n\n\n\n<p><\/p>\n\n\n\n<p>\u00abUna derrota no me define. Al estar aqu\u00ed yo ya gan\u00e9\u00bb, afirm\u00f3 el mexicano tratando de animar a sus seguidores y mostr\u00e1ndose dispuesto a una revancha. \u00abCrawford es un gran peleador y hay que darle cr\u00e9dito. Pero yo me siento el mismo (&#8230;). Me siento bien compartiendo el ring con grandes peleadores como \u00e9l. Si lo hacemos otra vez, ser\u00e1 genial\u00bb, asegur\u00f3.<\/p>\n\n\n\n<p>Canelo, de 35 a\u00f1os, pose\u00eda los cuatro cinturones del peso supermediano (168 libras &#8211; 76,2 kg) desde 2021 y los hab\u00eda defendido con \u00e9xito en seis ocasiones, aunque&nbsp;ya antes era un destacado p\u00fagil. El mexicano, la gran m\u00e1quina de facturar del boxeo actual, qued\u00f3 con un expediente de 63 victorias (39 nocauts), dos empates y tres derrotas. Sus anteriores tropiezos fueron en 2013 frente al invicto Floyd Mayweather Jr. y en 2022 ante el ruso Dmitry Bivol en una pelea en la que ascendi\u00f3 al mediopesado.<\/p>\n\n\n\n<p>Crawford, vencedor de los 42 combates de su carrera, no se resinti\u00f3 del doble salto de divisi\u00f3n que dio para esta pelea desde los 69,8 kilos del superwelter, del cual es el actual monarca de la Asociaci\u00f3n Mundial de Boxeo (AMB). El peleador de Omaha (Nebraska), de 37 a\u00f1os, despleg\u00f3 una estrategia muy inteligente para que pesara m\u00e1s su ventaja en velocidad que la de Canelo en potencia f\u00edsica.<\/p>\n\n\n\n<p>\u00abGracias al Se\u00f1or&#8230; Esto no es una coincidencia. \u00c9l hizo este evento solo para m\u00ed\u00bb, afirm\u00f3 Crawford antes de alabar a su rival. \u00abCanelo es un gran campe\u00f3n. Es un competidor muy fuerte, lo respeto mucho\u00bb, subray\u00f3.<\/p>\n\n\n\n<p><\/p>\n\n\n\n<p><\/p>\n\n\n\n<p><\/p>\n\n\n\n<p><\/p>\n\n\n\n<p><\/p>\n\n\n\n<p>(DW)<\/p>","protected":false},"excerpt":{"rendered":"<p>El boxeador mexicano perdi\u00f3 por unanimidad de los jueces ante el estadounidense Crawford y tuvo que entregar sus t\u00edtulos de campe\u00f3n supermediano.<\/p>","protected":false},"author":2,"featured_media":4981,"comment_status":"open","ping_status":"open","sticky":false,"template":"","format":"standard","meta":{"_et_pb_use_builder":"off","_et_pb_old_content":"","_et_gb_content_width":"","footnotes":""},"categories":[248],"tags":[395,657,260,559],"class_list":["post-4980","post","type-post","status-publish","format-standard","has-post-thumbnail","hentry","category-deportes","tag-boxeo","tag-canelo-alvarez","tag-estados-unidos","tag-las-vegas"],"yoast_head":"<!-- This site is optimized with the Yoast SEO plugin v27.4 - https:\/\/yoast.com\/product\/yoast-seo-wordpress\/ -->\n<title>\u201cCanelo\u201d \u00c1lvarez pierde su cintur\u00f3n de campe\u00f3n mundial - La G Noticias<\/title>\n<meta name=\"robots\" content=\"index, follow, max-snippet:-1, max-image-preview:large, max-video-preview:-1\" \/>\n<link rel=\"canonical\" href=\"https:\/\/lagnoticias.com\/en\/2025\/09\/14\/canelo-alvarez-pierde-su-cinturon-de-campeon-mundial\/\" \/>\n<meta property=\"og:locale\" content=\"en_US\" \/>\n<meta property=\"og:type\" content=\"article\" \/>\n<meta property=\"og:title\" content=\"\u201cCanelo\u201d \u00c1lvarez pierde su cintur\u00f3n de campe\u00f3n mundial - La G Noticias\" \/>\n<meta property=\"og:description\" content=\"El boxeador mexicano perdi\u00f3 por unanimidad de los jueces ante el estadounidense Crawford y tuvo que entregar sus t\u00edtulos de campe\u00f3n supermediano.\" \/>\n<meta property=\"og:url\" content=\"https:\/\/lagnoticias.com\/en\/2025\/09\/14\/canelo-alvarez-pierde-su-cinturon-de-campeon-mundial\/\" \/>\n<meta property=\"og:site_name\" content=\"La G Noticias\" \/>\n<meta property=\"article:publisher\" content=\"https:\/\/www.facebook.com\/LaGNoticias\" \/>\n<meta property=\"article:published_time\" content=\"2025-09-14T17:38:34+00:00\" \/>\n<meta property=\"article:modified_time\" content=\"2025-09-17T14:33:45+00:00\" \/>\n<meta property=\"og:image\" content=\"https:\/\/lagnoticias.com\/wp-content\/uploads\/2025\/09\/4-13.jpg\" \/>\n\t<meta property=\"og:image:width\" content=\"1106\" \/>\n\t<meta property=\"og:image:height\" content=\"510\" \/>\n\t<meta property=\"og:image:type\" content=\"image\/jpeg\" \/>\n<meta name=\"author\" content=\"Oscar\" \/>\n<meta name=\"twitter:card\" content=\"summary_large_image\" \/>\n<meta name=\"twitter:creator\" content=\"@lagnoticias\" \/>\n<meta name=\"twitter:site\" content=\"@lagnoticias\" \/>\n<meta name=\"twitter:label1\" content=\"Written by\" \/>\n\t<meta name=\"twitter:data1\" content=\"Oscar\" \/>\n\t<meta name=\"twitter:label2\" content=\"Est. reading time\" \/>\n\t<meta name=\"twitter:data2\" content=\"3 minutes\" \/>\n<script type=\"application\/ld+json\" class=\"yoast-schema-graph\">{\"@context\":\"https:\\\/\\\/schema.org\",\"@graph\":[{\"@type\":\"Article\",\"@id\":\"https:\\\/\\\/lagnoticias.com\\\/2025\\\/09\\\/14\\\/canelo-alvarez-pierde-su-cinturon-de-campeon-mundial\\\/#article\",\"isPartOf\":{\"@id\":\"https:\\\/\\\/lagnoticias.com\\\/2025\\\/09\\\/14\\\/canelo-alvarez-pierde-su-cinturon-de-campeon-mundial\\\/\"},\"author\":{\"name\":\"Oscar\",\"@id\":\"https:\\\/\\\/lagnoticias.com\\\/#\\\/schema\\\/person\\\/cb9bfe13f8de05d2c55270be25c6a550\"},\"headline\":\"\u201cCanelo\u201d \u00c1lvarez pierde su cintur\u00f3n de campe\u00f3n mundial\",\"datePublished\":\"2025-09-14T17:38:34+00:00\",\"dateModified\":\"2025-09-17T14:33:45+00:00\",\"mainEntityOfPage\":{\"@id\":\"https:\\\/\\\/lagnoticias.com\\\/2025\\\/09\\\/14\\\/canelo-alvarez-pierde-su-cinturon-de-campeon-mundial\\\/\"},\"wordCount\":439,\"commentCount\":0,\"image\":{\"@id\":\"https:\\\/\\\/lagnoticias.com\\\/2025\\\/09\\\/14\\\/canelo-alvarez-pierde-su-cinturon-de-campeon-mundial\\\/#primaryimage\"},\"thumbnailUrl\":\"https:\\\/\\\/lagnoticias.com\\\/wp-content\\\/uploads\\\/2025\\\/09\\\/4-13.jpg\",\"keywords\":[\"BOXEO\",\"CANELO \u00c1LVAREZ\",\"ESTADOS UNIDOS\",\"LAS VEGAS\"],\"articleSection\":[\"DEPORTES\"],\"inLanguage\":\"en-US\",\"potentialAction\":[{\"@type\":\"CommentAction\",\"name\":\"Comment\",\"target\":[\"https:\\\/\\\/lagnoticias.com\\\/2025\\\/09\\\/14\\\/canelo-alvarez-pierde-su-cinturon-de-campeon-mundial\\\/#respond\"]}]},{\"@type\":\"WebPage\",\"@id\":\"https:\\\/\\\/lagnoticias.com\\\/2025\\\/09\\\/14\\\/canelo-alvarez-pierde-su-cinturon-de-campeon-mundial\\\/\",\"url\":\"https:\\\/\\\/lagnoticias.com\\\/2025\\\/09\\\/14\\\/canelo-alvarez-pierde-su-cinturon-de-campeon-mundial\\\/\",\"name\":\"\u201cCanelo\u201d \u00c1lvarez pierde su cintur\u00f3n de campe\u00f3n mundial - La G Noticias\",\"isPartOf\":{\"@id\":\"https:\\\/\\\/lagnoticias.com\\\/#website\"},\"primaryImageOfPage\":{\"@id\":\"https:\\\/\\\/lagnoticias.com\\\/2025\\\/09\\\/14\\\/canelo-alvarez-pierde-su-cinturon-de-campeon-mundial\\\/#primaryimage\"},\"image\":{\"@id\":\"https:\\\/\\\/lagnoticias.com\\\/2025\\\/09\\\/14\\\/canelo-alvarez-pierde-su-cinturon-de-campeon-mundial\\\/#primaryimage\"},\"thumbnailUrl\":\"https:\\\/\\\/lagnoticias.com\\\/wp-content\\\/uploads\\\/2025\\\/09\\\/4-13.jpg\",\"datePublished\":\"2025-09-14T17:38:34+00:00\",\"dateModified\":\"2025-09-17T14:33:45+00:00\",\"author\":{\"@id\":\"https:\\\/\\\/lagnoticias.com\\\/#\\\/schema\\\/person\\\/cb9bfe13f8de05d2c55270be25c6a550\"},\"breadcrumb\":{\"@id\":\"https:\\\/\\\/lagnoticias.com\\\/2025\\\/09\\\/14\\\/canelo-alvarez-pierde-su-cinturon-de-campeon-mundial\\\/#breadcrumb\"},\"inLanguage\":\"en-US\",\"potentialAction\":[{\"@type\":\"ReadAction\",\"target\":[\"https:\\\/\\\/lagnoticias.com\\\/2025\\\/09\\\/14\\\/canelo-alvarez-pierde-su-cinturon-de-campeon-mundial\\\/\"]}]},{\"@type\":\"ImageObject\",\"inLanguage\":\"en-US\",\"@id\":\"https:\\\/\\\/lagnoticias.com\\\/2025\\\/09\\\/14\\\/canelo-alvarez-pierde-su-cinturon-de-campeon-mundial\\\/#primaryimage\",\"url\":\"https:\\\/\\\/lagnoticias.com\\\/wp-content\\\/uploads\\\/2025\\\/09\\\/4-13.jpg\",\"contentUrl\":\"https:\\\/\\\/lagnoticias.com\\\/wp-content\\\/uploads\\\/2025\\\/09\\\/4-13.jpg\",\"width\":1106,\"height\":510},{\"@type\":\"BreadcrumbList\",\"@id\":\"https:\\\/\\\/lagnoticias.com\\\/2025\\\/09\\\/14\\\/canelo-alvarez-pierde-su-cinturon-de-campeon-mundial\\\/#breadcrumb\",\"itemListElement\":[{\"@type\":\"ListItem\",\"position\":1,\"name\":\"Portada\",\"item\":\"https:\\\/\\\/lagnoticias.com\\\/\"},{\"@type\":\"ListItem\",\"position\":2,\"name\":\"\u201cCanelo\u201d \u00c1lvarez pierde su cintur\u00f3n de campe\u00f3n mundial\"}]},{\"@type\":\"WebSite\",\"@id\":\"https:\\\/\\\/lagnoticias.com\\\/#website\",\"url\":\"https:\\\/\\\/lagnoticias.com\\\/\",\"name\":\"La G Noticias\",\"description\":\"Noticias Positivas\",\"potentialAction\":[{\"@type\":\"SearchAction\",\"target\":{\"@type\":\"EntryPoint\",\"urlTemplate\":\"https:\\\/\\\/lagnoticias.com\\\/?s={search_term_string}\"},\"query-input\":{\"@type\":\"PropertyValueSpecification\",\"valueRequired\":true,\"valueName\":\"search_term_string\"}}],\"inLanguage\":\"en-US\"},{\"@type\":\"Person\",\"@id\":\"https:\\\/\\\/lagnoticias.com\\\/#\\\/schema\\\/person\\\/cb9bfe13f8de05d2c55270be25c6a550\",\"name\":\"Oscar\",\"image\":{\"@type\":\"ImageObject\",\"inLanguage\":\"en-US\",\"@id\":\"https:\\\/\\\/secure.gravatar.com\\\/avatar\\\/45c195718f652dc7ffdd591dc1f2678956ab7fdadcd359a635edc61304a8c757?s=96&d=mm&r=g\",\"url\":\"https:\\\/\\\/secure.gravatar.com\\\/avatar\\\/45c195718f652dc7ffdd591dc1f2678956ab7fdadcd359a635edc61304a8c757?s=96&d=mm&r=g\",\"contentUrl\":\"https:\\\/\\\/secure.gravatar.com\\\/avatar\\\/45c195718f652dc7ffdd591dc1f2678956ab7fdadcd359a635edc61304a8c757?s=96&d=mm&r=g\",\"caption\":\"Oscar\"},\"url\":\"https:\\\/\\\/lagnoticias.com\\\/en\\\/author\\\/oscar\\\/\"}]}<\/script>\n<!-- \/ Yoast SEO plugin. -->","yoast_head_json":{"title":"\u201cCanelo\u201d \u00c1lvarez pierde su cintur\u00f3n de campe\u00f3n mundial - La G Noticias","robots":{"index":"index","follow":"follow","max-snippet":"max-snippet:-1","max-image-preview":"max-image-preview:large","max-video-preview":"max-video-preview:-1"},"canonical":"https:\/\/lagnoticias.com\/en\/2025\/09\/14\/canelo-alvarez-pierde-su-cinturon-de-campeon-mundial\/","og_locale":"en_US","og_type":"article","og_title":"\u201cCanelo\u201d \u00c1lvarez pierde su cintur\u00f3n de campe\u00f3n mundial - La G Noticias","og_description":"El boxeador mexicano perdi\u00f3 por unanimidad de los jueces ante el estadounidense Crawford y tuvo que entregar sus t\u00edtulos de campe\u00f3n supermediano.","og_url":"https:\/\/lagnoticias.com\/en\/2025\/09\/14\/canelo-alvarez-pierde-su-cinturon-de-campeon-mundial\/","og_site_name":"La G Noticias","article_publisher":"https:\/\/www.facebook.com\/LaGNoticias","article_published_time":"2025-09-14T17:38:34+00:00","article_modified_time":"2025-09-17T14:33:45+00:00","og_image":[{"width":1106,"height":510,"url":"https:\/\/lagnoticias.com\/wp-content\/uploads\/2025\/09\/4-13.jpg","type":"image\/jpeg"}],"author":"Oscar","twitter_card":"summary_large_image","twitter_creator":"@lagnoticias","twitter_site":"@lagnoticias","twitter_misc":{"Written by":"Oscar","Est. reading time":"3 minutes"},"schema":{"@context":"https:\/\/schema.org","@graph":[{"@type":"Article","@id":"https:\/\/lagnoticias.com\/2025\/09\/14\/canelo-alvarez-pierde-su-cinturon-de-campeon-mundial\/#article","isPartOf":{"@id":"https:\/\/lagnoticias.com\/2025\/09\/14\/canelo-alvarez-pierde-su-cinturon-de-campeon-mundial\/"},"author":{"name":"Oscar","@id":"https:\/\/lagnoticias.com\/#\/schema\/person\/cb9bfe13f8de05d2c55270be25c6a550"},"headline":"\u201cCanelo\u201d \u00c1lvarez pierde su cintur\u00f3n de campe\u00f3n mundial","datePublished":"2025-09-14T17:38:34+00:00","dateModified":"2025-09-17T14:33:45+00:00","mainEntityOfPage":{"@id":"https:\/\/lagnoticias.com\/2025\/09\/14\/canelo-alvarez-pierde-su-cinturon-de-campeon-mundial\/"},"wordCount":439,"commentCount":0,"image":{"@id":"https:\/\/lagnoticias.com\/2025\/09\/14\/canelo-alvarez-pierde-su-cinturon-de-campeon-mundial\/#primaryimage"},"thumbnailUrl":"https:\/\/lagnoticias.com\/wp-content\/uploads\/2025\/09\/4-13.jpg","keywords":["BOXEO","CANELO \u00c1LVAREZ","ESTADOS UNIDOS","LAS VEGAS"],"articleSection":["DEPORTES"],"inLanguage":"en-US","potentialAction":[{"@type":"CommentAction","name":"Comment","target":["https:\/\/lagnoticias.com\/2025\/09\/14\/canelo-alvarez-pierde-su-cinturon-de-campeon-mundial\/#respond"]}]},{"@type":"WebPage","@id":"https:\/\/lagnoticias.com\/2025\/09\/14\/canelo-alvarez-pierde-su-cinturon-de-campeon-mundial\/","url":"https:\/\/lagnoticias.com\/2025\/09\/14\/canelo-alvarez-pierde-su-cinturon-de-campeon-mundial\/","name":"\u201cCanelo\u201d \u00c1lvarez pierde su cintur\u00f3n de campe\u00f3n mundial - La G Noticias","isPartOf":{"@id":"https:\/\/lagnoticias.com\/#website"},"primaryImageOfPage":{"@id":"https:\/\/lagnoticias.com\/2025\/09\/14\/canelo-alvarez-pierde-su-cinturon-de-campeon-mundial\/#primaryimage"},"image":{"@id":"https:\/\/lagnoticias.com\/2025\/09\/14\/canelo-alvarez-pierde-su-cinturon-de-campeon-mundial\/#primaryimage"},"thumbnailUrl":"https:\/\/lagnoticias.com\/wp-content\/uploads\/2025\/09\/4-13.jpg","datePublished":"2025-09-14T17:38:34+00:00","dateModified":"2025-09-17T14:33:45+00:00","author":{"@id":"https:\/\/lagnoticias.com\/#\/schema\/person\/cb9bfe13f8de05d2c55270be25c6a550"},"breadcrumb":{"@id":"https:\/\/lagnoticias.com\/2025\/09\/14\/canelo-alvarez-pierde-su-cinturon-de-campeon-mundial\/#breadcrumb"},"inLanguage":"en-US","potentialAction":[{"@type":"ReadAction","target":["https:\/\/lagnoticias.com\/2025\/09\/14\/canelo-alvarez-pierde-su-cinturon-de-campeon-mundial\/"]}]},{"@type":"ImageObject","inLanguage":"en-US","@id":"https:\/\/lagnoticias.com\/2025\/09\/14\/canelo-alvarez-pierde-su-cinturon-de-campeon-mundial\/#primaryimage","url":"https:\/\/lagnoticias.com\/wp-content\/uploads\/2025\/09\/4-13.jpg","contentUrl":"https:\/\/lagnoticias.com\/wp-content\/uploads\/2025\/09\/4-13.jpg","width":1106,"height":510},{"@type":"BreadcrumbList","@id":"https:\/\/lagnoticias.com\/2025\/09\/14\/canelo-alvarez-pierde-su-cinturon-de-campeon-mundial\/#breadcrumb","itemListElement":[{"@type":"ListItem","position":1,"name":"Portada","item":"https:\/\/lagnoticias.com\/"},{"@type":"ListItem","position":2,"name":"\u201cCanelo\u201d \u00c1lvarez pierde su cintur\u00f3n de campe\u00f3n mundial"}]},{"@type":"WebSite","@id":"https:\/\/lagnoticias.com\/#website","url":"https:\/\/lagnoticias.com\/","name":"La G Noticias","description":"Noticias Positivas","potentialAction":[{"@type":"SearchAction","target":{"@type":"EntryPoint","urlTemplate":"https:\/\/lagnoticias.com\/?s={search_term_string}"},"query-input":{"@type":"PropertyValueSpecification","valueRequired":true,"valueName":"search_term_string"}}],"inLanguage":"en-US"},{"@type":"Person","@id":"https:\/\/lagnoticias.com\/#\/schema\/person\/cb9bfe13f8de05d2c55270be25c6a550","name":"Oscar","image":{"@type":"ImageObject","inLanguage":"en-US","@id":"https:\/\/secure.gravatar.com\/avatar\/45c195718f652dc7ffdd591dc1f2678956ab7fdadcd359a635edc61304a8c757?s=96&d=mm&r=g","url":"https:\/\/secure.gravatar.com\/avatar\/45c195718f652dc7ffdd591dc1f2678956ab7fdadcd359a635edc61304a8c757?s=96&d=mm&r=g","contentUrl":"https:\/\/secure.gravatar.com\/avatar\/45c195718f652dc7ffdd591dc1f2678956ab7fdadcd359a635edc61304a8c757?s=96&d=mm&r=g","caption":"Oscar"},"url":"https:\/\/lagnoticias.com\/en\/author\/oscar\/"}]}},"_links":{"self":[{"href":"https:\/\/lagnoticias.com\/en\/wp-json\/wp\/v2\/posts\/4980","targetHints":{"allow":["GET"]}}],"collection":[{"href":"https:\/\/lagnoticias.com\/en\/wp-json\/wp\/v2\/posts"}],"about":[{"href":"https:\/\/lagnoticias.com\/en\/wp-json\/wp\/v2\/types\/post"}],"author":[{"embeddable":true,"href":"https:\/\/lagnoticias.com\/en\/wp-json\/wp\/v2\/users\/2"}],"replies":[{"embeddable":true,"href":"https:\/\/lagnoticias.com\/en\/wp-json\/wp\/v2\/comments?post=4980"}],"version-history":[{"count":1,"href":"https:\/\/lagnoticias.com\/en\/wp-json\/wp\/v2\/posts\/4980\/revisions"}],"predecessor-version":[{"id":4982,"href":"https:\/\/lagnoticias.com\/en\/wp-json\/wp\/v2\/posts\/4980\/revisions\/4982"}],"wp:featuredmedia":[{"embeddable":true,"href":"https:\/\/lagnoticias.com\/en\/wp-json\/wp\/v2\/media\/4981"}],"wp:attachment":[{"href":"https:\/\/lagnoticias.com\/en\/wp-json\/wp\/v2\/media?parent=4980"}],"wp:term":[{"taxonomy":"category","embeddable":true,"href":"https:\/\/lagnoticias.com\/en\/wp-json\/wp\/v2\/categories?post=4980"},{"taxonomy":"post_tag","embeddable":true,"href":"https:\/\/lagnoticias.com\/en\/wp-json\/wp\/v2\/tags?post=4980"}],"curies":[{"name":"wp","href":"https:\/\/api.w.org\/{rel}","templated":true}]}}