{"id":4975,"date":"2025-09-14T11:32:46","date_gmt":"2025-09-14T17:32:46","guid":{"rendered":"https:\/\/lagnoticias.com\/?p=4975"},"modified":"2025-09-14T11:32:47","modified_gmt":"2025-09-14T17:32:47","slug":"fallece-jaime-la-chelona-rodriguez-leyenda-del-futbol-salvadoreno","status":"publish","type":"post","link":"https:\/\/lagnoticias.com\/en\/2025\/09\/14\/fallece-jaime-la-chelona-rodriguez-leyenda-del-futbol-salvadoreno\/","title":{"rendered":"Fallece Jaime \u00abLa Chelona\u00bb Rodr\u00edguez, leyenda del f\u00fatbol salvadore\u00f1o"},"content":{"rendered":"<p>El exfutbolista salvadore\u00f1o Jaime Alberto Rodr\u00edguez Jim\u00e9nez, mejor conocido como \u00abLa Chelona\u00bb Rodr\u00edguez, falleci\u00f3 a los 66 a\u00f1os debido a un paro card\u00edaco, seg\u00fan confirmaron este domingo fuentes familiares.<\/p>\n\n\n\n<p>Rodr\u00edguez fue un \u00edcono del f\u00fatbol nacional, reconocido por su destacada participaci\u00f3n en la Copa Mundial de Espa\u00f1a 1982. Tambi\u00e9n, jug\u00f3 en el extranjero con el Bayer Uerdingen en Alemania, Le\u00f3n y Atlas en M\u00e9xico, KPV Kokkola en Finlandia, adem\u00e1s de equipos en Jap\u00f3n como Yokohama Fl\u00fcgels y Nippon Kokan.<\/p>\n\n\n\n<p><\/p>\n\n\n\n<figure class=\"wp-block-image aligncenter size-large\"><img loading=\"lazy\" decoding=\"async\" width=\"1024\" height=\"576\" src=\"https:\/\/lagnoticias.com\/wp-content\/uploads\/2025\/09\/87-1-1024x576.jpg\" alt=\"\" class=\"wp-image-4978\" srcset=\"https:\/\/lagnoticias.com\/wp-content\/uploads\/2025\/09\/87-1-1024x576.jpg 1024w, https:\/\/lagnoticias.com\/wp-content\/uploads\/2025\/09\/87-1-980x551.jpg 980w, https:\/\/lagnoticias.com\/wp-content\/uploads\/2025\/09\/87-1-480x270.jpg 480w\" sizes=\"(min-width: 0px) and (max-width: 480px) 480px, (min-width: 481px) and (max-width: 980px) 980px, (min-width: 981px) 1024px, 100vw\" \/><\/figure>\n\n\n\n<p><\/p>\n\n\n\n<p><\/p>\n\n\n\n<p>En El Salvador defendi\u00f3 los colores del Alianza y del FAS. Fuera de las canchas, tambi\u00e9n dej\u00f3 huella como presidente del Instituto Nacional de los Deportes (INDES) en el 2009 y como fundador de la Academia de F\u00fatbol La Chelona, una reconocida escuela formativa para j\u00f3venes talentos.<\/p>\n\n\n\n<p><\/p>\n\n\n\n<figure class=\"wp-block-image aligncenter size-full\"><img loading=\"lazy\" decoding=\"async\" width=\"330\" height=\"582\" src=\"https:\/\/lagnoticias.com\/wp-content\/uploads\/2025\/09\/547376076_1344245307711704_383892411099110961_n.jpg\" alt=\"\" class=\"wp-image-4977\" srcset=\"https:\/\/lagnoticias.com\/wp-content\/uploads\/2025\/09\/547376076_1344245307711704_383892411099110961_n.jpg 330w, https:\/\/lagnoticias.com\/wp-content\/uploads\/2025\/09\/547376076_1344245307711704_383892411099110961_n-170x300.jpg 170w, https:\/\/lagnoticias.com\/wp-content\/uploads\/2025\/09\/547376076_1344245307711704_383892411099110961_n-7x12.jpg 7w\" sizes=\"(max-width: 330px) 100vw, 330px\" \/><\/figure>\n\n\n\n<p><\/p>\n\n\n\n<p><\/p>\n\n\n\n<p>Tras conocerse la noticia de su fallecimiento, aficionados y figuras del deporte expresaron sus condolencias por la p\u00e9rdida de quien consideran una verdadera leyenda del f\u00fatbol salvadore\u00f1o.<\/p>","protected":false},"excerpt":{"rendered":"<p>El exfutbolista salvadore\u00f1o Jaime Alberto Rodr\u00edguez Jim\u00e9nez, mejor conocido como \u00abLa Chelona\u00bb Rodr\u00edguez, falleci\u00f3 a los 66 a\u00f1os debido a un paro card\u00edaco, seg\u00fan confirmaron este domingo fuentes familiares. Rodr\u00edguez fue un \u00edcono del f\u00fatbol nacional, reconocido por su destacada participaci\u00f3n en la Copa Mundial de Espa\u00f1a 1982. Tambi\u00e9n, jug\u00f3 en el extranjero con el [&hellip;]<\/p>","protected":false},"author":2,"featured_media":4976,"comment_status":"open","ping_status":"open","sticky":false,"template":"","format":"standard","meta":{"_et_pb_use_builder":"off","_et_pb_old_content":"","_et_gb_content_width":"","footnotes":""},"categories":[248,679],"tags":[267,896,286,984,985],"class_list":["post-4975","post","type-post","status-publish","format-standard","has-post-thumbnail","hentry","category-deportes","category-destacados","tag-el-salvador","tag-fallece","tag-futbol","tag-jaime-la-chelona-rodriguez","tag-luto"],"yoast_head":"<!-- This site is optimized with the Yoast SEO plugin v27.4 - https:\/\/yoast.com\/product\/yoast-seo-wordpress\/ -->\n<title>Fallece Jaime &quot;La Chelona&quot; Rodr\u00edguez, leyenda del f\u00fatbol salvadore\u00f1o - La G Noticias<\/title>\n<meta name=\"robots\" content=\"index, follow, max-snippet:-1, max-image-preview:large, max-video-preview:-1\" \/>\n<link rel=\"canonical\" href=\"https:\/\/lagnoticias.com\/en\/2025\/09\/14\/fallece-jaime-la-chelona-rodriguez-leyenda-del-futbol-salvadoreno\/\" \/>\n<meta property=\"og:locale\" content=\"en_US\" \/>\n<meta property=\"og:type\" content=\"article\" \/>\n<meta property=\"og:title\" content=\"Fallece Jaime &quot;La Chelona&quot; Rodr\u00edguez, leyenda del f\u00fatbol salvadore\u00f1o - La G Noticias\" \/>\n<meta property=\"og:description\" content=\"El exfutbolista salvadore\u00f1o Jaime Alberto Rodr\u00edguez Jim\u00e9nez, mejor conocido como \u00abLa Chelona\u00bb Rodr\u00edguez, falleci\u00f3 a los 66 a\u00f1os debido a un paro card\u00edaco, seg\u00fan confirmaron este domingo fuentes familiares. Rodr\u00edguez fue un \u00edcono del f\u00fatbol nacional, reconocido por su destacada participaci\u00f3n en la Copa Mundial de Espa\u00f1a 1982. Tambi\u00e9n, jug\u00f3 en el extranjero con el [&hellip;]\" \/>\n<meta property=\"og:url\" content=\"https:\/\/lagnoticias.com\/en\/2025\/09\/14\/fallece-jaime-la-chelona-rodriguez-leyenda-del-futbol-salvadoreno\/\" \/>\n<meta property=\"og:site_name\" content=\"La G Noticias\" \/>\n<meta property=\"article:publisher\" content=\"https:\/\/www.facebook.com\/LaGNoticias\" \/>\n<meta property=\"article:published_time\" content=\"2025-09-14T17:32:46+00:00\" \/>\n<meta property=\"article:modified_time\" content=\"2025-09-14T17:32:47+00:00\" \/>\n<meta property=\"og:image\" content=\"https:\/\/lagnoticias.com\/wp-content\/uploads\/2025\/09\/8-14.jpg\" \/>\n\t<meta property=\"og:image:width\" content=\"1097\" \/>\n\t<meta property=\"og:image:height\" content=\"630\" \/>\n\t<meta property=\"og:image:type\" content=\"image\/jpeg\" \/>\n<meta name=\"author\" content=\"Oscar\" \/>\n<meta name=\"twitter:card\" content=\"summary_large_image\" \/>\n<meta name=\"twitter:creator\" content=\"@lagnoticias\" \/>\n<meta name=\"twitter:site\" content=\"@lagnoticias\" \/>\n<meta name=\"twitter:label1\" content=\"Written by\" \/>\n\t<meta name=\"twitter:data1\" content=\"Oscar\" \/>\n\t<meta name=\"twitter:label2\" content=\"Est. reading time\" \/>\n\t<meta name=\"twitter:data2\" content=\"2 minutes\" \/>\n<script type=\"application\/ld+json\" class=\"yoast-schema-graph\">{\"@context\":\"https:\\\/\\\/schema.org\",\"@graph\":[{\"@type\":\"Article\",\"@id\":\"https:\\\/\\\/lagnoticias.com\\\/2025\\\/09\\\/14\\\/fallece-jaime-la-chelona-rodriguez-leyenda-del-futbol-salvadoreno\\\/#article\",\"isPartOf\":{\"@id\":\"https:\\\/\\\/lagnoticias.com\\\/2025\\\/09\\\/14\\\/fallece-jaime-la-chelona-rodriguez-leyenda-del-futbol-salvadoreno\\\/\"},\"author\":{\"name\":\"Oscar\",\"@id\":\"https:\\\/\\\/lagnoticias.com\\\/#\\\/schema\\\/person\\\/cb9bfe13f8de05d2c55270be25c6a550\"},\"headline\":\"Fallece Jaime \u00abLa Chelona\u00bb Rodr\u00edguez, leyenda del f\u00fatbol salvadore\u00f1o\",\"datePublished\":\"2025-09-14T17:32:46+00:00\",\"dateModified\":\"2025-09-14T17:32:47+00:00\",\"mainEntityOfPage\":{\"@id\":\"https:\\\/\\\/lagnoticias.com\\\/2025\\\/09\\\/14\\\/fallece-jaime-la-chelona-rodriguez-leyenda-del-futbol-salvadoreno\\\/\"},\"wordCount\":185,\"commentCount\":0,\"image\":{\"@id\":\"https:\\\/\\\/lagnoticias.com\\\/2025\\\/09\\\/14\\\/fallece-jaime-la-chelona-rodriguez-leyenda-del-futbol-salvadoreno\\\/#primaryimage\"},\"thumbnailUrl\":\"https:\\\/\\\/lagnoticias.com\\\/wp-content\\\/uploads\\\/2025\\\/09\\\/8-14.jpg\",\"keywords\":[\"EL SALVADOR\",\"FALLECE\",\"F\u00daTBOL\",\"JAIME LA CHELONA RODR\u00cdGUEZ\",\"LUTO\"],\"articleSection\":[\"DEPORTES\",\"DESTACADOS\"],\"inLanguage\":\"en-US\",\"potentialAction\":[{\"@type\":\"CommentAction\",\"name\":\"Comment\",\"target\":[\"https:\\\/\\\/lagnoticias.com\\\/2025\\\/09\\\/14\\\/fallece-jaime-la-chelona-rodriguez-leyenda-del-futbol-salvadoreno\\\/#respond\"]}]},{\"@type\":\"WebPage\",\"@id\":\"https:\\\/\\\/lagnoticias.com\\\/2025\\\/09\\\/14\\\/fallece-jaime-la-chelona-rodriguez-leyenda-del-futbol-salvadoreno\\\/\",\"url\":\"https:\\\/\\\/lagnoticias.com\\\/2025\\\/09\\\/14\\\/fallece-jaime-la-chelona-rodriguez-leyenda-del-futbol-salvadoreno\\\/\",\"name\":\"Fallece Jaime \\\"La Chelona\\\" Rodr\u00edguez, leyenda del f\u00fatbol salvadore\u00f1o - La G Noticias\",\"isPartOf\":{\"@id\":\"https:\\\/\\\/lagnoticias.com\\\/#website\"},\"primaryImageOfPage\":{\"@id\":\"https:\\\/\\\/lagnoticias.com\\\/2025\\\/09\\\/14\\\/fallece-jaime-la-chelona-rodriguez-leyenda-del-futbol-salvadoreno\\\/#primaryimage\"},\"image\":{\"@id\":\"https:\\\/\\\/lagnoticias.com\\\/2025\\\/09\\\/14\\\/fallece-jaime-la-chelona-rodriguez-leyenda-del-futbol-salvadoreno\\\/#primaryimage\"},\"thumbnailUrl\":\"https:\\\/\\\/lagnoticias.com\\\/wp-content\\\/uploads\\\/2025\\\/09\\\/8-14.jpg\",\"datePublished\":\"2025-09-14T17:32:46+00:00\",\"dateModified\":\"2025-09-14T17:32:47+00:00\",\"author\":{\"@id\":\"https:\\\/\\\/lagnoticias.com\\\/#\\\/schema\\\/person\\\/cb9bfe13f8de05d2c55270be25c6a550\"},\"breadcrumb\":{\"@id\":\"https:\\\/\\\/lagnoticias.com\\\/2025\\\/09\\\/14\\\/fallece-jaime-la-chelona-rodriguez-leyenda-del-futbol-salvadoreno\\\/#breadcrumb\"},\"inLanguage\":\"en-US\",\"potentialAction\":[{\"@type\":\"ReadAction\",\"target\":[\"https:\\\/\\\/lagnoticias.com\\\/2025\\\/09\\\/14\\\/fallece-jaime-la-chelona-rodriguez-leyenda-del-futbol-salvadoreno\\\/\"]}]},{\"@type\":\"ImageObject\",\"inLanguage\":\"en-US\",\"@id\":\"https:\\\/\\\/lagnoticias.com\\\/2025\\\/09\\\/14\\\/fallece-jaime-la-chelona-rodriguez-leyenda-del-futbol-salvadoreno\\\/#primaryimage\",\"url\":\"https:\\\/\\\/lagnoticias.com\\\/wp-content\\\/uploads\\\/2025\\\/09\\\/8-14.jpg\",\"contentUrl\":\"https:\\\/\\\/lagnoticias.com\\\/wp-content\\\/uploads\\\/2025\\\/09\\\/8-14.jpg\",\"width\":1097,\"height\":630},{\"@type\":\"BreadcrumbList\",\"@id\":\"https:\\\/\\\/lagnoticias.com\\\/2025\\\/09\\\/14\\\/fallece-jaime-la-chelona-rodriguez-leyenda-del-futbol-salvadoreno\\\/#breadcrumb\",\"itemListElement\":[{\"@type\":\"ListItem\",\"position\":1,\"name\":\"Portada\",\"item\":\"https:\\\/\\\/lagnoticias.com\\\/\"},{\"@type\":\"ListItem\",\"position\":2,\"name\":\"Fallece Jaime \u00abLa Chelona\u00bb Rodr\u00edguez, leyenda del f\u00fatbol salvadore\u00f1o\"}]},{\"@type\":\"WebSite\",\"@id\":\"https:\\\/\\\/lagnoticias.com\\\/#website\",\"url\":\"https:\\\/\\\/lagnoticias.com\\\/\",\"name\":\"La G Noticias\",\"description\":\"Noticias Positivas\",\"potentialAction\":[{\"@type\":\"SearchAction\",\"target\":{\"@type\":\"EntryPoint\",\"urlTemplate\":\"https:\\\/\\\/lagnoticias.com\\\/?s={search_term_string}\"},\"query-input\":{\"@type\":\"PropertyValueSpecification\",\"valueRequired\":true,\"valueName\":\"search_term_string\"}}],\"inLanguage\":\"en-US\"},{\"@type\":\"Person\",\"@id\":\"https:\\\/\\\/lagnoticias.com\\\/#\\\/schema\\\/person\\\/cb9bfe13f8de05d2c55270be25c6a550\",\"name\":\"Oscar\",\"image\":{\"@type\":\"ImageObject\",\"inLanguage\":\"en-US\",\"@id\":\"https:\\\/\\\/secure.gravatar.com\\\/avatar\\\/45c195718f652dc7ffdd591dc1f2678956ab7fdadcd359a635edc61304a8c757?s=96&d=mm&r=g\",\"url\":\"https:\\\/\\\/secure.gravatar.com\\\/avatar\\\/45c195718f652dc7ffdd591dc1f2678956ab7fdadcd359a635edc61304a8c757?s=96&d=mm&r=g\",\"contentUrl\":\"https:\\\/\\\/secure.gravatar.com\\\/avatar\\\/45c195718f652dc7ffdd591dc1f2678956ab7fdadcd359a635edc61304a8c757?s=96&d=mm&r=g\",\"caption\":\"Oscar\"},\"url\":\"https:\\\/\\\/lagnoticias.com\\\/en\\\/author\\\/oscar\\\/\"}]}<\/script>\n<!-- \/ Yoast SEO plugin. -->","yoast_head_json":{"title":"Fallece Jaime \"La Chelona\" Rodr\u00edguez, leyenda del f\u00fatbol salvadore\u00f1o - La G Noticias","robots":{"index":"index","follow":"follow","max-snippet":"max-snippet:-1","max-image-preview":"max-image-preview:large","max-video-preview":"max-video-preview:-1"},"canonical":"https:\/\/lagnoticias.com\/en\/2025\/09\/14\/fallece-jaime-la-chelona-rodriguez-leyenda-del-futbol-salvadoreno\/","og_locale":"en_US","og_type":"article","og_title":"Fallece Jaime \"La Chelona\" Rodr\u00edguez, leyenda del f\u00fatbol salvadore\u00f1o - La G Noticias","og_description":"El exfutbolista salvadore\u00f1o Jaime Alberto Rodr\u00edguez Jim\u00e9nez, mejor conocido como \u00abLa Chelona\u00bb Rodr\u00edguez, falleci\u00f3 a los 66 a\u00f1os debido a un paro card\u00edaco, seg\u00fan confirmaron este domingo fuentes familiares. Rodr\u00edguez fue un \u00edcono del f\u00fatbol nacional, reconocido por su destacada participaci\u00f3n en la Copa Mundial de Espa\u00f1a 1982. Tambi\u00e9n, jug\u00f3 en el extranjero con el [&hellip;]","og_url":"https:\/\/lagnoticias.com\/en\/2025\/09\/14\/fallece-jaime-la-chelona-rodriguez-leyenda-del-futbol-salvadoreno\/","og_site_name":"La G Noticias","article_publisher":"https:\/\/www.facebook.com\/LaGNoticias","article_published_time":"2025-09-14T17:32:46+00:00","article_modified_time":"2025-09-14T17:32:47+00:00","og_image":[{"width":1097,"height":630,"url":"https:\/\/lagnoticias.com\/wp-content\/uploads\/2025\/09\/8-14.jpg","type":"image\/jpeg"}],"author":"Oscar","twitter_card":"summary_large_image","twitter_creator":"@lagnoticias","twitter_site":"@lagnoticias","twitter_misc":{"Written by":"Oscar","Est. reading time":"2 minutes"},"schema":{"@context":"https:\/\/schema.org","@graph":[{"@type":"Article","@id":"https:\/\/lagnoticias.com\/2025\/09\/14\/fallece-jaime-la-chelona-rodriguez-leyenda-del-futbol-salvadoreno\/#article","isPartOf":{"@id":"https:\/\/lagnoticias.com\/2025\/09\/14\/fallece-jaime-la-chelona-rodriguez-leyenda-del-futbol-salvadoreno\/"},"author":{"name":"Oscar","@id":"https:\/\/lagnoticias.com\/#\/schema\/person\/cb9bfe13f8de05d2c55270be25c6a550"},"headline":"Fallece Jaime \u00abLa Chelona\u00bb Rodr\u00edguez, leyenda del f\u00fatbol salvadore\u00f1o","datePublished":"2025-09-14T17:32:46+00:00","dateModified":"2025-09-14T17:32:47+00:00","mainEntityOfPage":{"@id":"https:\/\/lagnoticias.com\/2025\/09\/14\/fallece-jaime-la-chelona-rodriguez-leyenda-del-futbol-salvadoreno\/"},"wordCount":185,"commentCount":0,"image":{"@id":"https:\/\/lagnoticias.com\/2025\/09\/14\/fallece-jaime-la-chelona-rodriguez-leyenda-del-futbol-salvadoreno\/#primaryimage"},"thumbnailUrl":"https:\/\/lagnoticias.com\/wp-content\/uploads\/2025\/09\/8-14.jpg","keywords":["EL SALVADOR","FALLECE","F\u00daTBOL","JAIME LA CHELONA RODR\u00cdGUEZ","LUTO"],"articleSection":["DEPORTES","DESTACADOS"],"inLanguage":"en-US","potentialAction":[{"@type":"CommentAction","name":"Comment","target":["https:\/\/lagnoticias.com\/2025\/09\/14\/fallece-jaime-la-chelona-rodriguez-leyenda-del-futbol-salvadoreno\/#respond"]}]},{"@type":"WebPage","@id":"https:\/\/lagnoticias.com\/2025\/09\/14\/fallece-jaime-la-chelona-rodriguez-leyenda-del-futbol-salvadoreno\/","url":"https:\/\/lagnoticias.com\/2025\/09\/14\/fallece-jaime-la-chelona-rodriguez-leyenda-del-futbol-salvadoreno\/","name":"Fallece Jaime \"La Chelona\" Rodr\u00edguez, leyenda del f\u00fatbol salvadore\u00f1o - La G Noticias","isPartOf":{"@id":"https:\/\/lagnoticias.com\/#website"},"primaryImageOfPage":{"@id":"https:\/\/lagnoticias.com\/2025\/09\/14\/fallece-jaime-la-chelona-rodriguez-leyenda-del-futbol-salvadoreno\/#primaryimage"},"image":{"@id":"https:\/\/lagnoticias.com\/2025\/09\/14\/fallece-jaime-la-chelona-rodriguez-leyenda-del-futbol-salvadoreno\/#primaryimage"},"thumbnailUrl":"https:\/\/lagnoticias.com\/wp-content\/uploads\/2025\/09\/8-14.jpg","datePublished":"2025-09-14T17:32:46+00:00","dateModified":"2025-09-14T17:32:47+00:00","author":{"@id":"https:\/\/lagnoticias.com\/#\/schema\/person\/cb9bfe13f8de05d2c55270be25c6a550"},"breadcrumb":{"@id":"https:\/\/lagnoticias.com\/2025\/09\/14\/fallece-jaime-la-chelona-rodriguez-leyenda-del-futbol-salvadoreno\/#breadcrumb"},"inLanguage":"en-US","potentialAction":[{"@type":"ReadAction","target":["https:\/\/lagnoticias.com\/2025\/09\/14\/fallece-jaime-la-chelona-rodriguez-leyenda-del-futbol-salvadoreno\/"]}]},{"@type":"ImageObject","inLanguage":"en-US","@id":"https:\/\/lagnoticias.com\/2025\/09\/14\/fallece-jaime-la-chelona-rodriguez-leyenda-del-futbol-salvadoreno\/#primaryimage","url":"https:\/\/lagnoticias.com\/wp-content\/uploads\/2025\/09\/8-14.jpg","contentUrl":"https:\/\/lagnoticias.com\/wp-content\/uploads\/2025\/09\/8-14.jpg","width":1097,"height":630},{"@type":"BreadcrumbList","@id":"https:\/\/lagnoticias.com\/2025\/09\/14\/fallece-jaime-la-chelona-rodriguez-leyenda-del-futbol-salvadoreno\/#breadcrumb","itemListElement":[{"@type":"ListItem","position":1,"name":"Portada","item":"https:\/\/lagnoticias.com\/"},{"@type":"ListItem","position":2,"name":"Fallece Jaime \u00abLa Chelona\u00bb Rodr\u00edguez, leyenda del f\u00fatbol salvadore\u00f1o"}]},{"@type":"WebSite","@id":"https:\/\/lagnoticias.com\/#website","url":"https:\/\/lagnoticias.com\/","name":"La G Noticias","description":"Noticias Positivas","potentialAction":[{"@type":"SearchAction","target":{"@type":"EntryPoint","urlTemplate":"https:\/\/lagnoticias.com\/?s={search_term_string}"},"query-input":{"@type":"PropertyValueSpecification","valueRequired":true,"valueName":"search_term_string"}}],"inLanguage":"en-US"},{"@type":"Person","@id":"https:\/\/lagnoticias.com\/#\/schema\/person\/cb9bfe13f8de05d2c55270be25c6a550","name":"Oscar","image":{"@type":"ImageObject","inLanguage":"en-US","@id":"https:\/\/secure.gravatar.com\/avatar\/45c195718f652dc7ffdd591dc1f2678956ab7fdadcd359a635edc61304a8c757?s=96&d=mm&r=g","url":"https:\/\/secure.gravatar.com\/avatar\/45c195718f652dc7ffdd591dc1f2678956ab7fdadcd359a635edc61304a8c757?s=96&d=mm&r=g","contentUrl":"https:\/\/secure.gravatar.com\/avatar\/45c195718f652dc7ffdd591dc1f2678956ab7fdadcd359a635edc61304a8c757?s=96&d=mm&r=g","caption":"Oscar"},"url":"https:\/\/lagnoticias.com\/en\/author\/oscar\/"}]}},"_links":{"self":[{"href":"https:\/\/lagnoticias.com\/en\/wp-json\/wp\/v2\/posts\/4975","targetHints":{"allow":["GET"]}}],"collection":[{"href":"https:\/\/lagnoticias.com\/en\/wp-json\/wp\/v2\/posts"}],"about":[{"href":"https:\/\/lagnoticias.com\/en\/wp-json\/wp\/v2\/types\/post"}],"author":[{"embeddable":true,"href":"https:\/\/lagnoticias.com\/en\/wp-json\/wp\/v2\/users\/2"}],"replies":[{"embeddable":true,"href":"https:\/\/lagnoticias.com\/en\/wp-json\/wp\/v2\/comments?post=4975"}],"version-history":[{"count":1,"href":"https:\/\/lagnoticias.com\/en\/wp-json\/wp\/v2\/posts\/4975\/revisions"}],"predecessor-version":[{"id":4979,"href":"https:\/\/lagnoticias.com\/en\/wp-json\/wp\/v2\/posts\/4975\/revisions\/4979"}],"wp:featuredmedia":[{"embeddable":true,"href":"https:\/\/lagnoticias.com\/en\/wp-json\/wp\/v2\/media\/4976"}],"wp:attachment":[{"href":"https:\/\/lagnoticias.com\/en\/wp-json\/wp\/v2\/media?parent=4975"}],"wp:term":[{"taxonomy":"category","embeddable":true,"href":"https:\/\/lagnoticias.com\/en\/wp-json\/wp\/v2\/categories?post=4975"},{"taxonomy":"post_tag","embeddable":true,"href":"https:\/\/lagnoticias.com\/en\/wp-json\/wp\/v2\/tags?post=4975"}],"curies":[{"name":"wp","href":"https:\/\/api.w.org\/{rel}","templated":true}]}}