{"id":4968,"date":"2025-09-12T13:58:00","date_gmt":"2025-09-12T19:58:00","guid":{"rendered":"https:\/\/lagnoticias.com\/?p=4968"},"modified":"2025-09-12T13:58:00","modified_gmt":"2025-09-12T19:58:00","slug":"las-muertes-por-enfermedades-cronicas-caen-en-el-mundo","status":"publish","type":"post","link":"https:\/\/lagnoticias.com\/en\/2025\/09\/12\/las-muertes-por-enfermedades-cronicas-caen-en-el-mundo\/","title":{"rendered":"Las muertes por enfermedades cr\u00f3nicas caen en el mundo"},"content":{"rendered":"<p>Un estudio encabezado por el&nbsp;Imperial College de Londresy publicado en la revista&nbsp;The Lancet revel\u00f3 que las tasas de mortalidad por enfermedades como el c\u00e1ncer, las cardiopat\u00edas y los accidentes cerebrovasculares disminuyeron en cuatro de cada cinco pa\u00edses entre 2010 y 2019.<\/p>\n\n\n\n<p>La investigaci\u00f3n mostr\u00f3 que, en ese periodo, el riesgo de morir antes de los 80 a\u00f1os por una enfermedad cr\u00f3nica descendi\u00f3 en 152 pa\u00edses en el caso de las mujeres y en 147 en el de los hombres.<\/p>\n\n\n\n<p>\u00abA principios del milenio observamos una reducci\u00f3n significativa de las tasas de mortalidad. Sin embargo, pese a la atenci\u00f3n pol\u00edtica recibida en la \u00faltima d\u00e9cada, la situaci\u00f3n no es tan favorable como antes\u201d, advirti\u00f3 Majid Ezzati, coautor del estudio e investigador del Imperial College.<\/p>\n\n\n\n<h2 class=\"wp-block-heading\">Los resultados del estudio<\/h2>\n\n\n\n<p>En 2019, las mujeres de Jap\u00f3n y Corea del Sur, y los hombres de Singapur y Suiza registraron el&nbsp;menor riesgo de fallecer por enfermedades cr\u00f3nicas. En contraste, las mujeres de Afganist\u00e1n y Lesoto, y los hombres de Esuatini y Kiribati presentaron los niveles m\u00e1s altos de mortalidad.<\/p>\n\n\n\n<p>Alemania se ubic\u00f3 entre los pa\u00edses con peores resultados, con el segundo menor descenso en muertes por patolog\u00edas cr\u00f3nicas. Estados Unidos mostr\u00f3 la reducci\u00f3n m\u00e1s baja entre las naciones industrializadas de mayores ingresos.<\/p>\n\n\n\n<p>En Am\u00e9rica Latina y el Caribe, los resultados fueron en general m\u00e1s positivos. Chile y Colombia, por ejemplo, lograron acelerar la disminuci\u00f3n de la mortalidad tanto en hombres como en mujeres durante el periodo estudiado.<\/p>\n\n\n\n<p>A escala mundial, Qatar, Azerbaiy\u00e1n y Uzbekist\u00e1n registraron las mayores reducciones, mientras que los aumentos m\u00e1s pronunciados se dieron en Sud\u00e1n del Sur, Antigua y Barbuda, y San Vicente y las Granadinas en el caso de las mujeres; y en Cabo Verde, Honduras y Jamaica entre los hombres.<\/p>\n\n\n\n<h2 class=\"wp-block-heading\">Recomendaciones de los expertos<\/h2>\n\n\n\n<p>La ca\u00edda de los fallecimientos por problemas cardiovasculares fue el factor que m\u00e1s contribuy\u00f3 a la reducci\u00f3n global. Tambi\u00e9n influy\u00f3 la disminuci\u00f3n de muertes por diversos tipos de&nbsp;c\u00e1ncer, como el de est\u00f3mago, colorrectal, cuello uterino, mama, pulm\u00f3n y pr\u00f3stata. No obstante, el aumento de decesos vinculados a la demencia, a otras afecciones neuropsiqui\u00e1tricas, incluido el consumo problem\u00e1tico de alcohol, y a ciertos c\u00e1nceres como el de p\u00e1ncreas y el de h\u00edgado contrarrest\u00f3 parte de los avances.<\/p>\n\n\n\n<p>Los autores del estudio subrayan que, aunque la disminuci\u00f3n de la mortalidad es un logro, la ralentizaci\u00f3n observada refleja la necesidad urgente de reforzar pol\u00edticas, directrices y programas de salud. Entre las prioridades destacan el acceso a medicamentos preventivos, la detecci\u00f3n temprana de enfermedades como el c\u00e1ncer y la ampliaci\u00f3n de servicios de tratamiento y apoyo, tanto para patolog\u00edas cr\u00f3nicas como la diabetes, como para episodios agudos como infartos y accidentes cerebrovasculares.<\/p>\n\n\n\n<p><\/p>\n\n\n\n<p><\/p>\n\n\n\n<p><\/p>\n\n\n\n<p><\/p>\n\n\n\n<p><\/p>\n\n\n\n<p><\/p>\n\n\n\n<p>(DW)<\/p>","protected":false},"excerpt":{"rendered":"<p>Entre 2010 y 2019, algunos pa\u00edses como Chile y Colombia aceleraron la reducci\u00f3n de muertes, mientras que EE. UU. y Alemania, los avances se estancaron.<\/p>","protected":false},"author":2,"featured_media":4969,"comment_status":"open","ping_status":"open","sticky":false,"template":"","format":"standard","meta":{"_et_pb_use_builder":"off","_et_pb_old_content":"","_et_gb_content_width":"","footnotes":""},"categories":[245],"tags":[979,977,978],"class_list":["post-4968","post","type-post","status-publish","format-standard","has-post-thumbnail","hentry","category-internacionales","tag-america-latina","tag-enfermedades","tag-enfermedades-cronicas"],"yoast_head":"<!-- This site is optimized with the Yoast SEO plugin v27.4 - https:\/\/yoast.com\/product\/yoast-seo-wordpress\/ -->\n<title>Las muertes por enfermedades cr\u00f3nicas caen en el mundo - La G Noticias<\/title>\n<meta name=\"robots\" content=\"index, follow, max-snippet:-1, max-image-preview:large, max-video-preview:-1\" \/>\n<link rel=\"canonical\" href=\"https:\/\/lagnoticias.com\/en\/2025\/09\/12\/las-muertes-por-enfermedades-cronicas-caen-en-el-mundo\/\" \/>\n<meta property=\"og:locale\" content=\"en_US\" \/>\n<meta property=\"og:type\" content=\"article\" \/>\n<meta property=\"og:title\" content=\"Las muertes por enfermedades cr\u00f3nicas caen en el mundo - La G Noticias\" \/>\n<meta property=\"og:description\" content=\"Entre 2010 y 2019, algunos pa\u00edses como Chile y Colombia aceleraron la reducci\u00f3n de muertes, mientras que EE. UU. y Alemania, los avances se estancaron.\" \/>\n<meta property=\"og:url\" content=\"https:\/\/lagnoticias.com\/en\/2025\/09\/12\/las-muertes-por-enfermedades-cronicas-caen-en-el-mundo\/\" \/>\n<meta property=\"og:site_name\" content=\"La G Noticias\" \/>\n<meta property=\"article:publisher\" content=\"https:\/\/www.facebook.com\/LaGNoticias\" \/>\n<meta property=\"article:published_time\" content=\"2025-09-12T19:58:00+00:00\" \/>\n<meta property=\"og:image\" content=\"https:\/\/lagnoticias.com\/wp-content\/uploads\/2025\/09\/69.jpg\" \/>\n\t<meta property=\"og:image:width\" content=\"1071\" \/>\n\t<meta property=\"og:image:height\" content=\"613\" \/>\n\t<meta property=\"og:image:type\" content=\"image\/jpeg\" \/>\n<meta name=\"author\" content=\"Oscar\" \/>\n<meta name=\"twitter:card\" content=\"summary_large_image\" \/>\n<meta name=\"twitter:creator\" content=\"@lagnoticias\" \/>\n<meta name=\"twitter:site\" content=\"@lagnoticias\" \/>\n<meta name=\"twitter:label1\" content=\"Written by\" \/>\n\t<meta name=\"twitter:data1\" content=\"Oscar\" \/>\n\t<meta name=\"twitter:label2\" content=\"Est. reading time\" \/>\n\t<meta name=\"twitter:data2\" content=\"3 minutes\" \/>\n<script type=\"application\/ld+json\" class=\"yoast-schema-graph\">{\"@context\":\"https:\\\/\\\/schema.org\",\"@graph\":[{\"@type\":\"Article\",\"@id\":\"https:\\\/\\\/lagnoticias.com\\\/2025\\\/09\\\/12\\\/las-muertes-por-enfermedades-cronicas-caen-en-el-mundo\\\/#article\",\"isPartOf\":{\"@id\":\"https:\\\/\\\/lagnoticias.com\\\/2025\\\/09\\\/12\\\/las-muertes-por-enfermedades-cronicas-caen-en-el-mundo\\\/\"},\"author\":{\"name\":\"Oscar\",\"@id\":\"https:\\\/\\\/lagnoticias.com\\\/#\\\/schema\\\/person\\\/cb9bfe13f8de05d2c55270be25c6a550\"},\"headline\":\"Las muertes por enfermedades cr\u00f3nicas caen en el mundo\",\"datePublished\":\"2025-09-12T19:58:00+00:00\",\"mainEntityOfPage\":{\"@id\":\"https:\\\/\\\/lagnoticias.com\\\/2025\\\/09\\\/12\\\/las-muertes-por-enfermedades-cronicas-caen-en-el-mundo\\\/\"},\"wordCount\":505,\"commentCount\":0,\"image\":{\"@id\":\"https:\\\/\\\/lagnoticias.com\\\/2025\\\/09\\\/12\\\/las-muertes-por-enfermedades-cronicas-caen-en-el-mundo\\\/#primaryimage\"},\"thumbnailUrl\":\"https:\\\/\\\/lagnoticias.com\\\/wp-content\\\/uploads\\\/2025\\\/09\\\/69.jpg\",\"keywords\":[\"AM\u00c9RICA LATINA\",\"ENFERMEDADES\",\"ENFERMEDADES CR\u00d3NICAS\"],\"articleSection\":[\"INTERNACIONALES\"],\"inLanguage\":\"en-US\",\"potentialAction\":[{\"@type\":\"CommentAction\",\"name\":\"Comment\",\"target\":[\"https:\\\/\\\/lagnoticias.com\\\/2025\\\/09\\\/12\\\/las-muertes-por-enfermedades-cronicas-caen-en-el-mundo\\\/#respond\"]}]},{\"@type\":\"WebPage\",\"@id\":\"https:\\\/\\\/lagnoticias.com\\\/2025\\\/09\\\/12\\\/las-muertes-por-enfermedades-cronicas-caen-en-el-mundo\\\/\",\"url\":\"https:\\\/\\\/lagnoticias.com\\\/2025\\\/09\\\/12\\\/las-muertes-por-enfermedades-cronicas-caen-en-el-mundo\\\/\",\"name\":\"Las muertes por enfermedades cr\u00f3nicas caen en el mundo - La G Noticias\",\"isPartOf\":{\"@id\":\"https:\\\/\\\/lagnoticias.com\\\/#website\"},\"primaryImageOfPage\":{\"@id\":\"https:\\\/\\\/lagnoticias.com\\\/2025\\\/09\\\/12\\\/las-muertes-por-enfermedades-cronicas-caen-en-el-mundo\\\/#primaryimage\"},\"image\":{\"@id\":\"https:\\\/\\\/lagnoticias.com\\\/2025\\\/09\\\/12\\\/las-muertes-por-enfermedades-cronicas-caen-en-el-mundo\\\/#primaryimage\"},\"thumbnailUrl\":\"https:\\\/\\\/lagnoticias.com\\\/wp-content\\\/uploads\\\/2025\\\/09\\\/69.jpg\",\"datePublished\":\"2025-09-12T19:58:00+00:00\",\"author\":{\"@id\":\"https:\\\/\\\/lagnoticias.com\\\/#\\\/schema\\\/person\\\/cb9bfe13f8de05d2c55270be25c6a550\"},\"breadcrumb\":{\"@id\":\"https:\\\/\\\/lagnoticias.com\\\/2025\\\/09\\\/12\\\/las-muertes-por-enfermedades-cronicas-caen-en-el-mundo\\\/#breadcrumb\"},\"inLanguage\":\"en-US\",\"potentialAction\":[{\"@type\":\"ReadAction\",\"target\":[\"https:\\\/\\\/lagnoticias.com\\\/2025\\\/09\\\/12\\\/las-muertes-por-enfermedades-cronicas-caen-en-el-mundo\\\/\"]}]},{\"@type\":\"ImageObject\",\"inLanguage\":\"en-US\",\"@id\":\"https:\\\/\\\/lagnoticias.com\\\/2025\\\/09\\\/12\\\/las-muertes-por-enfermedades-cronicas-caen-en-el-mundo\\\/#primaryimage\",\"url\":\"https:\\\/\\\/lagnoticias.com\\\/wp-content\\\/uploads\\\/2025\\\/09\\\/69.jpg\",\"contentUrl\":\"https:\\\/\\\/lagnoticias.com\\\/wp-content\\\/uploads\\\/2025\\\/09\\\/69.jpg\",\"width\":1071,\"height\":613},{\"@type\":\"BreadcrumbList\",\"@id\":\"https:\\\/\\\/lagnoticias.com\\\/2025\\\/09\\\/12\\\/las-muertes-por-enfermedades-cronicas-caen-en-el-mundo\\\/#breadcrumb\",\"itemListElement\":[{\"@type\":\"ListItem\",\"position\":1,\"name\":\"Portada\",\"item\":\"https:\\\/\\\/lagnoticias.com\\\/\"},{\"@type\":\"ListItem\",\"position\":2,\"name\":\"Las muertes por enfermedades cr\u00f3nicas caen en el mundo\"}]},{\"@type\":\"WebSite\",\"@id\":\"https:\\\/\\\/lagnoticias.com\\\/#website\",\"url\":\"https:\\\/\\\/lagnoticias.com\\\/\",\"name\":\"La G Noticias\",\"description\":\"Noticias Positivas\",\"potentialAction\":[{\"@type\":\"SearchAction\",\"target\":{\"@type\":\"EntryPoint\",\"urlTemplate\":\"https:\\\/\\\/lagnoticias.com\\\/?s={search_term_string}\"},\"query-input\":{\"@type\":\"PropertyValueSpecification\",\"valueRequired\":true,\"valueName\":\"search_term_string\"}}],\"inLanguage\":\"en-US\"},{\"@type\":\"Person\",\"@id\":\"https:\\\/\\\/lagnoticias.com\\\/#\\\/schema\\\/person\\\/cb9bfe13f8de05d2c55270be25c6a550\",\"name\":\"Oscar\",\"image\":{\"@type\":\"ImageObject\",\"inLanguage\":\"en-US\",\"@id\":\"https:\\\/\\\/secure.gravatar.com\\\/avatar\\\/45c195718f652dc7ffdd591dc1f2678956ab7fdadcd359a635edc61304a8c757?s=96&d=mm&r=g\",\"url\":\"https:\\\/\\\/secure.gravatar.com\\\/avatar\\\/45c195718f652dc7ffdd591dc1f2678956ab7fdadcd359a635edc61304a8c757?s=96&d=mm&r=g\",\"contentUrl\":\"https:\\\/\\\/secure.gravatar.com\\\/avatar\\\/45c195718f652dc7ffdd591dc1f2678956ab7fdadcd359a635edc61304a8c757?s=96&d=mm&r=g\",\"caption\":\"Oscar\"},\"url\":\"https:\\\/\\\/lagnoticias.com\\\/en\\\/author\\\/oscar\\\/\"}]}<\/script>\n<!-- \/ Yoast SEO plugin. -->","yoast_head_json":{"title":"Las muertes por enfermedades cr\u00f3nicas caen en el mundo - La G Noticias","robots":{"index":"index","follow":"follow","max-snippet":"max-snippet:-1","max-image-preview":"max-image-preview:large","max-video-preview":"max-video-preview:-1"},"canonical":"https:\/\/lagnoticias.com\/en\/2025\/09\/12\/las-muertes-por-enfermedades-cronicas-caen-en-el-mundo\/","og_locale":"en_US","og_type":"article","og_title":"Las muertes por enfermedades cr\u00f3nicas caen en el mundo - La G Noticias","og_description":"Entre 2010 y 2019, algunos pa\u00edses como Chile y Colombia aceleraron la reducci\u00f3n de muertes, mientras que EE. UU. y Alemania, los avances se estancaron.","og_url":"https:\/\/lagnoticias.com\/en\/2025\/09\/12\/las-muertes-por-enfermedades-cronicas-caen-en-el-mundo\/","og_site_name":"La G Noticias","article_publisher":"https:\/\/www.facebook.com\/LaGNoticias","article_published_time":"2025-09-12T19:58:00+00:00","og_image":[{"width":1071,"height":613,"url":"https:\/\/lagnoticias.com\/wp-content\/uploads\/2025\/09\/69.jpg","type":"image\/jpeg"}],"author":"Oscar","twitter_card":"summary_large_image","twitter_creator":"@lagnoticias","twitter_site":"@lagnoticias","twitter_misc":{"Written by":"Oscar","Est. reading time":"3 minutes"},"schema":{"@context":"https:\/\/schema.org","@graph":[{"@type":"Article","@id":"https:\/\/lagnoticias.com\/2025\/09\/12\/las-muertes-por-enfermedades-cronicas-caen-en-el-mundo\/#article","isPartOf":{"@id":"https:\/\/lagnoticias.com\/2025\/09\/12\/las-muertes-por-enfermedades-cronicas-caen-en-el-mundo\/"},"author":{"name":"Oscar","@id":"https:\/\/lagnoticias.com\/#\/schema\/person\/cb9bfe13f8de05d2c55270be25c6a550"},"headline":"Las muertes por enfermedades cr\u00f3nicas caen en el mundo","datePublished":"2025-09-12T19:58:00+00:00","mainEntityOfPage":{"@id":"https:\/\/lagnoticias.com\/2025\/09\/12\/las-muertes-por-enfermedades-cronicas-caen-en-el-mundo\/"},"wordCount":505,"commentCount":0,"image":{"@id":"https:\/\/lagnoticias.com\/2025\/09\/12\/las-muertes-por-enfermedades-cronicas-caen-en-el-mundo\/#primaryimage"},"thumbnailUrl":"https:\/\/lagnoticias.com\/wp-content\/uploads\/2025\/09\/69.jpg","keywords":["AM\u00c9RICA LATINA","ENFERMEDADES","ENFERMEDADES CR\u00d3NICAS"],"articleSection":["INTERNACIONALES"],"inLanguage":"en-US","potentialAction":[{"@type":"CommentAction","name":"Comment","target":["https:\/\/lagnoticias.com\/2025\/09\/12\/las-muertes-por-enfermedades-cronicas-caen-en-el-mundo\/#respond"]}]},{"@type":"WebPage","@id":"https:\/\/lagnoticias.com\/2025\/09\/12\/las-muertes-por-enfermedades-cronicas-caen-en-el-mundo\/","url":"https:\/\/lagnoticias.com\/2025\/09\/12\/las-muertes-por-enfermedades-cronicas-caen-en-el-mundo\/","name":"Las muertes por enfermedades cr\u00f3nicas caen en el mundo - La G Noticias","isPartOf":{"@id":"https:\/\/lagnoticias.com\/#website"},"primaryImageOfPage":{"@id":"https:\/\/lagnoticias.com\/2025\/09\/12\/las-muertes-por-enfermedades-cronicas-caen-en-el-mundo\/#primaryimage"},"image":{"@id":"https:\/\/lagnoticias.com\/2025\/09\/12\/las-muertes-por-enfermedades-cronicas-caen-en-el-mundo\/#primaryimage"},"thumbnailUrl":"https:\/\/lagnoticias.com\/wp-content\/uploads\/2025\/09\/69.jpg","datePublished":"2025-09-12T19:58:00+00:00","author":{"@id":"https:\/\/lagnoticias.com\/#\/schema\/person\/cb9bfe13f8de05d2c55270be25c6a550"},"breadcrumb":{"@id":"https:\/\/lagnoticias.com\/2025\/09\/12\/las-muertes-por-enfermedades-cronicas-caen-en-el-mundo\/#breadcrumb"},"inLanguage":"en-US","potentialAction":[{"@type":"ReadAction","target":["https:\/\/lagnoticias.com\/2025\/09\/12\/las-muertes-por-enfermedades-cronicas-caen-en-el-mundo\/"]}]},{"@type":"ImageObject","inLanguage":"en-US","@id":"https:\/\/lagnoticias.com\/2025\/09\/12\/las-muertes-por-enfermedades-cronicas-caen-en-el-mundo\/#primaryimage","url":"https:\/\/lagnoticias.com\/wp-content\/uploads\/2025\/09\/69.jpg","contentUrl":"https:\/\/lagnoticias.com\/wp-content\/uploads\/2025\/09\/69.jpg","width":1071,"height":613},{"@type":"BreadcrumbList","@id":"https:\/\/lagnoticias.com\/2025\/09\/12\/las-muertes-por-enfermedades-cronicas-caen-en-el-mundo\/#breadcrumb","itemListElement":[{"@type":"ListItem","position":1,"name":"Portada","item":"https:\/\/lagnoticias.com\/"},{"@type":"ListItem","position":2,"name":"Las muertes por enfermedades cr\u00f3nicas caen en el mundo"}]},{"@type":"WebSite","@id":"https:\/\/lagnoticias.com\/#website","url":"https:\/\/lagnoticias.com\/","name":"La G Noticias","description":"Noticias Positivas","potentialAction":[{"@type":"SearchAction","target":{"@type":"EntryPoint","urlTemplate":"https:\/\/lagnoticias.com\/?s={search_term_string}"},"query-input":{"@type":"PropertyValueSpecification","valueRequired":true,"valueName":"search_term_string"}}],"inLanguage":"en-US"},{"@type":"Person","@id":"https:\/\/lagnoticias.com\/#\/schema\/person\/cb9bfe13f8de05d2c55270be25c6a550","name":"Oscar","image":{"@type":"ImageObject","inLanguage":"en-US","@id":"https:\/\/secure.gravatar.com\/avatar\/45c195718f652dc7ffdd591dc1f2678956ab7fdadcd359a635edc61304a8c757?s=96&d=mm&r=g","url":"https:\/\/secure.gravatar.com\/avatar\/45c195718f652dc7ffdd591dc1f2678956ab7fdadcd359a635edc61304a8c757?s=96&d=mm&r=g","contentUrl":"https:\/\/secure.gravatar.com\/avatar\/45c195718f652dc7ffdd591dc1f2678956ab7fdadcd359a635edc61304a8c757?s=96&d=mm&r=g","caption":"Oscar"},"url":"https:\/\/lagnoticias.com\/en\/author\/oscar\/"}]}},"_links":{"self":[{"href":"https:\/\/lagnoticias.com\/en\/wp-json\/wp\/v2\/posts\/4968","targetHints":{"allow":["GET"]}}],"collection":[{"href":"https:\/\/lagnoticias.com\/en\/wp-json\/wp\/v2\/posts"}],"about":[{"href":"https:\/\/lagnoticias.com\/en\/wp-json\/wp\/v2\/types\/post"}],"author":[{"embeddable":true,"href":"https:\/\/lagnoticias.com\/en\/wp-json\/wp\/v2\/users\/2"}],"replies":[{"embeddable":true,"href":"https:\/\/lagnoticias.com\/en\/wp-json\/wp\/v2\/comments?post=4968"}],"version-history":[{"count":1,"href":"https:\/\/lagnoticias.com\/en\/wp-json\/wp\/v2\/posts\/4968\/revisions"}],"predecessor-version":[{"id":4970,"href":"https:\/\/lagnoticias.com\/en\/wp-json\/wp\/v2\/posts\/4968\/revisions\/4970"}],"wp:featuredmedia":[{"embeddable":true,"href":"https:\/\/lagnoticias.com\/en\/wp-json\/wp\/v2\/media\/4969"}],"wp:attachment":[{"href":"https:\/\/lagnoticias.com\/en\/wp-json\/wp\/v2\/media?parent=4968"}],"wp:term":[{"taxonomy":"category","embeddable":true,"href":"https:\/\/lagnoticias.com\/en\/wp-json\/wp\/v2\/categories?post=4968"},{"taxonomy":"post_tag","embeddable":true,"href":"https:\/\/lagnoticias.com\/en\/wp-json\/wp\/v2\/tags?post=4968"}],"curies":[{"name":"wp","href":"https:\/\/api.w.org\/{rel}","templated":true}]}}