{"id":4960,"date":"2025-09-12T10:49:27","date_gmt":"2025-09-12T16:49:27","guid":{"rendered":"https:\/\/lagnoticias.com\/?p=4960"},"modified":"2025-09-12T10:49:46","modified_gmt":"2025-09-12T16:49:46","slug":"ya-hay-sede-confirmada-para-la-final-de-la-champions-2027","status":"publish","type":"post","link":"https:\/\/lagnoticias.com\/en\/2025\/09\/12\/ya-hay-sede-confirmada-para-la-final-de-la-champions-2027\/","title":{"rendered":"Ya hay sede confirmada para la final de la Champions 2027"},"content":{"rendered":"<p>La&nbsp;UEFA confirm\u00f3 oficialmente&nbsp;que el&nbsp;Estadio Metropolitano, casa del Atl\u00e9tico de Madrid, ser\u00e1 el escenario de la&nbsp;final de la UEFA Champions League 2027.<\/p>\n\n\n\n<p>El anuncio se realiz\u00f3 tras la reuni\u00f3n del Comit\u00e9 Ejecutivo de la UEFA en&nbsp;Tirana, Albania, donde se eligi\u00f3 a este moderno recinto como el lugar ideal para coronar al campe\u00f3n de la temporada 2026-2027.<\/p>\n\n\n\n<h2 class=\"wp-block-heading\">Segunda final europea en el Metropolitano<\/h2>\n\n\n\n<p>Ser\u00e1 la&nbsp;segunda ocasi\u00f3n&nbsp;en que el Metropolitano acoja el partido m\u00e1s importante de clubes en Europa. La primera se dio en 2019, cuando el&nbsp;Liverpool&nbsp;levant\u00f3 su sexta \u201cOrejona\u201d tras vencer 2-0 al&nbsp;Tottenham Hotspur, con goles de&nbsp;Mohamed Salah y Divock Origi, en un duelo que marc\u00f3 la historia reciente del conjunto ingl\u00e9s bajo el mando de J\u00fcrgen Klopp.<\/p>\n\n\n\n<p>Con esta designaci\u00f3n,&nbsp;Madrid recibir\u00e1 su sexta final de Champions, sumando las celebradas en el&nbsp;Santiago Bernab\u00e9u en 1957, 1969, 1980 y 2010, consolid\u00e1ndose como una de las ciudades con mayor tradici\u00f3n en albergar partidos decisivos en el f\u00fatbol europeo.<\/p>\n\n\n\n<h2 class=\"wp-block-heading\">San Siro casi pudo ser<\/h2>\n\n\n\n<p>La elecci\u00f3n del Metropolitano llega tras un&nbsp;proceso complejo de licitaci\u00f3n. En un inicio, el&nbsp;Estadio San Siro de Mil\u00e1n&nbsp;hab\u00eda sido designado como sede en mayo de 2024; sin embargo, la UEFA revoc\u00f3 la decisi\u00f3n en marzo de 2025&nbsp;debido a las obras de renovaci\u00f3n que imposibilitaban garantizar su disponibilidad.<\/p>\n\n\n\n<p>Esto oblig\u00f3 a reabrir el proceso de postulaci\u00f3n, en el que finalmente quedaron dos candidatos principales: el&nbsp;Estadio Ol\u00edmpico de Bak\u00fa (Azerbaiy\u00e1n)&nbsp;y el Metropolitano de Madrid. La&nbsp;Real Federaci\u00f3n Espa\u00f1ola de F\u00fatbol (RFEF)&nbsp;se mostr\u00f3 confiada en que la capital espa\u00f1ola ser\u00eda la elegida, destacando su infraestructura hotelera y log\u00edstica.<\/p>\n\n\n\n<h2 class=\"wp-block-heading\">\u00bfCu\u00e1ndo ser\u00e1 la final de la Champions en 2027?<\/h2>\n\n\n\n<p>Faltando poco menos de dos a\u00f1os, el encuentro definitivo de la temporada 2026-2027 de la Champions est\u00e1 programado a disputarse el pr\u00f3ximo&nbsp;s\u00e1bado 5 de junio del 2027.<\/p>","protected":false},"excerpt":{"rendered":"<p>Ser\u00e1 la segunda ocasi\u00f3n en que el Metropolitano acoja el partido m\u00e1s importante de clubes en Europa y todo tras la declinaci\u00f3n de San Siro como sede.<\/p>","protected":false},"author":2,"featured_media":4961,"comment_status":"open","ping_status":"open","sticky":false,"template":"","format":"standard","meta":{"_et_pb_use_builder":"off","_et_pb_old_content":"","_et_gb_content_width":"","footnotes":""},"categories":[248],"tags":[975,976,648,286,649],"class_list":["post-4960","post","type-post","status-publish","format-standard","has-post-thumbnail","hentry","category-deportes","tag-atletico-de-madrid","tag-champions-2027","tag-champions-league","tag-futbol","tag-uefa"],"yoast_head":"<!-- This site is optimized with the Yoast SEO plugin v27.4 - https:\/\/yoast.com\/product\/yoast-seo-wordpress\/ -->\n<title>Ya hay sede confirmada para la final de la Champions 2027 - La G Noticias<\/title>\n<meta name=\"robots\" content=\"index, follow, max-snippet:-1, max-image-preview:large, max-video-preview:-1\" \/>\n<link rel=\"canonical\" href=\"https:\/\/lagnoticias.com\/en\/2025\/09\/12\/ya-hay-sede-confirmada-para-la-final-de-la-champions-2027\/\" \/>\n<meta property=\"og:locale\" content=\"en_US\" \/>\n<meta property=\"og:type\" content=\"article\" \/>\n<meta property=\"og:title\" content=\"Ya hay sede confirmada para la final de la Champions 2027 - La G Noticias\" \/>\n<meta property=\"og:description\" content=\"Ser\u00e1 la segunda ocasi\u00f3n en que el Metropolitano acoja el partido m\u00e1s importante de clubes en Europa y todo tras la declinaci\u00f3n de San Siro como sede.\" \/>\n<meta property=\"og:url\" content=\"https:\/\/lagnoticias.com\/en\/2025\/09\/12\/ya-hay-sede-confirmada-para-la-final-de-la-champions-2027\/\" \/>\n<meta property=\"og:site_name\" content=\"La G Noticias\" \/>\n<meta property=\"article:publisher\" content=\"https:\/\/www.facebook.com\/LaGNoticias\" \/>\n<meta property=\"article:published_time\" content=\"2025-09-12T16:49:27+00:00\" \/>\n<meta property=\"article:modified_time\" content=\"2025-09-12T16:49:46+00:00\" \/>\n<meta property=\"og:image\" content=\"https:\/\/lagnoticias.com\/wp-content\/uploads\/2025\/09\/6-6.jpg\" \/>\n\t<meta property=\"og:image:width\" content=\"770\" \/>\n\t<meta property=\"og:image:height\" content=\"530\" \/>\n\t<meta property=\"og:image:type\" content=\"image\/jpeg\" \/>\n<meta name=\"author\" content=\"Oscar\" \/>\n<meta name=\"twitter:card\" content=\"summary_large_image\" \/>\n<meta name=\"twitter:creator\" content=\"@lagnoticias\" \/>\n<meta name=\"twitter:site\" content=\"@lagnoticias\" \/>\n<meta name=\"twitter:label1\" content=\"Written by\" \/>\n\t<meta name=\"twitter:data1\" content=\"Oscar\" \/>\n\t<meta name=\"twitter:label2\" content=\"Est. reading time\" \/>\n\t<meta name=\"twitter:data2\" content=\"2 minutes\" \/>\n<script type=\"application\/ld+json\" class=\"yoast-schema-graph\">{\"@context\":\"https:\\\/\\\/schema.org\",\"@graph\":[{\"@type\":\"Article\",\"@id\":\"https:\\\/\\\/lagnoticias.com\\\/2025\\\/09\\\/12\\\/ya-hay-sede-confirmada-para-la-final-de-la-champions-2027\\\/#article\",\"isPartOf\":{\"@id\":\"https:\\\/\\\/lagnoticias.com\\\/2025\\\/09\\\/12\\\/ya-hay-sede-confirmada-para-la-final-de-la-champions-2027\\\/\"},\"author\":{\"name\":\"Oscar\",\"@id\":\"https:\\\/\\\/lagnoticias.com\\\/#\\\/schema\\\/person\\\/cb9bfe13f8de05d2c55270be25c6a550\"},\"headline\":\"Ya hay sede confirmada para la final de la Champions 2027\",\"datePublished\":\"2025-09-12T16:49:27+00:00\",\"dateModified\":\"2025-09-12T16:49:46+00:00\",\"mainEntityOfPage\":{\"@id\":\"https:\\\/\\\/lagnoticias.com\\\/2025\\\/09\\\/12\\\/ya-hay-sede-confirmada-para-la-final-de-la-champions-2027\\\/\"},\"wordCount\":363,\"commentCount\":0,\"image\":{\"@id\":\"https:\\\/\\\/lagnoticias.com\\\/2025\\\/09\\\/12\\\/ya-hay-sede-confirmada-para-la-final-de-la-champions-2027\\\/#primaryimage\"},\"thumbnailUrl\":\"https:\\\/\\\/lagnoticias.com\\\/wp-content\\\/uploads\\\/2025\\\/09\\\/6-6.jpg\",\"keywords\":[\"ATL\u00c9TICO DE MADRID\",\"Champions 2027\",\"Champions League\",\"F\u00daTBOL\",\"UEFA\"],\"articleSection\":[\"DEPORTES\"],\"inLanguage\":\"en-US\",\"potentialAction\":[{\"@type\":\"CommentAction\",\"name\":\"Comment\",\"target\":[\"https:\\\/\\\/lagnoticias.com\\\/2025\\\/09\\\/12\\\/ya-hay-sede-confirmada-para-la-final-de-la-champions-2027\\\/#respond\"]}]},{\"@type\":\"WebPage\",\"@id\":\"https:\\\/\\\/lagnoticias.com\\\/2025\\\/09\\\/12\\\/ya-hay-sede-confirmada-para-la-final-de-la-champions-2027\\\/\",\"url\":\"https:\\\/\\\/lagnoticias.com\\\/2025\\\/09\\\/12\\\/ya-hay-sede-confirmada-para-la-final-de-la-champions-2027\\\/\",\"name\":\"Ya hay sede confirmada para la final de la Champions 2027 - La G Noticias\",\"isPartOf\":{\"@id\":\"https:\\\/\\\/lagnoticias.com\\\/#website\"},\"primaryImageOfPage\":{\"@id\":\"https:\\\/\\\/lagnoticias.com\\\/2025\\\/09\\\/12\\\/ya-hay-sede-confirmada-para-la-final-de-la-champions-2027\\\/#primaryimage\"},\"image\":{\"@id\":\"https:\\\/\\\/lagnoticias.com\\\/2025\\\/09\\\/12\\\/ya-hay-sede-confirmada-para-la-final-de-la-champions-2027\\\/#primaryimage\"},\"thumbnailUrl\":\"https:\\\/\\\/lagnoticias.com\\\/wp-content\\\/uploads\\\/2025\\\/09\\\/6-6.jpg\",\"datePublished\":\"2025-09-12T16:49:27+00:00\",\"dateModified\":\"2025-09-12T16:49:46+00:00\",\"author\":{\"@id\":\"https:\\\/\\\/lagnoticias.com\\\/#\\\/schema\\\/person\\\/cb9bfe13f8de05d2c55270be25c6a550\"},\"breadcrumb\":{\"@id\":\"https:\\\/\\\/lagnoticias.com\\\/2025\\\/09\\\/12\\\/ya-hay-sede-confirmada-para-la-final-de-la-champions-2027\\\/#breadcrumb\"},\"inLanguage\":\"en-US\",\"potentialAction\":[{\"@type\":\"ReadAction\",\"target\":[\"https:\\\/\\\/lagnoticias.com\\\/2025\\\/09\\\/12\\\/ya-hay-sede-confirmada-para-la-final-de-la-champions-2027\\\/\"]}]},{\"@type\":\"ImageObject\",\"inLanguage\":\"en-US\",\"@id\":\"https:\\\/\\\/lagnoticias.com\\\/2025\\\/09\\\/12\\\/ya-hay-sede-confirmada-para-la-final-de-la-champions-2027\\\/#primaryimage\",\"url\":\"https:\\\/\\\/lagnoticias.com\\\/wp-content\\\/uploads\\\/2025\\\/09\\\/6-6.jpg\",\"contentUrl\":\"https:\\\/\\\/lagnoticias.com\\\/wp-content\\\/uploads\\\/2025\\\/09\\\/6-6.jpg\",\"width\":770,\"height\":530},{\"@type\":\"BreadcrumbList\",\"@id\":\"https:\\\/\\\/lagnoticias.com\\\/2025\\\/09\\\/12\\\/ya-hay-sede-confirmada-para-la-final-de-la-champions-2027\\\/#breadcrumb\",\"itemListElement\":[{\"@type\":\"ListItem\",\"position\":1,\"name\":\"Portada\",\"item\":\"https:\\\/\\\/lagnoticias.com\\\/\"},{\"@type\":\"ListItem\",\"position\":2,\"name\":\"Ya hay sede confirmada para la final de la Champions 2027\"}]},{\"@type\":\"WebSite\",\"@id\":\"https:\\\/\\\/lagnoticias.com\\\/#website\",\"url\":\"https:\\\/\\\/lagnoticias.com\\\/\",\"name\":\"La G Noticias\",\"description\":\"Noticias Positivas\",\"potentialAction\":[{\"@type\":\"SearchAction\",\"target\":{\"@type\":\"EntryPoint\",\"urlTemplate\":\"https:\\\/\\\/lagnoticias.com\\\/?s={search_term_string}\"},\"query-input\":{\"@type\":\"PropertyValueSpecification\",\"valueRequired\":true,\"valueName\":\"search_term_string\"}}],\"inLanguage\":\"en-US\"},{\"@type\":\"Person\",\"@id\":\"https:\\\/\\\/lagnoticias.com\\\/#\\\/schema\\\/person\\\/cb9bfe13f8de05d2c55270be25c6a550\",\"name\":\"Oscar\",\"image\":{\"@type\":\"ImageObject\",\"inLanguage\":\"en-US\",\"@id\":\"https:\\\/\\\/secure.gravatar.com\\\/avatar\\\/45c195718f652dc7ffdd591dc1f2678956ab7fdadcd359a635edc61304a8c757?s=96&d=mm&r=g\",\"url\":\"https:\\\/\\\/secure.gravatar.com\\\/avatar\\\/45c195718f652dc7ffdd591dc1f2678956ab7fdadcd359a635edc61304a8c757?s=96&d=mm&r=g\",\"contentUrl\":\"https:\\\/\\\/secure.gravatar.com\\\/avatar\\\/45c195718f652dc7ffdd591dc1f2678956ab7fdadcd359a635edc61304a8c757?s=96&d=mm&r=g\",\"caption\":\"Oscar\"},\"url\":\"https:\\\/\\\/lagnoticias.com\\\/en\\\/author\\\/oscar\\\/\"}]}<\/script>\n<!-- \/ Yoast SEO plugin. -->","yoast_head_json":{"title":"Ya hay sede confirmada para la final de la Champions 2027 - La G Noticias","robots":{"index":"index","follow":"follow","max-snippet":"max-snippet:-1","max-image-preview":"max-image-preview:large","max-video-preview":"max-video-preview:-1"},"canonical":"https:\/\/lagnoticias.com\/en\/2025\/09\/12\/ya-hay-sede-confirmada-para-la-final-de-la-champions-2027\/","og_locale":"en_US","og_type":"article","og_title":"Ya hay sede confirmada para la final de la Champions 2027 - La G Noticias","og_description":"Ser\u00e1 la segunda ocasi\u00f3n en que el Metropolitano acoja el partido m\u00e1s importante de clubes en Europa y todo tras la declinaci\u00f3n de San Siro como sede.","og_url":"https:\/\/lagnoticias.com\/en\/2025\/09\/12\/ya-hay-sede-confirmada-para-la-final-de-la-champions-2027\/","og_site_name":"La G Noticias","article_publisher":"https:\/\/www.facebook.com\/LaGNoticias","article_published_time":"2025-09-12T16:49:27+00:00","article_modified_time":"2025-09-12T16:49:46+00:00","og_image":[{"width":770,"height":530,"url":"https:\/\/lagnoticias.com\/wp-content\/uploads\/2025\/09\/6-6.jpg","type":"image\/jpeg"}],"author":"Oscar","twitter_card":"summary_large_image","twitter_creator":"@lagnoticias","twitter_site":"@lagnoticias","twitter_misc":{"Written by":"Oscar","Est. reading time":"2 minutes"},"schema":{"@context":"https:\/\/schema.org","@graph":[{"@type":"Article","@id":"https:\/\/lagnoticias.com\/2025\/09\/12\/ya-hay-sede-confirmada-para-la-final-de-la-champions-2027\/#article","isPartOf":{"@id":"https:\/\/lagnoticias.com\/2025\/09\/12\/ya-hay-sede-confirmada-para-la-final-de-la-champions-2027\/"},"author":{"name":"Oscar","@id":"https:\/\/lagnoticias.com\/#\/schema\/person\/cb9bfe13f8de05d2c55270be25c6a550"},"headline":"Ya hay sede confirmada para la final de la Champions 2027","datePublished":"2025-09-12T16:49:27+00:00","dateModified":"2025-09-12T16:49:46+00:00","mainEntityOfPage":{"@id":"https:\/\/lagnoticias.com\/2025\/09\/12\/ya-hay-sede-confirmada-para-la-final-de-la-champions-2027\/"},"wordCount":363,"commentCount":0,"image":{"@id":"https:\/\/lagnoticias.com\/2025\/09\/12\/ya-hay-sede-confirmada-para-la-final-de-la-champions-2027\/#primaryimage"},"thumbnailUrl":"https:\/\/lagnoticias.com\/wp-content\/uploads\/2025\/09\/6-6.jpg","keywords":["ATL\u00c9TICO DE MADRID","Champions 2027","Champions League","F\u00daTBOL","UEFA"],"articleSection":["DEPORTES"],"inLanguage":"en-US","potentialAction":[{"@type":"CommentAction","name":"Comment","target":["https:\/\/lagnoticias.com\/2025\/09\/12\/ya-hay-sede-confirmada-para-la-final-de-la-champions-2027\/#respond"]}]},{"@type":"WebPage","@id":"https:\/\/lagnoticias.com\/2025\/09\/12\/ya-hay-sede-confirmada-para-la-final-de-la-champions-2027\/","url":"https:\/\/lagnoticias.com\/2025\/09\/12\/ya-hay-sede-confirmada-para-la-final-de-la-champions-2027\/","name":"Ya hay sede confirmada para la final de la Champions 2027 - La G Noticias","isPartOf":{"@id":"https:\/\/lagnoticias.com\/#website"},"primaryImageOfPage":{"@id":"https:\/\/lagnoticias.com\/2025\/09\/12\/ya-hay-sede-confirmada-para-la-final-de-la-champions-2027\/#primaryimage"},"image":{"@id":"https:\/\/lagnoticias.com\/2025\/09\/12\/ya-hay-sede-confirmada-para-la-final-de-la-champions-2027\/#primaryimage"},"thumbnailUrl":"https:\/\/lagnoticias.com\/wp-content\/uploads\/2025\/09\/6-6.jpg","datePublished":"2025-09-12T16:49:27+00:00","dateModified":"2025-09-12T16:49:46+00:00","author":{"@id":"https:\/\/lagnoticias.com\/#\/schema\/person\/cb9bfe13f8de05d2c55270be25c6a550"},"breadcrumb":{"@id":"https:\/\/lagnoticias.com\/2025\/09\/12\/ya-hay-sede-confirmada-para-la-final-de-la-champions-2027\/#breadcrumb"},"inLanguage":"en-US","potentialAction":[{"@type":"ReadAction","target":["https:\/\/lagnoticias.com\/2025\/09\/12\/ya-hay-sede-confirmada-para-la-final-de-la-champions-2027\/"]}]},{"@type":"ImageObject","inLanguage":"en-US","@id":"https:\/\/lagnoticias.com\/2025\/09\/12\/ya-hay-sede-confirmada-para-la-final-de-la-champions-2027\/#primaryimage","url":"https:\/\/lagnoticias.com\/wp-content\/uploads\/2025\/09\/6-6.jpg","contentUrl":"https:\/\/lagnoticias.com\/wp-content\/uploads\/2025\/09\/6-6.jpg","width":770,"height":530},{"@type":"BreadcrumbList","@id":"https:\/\/lagnoticias.com\/2025\/09\/12\/ya-hay-sede-confirmada-para-la-final-de-la-champions-2027\/#breadcrumb","itemListElement":[{"@type":"ListItem","position":1,"name":"Portada","item":"https:\/\/lagnoticias.com\/"},{"@type":"ListItem","position":2,"name":"Ya hay sede confirmada para la final de la Champions 2027"}]},{"@type":"WebSite","@id":"https:\/\/lagnoticias.com\/#website","url":"https:\/\/lagnoticias.com\/","name":"La G Noticias","description":"Noticias Positivas","potentialAction":[{"@type":"SearchAction","target":{"@type":"EntryPoint","urlTemplate":"https:\/\/lagnoticias.com\/?s={search_term_string}"},"query-input":{"@type":"PropertyValueSpecification","valueRequired":true,"valueName":"search_term_string"}}],"inLanguage":"en-US"},{"@type":"Person","@id":"https:\/\/lagnoticias.com\/#\/schema\/person\/cb9bfe13f8de05d2c55270be25c6a550","name":"Oscar","image":{"@type":"ImageObject","inLanguage":"en-US","@id":"https:\/\/secure.gravatar.com\/avatar\/45c195718f652dc7ffdd591dc1f2678956ab7fdadcd359a635edc61304a8c757?s=96&d=mm&r=g","url":"https:\/\/secure.gravatar.com\/avatar\/45c195718f652dc7ffdd591dc1f2678956ab7fdadcd359a635edc61304a8c757?s=96&d=mm&r=g","contentUrl":"https:\/\/secure.gravatar.com\/avatar\/45c195718f652dc7ffdd591dc1f2678956ab7fdadcd359a635edc61304a8c757?s=96&d=mm&r=g","caption":"Oscar"},"url":"https:\/\/lagnoticias.com\/en\/author\/oscar\/"}]}},"_links":{"self":[{"href":"https:\/\/lagnoticias.com\/en\/wp-json\/wp\/v2\/posts\/4960","targetHints":{"allow":["GET"]}}],"collection":[{"href":"https:\/\/lagnoticias.com\/en\/wp-json\/wp\/v2\/posts"}],"about":[{"href":"https:\/\/lagnoticias.com\/en\/wp-json\/wp\/v2\/types\/post"}],"author":[{"embeddable":true,"href":"https:\/\/lagnoticias.com\/en\/wp-json\/wp\/v2\/users\/2"}],"replies":[{"embeddable":true,"href":"https:\/\/lagnoticias.com\/en\/wp-json\/wp\/v2\/comments?post=4960"}],"version-history":[{"count":2,"href":"https:\/\/lagnoticias.com\/en\/wp-json\/wp\/v2\/posts\/4960\/revisions"}],"predecessor-version":[{"id":4963,"href":"https:\/\/lagnoticias.com\/en\/wp-json\/wp\/v2\/posts\/4960\/revisions\/4963"}],"wp:featuredmedia":[{"embeddable":true,"href":"https:\/\/lagnoticias.com\/en\/wp-json\/wp\/v2\/media\/4961"}],"wp:attachment":[{"href":"https:\/\/lagnoticias.com\/en\/wp-json\/wp\/v2\/media?parent=4960"}],"wp:term":[{"taxonomy":"category","embeddable":true,"href":"https:\/\/lagnoticias.com\/en\/wp-json\/wp\/v2\/categories?post=4960"},{"taxonomy":"post_tag","embeddable":true,"href":"https:\/\/lagnoticias.com\/en\/wp-json\/wp\/v2\/tags?post=4960"}],"curies":[{"name":"wp","href":"https:\/\/api.w.org\/{rel}","templated":true}]}}