{"id":4953,"date":"2025-09-12T10:10:09","date_gmt":"2025-09-12T16:10:09","guid":{"rendered":"https:\/\/lagnoticias.com\/?p=4953"},"modified":"2025-09-12T12:03:24","modified_gmt":"2025-09-12T18:03:24","slug":"michael-jackson-tenia-una-reunion-en-las-torres-gemelas-el-11-s-pero-logro-salvar-su-vida-por-quedarse-dormido","status":"publish","type":"post","link":"https:\/\/lagnoticias.com\/en\/2025\/09\/12\/michael-jackson-tenia-una-reunion-en-las-torres-gemelas-el-11-s-pero-logro-salvar-su-vida-por-quedarse-dormido\/","title":{"rendered":"Michael Jackson ten\u00eda una reuni\u00f3n en las Torres Gemelas el 11-S, pero logr\u00f3 salvar su vida por quedarse dormido"},"content":{"rendered":"<p>Michael Jackson&nbsp;estuvo a punto de convertirse en una&nbsp;v\u00edctima m\u00e1s del atentado del 11 de septiembre de 2001, pero un giro del destino le salv\u00f3 la vida.<\/p>\n\n\n\n<p>El rey del pop ten\u00eda una&nbsp;reuni\u00f3n de negocios esa ma\u00f1ana&nbsp;en una de las Torres Gemelas, pero una conversaci\u00f3n nocturna con su madre&nbsp;lo hizo quedarse dormido y perder la cita.<\/p>\n\n\n\n<h2 class=\"wp-block-heading\">La reuni\u00f3n que pudo costarle la vida<\/h2>\n\n\n\n<p>Jermaine Jackson, hermano del cantante, relat\u00f3 en su libro You Are Not Alone: Michael: Through a Brother\u2019s Eyes que&nbsp;Michael estaba en Nueva York tras concluir su gira&nbsp;el 7 de septiembre en el Madison Square Garden.<\/p>\n\n\n\n<p>En ese \u00faltimo show,&nbsp;celebrado con motivo de sus 30 a\u00f1os&nbsp;de carrera, cont\u00f3 con invitados como Britney Spears, Eminem, Macaulay Culkin, Whitney Houston, Liza Minelli, Beyonc\u00e9 y Elizabeth Taylor.<\/p>\n\n\n\n<p>Adem\u00e1s de los conciertos,&nbsp;ten\u00eda programada una reuni\u00f3n de negocios el 11 de septiembre&nbsp;por la ma\u00f1ana en el World Trade Center. Sin embargo,&nbsp;la noche anterior decidi\u00f3 quedarse hablando hasta tarde por tel\u00e9fono con su madre,&nbsp;lo que lo llev\u00f3 a dormir m\u00e1s de la cuenta.<\/p>\n\n\n\n<p>\u201cMadre, estoy bien, gracias a ti\u201d\u2014 le dijo Michael entre l\u00e1grimas cuando ella lo llam\u00f3 al enterarse de los atentados. \u201cMe mantuviste despierto hablando tan tarde que me qued\u00e9 dormido y falt\u00e9 a mi cita\u201d<\/p>\n\n\n\n<h2 class=\"wp-block-heading\">\u00bfQu\u00e9 hizo despu\u00e9s de salvarse? Los rumores detr\u00e1s<\/h2>\n\n\n\n<p>La vida de Michael Jackson siempre estuvo rodeada de rumores, y el 11-S no fue la excepci\u00f3n.&nbsp;Algunas versiones suger\u00edan&nbsp;que un&nbsp;amigo de Arabia Saudita le advirti\u00f3 sobre el atentado&nbsp;y que \u00e9l invent\u00f3 la historia de haberse quedado dormido para no levantar sospechas.<\/p>\n\n\n\n<p>Otra versi\u00f3n indicaba que, con los aeropuertos bloqueados,&nbsp;Jackson alquil\u00f3 un veh\u00edculo para rescatar a Elizabeth Taylor y Marlon Brando&nbsp;y los traslad\u00f3 a Ohio, haciendo paradas en McDonald\u2019s y KFC durante el viaje. Sin embargo,&nbsp;Liz Taylor desminti\u00f3 esta historia, explicando que ella permaneci\u00f3 en Nueva York cuidando a Debbie Reynolds.<\/p>\n\n\n\n<h2 class=\"wp-block-heading\">La historia que inspir\u00f3 una pel\u00edcula<\/h2>\n\n\n\n<p>A pesar de la desmentida,&nbsp;el rumor de la huida en autom\u00f3vil fue adaptado por Sky Arts&nbsp;en un proyecto titulado&nbsp;Elizabeth, Michael &amp; Marlon. La pel\u00edcula contaba con Stockard Channing como Elizabeth Taylor, Brian Cox como Marlon Brando y Joseph Fiennes como Michael Jackson.<\/p>\n\n\n\n<p>El tr\u00e1iler se lanz\u00f3 en 2017, pero el proyecto fue cancelado&nbsp;poco despu\u00e9s.&nbsp;La controversia surgi\u00f3 por el hecho de que un actor blanco interpretara al rey del pop&nbsp;y por la indignaci\u00f3n de su familia, en particular de Paris Jackson y su sobrino Taj.<\/p>\n\n\n\n<p>Por desgracia, esto es con lo que mi familia tiene que lidiar. No hay palabras que puedan expresar la descarada falta de respeto\u201d\u2014 escribi\u00f3 Paris en Twitter.<\/p>\n\n\n\n<p>Sky Arts emiti\u00f3 un comunicado disculp\u00e1ndose&nbsp;y aclarando que la decisi\u00f3n se tom\u00f3 tras la&nbsp;\u201cpreocupaci\u00f3n expresada por la familia directa de Michael Jackson\u201d. Agregaron que \u201cJoseph Fiennes apoya totalmente nuestra decisi\u00f3n\u201d y que nunca se pretendi\u00f3 ofender a nadie con la pel\u00edcula.<\/p>\n\n\n\n<h2 class=\"wp-block-heading\">Un destino que cambi\u00f3 la historia<\/h2>\n\n\n\n<p>Lo que parec\u00eda una cita rutinaria termin\u00f3 siendo un&nbsp;episodio que cambi\u00f3 la vida de Michael Jackson. Una simple conversaci\u00f3n con su madre no solo le hizo perder la reuni\u00f3n, sino que&nbsp;lo salv\u00f3 de uno de los atentados m\u00e1s devastadores&nbsp;de la historia moderna.<\/p>\n\n\n\n<p>Este episodio recuerda que, a veces,&nbsp;el destino se manifiesta en detalles aparentemente triviales&nbsp;que pueden alterar el curso de la vida.<\/p>","protected":false},"excerpt":{"rendered":"<p>Michael Jackson evit\u00f3 morir el 11-S al perder su reuni\u00f3n en Torres Gemelas.<\/p>","protected":false},"author":2,"featured_media":4954,"comment_status":"open","ping_status":"open","sticky":false,"template":"","format":"standard","meta":{"_et_pb_use_builder":"off","_et_pb_old_content":"","_et_gb_content_width":"","footnotes":""},"categories":[679,249],"tags":[964,260,970,971],"class_list":["post-4953","post","type-post","status-publish","format-standard","has-post-thumbnail","hentry","category-destacados","category-entretenimiento","tag-11-de-septiembre","tag-estados-unidos","tag-michael-jackson","tag-torres-gemelas"],"yoast_head":"<!-- This site is optimized with the Yoast SEO plugin v27.4 - https:\/\/yoast.com\/product\/yoast-seo-wordpress\/ -->\n<title>Michael Jackson ten\u00eda una reuni\u00f3n en las Torres Gemelas el 11-S, pero logr\u00f3 salvar su vida por quedarse dormido - La G Noticias<\/title>\n<meta name=\"robots\" content=\"index, follow, max-snippet:-1, max-image-preview:large, max-video-preview:-1\" \/>\n<link rel=\"canonical\" href=\"https:\/\/lagnoticias.com\/en\/2025\/09\/12\/michael-jackson-tenia-una-reunion-en-las-torres-gemelas-el-11-s-pero-logro-salvar-su-vida-por-quedarse-dormido\/\" \/>\n<meta property=\"og:locale\" content=\"en_US\" \/>\n<meta property=\"og:type\" content=\"article\" \/>\n<meta property=\"og:title\" content=\"Michael Jackson ten\u00eda una reuni\u00f3n en las Torres Gemelas el 11-S, pero logr\u00f3 salvar su vida por quedarse dormido - La G Noticias\" \/>\n<meta property=\"og:description\" content=\"Michael Jackson evit\u00f3 morir el 11-S al perder su reuni\u00f3n en Torres Gemelas.\" \/>\n<meta property=\"og:url\" content=\"https:\/\/lagnoticias.com\/en\/2025\/09\/12\/michael-jackson-tenia-una-reunion-en-las-torres-gemelas-el-11-s-pero-logro-salvar-su-vida-por-quedarse-dormido\/\" \/>\n<meta property=\"og:site_name\" content=\"La G Noticias\" \/>\n<meta property=\"article:publisher\" content=\"https:\/\/www.facebook.com\/LaGNoticias\" \/>\n<meta property=\"article:published_time\" content=\"2025-09-12T16:10:09+00:00\" \/>\n<meta property=\"article:modified_time\" content=\"2025-09-12T18:03:24+00:00\" \/>\n<meta property=\"og:image\" content=\"https:\/\/lagnoticias.com\/wp-content\/uploads\/2025\/09\/8-13.jpg\" \/>\n\t<meta property=\"og:image:width\" content=\"1920\" \/>\n\t<meta property=\"og:image:height\" content=\"1080\" \/>\n\t<meta property=\"og:image:type\" content=\"image\/jpeg\" \/>\n<meta name=\"author\" content=\"Oscar\" \/>\n<meta name=\"twitter:card\" content=\"summary_large_image\" \/>\n<meta name=\"twitter:creator\" content=\"@lagnoticias\" \/>\n<meta name=\"twitter:site\" content=\"@lagnoticias\" \/>\n<meta name=\"twitter:label1\" content=\"Written by\" \/>\n\t<meta name=\"twitter:data1\" content=\"Oscar\" \/>\n\t<meta name=\"twitter:label2\" content=\"Est. reading time\" \/>\n\t<meta name=\"twitter:data2\" content=\"3 minutes\" \/>\n<script type=\"application\/ld+json\" class=\"yoast-schema-graph\">{\"@context\":\"https:\\\/\\\/schema.org\",\"@graph\":[{\"@type\":\"Article\",\"@id\":\"https:\\\/\\\/lagnoticias.com\\\/2025\\\/09\\\/12\\\/michael-jackson-tenia-una-reunion-en-las-torres-gemelas-el-11-s-pero-logro-salvar-su-vida-por-quedarse-dormido\\\/#article\",\"isPartOf\":{\"@id\":\"https:\\\/\\\/lagnoticias.com\\\/2025\\\/09\\\/12\\\/michael-jackson-tenia-una-reunion-en-las-torres-gemelas-el-11-s-pero-logro-salvar-su-vida-por-quedarse-dormido\\\/\"},\"author\":{\"name\":\"Oscar\",\"@id\":\"https:\\\/\\\/lagnoticias.com\\\/#\\\/schema\\\/person\\\/cb9bfe13f8de05d2c55270be25c6a550\"},\"headline\":\"Michael Jackson ten\u00eda una reuni\u00f3n en las Torres Gemelas el 11-S, pero logr\u00f3 salvar su vida por quedarse dormido\",\"datePublished\":\"2025-09-12T16:10:09+00:00\",\"dateModified\":\"2025-09-12T18:03:24+00:00\",\"mainEntityOfPage\":{\"@id\":\"https:\\\/\\\/lagnoticias.com\\\/2025\\\/09\\\/12\\\/michael-jackson-tenia-una-reunion-en-las-torres-gemelas-el-11-s-pero-logro-salvar-su-vida-por-quedarse-dormido\\\/\"},\"wordCount\":646,\"commentCount\":0,\"image\":{\"@id\":\"https:\\\/\\\/lagnoticias.com\\\/2025\\\/09\\\/12\\\/michael-jackson-tenia-una-reunion-en-las-torres-gemelas-el-11-s-pero-logro-salvar-su-vida-por-quedarse-dormido\\\/#primaryimage\"},\"thumbnailUrl\":\"https:\\\/\\\/lagnoticias.com\\\/wp-content\\\/uploads\\\/2025\\\/09\\\/8-13.jpg\",\"keywords\":[\"11 DE SEPTIEMBRE\",\"ESTADOS UNIDOS\",\"MICHAEL JACKSON\",\"TORRES GEMELAS\"],\"articleSection\":[\"DESTACADOS\",\"ENTRETENIMIENTO\"],\"inLanguage\":\"en-US\",\"potentialAction\":[{\"@type\":\"CommentAction\",\"name\":\"Comment\",\"target\":[\"https:\\\/\\\/lagnoticias.com\\\/2025\\\/09\\\/12\\\/michael-jackson-tenia-una-reunion-en-las-torres-gemelas-el-11-s-pero-logro-salvar-su-vida-por-quedarse-dormido\\\/#respond\"]}]},{\"@type\":\"WebPage\",\"@id\":\"https:\\\/\\\/lagnoticias.com\\\/2025\\\/09\\\/12\\\/michael-jackson-tenia-una-reunion-en-las-torres-gemelas-el-11-s-pero-logro-salvar-su-vida-por-quedarse-dormido\\\/\",\"url\":\"https:\\\/\\\/lagnoticias.com\\\/2025\\\/09\\\/12\\\/michael-jackson-tenia-una-reunion-en-las-torres-gemelas-el-11-s-pero-logro-salvar-su-vida-por-quedarse-dormido\\\/\",\"name\":\"Michael Jackson ten\u00eda una reuni\u00f3n en las Torres Gemelas el 11-S, pero logr\u00f3 salvar su vida por quedarse dormido - La G Noticias\",\"isPartOf\":{\"@id\":\"https:\\\/\\\/lagnoticias.com\\\/#website\"},\"primaryImageOfPage\":{\"@id\":\"https:\\\/\\\/lagnoticias.com\\\/2025\\\/09\\\/12\\\/michael-jackson-tenia-una-reunion-en-las-torres-gemelas-el-11-s-pero-logro-salvar-su-vida-por-quedarse-dormido\\\/#primaryimage\"},\"image\":{\"@id\":\"https:\\\/\\\/lagnoticias.com\\\/2025\\\/09\\\/12\\\/michael-jackson-tenia-una-reunion-en-las-torres-gemelas-el-11-s-pero-logro-salvar-su-vida-por-quedarse-dormido\\\/#primaryimage\"},\"thumbnailUrl\":\"https:\\\/\\\/lagnoticias.com\\\/wp-content\\\/uploads\\\/2025\\\/09\\\/8-13.jpg\",\"datePublished\":\"2025-09-12T16:10:09+00:00\",\"dateModified\":\"2025-09-12T18:03:24+00:00\",\"author\":{\"@id\":\"https:\\\/\\\/lagnoticias.com\\\/#\\\/schema\\\/person\\\/cb9bfe13f8de05d2c55270be25c6a550\"},\"breadcrumb\":{\"@id\":\"https:\\\/\\\/lagnoticias.com\\\/2025\\\/09\\\/12\\\/michael-jackson-tenia-una-reunion-en-las-torres-gemelas-el-11-s-pero-logro-salvar-su-vida-por-quedarse-dormido\\\/#breadcrumb\"},\"inLanguage\":\"en-US\",\"potentialAction\":[{\"@type\":\"ReadAction\",\"target\":[\"https:\\\/\\\/lagnoticias.com\\\/2025\\\/09\\\/12\\\/michael-jackson-tenia-una-reunion-en-las-torres-gemelas-el-11-s-pero-logro-salvar-su-vida-por-quedarse-dormido\\\/\"]}]},{\"@type\":\"ImageObject\",\"inLanguage\":\"en-US\",\"@id\":\"https:\\\/\\\/lagnoticias.com\\\/2025\\\/09\\\/12\\\/michael-jackson-tenia-una-reunion-en-las-torres-gemelas-el-11-s-pero-logro-salvar-su-vida-por-quedarse-dormido\\\/#primaryimage\",\"url\":\"https:\\\/\\\/lagnoticias.com\\\/wp-content\\\/uploads\\\/2025\\\/09\\\/8-13.jpg\",\"contentUrl\":\"https:\\\/\\\/lagnoticias.com\\\/wp-content\\\/uploads\\\/2025\\\/09\\\/8-13.jpg\",\"width\":1920,\"height\":1080},{\"@type\":\"BreadcrumbList\",\"@id\":\"https:\\\/\\\/lagnoticias.com\\\/2025\\\/09\\\/12\\\/michael-jackson-tenia-una-reunion-en-las-torres-gemelas-el-11-s-pero-logro-salvar-su-vida-por-quedarse-dormido\\\/#breadcrumb\",\"itemListElement\":[{\"@type\":\"ListItem\",\"position\":1,\"name\":\"Portada\",\"item\":\"https:\\\/\\\/lagnoticias.com\\\/\"},{\"@type\":\"ListItem\",\"position\":2,\"name\":\"Michael Jackson ten\u00eda una reuni\u00f3n en las Torres Gemelas el 11-S, pero logr\u00f3 salvar su vida por quedarse dormido\"}]},{\"@type\":\"WebSite\",\"@id\":\"https:\\\/\\\/lagnoticias.com\\\/#website\",\"url\":\"https:\\\/\\\/lagnoticias.com\\\/\",\"name\":\"La G Noticias\",\"description\":\"Noticias Positivas\",\"potentialAction\":[{\"@type\":\"SearchAction\",\"target\":{\"@type\":\"EntryPoint\",\"urlTemplate\":\"https:\\\/\\\/lagnoticias.com\\\/?s={search_term_string}\"},\"query-input\":{\"@type\":\"PropertyValueSpecification\",\"valueRequired\":true,\"valueName\":\"search_term_string\"}}],\"inLanguage\":\"en-US\"},{\"@type\":\"Person\",\"@id\":\"https:\\\/\\\/lagnoticias.com\\\/#\\\/schema\\\/person\\\/cb9bfe13f8de05d2c55270be25c6a550\",\"name\":\"Oscar\",\"image\":{\"@type\":\"ImageObject\",\"inLanguage\":\"en-US\",\"@id\":\"https:\\\/\\\/secure.gravatar.com\\\/avatar\\\/45c195718f652dc7ffdd591dc1f2678956ab7fdadcd359a635edc61304a8c757?s=96&d=mm&r=g\",\"url\":\"https:\\\/\\\/secure.gravatar.com\\\/avatar\\\/45c195718f652dc7ffdd591dc1f2678956ab7fdadcd359a635edc61304a8c757?s=96&d=mm&r=g\",\"contentUrl\":\"https:\\\/\\\/secure.gravatar.com\\\/avatar\\\/45c195718f652dc7ffdd591dc1f2678956ab7fdadcd359a635edc61304a8c757?s=96&d=mm&r=g\",\"caption\":\"Oscar\"},\"url\":\"https:\\\/\\\/lagnoticias.com\\\/en\\\/author\\\/oscar\\\/\"}]}<\/script>\n<!-- \/ Yoast SEO plugin. -->","yoast_head_json":{"title":"Michael Jackson ten\u00eda una reuni\u00f3n en las Torres Gemelas el 11-S, pero logr\u00f3 salvar su vida por quedarse dormido - La G Noticias","robots":{"index":"index","follow":"follow","max-snippet":"max-snippet:-1","max-image-preview":"max-image-preview:large","max-video-preview":"max-video-preview:-1"},"canonical":"https:\/\/lagnoticias.com\/en\/2025\/09\/12\/michael-jackson-tenia-una-reunion-en-las-torres-gemelas-el-11-s-pero-logro-salvar-su-vida-por-quedarse-dormido\/","og_locale":"en_US","og_type":"article","og_title":"Michael Jackson ten\u00eda una reuni\u00f3n en las Torres Gemelas el 11-S, pero logr\u00f3 salvar su vida por quedarse dormido - La G Noticias","og_description":"Michael Jackson evit\u00f3 morir el 11-S al perder su reuni\u00f3n en Torres Gemelas.","og_url":"https:\/\/lagnoticias.com\/en\/2025\/09\/12\/michael-jackson-tenia-una-reunion-en-las-torres-gemelas-el-11-s-pero-logro-salvar-su-vida-por-quedarse-dormido\/","og_site_name":"La G Noticias","article_publisher":"https:\/\/www.facebook.com\/LaGNoticias","article_published_time":"2025-09-12T16:10:09+00:00","article_modified_time":"2025-09-12T18:03:24+00:00","og_image":[{"width":1920,"height":1080,"url":"https:\/\/lagnoticias.com\/wp-content\/uploads\/2025\/09\/8-13.jpg","type":"image\/jpeg"}],"author":"Oscar","twitter_card":"summary_large_image","twitter_creator":"@lagnoticias","twitter_site":"@lagnoticias","twitter_misc":{"Written by":"Oscar","Est. reading time":"3 minutes"},"schema":{"@context":"https:\/\/schema.org","@graph":[{"@type":"Article","@id":"https:\/\/lagnoticias.com\/2025\/09\/12\/michael-jackson-tenia-una-reunion-en-las-torres-gemelas-el-11-s-pero-logro-salvar-su-vida-por-quedarse-dormido\/#article","isPartOf":{"@id":"https:\/\/lagnoticias.com\/2025\/09\/12\/michael-jackson-tenia-una-reunion-en-las-torres-gemelas-el-11-s-pero-logro-salvar-su-vida-por-quedarse-dormido\/"},"author":{"name":"Oscar","@id":"https:\/\/lagnoticias.com\/#\/schema\/person\/cb9bfe13f8de05d2c55270be25c6a550"},"headline":"Michael Jackson ten\u00eda una reuni\u00f3n en las Torres Gemelas el 11-S, pero logr\u00f3 salvar su vida por quedarse dormido","datePublished":"2025-09-12T16:10:09+00:00","dateModified":"2025-09-12T18:03:24+00:00","mainEntityOfPage":{"@id":"https:\/\/lagnoticias.com\/2025\/09\/12\/michael-jackson-tenia-una-reunion-en-las-torres-gemelas-el-11-s-pero-logro-salvar-su-vida-por-quedarse-dormido\/"},"wordCount":646,"commentCount":0,"image":{"@id":"https:\/\/lagnoticias.com\/2025\/09\/12\/michael-jackson-tenia-una-reunion-en-las-torres-gemelas-el-11-s-pero-logro-salvar-su-vida-por-quedarse-dormido\/#primaryimage"},"thumbnailUrl":"https:\/\/lagnoticias.com\/wp-content\/uploads\/2025\/09\/8-13.jpg","keywords":["11 DE SEPTIEMBRE","ESTADOS UNIDOS","MICHAEL JACKSON","TORRES GEMELAS"],"articleSection":["DESTACADOS","ENTRETENIMIENTO"],"inLanguage":"en-US","potentialAction":[{"@type":"CommentAction","name":"Comment","target":["https:\/\/lagnoticias.com\/2025\/09\/12\/michael-jackson-tenia-una-reunion-en-las-torres-gemelas-el-11-s-pero-logro-salvar-su-vida-por-quedarse-dormido\/#respond"]}]},{"@type":"WebPage","@id":"https:\/\/lagnoticias.com\/2025\/09\/12\/michael-jackson-tenia-una-reunion-en-las-torres-gemelas-el-11-s-pero-logro-salvar-su-vida-por-quedarse-dormido\/","url":"https:\/\/lagnoticias.com\/2025\/09\/12\/michael-jackson-tenia-una-reunion-en-las-torres-gemelas-el-11-s-pero-logro-salvar-su-vida-por-quedarse-dormido\/","name":"Michael Jackson ten\u00eda una reuni\u00f3n en las Torres Gemelas el 11-S, pero logr\u00f3 salvar su vida por quedarse dormido - La G Noticias","isPartOf":{"@id":"https:\/\/lagnoticias.com\/#website"},"primaryImageOfPage":{"@id":"https:\/\/lagnoticias.com\/2025\/09\/12\/michael-jackson-tenia-una-reunion-en-las-torres-gemelas-el-11-s-pero-logro-salvar-su-vida-por-quedarse-dormido\/#primaryimage"},"image":{"@id":"https:\/\/lagnoticias.com\/2025\/09\/12\/michael-jackson-tenia-una-reunion-en-las-torres-gemelas-el-11-s-pero-logro-salvar-su-vida-por-quedarse-dormido\/#primaryimage"},"thumbnailUrl":"https:\/\/lagnoticias.com\/wp-content\/uploads\/2025\/09\/8-13.jpg","datePublished":"2025-09-12T16:10:09+00:00","dateModified":"2025-09-12T18:03:24+00:00","author":{"@id":"https:\/\/lagnoticias.com\/#\/schema\/person\/cb9bfe13f8de05d2c55270be25c6a550"},"breadcrumb":{"@id":"https:\/\/lagnoticias.com\/2025\/09\/12\/michael-jackson-tenia-una-reunion-en-las-torres-gemelas-el-11-s-pero-logro-salvar-su-vida-por-quedarse-dormido\/#breadcrumb"},"inLanguage":"en-US","potentialAction":[{"@type":"ReadAction","target":["https:\/\/lagnoticias.com\/2025\/09\/12\/michael-jackson-tenia-una-reunion-en-las-torres-gemelas-el-11-s-pero-logro-salvar-su-vida-por-quedarse-dormido\/"]}]},{"@type":"ImageObject","inLanguage":"en-US","@id":"https:\/\/lagnoticias.com\/2025\/09\/12\/michael-jackson-tenia-una-reunion-en-las-torres-gemelas-el-11-s-pero-logro-salvar-su-vida-por-quedarse-dormido\/#primaryimage","url":"https:\/\/lagnoticias.com\/wp-content\/uploads\/2025\/09\/8-13.jpg","contentUrl":"https:\/\/lagnoticias.com\/wp-content\/uploads\/2025\/09\/8-13.jpg","width":1920,"height":1080},{"@type":"BreadcrumbList","@id":"https:\/\/lagnoticias.com\/2025\/09\/12\/michael-jackson-tenia-una-reunion-en-las-torres-gemelas-el-11-s-pero-logro-salvar-su-vida-por-quedarse-dormido\/#breadcrumb","itemListElement":[{"@type":"ListItem","position":1,"name":"Portada","item":"https:\/\/lagnoticias.com\/"},{"@type":"ListItem","position":2,"name":"Michael Jackson ten\u00eda una reuni\u00f3n en las Torres Gemelas el 11-S, pero logr\u00f3 salvar su vida por quedarse dormido"}]},{"@type":"WebSite","@id":"https:\/\/lagnoticias.com\/#website","url":"https:\/\/lagnoticias.com\/","name":"La G Noticias","description":"Noticias Positivas","potentialAction":[{"@type":"SearchAction","target":{"@type":"EntryPoint","urlTemplate":"https:\/\/lagnoticias.com\/?s={search_term_string}"},"query-input":{"@type":"PropertyValueSpecification","valueRequired":true,"valueName":"search_term_string"}}],"inLanguage":"en-US"},{"@type":"Person","@id":"https:\/\/lagnoticias.com\/#\/schema\/person\/cb9bfe13f8de05d2c55270be25c6a550","name":"Oscar","image":{"@type":"ImageObject","inLanguage":"en-US","@id":"https:\/\/secure.gravatar.com\/avatar\/45c195718f652dc7ffdd591dc1f2678956ab7fdadcd359a635edc61304a8c757?s=96&d=mm&r=g","url":"https:\/\/secure.gravatar.com\/avatar\/45c195718f652dc7ffdd591dc1f2678956ab7fdadcd359a635edc61304a8c757?s=96&d=mm&r=g","contentUrl":"https:\/\/secure.gravatar.com\/avatar\/45c195718f652dc7ffdd591dc1f2678956ab7fdadcd359a635edc61304a8c757?s=96&d=mm&r=g","caption":"Oscar"},"url":"https:\/\/lagnoticias.com\/en\/author\/oscar\/"}]}},"_links":{"self":[{"href":"https:\/\/lagnoticias.com\/en\/wp-json\/wp\/v2\/posts\/4953","targetHints":{"allow":["GET"]}}],"collection":[{"href":"https:\/\/lagnoticias.com\/en\/wp-json\/wp\/v2\/posts"}],"about":[{"href":"https:\/\/lagnoticias.com\/en\/wp-json\/wp\/v2\/types\/post"}],"author":[{"embeddable":true,"href":"https:\/\/lagnoticias.com\/en\/wp-json\/wp\/v2\/users\/2"}],"replies":[{"embeddable":true,"href":"https:\/\/lagnoticias.com\/en\/wp-json\/wp\/v2\/comments?post=4953"}],"version-history":[{"count":1,"href":"https:\/\/lagnoticias.com\/en\/wp-json\/wp\/v2\/posts\/4953\/revisions"}],"predecessor-version":[{"id":4955,"href":"https:\/\/lagnoticias.com\/en\/wp-json\/wp\/v2\/posts\/4953\/revisions\/4955"}],"wp:featuredmedia":[{"embeddable":true,"href":"https:\/\/lagnoticias.com\/en\/wp-json\/wp\/v2\/media\/4954"}],"wp:attachment":[{"href":"https:\/\/lagnoticias.com\/en\/wp-json\/wp\/v2\/media?parent=4953"}],"wp:term":[{"taxonomy":"category","embeddable":true,"href":"https:\/\/lagnoticias.com\/en\/wp-json\/wp\/v2\/categories?post=4953"},{"taxonomy":"post_tag","embeddable":true,"href":"https:\/\/lagnoticias.com\/en\/wp-json\/wp\/v2\/tags?post=4953"}],"curies":[{"name":"wp","href":"https:\/\/api.w.org\/{rel}","templated":true}]}}