{"id":4950,"date":"2025-09-12T09:18:42","date_gmt":"2025-09-12T15:18:42","guid":{"rendered":"https:\/\/lagnoticias.com\/?p=4950"},"modified":"2025-09-12T12:03:32","modified_gmt":"2025-09-12T18:03:32","slug":"record-casi-100000-personas-con-mas-de-100-anos-en-japon","status":"publish","type":"post","link":"https:\/\/lagnoticias.com\/en\/2025\/09\/12\/record-casi-100000-personas-con-mas-de-100-anos-en-japon\/","title":{"rendered":"R\u00e9cord: casi 100,000 personas con m\u00e1s de 100 a\u00f1os en Jap\u00f3n"},"content":{"rendered":"<p>El\u00a0n\u00famero de centenarios\u00a0en\u00a0Jap\u00f3n\u00a0alcanz\u00f3 un nuevo r\u00e9cord al superar por primera vez los 99,000 individuos, inform\u00f3 el Gobierno, d\u00edas antes del festivo del D\u00eda del Respeto a los Mayores que se observa el pr\u00f3ximo 15 de septiembre.<\/p>\n\n\n\n<p>Seg\u00fan datos del Ministerio de Salud, Trabajo y Bienestar de Jap\u00f3n, hasta la fecha hay un r\u00e9cord de 99,763 personas con 100 a\u00f1os o m\u00e1s en el archipi\u00e9lago, un incremento de 4,644 individuos con respecto al a\u00f1o previo, una cifra que no ha dejado de aumentar en los \u00faltimos 55 a\u00f1os.<\/p>\n\n\n\n<h2 class=\"wp-block-heading\">Muchas m\u00e1s mujeres centenarias<\/h2>\n\n\n\n<p>Las mujeres suponen el 88 % del total, con 87,784 personas, mientras que la cifra de varones centenarios es de 11,979.<\/p>\n\n\n\n<p>La persona de mayor edad en Jap\u00f3n es Shigeko Kagawa, una mujer de 114 a\u00f1os de la ciudad de Yamatokoriyama, en la prefectura de Nara (oeste),&nbsp;cerca de Kioto, y la sexta persona m\u00e1s anciana del mundo, de acuerdo al Gerontology Research Group, que lleva un registro de los supercentenarios a nivel global.<\/p>\n\n\n\n<p>Seg\u00fan el ministerio, Kagawa se mantuvo activa despu\u00e9s de cumplir 80 a\u00f1os como ginec\u00f3loga-obstetra y m\u00e9dica general.<\/p>\n\n\n\n<p>\u00abCaminar mucho durante las visitas domiciliarias fortaleci\u00f3 mis piernas, que son la fuente de mi vitalidad actual\u00bb, declar\u00f3 Kagawa en el comunicado. Todav\u00eda ve bien, as\u00ed que pasa el d\u00eda viendo la televisi\u00f3n, leyendo el peri\u00f3dico y haciendo caligraf\u00eda.<\/p>\n\n\n\n<p>El&nbsp;mayor de los hombres del pa\u00eds asi\u00e1tico es Kiyotaka Mizuno, de 111 a\u00f1os, residente en la ciudad Iwata, en Shizuoka (centro).<\/p>\n\n\n\n<p>La persona m\u00e1s longeva del mundo es la brit\u00e1nica Ethel Caterham, quien cumpli\u00f3 116 a\u00f1os en agosto, meses despu\u00e9s de que le pasaran el t\u00edtulo tras el fallecimiento de la monja brasile\u00f1a&nbsp;Inah Canabarro Lucas.<\/p>\n\n\n\n<h2 class=\"wp-block-heading\">M\u00e1s de 80 centenarios por cada 100,000 habitantes<\/h2>\n\n\n\n<p>Jap\u00f3n ha alcanzado una cifra promedio de 80,58 centenarios por cada 100,000 habitantes. Por prefecturas, la de Shimane, en el oeste del territorio, encabeza la lista de concentraci\u00f3n, con un promedio de 168,69 centenarios por cada 100,000 residentes.<\/p>\n\n\n\n<p>Cuando estos datos empezaron a recopilarse en 1963 hab\u00eda 153 personas centenarias en Jap\u00f3n. En 1981 super\u00f3 el millar y en 1998 los 10.000, un aumento de la longevidad que los expertos atribuyen principalmente al desarrollo de tecnolog\u00edas y tratamientos m\u00e9dicos.<\/p>\n\n\n\n<p>Seg\u00fan Sanidad, la esperanza de vida de los japoneses est\u00e1 en los 87,13 a\u00f1os para las mujeres y los 81,09 a\u00f1os para los hombres.<\/p>\n\n\n\n<h2 class=\"wp-block-heading\">Crisis demogr\u00e1fica en Jap\u00f3n: una&nbsp;\u00abemergencia silenciosa\u00bb<\/h2>\n\n\n\n<p>Las cifras ponen de relieve la crisis demogr\u00e1fica que afecta a la cuarta econom\u00eda m\u00e1s grande del mundo, a medida que su poblaci\u00f3n envejece y disminuye. El aumento de la poblaci\u00f3n anciana provoca un aumento vertiginoso de los costes m\u00e9dicos y de asistencia social, con una fuerza laboral cada vez menor para cubrirlos.<\/p>\n\n\n\n<p>Los datos oficiales del mes pasado mostraron que la poblaci\u00f3n de ciudadanos japoneses se redujo en una cifra r\u00e9cord (m\u00e1s de 900.000 personas) en 2024.<\/p>\n\n\n\n<p>El primer ministro Shigeru Ishiba ha calificado la situaci\u00f3n de \u00abemergencia silenciosa\u00bb y ha prometido medidas que favorezcan a las familias, como horarios laborales m\u00e1s flexibles y guarder\u00edas gratuitas, para intentar revertir la tendencia.<\/p>\n\n\n\n<p>Sin embargo, los esfuerzos del gobierno por frenar el declive y el envejecimiento de su poblaci\u00f3n a\u00fan no han dado resultados significativos.<\/p>\n\n\n\n<p><\/p>\n\n\n\n<p><\/p>\n\n\n\n<p><\/p>\n\n\n\n<p>(DW)<\/p>","protected":false},"excerpt":{"rendered":"<p>Jap\u00f3n lleg\u00f3 a un r\u00e9cord de m\u00e1s de 99.000 personas con m\u00e1s de 100 a\u00f1os de edad, y casi el 90 por ciento de ellas son mujeres, seg\u00fan datos oficiales. Las cifras ponen de relieve, tambi\u00e9n, la crisis demogr\u00e1fica del pa\u00eds.<\/p>","protected":false},"author":2,"featured_media":4951,"comment_status":"open","ping_status":"open","sticky":false,"template":"","format":"standard","meta":{"_et_pb_use_builder":"off","_et_pb_old_content":"","_et_gb_content_width":"","footnotes":""},"categories":[679,245],"tags":[387,441],"class_list":["post-4950","post","type-post","status-publish","format-standard","has-post-thumbnail","hentry","category-destacados","category-internacionales","tag-adultos-mayores","tag-japon"],"yoast_head":"<!-- This site is optimized with the Yoast SEO plugin v27.4 - https:\/\/yoast.com\/product\/yoast-seo-wordpress\/ -->\n<title>R\u00e9cord: casi 100,000 personas con m\u00e1s de 100 a\u00f1os en Jap\u00f3n - La G Noticias<\/title>\n<meta name=\"robots\" content=\"index, follow, max-snippet:-1, max-image-preview:large, max-video-preview:-1\" \/>\n<link rel=\"canonical\" href=\"https:\/\/lagnoticias.com\/en\/2025\/09\/12\/record-casi-100000-personas-con-mas-de-100-anos-en-japon\/\" \/>\n<meta property=\"og:locale\" content=\"en_US\" \/>\n<meta property=\"og:type\" content=\"article\" \/>\n<meta property=\"og:title\" content=\"R\u00e9cord: casi 100,000 personas con m\u00e1s de 100 a\u00f1os en Jap\u00f3n - La G Noticias\" \/>\n<meta property=\"og:description\" content=\"Jap\u00f3n lleg\u00f3 a un r\u00e9cord de m\u00e1s de 99.000 personas con m\u00e1s de 100 a\u00f1os de edad, y casi el 90 por ciento de ellas son mujeres, seg\u00fan datos oficiales. Las cifras ponen de relieve, tambi\u00e9n, la crisis demogr\u00e1fica del pa\u00eds.\" \/>\n<meta property=\"og:url\" content=\"https:\/\/lagnoticias.com\/en\/2025\/09\/12\/record-casi-100000-personas-con-mas-de-100-anos-en-japon\/\" \/>\n<meta property=\"og:site_name\" content=\"La G Noticias\" \/>\n<meta property=\"article:publisher\" content=\"https:\/\/www.facebook.com\/LaGNoticias\" \/>\n<meta property=\"article:published_time\" content=\"2025-09-12T15:18:42+00:00\" \/>\n<meta property=\"article:modified_time\" content=\"2025-09-12T18:03:32+00:00\" \/>\n<meta property=\"og:image\" content=\"https:\/\/lagnoticias.com\/wp-content\/uploads\/2025\/09\/1-11.jpg\" \/>\n\t<meta property=\"og:image:width\" content=\"767\" \/>\n\t<meta property=\"og:image:height\" content=\"432\" \/>\n\t<meta property=\"og:image:type\" content=\"image\/jpeg\" \/>\n<meta name=\"author\" content=\"Oscar\" \/>\n<meta name=\"twitter:card\" content=\"summary_large_image\" \/>\n<meta name=\"twitter:creator\" content=\"@lagnoticias\" \/>\n<meta name=\"twitter:site\" content=\"@lagnoticias\" \/>\n<meta name=\"twitter:label1\" content=\"Written by\" \/>\n\t<meta name=\"twitter:data1\" content=\"Oscar\" \/>\n\t<meta name=\"twitter:label2\" content=\"Est. reading time\" \/>\n\t<meta name=\"twitter:data2\" content=\"3 minutes\" \/>\n<script type=\"application\/ld+json\" class=\"yoast-schema-graph\">{\"@context\":\"https:\\\/\\\/schema.org\",\"@graph\":[{\"@type\":\"Article\",\"@id\":\"https:\\\/\\\/lagnoticias.com\\\/2025\\\/09\\\/12\\\/record-casi-100000-personas-con-mas-de-100-anos-en-japon\\\/#article\",\"isPartOf\":{\"@id\":\"https:\\\/\\\/lagnoticias.com\\\/2025\\\/09\\\/12\\\/record-casi-100000-personas-con-mas-de-100-anos-en-japon\\\/\"},\"author\":{\"name\":\"Oscar\",\"@id\":\"https:\\\/\\\/lagnoticias.com\\\/#\\\/schema\\\/person\\\/cb9bfe13f8de05d2c55270be25c6a550\"},\"headline\":\"R\u00e9cord: casi 100,000 personas con m\u00e1s de 100 a\u00f1os en Jap\u00f3n\",\"datePublished\":\"2025-09-12T15:18:42+00:00\",\"dateModified\":\"2025-09-12T18:03:32+00:00\",\"mainEntityOfPage\":{\"@id\":\"https:\\\/\\\/lagnoticias.com\\\/2025\\\/09\\\/12\\\/record-casi-100000-personas-con-mas-de-100-anos-en-japon\\\/\"},\"wordCount\":586,\"commentCount\":0,\"image\":{\"@id\":\"https:\\\/\\\/lagnoticias.com\\\/2025\\\/09\\\/12\\\/record-casi-100000-personas-con-mas-de-100-anos-en-japon\\\/#primaryimage\"},\"thumbnailUrl\":\"https:\\\/\\\/lagnoticias.com\\\/wp-content\\\/uploads\\\/2025\\\/09\\\/1-11.jpg\",\"keywords\":[\"ADULTOS MAYORES\",\"JAP\u00d3N\"],\"articleSection\":[\"DESTACADOS\",\"INTERNACIONALES\"],\"inLanguage\":\"en-US\",\"potentialAction\":[{\"@type\":\"CommentAction\",\"name\":\"Comment\",\"target\":[\"https:\\\/\\\/lagnoticias.com\\\/2025\\\/09\\\/12\\\/record-casi-100000-personas-con-mas-de-100-anos-en-japon\\\/#respond\"]}]},{\"@type\":\"WebPage\",\"@id\":\"https:\\\/\\\/lagnoticias.com\\\/2025\\\/09\\\/12\\\/record-casi-100000-personas-con-mas-de-100-anos-en-japon\\\/\",\"url\":\"https:\\\/\\\/lagnoticias.com\\\/2025\\\/09\\\/12\\\/record-casi-100000-personas-con-mas-de-100-anos-en-japon\\\/\",\"name\":\"R\u00e9cord: casi 100,000 personas con m\u00e1s de 100 a\u00f1os en Jap\u00f3n - La G Noticias\",\"isPartOf\":{\"@id\":\"https:\\\/\\\/lagnoticias.com\\\/#website\"},\"primaryImageOfPage\":{\"@id\":\"https:\\\/\\\/lagnoticias.com\\\/2025\\\/09\\\/12\\\/record-casi-100000-personas-con-mas-de-100-anos-en-japon\\\/#primaryimage\"},\"image\":{\"@id\":\"https:\\\/\\\/lagnoticias.com\\\/2025\\\/09\\\/12\\\/record-casi-100000-personas-con-mas-de-100-anos-en-japon\\\/#primaryimage\"},\"thumbnailUrl\":\"https:\\\/\\\/lagnoticias.com\\\/wp-content\\\/uploads\\\/2025\\\/09\\\/1-11.jpg\",\"datePublished\":\"2025-09-12T15:18:42+00:00\",\"dateModified\":\"2025-09-12T18:03:32+00:00\",\"author\":{\"@id\":\"https:\\\/\\\/lagnoticias.com\\\/#\\\/schema\\\/person\\\/cb9bfe13f8de05d2c55270be25c6a550\"},\"breadcrumb\":{\"@id\":\"https:\\\/\\\/lagnoticias.com\\\/2025\\\/09\\\/12\\\/record-casi-100000-personas-con-mas-de-100-anos-en-japon\\\/#breadcrumb\"},\"inLanguage\":\"en-US\",\"potentialAction\":[{\"@type\":\"ReadAction\",\"target\":[\"https:\\\/\\\/lagnoticias.com\\\/2025\\\/09\\\/12\\\/record-casi-100000-personas-con-mas-de-100-anos-en-japon\\\/\"]}]},{\"@type\":\"ImageObject\",\"inLanguage\":\"en-US\",\"@id\":\"https:\\\/\\\/lagnoticias.com\\\/2025\\\/09\\\/12\\\/record-casi-100000-personas-con-mas-de-100-anos-en-japon\\\/#primaryimage\",\"url\":\"https:\\\/\\\/lagnoticias.com\\\/wp-content\\\/uploads\\\/2025\\\/09\\\/1-11.jpg\",\"contentUrl\":\"https:\\\/\\\/lagnoticias.com\\\/wp-content\\\/uploads\\\/2025\\\/09\\\/1-11.jpg\",\"width\":767,\"height\":432},{\"@type\":\"BreadcrumbList\",\"@id\":\"https:\\\/\\\/lagnoticias.com\\\/2025\\\/09\\\/12\\\/record-casi-100000-personas-con-mas-de-100-anos-en-japon\\\/#breadcrumb\",\"itemListElement\":[{\"@type\":\"ListItem\",\"position\":1,\"name\":\"Portada\",\"item\":\"https:\\\/\\\/lagnoticias.com\\\/\"},{\"@type\":\"ListItem\",\"position\":2,\"name\":\"R\u00e9cord: casi 100,000 personas con m\u00e1s de 100 a\u00f1os en Jap\u00f3n\"}]},{\"@type\":\"WebSite\",\"@id\":\"https:\\\/\\\/lagnoticias.com\\\/#website\",\"url\":\"https:\\\/\\\/lagnoticias.com\\\/\",\"name\":\"La G Noticias\",\"description\":\"Noticias Positivas\",\"potentialAction\":[{\"@type\":\"SearchAction\",\"target\":{\"@type\":\"EntryPoint\",\"urlTemplate\":\"https:\\\/\\\/lagnoticias.com\\\/?s={search_term_string}\"},\"query-input\":{\"@type\":\"PropertyValueSpecification\",\"valueRequired\":true,\"valueName\":\"search_term_string\"}}],\"inLanguage\":\"en-US\"},{\"@type\":\"Person\",\"@id\":\"https:\\\/\\\/lagnoticias.com\\\/#\\\/schema\\\/person\\\/cb9bfe13f8de05d2c55270be25c6a550\",\"name\":\"Oscar\",\"image\":{\"@type\":\"ImageObject\",\"inLanguage\":\"en-US\",\"@id\":\"https:\\\/\\\/secure.gravatar.com\\\/avatar\\\/45c195718f652dc7ffdd591dc1f2678956ab7fdadcd359a635edc61304a8c757?s=96&d=mm&r=g\",\"url\":\"https:\\\/\\\/secure.gravatar.com\\\/avatar\\\/45c195718f652dc7ffdd591dc1f2678956ab7fdadcd359a635edc61304a8c757?s=96&d=mm&r=g\",\"contentUrl\":\"https:\\\/\\\/secure.gravatar.com\\\/avatar\\\/45c195718f652dc7ffdd591dc1f2678956ab7fdadcd359a635edc61304a8c757?s=96&d=mm&r=g\",\"caption\":\"Oscar\"},\"url\":\"https:\\\/\\\/lagnoticias.com\\\/en\\\/author\\\/oscar\\\/\"}]}<\/script>\n<!-- \/ Yoast SEO plugin. -->","yoast_head_json":{"title":"R\u00e9cord: casi 100,000 personas con m\u00e1s de 100 a\u00f1os en Jap\u00f3n - La G Noticias","robots":{"index":"index","follow":"follow","max-snippet":"max-snippet:-1","max-image-preview":"max-image-preview:large","max-video-preview":"max-video-preview:-1"},"canonical":"https:\/\/lagnoticias.com\/en\/2025\/09\/12\/record-casi-100000-personas-con-mas-de-100-anos-en-japon\/","og_locale":"en_US","og_type":"article","og_title":"R\u00e9cord: casi 100,000 personas con m\u00e1s de 100 a\u00f1os en Jap\u00f3n - La G Noticias","og_description":"Jap\u00f3n lleg\u00f3 a un r\u00e9cord de m\u00e1s de 99.000 personas con m\u00e1s de 100 a\u00f1os de edad, y casi el 90 por ciento de ellas son mujeres, seg\u00fan datos oficiales. Las cifras ponen de relieve, tambi\u00e9n, la crisis demogr\u00e1fica del pa\u00eds.","og_url":"https:\/\/lagnoticias.com\/en\/2025\/09\/12\/record-casi-100000-personas-con-mas-de-100-anos-en-japon\/","og_site_name":"La G Noticias","article_publisher":"https:\/\/www.facebook.com\/LaGNoticias","article_published_time":"2025-09-12T15:18:42+00:00","article_modified_time":"2025-09-12T18:03:32+00:00","og_image":[{"width":767,"height":432,"url":"https:\/\/lagnoticias.com\/wp-content\/uploads\/2025\/09\/1-11.jpg","type":"image\/jpeg"}],"author":"Oscar","twitter_card":"summary_large_image","twitter_creator":"@lagnoticias","twitter_site":"@lagnoticias","twitter_misc":{"Written by":"Oscar","Est. reading time":"3 minutes"},"schema":{"@context":"https:\/\/schema.org","@graph":[{"@type":"Article","@id":"https:\/\/lagnoticias.com\/2025\/09\/12\/record-casi-100000-personas-con-mas-de-100-anos-en-japon\/#article","isPartOf":{"@id":"https:\/\/lagnoticias.com\/2025\/09\/12\/record-casi-100000-personas-con-mas-de-100-anos-en-japon\/"},"author":{"name":"Oscar","@id":"https:\/\/lagnoticias.com\/#\/schema\/person\/cb9bfe13f8de05d2c55270be25c6a550"},"headline":"R\u00e9cord: casi 100,000 personas con m\u00e1s de 100 a\u00f1os en Jap\u00f3n","datePublished":"2025-09-12T15:18:42+00:00","dateModified":"2025-09-12T18:03:32+00:00","mainEntityOfPage":{"@id":"https:\/\/lagnoticias.com\/2025\/09\/12\/record-casi-100000-personas-con-mas-de-100-anos-en-japon\/"},"wordCount":586,"commentCount":0,"image":{"@id":"https:\/\/lagnoticias.com\/2025\/09\/12\/record-casi-100000-personas-con-mas-de-100-anos-en-japon\/#primaryimage"},"thumbnailUrl":"https:\/\/lagnoticias.com\/wp-content\/uploads\/2025\/09\/1-11.jpg","keywords":["ADULTOS MAYORES","JAP\u00d3N"],"articleSection":["DESTACADOS","INTERNACIONALES"],"inLanguage":"en-US","potentialAction":[{"@type":"CommentAction","name":"Comment","target":["https:\/\/lagnoticias.com\/2025\/09\/12\/record-casi-100000-personas-con-mas-de-100-anos-en-japon\/#respond"]}]},{"@type":"WebPage","@id":"https:\/\/lagnoticias.com\/2025\/09\/12\/record-casi-100000-personas-con-mas-de-100-anos-en-japon\/","url":"https:\/\/lagnoticias.com\/2025\/09\/12\/record-casi-100000-personas-con-mas-de-100-anos-en-japon\/","name":"R\u00e9cord: casi 100,000 personas con m\u00e1s de 100 a\u00f1os en Jap\u00f3n - La G Noticias","isPartOf":{"@id":"https:\/\/lagnoticias.com\/#website"},"primaryImageOfPage":{"@id":"https:\/\/lagnoticias.com\/2025\/09\/12\/record-casi-100000-personas-con-mas-de-100-anos-en-japon\/#primaryimage"},"image":{"@id":"https:\/\/lagnoticias.com\/2025\/09\/12\/record-casi-100000-personas-con-mas-de-100-anos-en-japon\/#primaryimage"},"thumbnailUrl":"https:\/\/lagnoticias.com\/wp-content\/uploads\/2025\/09\/1-11.jpg","datePublished":"2025-09-12T15:18:42+00:00","dateModified":"2025-09-12T18:03:32+00:00","author":{"@id":"https:\/\/lagnoticias.com\/#\/schema\/person\/cb9bfe13f8de05d2c55270be25c6a550"},"breadcrumb":{"@id":"https:\/\/lagnoticias.com\/2025\/09\/12\/record-casi-100000-personas-con-mas-de-100-anos-en-japon\/#breadcrumb"},"inLanguage":"en-US","potentialAction":[{"@type":"ReadAction","target":["https:\/\/lagnoticias.com\/2025\/09\/12\/record-casi-100000-personas-con-mas-de-100-anos-en-japon\/"]}]},{"@type":"ImageObject","inLanguage":"en-US","@id":"https:\/\/lagnoticias.com\/2025\/09\/12\/record-casi-100000-personas-con-mas-de-100-anos-en-japon\/#primaryimage","url":"https:\/\/lagnoticias.com\/wp-content\/uploads\/2025\/09\/1-11.jpg","contentUrl":"https:\/\/lagnoticias.com\/wp-content\/uploads\/2025\/09\/1-11.jpg","width":767,"height":432},{"@type":"BreadcrumbList","@id":"https:\/\/lagnoticias.com\/2025\/09\/12\/record-casi-100000-personas-con-mas-de-100-anos-en-japon\/#breadcrumb","itemListElement":[{"@type":"ListItem","position":1,"name":"Portada","item":"https:\/\/lagnoticias.com\/"},{"@type":"ListItem","position":2,"name":"R\u00e9cord: casi 100,000 personas con m\u00e1s de 100 a\u00f1os en Jap\u00f3n"}]},{"@type":"WebSite","@id":"https:\/\/lagnoticias.com\/#website","url":"https:\/\/lagnoticias.com\/","name":"La G Noticias","description":"Noticias Positivas","potentialAction":[{"@type":"SearchAction","target":{"@type":"EntryPoint","urlTemplate":"https:\/\/lagnoticias.com\/?s={search_term_string}"},"query-input":{"@type":"PropertyValueSpecification","valueRequired":true,"valueName":"search_term_string"}}],"inLanguage":"en-US"},{"@type":"Person","@id":"https:\/\/lagnoticias.com\/#\/schema\/person\/cb9bfe13f8de05d2c55270be25c6a550","name":"Oscar","image":{"@type":"ImageObject","inLanguage":"en-US","@id":"https:\/\/secure.gravatar.com\/avatar\/45c195718f652dc7ffdd591dc1f2678956ab7fdadcd359a635edc61304a8c757?s=96&d=mm&r=g","url":"https:\/\/secure.gravatar.com\/avatar\/45c195718f652dc7ffdd591dc1f2678956ab7fdadcd359a635edc61304a8c757?s=96&d=mm&r=g","contentUrl":"https:\/\/secure.gravatar.com\/avatar\/45c195718f652dc7ffdd591dc1f2678956ab7fdadcd359a635edc61304a8c757?s=96&d=mm&r=g","caption":"Oscar"},"url":"https:\/\/lagnoticias.com\/en\/author\/oscar\/"}]}},"_links":{"self":[{"href":"https:\/\/lagnoticias.com\/en\/wp-json\/wp\/v2\/posts\/4950","targetHints":{"allow":["GET"]}}],"collection":[{"href":"https:\/\/lagnoticias.com\/en\/wp-json\/wp\/v2\/posts"}],"about":[{"href":"https:\/\/lagnoticias.com\/en\/wp-json\/wp\/v2\/types\/post"}],"author":[{"embeddable":true,"href":"https:\/\/lagnoticias.com\/en\/wp-json\/wp\/v2\/users\/2"}],"replies":[{"embeddable":true,"href":"https:\/\/lagnoticias.com\/en\/wp-json\/wp\/v2\/comments?post=4950"}],"version-history":[{"count":1,"href":"https:\/\/lagnoticias.com\/en\/wp-json\/wp\/v2\/posts\/4950\/revisions"}],"predecessor-version":[{"id":4952,"href":"https:\/\/lagnoticias.com\/en\/wp-json\/wp\/v2\/posts\/4950\/revisions\/4952"}],"wp:featuredmedia":[{"embeddable":true,"href":"https:\/\/lagnoticias.com\/en\/wp-json\/wp\/v2\/media\/4951"}],"wp:attachment":[{"href":"https:\/\/lagnoticias.com\/en\/wp-json\/wp\/v2\/media?parent=4950"}],"wp:term":[{"taxonomy":"category","embeddable":true,"href":"https:\/\/lagnoticias.com\/en\/wp-json\/wp\/v2\/categories?post=4950"},{"taxonomy":"post_tag","embeddable":true,"href":"https:\/\/lagnoticias.com\/en\/wp-json\/wp\/v2\/tags?post=4950"}],"curies":[{"name":"wp","href":"https:\/\/api.w.org\/{rel}","templated":true}]}}