{"id":4941,"date":"2025-09-12T08:58:56","date_gmt":"2025-09-12T14:58:56","guid":{"rendered":"https:\/\/lagnoticias.com\/?p=4941"},"modified":"2025-09-12T08:58:57","modified_gmt":"2025-09-12T14:58:57","slug":"vmt-anuncia-cierres-viales-por-desfile-del-15-de-septiembre","status":"publish","type":"post","link":"https:\/\/lagnoticias.com\/en\/2025\/09\/12\/vmt-anuncia-cierres-viales-por-desfile-del-15-de-septiembre\/","title":{"rendered":"VMT anuncia cierres viales por desfile del 15 de septiembre"},"content":{"rendered":"<p>Con motivo de la celebraci\u00f3n de los 204 a\u00f1os de independencia patria, el Viceministerio de Transporte (VMT) inform\u00f3 sobre el dispositivo de cierres de calles que se implementar\u00e1 el pr\u00f3ximo lunes 15 de septiembre con motivo del desfile c\u00edvico.<\/p>\n\n\n\n<p>El viceministro Nelson Reyes detall\u00f3 que los tramos cerrados ser\u00e1n el Paseo General Escal\u00f3n, desde las Fuentes Beethoven, y la Alameda Manuel Enrique Araujo, desde el Campo de Pelotas hasta la Plaza del Divino Salvador del Mundo, donde iniciar\u00e1 el desfile.<\/p>\n\n\n\n<p>El desfile dar\u00e1 comienzo a las 8:00 a.\u202fm. y continuar\u00e1 por la Alameda Franklin Delano Roosevelt hasta concluir en el Parque Cuscatl\u00e1n. Sin embargo, la restricci\u00f3n vehicular iniciar\u00e1 a partir de la medianoche, debido a los trabajos log\u00edsticos y operativos previos.<\/p>\n\n\n\n<p>Se hace un llamado a los ciudadanos a tomar las debidas precauciones, planificar con anticipaci\u00f3n sus traslados y considerar el uso de transporte alternativo, ya que no se habilitar\u00e1n estacionamientos en la v\u00eda p\u00fablica.<\/p>\n\n\n\n<p>El funcionario a\u00f1adi\u00f3 que las v\u00edas cerradas se ir\u00e1n habilitando progresivamente conforme avance el desfile, y que la 49 Avenida Sur funcionar\u00e1 como ruta alterna con apoyo de gestores de tr\u00e1nsito para facilitar la movilidad.<\/p>\n\n\n\n<p><\/p>\n\n\n\n<figure class=\"wp-block-image aligncenter size-large\"><img loading=\"lazy\" decoding=\"async\" width=\"819\" height=\"1024\" src=\"https:\/\/lagnoticias.com\/wp-content\/uploads\/2025\/09\/547098604_1144954231142169_89948909279102096_n-1-819x1024.jpg\" alt=\"\" class=\"wp-image-4943\"\/><\/figure>","protected":false},"excerpt":{"rendered":"<p>Con motivo de la celebraci\u00f3n de los 204 a\u00f1os de independencia patria, el Viceministerio de Transporte (VMT) inform\u00f3 sobre el dispositivo de cierres de calles que se implementar\u00e1 el pr\u00f3ximo lunes 15 de septiembre con motivo del desfile c\u00edvico. El viceministro Nelson Reyes detall\u00f3 que los tramos cerrados ser\u00e1n el Paseo General Escal\u00f3n, desde las [&hellip;]<\/p>","protected":false},"author":2,"featured_media":4944,"comment_status":"open","ping_status":"open","sticky":false,"template":"","format":"standard","meta":{"_et_pb_use_builder":"off","_et_pb_old_content":"","_et_gb_content_width":"","footnotes":""},"categories":[679,244],"tags":[955,954,267],"class_list":["post-4941","post","type-post","status-publish","format-standard","has-post-thumbnail","hentry","category-destacados","category-nacionales","tag-15-de-septiembre","tag-desfile-de-independencia","tag-el-salvador"],"yoast_head":"<!-- This site is optimized with the Yoast SEO plugin v27.4 - https:\/\/yoast.com\/product\/yoast-seo-wordpress\/ -->\n<title>VMT anuncia cierres viales por desfile del 15 de septiembre - La G Noticias<\/title>\n<meta name=\"robots\" content=\"index, follow, max-snippet:-1, max-image-preview:large, max-video-preview:-1\" \/>\n<link rel=\"canonical\" href=\"https:\/\/lagnoticias.com\/en\/2025\/09\/12\/vmt-anuncia-cierres-viales-por-desfile-del-15-de-septiembre\/\" \/>\n<meta property=\"og:locale\" content=\"en_US\" \/>\n<meta property=\"og:type\" content=\"article\" \/>\n<meta property=\"og:title\" content=\"VMT anuncia cierres viales por desfile del 15 de septiembre - La G Noticias\" \/>\n<meta property=\"og:description\" content=\"Con motivo de la celebraci\u00f3n de los 204 a\u00f1os de independencia patria, el Viceministerio de Transporte (VMT) inform\u00f3 sobre el dispositivo de cierres de calles que se implementar\u00e1 el pr\u00f3ximo lunes 15 de septiembre con motivo del desfile c\u00edvico. El viceministro Nelson Reyes detall\u00f3 que los tramos cerrados ser\u00e1n el Paseo General Escal\u00f3n, desde las [&hellip;]\" \/>\n<meta property=\"og:url\" content=\"https:\/\/lagnoticias.com\/en\/2025\/09\/12\/vmt-anuncia-cierres-viales-por-desfile-del-15-de-septiembre\/\" \/>\n<meta property=\"og:site_name\" content=\"La G Noticias\" \/>\n<meta property=\"article:publisher\" content=\"https:\/\/www.facebook.com\/LaGNoticias\" \/>\n<meta property=\"article:published_time\" content=\"2025-09-12T14:58:56+00:00\" \/>\n<meta property=\"article:modified_time\" content=\"2025-09-12T14:58:57+00:00\" \/>\n<meta property=\"og:image\" content=\"https:\/\/lagnoticias.com\/wp-content\/uploads\/2025\/09\/547195577_1144099821227610_6806736334182091224_n-1.jpg\" \/>\n\t<meta property=\"og:image:width\" content=\"1280\" \/>\n\t<meta property=\"og:image:height\" content=\"768\" \/>\n\t<meta property=\"og:image:type\" content=\"image\/jpeg\" \/>\n<meta name=\"author\" content=\"Oscar\" \/>\n<meta name=\"twitter:card\" content=\"summary_large_image\" \/>\n<meta name=\"twitter:creator\" content=\"@lagnoticias\" \/>\n<meta name=\"twitter:site\" content=\"@lagnoticias\" \/>\n<meta name=\"twitter:label1\" content=\"Written by\" \/>\n\t<meta name=\"twitter:data1\" content=\"Oscar\" \/>\n\t<meta name=\"twitter:label2\" content=\"Est. reading time\" \/>\n\t<meta name=\"twitter:data2\" content=\"2 minutes\" \/>\n<script type=\"application\/ld+json\" class=\"yoast-schema-graph\">{\"@context\":\"https:\\\/\\\/schema.org\",\"@graph\":[{\"@type\":\"Article\",\"@id\":\"https:\\\/\\\/lagnoticias.com\\\/2025\\\/09\\\/12\\\/vmt-anuncia-cierres-viales-por-desfile-del-15-de-septiembre\\\/#article\",\"isPartOf\":{\"@id\":\"https:\\\/\\\/lagnoticias.com\\\/2025\\\/09\\\/12\\\/vmt-anuncia-cierres-viales-por-desfile-del-15-de-septiembre\\\/\"},\"author\":{\"name\":\"Oscar\",\"@id\":\"https:\\\/\\\/lagnoticias.com\\\/#\\\/schema\\\/person\\\/cb9bfe13f8de05d2c55270be25c6a550\"},\"headline\":\"VMT anuncia cierres viales por desfile del 15 de septiembre\",\"datePublished\":\"2025-09-12T14:58:56+00:00\",\"dateModified\":\"2025-09-12T14:58:57+00:00\",\"mainEntityOfPage\":{\"@id\":\"https:\\\/\\\/lagnoticias.com\\\/2025\\\/09\\\/12\\\/vmt-anuncia-cierres-viales-por-desfile-del-15-de-septiembre\\\/\"},\"wordCount\":213,\"commentCount\":0,\"image\":{\"@id\":\"https:\\\/\\\/lagnoticias.com\\\/2025\\\/09\\\/12\\\/vmt-anuncia-cierres-viales-por-desfile-del-15-de-septiembre\\\/#primaryimage\"},\"thumbnailUrl\":\"https:\\\/\\\/lagnoticias.com\\\/wp-content\\\/uploads\\\/2025\\\/09\\\/547195577_1144099821227610_6806736334182091224_n-1.jpg\",\"keywords\":[\"15 DE SEPTIEMBRE\",\"DESFILE DE INDEPENDENCIA\",\"EL SALVADOR\"],\"articleSection\":[\"DESTACADOS\",\"NACIONALES\"],\"inLanguage\":\"en-US\",\"potentialAction\":[{\"@type\":\"CommentAction\",\"name\":\"Comment\",\"target\":[\"https:\\\/\\\/lagnoticias.com\\\/2025\\\/09\\\/12\\\/vmt-anuncia-cierres-viales-por-desfile-del-15-de-septiembre\\\/#respond\"]}]},{\"@type\":\"WebPage\",\"@id\":\"https:\\\/\\\/lagnoticias.com\\\/2025\\\/09\\\/12\\\/vmt-anuncia-cierres-viales-por-desfile-del-15-de-septiembre\\\/\",\"url\":\"https:\\\/\\\/lagnoticias.com\\\/2025\\\/09\\\/12\\\/vmt-anuncia-cierres-viales-por-desfile-del-15-de-septiembre\\\/\",\"name\":\"VMT anuncia cierres viales por desfile del 15 de septiembre - La G Noticias\",\"isPartOf\":{\"@id\":\"https:\\\/\\\/lagnoticias.com\\\/#website\"},\"primaryImageOfPage\":{\"@id\":\"https:\\\/\\\/lagnoticias.com\\\/2025\\\/09\\\/12\\\/vmt-anuncia-cierres-viales-por-desfile-del-15-de-septiembre\\\/#primaryimage\"},\"image\":{\"@id\":\"https:\\\/\\\/lagnoticias.com\\\/2025\\\/09\\\/12\\\/vmt-anuncia-cierres-viales-por-desfile-del-15-de-septiembre\\\/#primaryimage\"},\"thumbnailUrl\":\"https:\\\/\\\/lagnoticias.com\\\/wp-content\\\/uploads\\\/2025\\\/09\\\/547195577_1144099821227610_6806736334182091224_n-1.jpg\",\"datePublished\":\"2025-09-12T14:58:56+00:00\",\"dateModified\":\"2025-09-12T14:58:57+00:00\",\"author\":{\"@id\":\"https:\\\/\\\/lagnoticias.com\\\/#\\\/schema\\\/person\\\/cb9bfe13f8de05d2c55270be25c6a550\"},\"breadcrumb\":{\"@id\":\"https:\\\/\\\/lagnoticias.com\\\/2025\\\/09\\\/12\\\/vmt-anuncia-cierres-viales-por-desfile-del-15-de-septiembre\\\/#breadcrumb\"},\"inLanguage\":\"en-US\",\"potentialAction\":[{\"@type\":\"ReadAction\",\"target\":[\"https:\\\/\\\/lagnoticias.com\\\/2025\\\/09\\\/12\\\/vmt-anuncia-cierres-viales-por-desfile-del-15-de-septiembre\\\/\"]}]},{\"@type\":\"ImageObject\",\"inLanguage\":\"en-US\",\"@id\":\"https:\\\/\\\/lagnoticias.com\\\/2025\\\/09\\\/12\\\/vmt-anuncia-cierres-viales-por-desfile-del-15-de-septiembre\\\/#primaryimage\",\"url\":\"https:\\\/\\\/lagnoticias.com\\\/wp-content\\\/uploads\\\/2025\\\/09\\\/547195577_1144099821227610_6806736334182091224_n-1.jpg\",\"contentUrl\":\"https:\\\/\\\/lagnoticias.com\\\/wp-content\\\/uploads\\\/2025\\\/09\\\/547195577_1144099821227610_6806736334182091224_n-1.jpg\",\"width\":1280,\"height\":768},{\"@type\":\"BreadcrumbList\",\"@id\":\"https:\\\/\\\/lagnoticias.com\\\/2025\\\/09\\\/12\\\/vmt-anuncia-cierres-viales-por-desfile-del-15-de-septiembre\\\/#breadcrumb\",\"itemListElement\":[{\"@type\":\"ListItem\",\"position\":1,\"name\":\"Portada\",\"item\":\"https:\\\/\\\/lagnoticias.com\\\/\"},{\"@type\":\"ListItem\",\"position\":2,\"name\":\"VMT anuncia cierres viales por desfile del 15 de septiembre\"}]},{\"@type\":\"WebSite\",\"@id\":\"https:\\\/\\\/lagnoticias.com\\\/#website\",\"url\":\"https:\\\/\\\/lagnoticias.com\\\/\",\"name\":\"La G Noticias\",\"description\":\"Noticias Positivas\",\"potentialAction\":[{\"@type\":\"SearchAction\",\"target\":{\"@type\":\"EntryPoint\",\"urlTemplate\":\"https:\\\/\\\/lagnoticias.com\\\/?s={search_term_string}\"},\"query-input\":{\"@type\":\"PropertyValueSpecification\",\"valueRequired\":true,\"valueName\":\"search_term_string\"}}],\"inLanguage\":\"en-US\"},{\"@type\":\"Person\",\"@id\":\"https:\\\/\\\/lagnoticias.com\\\/#\\\/schema\\\/person\\\/cb9bfe13f8de05d2c55270be25c6a550\",\"name\":\"Oscar\",\"image\":{\"@type\":\"ImageObject\",\"inLanguage\":\"en-US\",\"@id\":\"https:\\\/\\\/secure.gravatar.com\\\/avatar\\\/45c195718f652dc7ffdd591dc1f2678956ab7fdadcd359a635edc61304a8c757?s=96&d=mm&r=g\",\"url\":\"https:\\\/\\\/secure.gravatar.com\\\/avatar\\\/45c195718f652dc7ffdd591dc1f2678956ab7fdadcd359a635edc61304a8c757?s=96&d=mm&r=g\",\"contentUrl\":\"https:\\\/\\\/secure.gravatar.com\\\/avatar\\\/45c195718f652dc7ffdd591dc1f2678956ab7fdadcd359a635edc61304a8c757?s=96&d=mm&r=g\",\"caption\":\"Oscar\"},\"url\":\"https:\\\/\\\/lagnoticias.com\\\/en\\\/author\\\/oscar\\\/\"}]}<\/script>\n<!-- \/ Yoast SEO plugin. -->","yoast_head_json":{"title":"VMT anuncia cierres viales por desfile del 15 de septiembre - La G Noticias","robots":{"index":"index","follow":"follow","max-snippet":"max-snippet:-1","max-image-preview":"max-image-preview:large","max-video-preview":"max-video-preview:-1"},"canonical":"https:\/\/lagnoticias.com\/en\/2025\/09\/12\/vmt-anuncia-cierres-viales-por-desfile-del-15-de-septiembre\/","og_locale":"en_US","og_type":"article","og_title":"VMT anuncia cierres viales por desfile del 15 de septiembre - La G Noticias","og_description":"Con motivo de la celebraci\u00f3n de los 204 a\u00f1os de independencia patria, el Viceministerio de Transporte (VMT) inform\u00f3 sobre el dispositivo de cierres de calles que se implementar\u00e1 el pr\u00f3ximo lunes 15 de septiembre con motivo del desfile c\u00edvico. El viceministro Nelson Reyes detall\u00f3 que los tramos cerrados ser\u00e1n el Paseo General Escal\u00f3n, desde las [&hellip;]","og_url":"https:\/\/lagnoticias.com\/en\/2025\/09\/12\/vmt-anuncia-cierres-viales-por-desfile-del-15-de-septiembre\/","og_site_name":"La G Noticias","article_publisher":"https:\/\/www.facebook.com\/LaGNoticias","article_published_time":"2025-09-12T14:58:56+00:00","article_modified_time":"2025-09-12T14:58:57+00:00","og_image":[{"width":1280,"height":768,"url":"https:\/\/lagnoticias.com\/wp-content\/uploads\/2025\/09\/547195577_1144099821227610_6806736334182091224_n-1.jpg","type":"image\/jpeg"}],"author":"Oscar","twitter_card":"summary_large_image","twitter_creator":"@lagnoticias","twitter_site":"@lagnoticias","twitter_misc":{"Written by":"Oscar","Est. reading time":"2 minutes"},"schema":{"@context":"https:\/\/schema.org","@graph":[{"@type":"Article","@id":"https:\/\/lagnoticias.com\/2025\/09\/12\/vmt-anuncia-cierres-viales-por-desfile-del-15-de-septiembre\/#article","isPartOf":{"@id":"https:\/\/lagnoticias.com\/2025\/09\/12\/vmt-anuncia-cierres-viales-por-desfile-del-15-de-septiembre\/"},"author":{"name":"Oscar","@id":"https:\/\/lagnoticias.com\/#\/schema\/person\/cb9bfe13f8de05d2c55270be25c6a550"},"headline":"VMT anuncia cierres viales por desfile del 15 de septiembre","datePublished":"2025-09-12T14:58:56+00:00","dateModified":"2025-09-12T14:58:57+00:00","mainEntityOfPage":{"@id":"https:\/\/lagnoticias.com\/2025\/09\/12\/vmt-anuncia-cierres-viales-por-desfile-del-15-de-septiembre\/"},"wordCount":213,"commentCount":0,"image":{"@id":"https:\/\/lagnoticias.com\/2025\/09\/12\/vmt-anuncia-cierres-viales-por-desfile-del-15-de-septiembre\/#primaryimage"},"thumbnailUrl":"https:\/\/lagnoticias.com\/wp-content\/uploads\/2025\/09\/547195577_1144099821227610_6806736334182091224_n-1.jpg","keywords":["15 DE SEPTIEMBRE","DESFILE DE INDEPENDENCIA","EL SALVADOR"],"articleSection":["DESTACADOS","NACIONALES"],"inLanguage":"en-US","potentialAction":[{"@type":"CommentAction","name":"Comment","target":["https:\/\/lagnoticias.com\/2025\/09\/12\/vmt-anuncia-cierres-viales-por-desfile-del-15-de-septiembre\/#respond"]}]},{"@type":"WebPage","@id":"https:\/\/lagnoticias.com\/2025\/09\/12\/vmt-anuncia-cierres-viales-por-desfile-del-15-de-septiembre\/","url":"https:\/\/lagnoticias.com\/2025\/09\/12\/vmt-anuncia-cierres-viales-por-desfile-del-15-de-septiembre\/","name":"VMT anuncia cierres viales por desfile del 15 de septiembre - La G Noticias","isPartOf":{"@id":"https:\/\/lagnoticias.com\/#website"},"primaryImageOfPage":{"@id":"https:\/\/lagnoticias.com\/2025\/09\/12\/vmt-anuncia-cierres-viales-por-desfile-del-15-de-septiembre\/#primaryimage"},"image":{"@id":"https:\/\/lagnoticias.com\/2025\/09\/12\/vmt-anuncia-cierres-viales-por-desfile-del-15-de-septiembre\/#primaryimage"},"thumbnailUrl":"https:\/\/lagnoticias.com\/wp-content\/uploads\/2025\/09\/547195577_1144099821227610_6806736334182091224_n-1.jpg","datePublished":"2025-09-12T14:58:56+00:00","dateModified":"2025-09-12T14:58:57+00:00","author":{"@id":"https:\/\/lagnoticias.com\/#\/schema\/person\/cb9bfe13f8de05d2c55270be25c6a550"},"breadcrumb":{"@id":"https:\/\/lagnoticias.com\/2025\/09\/12\/vmt-anuncia-cierres-viales-por-desfile-del-15-de-septiembre\/#breadcrumb"},"inLanguage":"en-US","potentialAction":[{"@type":"ReadAction","target":["https:\/\/lagnoticias.com\/2025\/09\/12\/vmt-anuncia-cierres-viales-por-desfile-del-15-de-septiembre\/"]}]},{"@type":"ImageObject","inLanguage":"en-US","@id":"https:\/\/lagnoticias.com\/2025\/09\/12\/vmt-anuncia-cierres-viales-por-desfile-del-15-de-septiembre\/#primaryimage","url":"https:\/\/lagnoticias.com\/wp-content\/uploads\/2025\/09\/547195577_1144099821227610_6806736334182091224_n-1.jpg","contentUrl":"https:\/\/lagnoticias.com\/wp-content\/uploads\/2025\/09\/547195577_1144099821227610_6806736334182091224_n-1.jpg","width":1280,"height":768},{"@type":"BreadcrumbList","@id":"https:\/\/lagnoticias.com\/2025\/09\/12\/vmt-anuncia-cierres-viales-por-desfile-del-15-de-septiembre\/#breadcrumb","itemListElement":[{"@type":"ListItem","position":1,"name":"Portada","item":"https:\/\/lagnoticias.com\/"},{"@type":"ListItem","position":2,"name":"VMT anuncia cierres viales por desfile del 15 de septiembre"}]},{"@type":"WebSite","@id":"https:\/\/lagnoticias.com\/#website","url":"https:\/\/lagnoticias.com\/","name":"La G Noticias","description":"Noticias Positivas","potentialAction":[{"@type":"SearchAction","target":{"@type":"EntryPoint","urlTemplate":"https:\/\/lagnoticias.com\/?s={search_term_string}"},"query-input":{"@type":"PropertyValueSpecification","valueRequired":true,"valueName":"search_term_string"}}],"inLanguage":"en-US"},{"@type":"Person","@id":"https:\/\/lagnoticias.com\/#\/schema\/person\/cb9bfe13f8de05d2c55270be25c6a550","name":"Oscar","image":{"@type":"ImageObject","inLanguage":"en-US","@id":"https:\/\/secure.gravatar.com\/avatar\/45c195718f652dc7ffdd591dc1f2678956ab7fdadcd359a635edc61304a8c757?s=96&d=mm&r=g","url":"https:\/\/secure.gravatar.com\/avatar\/45c195718f652dc7ffdd591dc1f2678956ab7fdadcd359a635edc61304a8c757?s=96&d=mm&r=g","contentUrl":"https:\/\/secure.gravatar.com\/avatar\/45c195718f652dc7ffdd591dc1f2678956ab7fdadcd359a635edc61304a8c757?s=96&d=mm&r=g","caption":"Oscar"},"url":"https:\/\/lagnoticias.com\/en\/author\/oscar\/"}]}},"_links":{"self":[{"href":"https:\/\/lagnoticias.com\/en\/wp-json\/wp\/v2\/posts\/4941","targetHints":{"allow":["GET"]}}],"collection":[{"href":"https:\/\/lagnoticias.com\/en\/wp-json\/wp\/v2\/posts"}],"about":[{"href":"https:\/\/lagnoticias.com\/en\/wp-json\/wp\/v2\/types\/post"}],"author":[{"embeddable":true,"href":"https:\/\/lagnoticias.com\/en\/wp-json\/wp\/v2\/users\/2"}],"replies":[{"embeddable":true,"href":"https:\/\/lagnoticias.com\/en\/wp-json\/wp\/v2\/comments?post=4941"}],"version-history":[{"count":1,"href":"https:\/\/lagnoticias.com\/en\/wp-json\/wp\/v2\/posts\/4941\/revisions"}],"predecessor-version":[{"id":4945,"href":"https:\/\/lagnoticias.com\/en\/wp-json\/wp\/v2\/posts\/4941\/revisions\/4945"}],"wp:featuredmedia":[{"embeddable":true,"href":"https:\/\/lagnoticias.com\/en\/wp-json\/wp\/v2\/media\/4944"}],"wp:attachment":[{"href":"https:\/\/lagnoticias.com\/en\/wp-json\/wp\/v2\/media?parent=4941"}],"wp:term":[{"taxonomy":"category","embeddable":true,"href":"https:\/\/lagnoticias.com\/en\/wp-json\/wp\/v2\/categories?post=4941"},{"taxonomy":"post_tag","embeddable":true,"href":"https:\/\/lagnoticias.com\/en\/wp-json\/wp\/v2\/tags?post=4941"}],"curies":[{"name":"wp","href":"https:\/\/api.w.org\/{rel}","templated":true}]}}