{"id":4934,"date":"2025-09-11T16:06:41","date_gmt":"2025-09-11T22:06:41","guid":{"rendered":"https:\/\/lagnoticias.com\/?p=4934"},"modified":"2025-09-11T16:06:42","modified_gmt":"2025-09-11T22:06:42","slug":"angela-aguilar-enfrenta-criticas-por-su-actitud-hacia-un-fan-que-le-pidio-una-foto","status":"publish","type":"post","link":"https:\/\/lagnoticias.com\/en\/2025\/09\/11\/angela-aguilar-enfrenta-criticas-por-su-actitud-hacia-un-fan-que-le-pidio-una-foto\/","title":{"rendered":"\u00c1ngela Aguilar enfrenta cr\u00edticas por su actitud hacia un fan que le pidi\u00f3 una foto"},"content":{"rendered":"<p>\u00c1ngela Aguilar&nbsp;vuelve a estar en el centro de la pol\u00e9mica. La&nbsp;joven cantante de regional mexicano, hija de Pepe Aguilar, ha sido acusada de mostrar una&nbsp;actitud fr\u00eda y distante con sus seguidores, lo que desat\u00f3 una ola de cr\u00edticas en redes sociales.<\/p>\n\n\n\n<h2 class=\"wp-block-heading\">\u00bfQu\u00e9 pas\u00f3 con \u00c1ngela Aguilar y sus fans?<\/h2>\n\n\n\n<p>Recientemente,&nbsp;\u00c1ngela&nbsp;fue captada saliendo de un edificio, vestida de manera sencilla con jeans y blusa, lentes sobre la cabeza y el cabello semi recogido. Seg\u00fan testigos,&nbsp;su expresi\u00f3n era seria&nbsp;y&nbsp;no parec\u00eda notar la presencia de c\u00e1maras&nbsp;y fans que esperaban un saludo o una foto.<\/p>\n\n\n\n<p>Un seguidor se acerc\u00f3 para pedirle una fotograf\u00eda&nbsp;y, aunque \u00c1ngela accedi\u00f3, despu\u00e9s de unos segundos&nbsp;se dio la vuelta sin preguntar si la foto hab\u00eda salido bien&nbsp;o si el joven estaba satisfecho. Este gesto fue&nbsp;interpretado por muchos como una falta de respeto.<\/p>\n\n\n\n<p><\/p>\n\n\n\n<p><\/p>\n\n\n\n<figure class=\"wp-block-image aligncenter size-full\"><img loading=\"lazy\" decoding=\"async\" width=\"928\" height=\"522\" src=\"https:\/\/lagnoticias.com\/wp-content\/uploads\/2025\/09\/4-12.jpg\" alt=\"\" class=\"wp-image-4936\" srcset=\"https:\/\/lagnoticias.com\/wp-content\/uploads\/2025\/09\/4-12.jpg 928w, https:\/\/lagnoticias.com\/wp-content\/uploads\/2025\/09\/4-12-480x270.jpg 480w\" sizes=\"(min-width: 0px) and (max-width: 480px) 480px, (min-width: 481px) 928px, 100vw\" \/><\/figure>\n\n\n\n<p><\/p>\n\n\n\n<p><\/p>\n\n\n\n<p>Usuarios de redes sociales&nbsp;no tardaron en compararla con la cantante Cazzu, conocida por tomarse el tiempo de saludar, firmar aut\u00f3grafos y tomarse fotos con sus seguidores. La publicaci\u00f3n sobre este incidente se viraliz\u00f3 r\u00e1pidamente, generando&nbsp;comentarios que tachaban a \u00c1ngela de \u201csoberbia\u201d y \u201cdesinteresada\u201d.<\/p>\n\n\n\n<h2 class=\"wp-block-heading\">Comparaciones con otros artistas<\/h2>\n\n\n\n<p>La situaci\u00f3n de \u00c1ngela ha recordado a algunos usuarios la&nbsp;interacci\u00f3n que artistas como Cazzu&nbsp;mantienen con sus fans.<\/p>\n\n\n\n<p>Mientras&nbsp;Cazzu se detiene para compartir un momento con quienes la admiran, la actitud de Aguilar fue percibida como distante y poco cordial, lo que intensific\u00f3 la pol\u00e9mica en redes.<\/p>\n\n\n\n<h2 class=\"wp-block-heading\">Cancelaciones en la gira \u201cLibre Coraz\u00f3n 2025\u201d<\/h2>\n\n\n\n<p>A esta controversia&nbsp;se suma un golpe m\u00e1s para la cantante: la cancelaci\u00f3n de al menos siete conciertos de su gira&nbsp;\u201cLibre Coraz\u00f3n 2025\u201d&nbsp;en Estados Unidos. Entre las&nbsp;fechas afectadas&nbsp;se encuentran&nbsp;ciudades como Pensilvania,&nbsp;Nueva Jersey,&nbsp;Misuri,&nbsp;Oklahoma,&nbsp;Carolina del Norte&nbsp;y&nbsp;Nuevo M\u00e9xico.<\/p>\n\n\n\n<p>La raz\u00f3n que circula en medios apunta a una&nbsp;presunta baja demanda de boletos.&nbsp;Varias fechas mostraban a\u00fan muchas entradas disponibles a semanas de los conciertos, lo que&nbsp;gener\u00f3 especulaciones sobre la posible baja asistencia.<\/p>\n\n\n\n<h2 class=\"wp-block-heading\"><\/h2>\n\n\n\n<p><\/p>","protected":false},"excerpt":{"rendered":"<p>\u00c1ngela Aguilar&nbsp;vuelve a estar en el centro de la pol\u00e9mica. La&nbsp;joven cantante de regional mexicano, hija de Pepe Aguilar, ha sido acusada de mostrar una&nbsp;actitud fr\u00eda y distante con sus seguidores, lo que desat\u00f3 una ola de cr\u00edticas en redes sociales. \u00bfQu\u00e9 pas\u00f3 con \u00c1ngela Aguilar y sus fans? Recientemente,&nbsp;\u00c1ngela&nbsp;fue captada saliendo de un edificio, [&hellip;]<\/p>","protected":false},"author":2,"featured_media":4935,"comment_status":"open","ping_status":"open","sticky":false,"template":"","format":"standard","meta":{"_et_pb_use_builder":"off","_et_pb_old_content":"","_et_gb_content_width":"","footnotes":""},"categories":[249],"tags":[532,343,695,969,531],"class_list":["post-4934","post","type-post","status-publish","format-standard","has-post-thumbnail","hentry","category-entretenimiento","tag-angela-aguilar","tag-cantante","tag-cazzu","tag-fan","tag-pepe-aguilar"],"yoast_head":"<!-- This site is optimized with the Yoast SEO plugin v27.4 - https:\/\/yoast.com\/product\/yoast-seo-wordpress\/ -->\n<title>\u00c1ngela Aguilar enfrenta cr\u00edticas por su actitud hacia un fan que le pidi\u00f3 una foto - La G Noticias<\/title>\n<meta name=\"robots\" content=\"index, follow, max-snippet:-1, max-image-preview:large, max-video-preview:-1\" \/>\n<link rel=\"canonical\" href=\"https:\/\/lagnoticias.com\/en\/2025\/09\/11\/angela-aguilar-enfrenta-criticas-por-su-actitud-hacia-un-fan-que-le-pidio-una-foto\/\" \/>\n<meta property=\"og:locale\" content=\"en_US\" \/>\n<meta property=\"og:type\" content=\"article\" \/>\n<meta property=\"og:title\" content=\"\u00c1ngela Aguilar enfrenta cr\u00edticas por su actitud hacia un fan que le pidi\u00f3 una foto - La G Noticias\" \/>\n<meta property=\"og:description\" content=\"\u00c1ngela Aguilar&nbsp;vuelve a estar en el centro de la pol\u00e9mica. La&nbsp;joven cantante de regional mexicano, hija de Pepe Aguilar, ha sido acusada de mostrar una&nbsp;actitud fr\u00eda y distante con sus seguidores, lo que desat\u00f3 una ola de cr\u00edticas en redes sociales. \u00bfQu\u00e9 pas\u00f3 con \u00c1ngela Aguilar y sus fans? Recientemente,&nbsp;\u00c1ngela&nbsp;fue captada saliendo de un edificio, [&hellip;]\" \/>\n<meta property=\"og:url\" content=\"https:\/\/lagnoticias.com\/en\/2025\/09\/11\/angela-aguilar-enfrenta-criticas-por-su-actitud-hacia-un-fan-que-le-pidio-una-foto\/\" \/>\n<meta property=\"og:site_name\" content=\"La G Noticias\" \/>\n<meta property=\"article:publisher\" content=\"https:\/\/www.facebook.com\/LaGNoticias\" \/>\n<meta property=\"article:published_time\" content=\"2025-09-11T22:06:41+00:00\" \/>\n<meta property=\"article:modified_time\" content=\"2025-09-11T22:06:42+00:00\" \/>\n<meta property=\"og:image\" content=\"https:\/\/lagnoticias.com\/wp-content\/uploads\/2025\/09\/8-12-scaled.jpg\" \/>\n\t<meta property=\"og:image:width\" content=\"2560\" \/>\n\t<meta property=\"og:image:height\" content=\"1706\" \/>\n\t<meta property=\"og:image:type\" content=\"image\/jpeg\" \/>\n<meta name=\"author\" content=\"Oscar\" \/>\n<meta name=\"twitter:card\" content=\"summary_large_image\" \/>\n<meta name=\"twitter:creator\" content=\"@lagnoticias\" \/>\n<meta name=\"twitter:site\" content=\"@lagnoticias\" \/>\n<meta name=\"twitter:label1\" content=\"Written by\" \/>\n\t<meta name=\"twitter:data1\" content=\"Oscar\" \/>\n\t<meta name=\"twitter:label2\" content=\"Est. reading time\" \/>\n\t<meta name=\"twitter:data2\" content=\"2 minutes\" \/>\n<script type=\"application\/ld+json\" class=\"yoast-schema-graph\">{\"@context\":\"https:\\\/\\\/schema.org\",\"@graph\":[{\"@type\":\"Article\",\"@id\":\"https:\\\/\\\/lagnoticias.com\\\/2025\\\/09\\\/11\\\/angela-aguilar-enfrenta-criticas-por-su-actitud-hacia-un-fan-que-le-pidio-una-foto\\\/#article\",\"isPartOf\":{\"@id\":\"https:\\\/\\\/lagnoticias.com\\\/2025\\\/09\\\/11\\\/angela-aguilar-enfrenta-criticas-por-su-actitud-hacia-un-fan-que-le-pidio-una-foto\\\/\"},\"author\":{\"name\":\"Oscar\",\"@id\":\"https:\\\/\\\/lagnoticias.com\\\/#\\\/schema\\\/person\\\/cb9bfe13f8de05d2c55270be25c6a550\"},\"headline\":\"\u00c1ngela Aguilar enfrenta cr\u00edticas por su actitud hacia un fan que le pidi\u00f3 una foto\",\"datePublished\":\"2025-09-11T22:06:41+00:00\",\"dateModified\":\"2025-09-11T22:06:42+00:00\",\"mainEntityOfPage\":{\"@id\":\"https:\\\/\\\/lagnoticias.com\\\/2025\\\/09\\\/11\\\/angela-aguilar-enfrenta-criticas-por-su-actitud-hacia-un-fan-que-le-pidio-una-foto\\\/\"},\"wordCount\":401,\"commentCount\":0,\"image\":{\"@id\":\"https:\\\/\\\/lagnoticias.com\\\/2025\\\/09\\\/11\\\/angela-aguilar-enfrenta-criticas-por-su-actitud-hacia-un-fan-que-le-pidio-una-foto\\\/#primaryimage\"},\"thumbnailUrl\":\"https:\\\/\\\/lagnoticias.com\\\/wp-content\\\/uploads\\\/2025\\\/09\\\/8-12-scaled.jpg\",\"keywords\":[\"ANGELA AGUILAR\",\"CANTANTE\",\"CAZZU\",\"FAN\",\"PEPE AGUILAR\"],\"articleSection\":[\"ENTRETENIMIENTO\"],\"inLanguage\":\"en-US\",\"potentialAction\":[{\"@type\":\"CommentAction\",\"name\":\"Comment\",\"target\":[\"https:\\\/\\\/lagnoticias.com\\\/2025\\\/09\\\/11\\\/angela-aguilar-enfrenta-criticas-por-su-actitud-hacia-un-fan-que-le-pidio-una-foto\\\/#respond\"]}]},{\"@type\":\"WebPage\",\"@id\":\"https:\\\/\\\/lagnoticias.com\\\/2025\\\/09\\\/11\\\/angela-aguilar-enfrenta-criticas-por-su-actitud-hacia-un-fan-que-le-pidio-una-foto\\\/\",\"url\":\"https:\\\/\\\/lagnoticias.com\\\/2025\\\/09\\\/11\\\/angela-aguilar-enfrenta-criticas-por-su-actitud-hacia-un-fan-que-le-pidio-una-foto\\\/\",\"name\":\"\u00c1ngela Aguilar enfrenta cr\u00edticas por su actitud hacia un fan que le pidi\u00f3 una foto - La G Noticias\",\"isPartOf\":{\"@id\":\"https:\\\/\\\/lagnoticias.com\\\/#website\"},\"primaryImageOfPage\":{\"@id\":\"https:\\\/\\\/lagnoticias.com\\\/2025\\\/09\\\/11\\\/angela-aguilar-enfrenta-criticas-por-su-actitud-hacia-un-fan-que-le-pidio-una-foto\\\/#primaryimage\"},\"image\":{\"@id\":\"https:\\\/\\\/lagnoticias.com\\\/2025\\\/09\\\/11\\\/angela-aguilar-enfrenta-criticas-por-su-actitud-hacia-un-fan-que-le-pidio-una-foto\\\/#primaryimage\"},\"thumbnailUrl\":\"https:\\\/\\\/lagnoticias.com\\\/wp-content\\\/uploads\\\/2025\\\/09\\\/8-12-scaled.jpg\",\"datePublished\":\"2025-09-11T22:06:41+00:00\",\"dateModified\":\"2025-09-11T22:06:42+00:00\",\"author\":{\"@id\":\"https:\\\/\\\/lagnoticias.com\\\/#\\\/schema\\\/person\\\/cb9bfe13f8de05d2c55270be25c6a550\"},\"breadcrumb\":{\"@id\":\"https:\\\/\\\/lagnoticias.com\\\/2025\\\/09\\\/11\\\/angela-aguilar-enfrenta-criticas-por-su-actitud-hacia-un-fan-que-le-pidio-una-foto\\\/#breadcrumb\"},\"inLanguage\":\"en-US\",\"potentialAction\":[{\"@type\":\"ReadAction\",\"target\":[\"https:\\\/\\\/lagnoticias.com\\\/2025\\\/09\\\/11\\\/angela-aguilar-enfrenta-criticas-por-su-actitud-hacia-un-fan-que-le-pidio-una-foto\\\/\"]}]},{\"@type\":\"ImageObject\",\"inLanguage\":\"en-US\",\"@id\":\"https:\\\/\\\/lagnoticias.com\\\/2025\\\/09\\\/11\\\/angela-aguilar-enfrenta-criticas-por-su-actitud-hacia-un-fan-que-le-pidio-una-foto\\\/#primaryimage\",\"url\":\"https:\\\/\\\/lagnoticias.com\\\/wp-content\\\/uploads\\\/2025\\\/09\\\/8-12-scaled.jpg\",\"contentUrl\":\"https:\\\/\\\/lagnoticias.com\\\/wp-content\\\/uploads\\\/2025\\\/09\\\/8-12-scaled.jpg\",\"width\":2560,\"height\":1706},{\"@type\":\"BreadcrumbList\",\"@id\":\"https:\\\/\\\/lagnoticias.com\\\/2025\\\/09\\\/11\\\/angela-aguilar-enfrenta-criticas-por-su-actitud-hacia-un-fan-que-le-pidio-una-foto\\\/#breadcrumb\",\"itemListElement\":[{\"@type\":\"ListItem\",\"position\":1,\"name\":\"Portada\",\"item\":\"https:\\\/\\\/lagnoticias.com\\\/\"},{\"@type\":\"ListItem\",\"position\":2,\"name\":\"\u00c1ngela Aguilar enfrenta cr\u00edticas por su actitud hacia un fan que le pidi\u00f3 una foto\"}]},{\"@type\":\"WebSite\",\"@id\":\"https:\\\/\\\/lagnoticias.com\\\/#website\",\"url\":\"https:\\\/\\\/lagnoticias.com\\\/\",\"name\":\"La G Noticias\",\"description\":\"Noticias Positivas\",\"potentialAction\":[{\"@type\":\"SearchAction\",\"target\":{\"@type\":\"EntryPoint\",\"urlTemplate\":\"https:\\\/\\\/lagnoticias.com\\\/?s={search_term_string}\"},\"query-input\":{\"@type\":\"PropertyValueSpecification\",\"valueRequired\":true,\"valueName\":\"search_term_string\"}}],\"inLanguage\":\"en-US\"},{\"@type\":\"Person\",\"@id\":\"https:\\\/\\\/lagnoticias.com\\\/#\\\/schema\\\/person\\\/cb9bfe13f8de05d2c55270be25c6a550\",\"name\":\"Oscar\",\"image\":{\"@type\":\"ImageObject\",\"inLanguage\":\"en-US\",\"@id\":\"https:\\\/\\\/secure.gravatar.com\\\/avatar\\\/45c195718f652dc7ffdd591dc1f2678956ab7fdadcd359a635edc61304a8c757?s=96&d=mm&r=g\",\"url\":\"https:\\\/\\\/secure.gravatar.com\\\/avatar\\\/45c195718f652dc7ffdd591dc1f2678956ab7fdadcd359a635edc61304a8c757?s=96&d=mm&r=g\",\"contentUrl\":\"https:\\\/\\\/secure.gravatar.com\\\/avatar\\\/45c195718f652dc7ffdd591dc1f2678956ab7fdadcd359a635edc61304a8c757?s=96&d=mm&r=g\",\"caption\":\"Oscar\"},\"url\":\"https:\\\/\\\/lagnoticias.com\\\/en\\\/author\\\/oscar\\\/\"}]}<\/script>\n<!-- \/ Yoast SEO plugin. -->","yoast_head_json":{"title":"\u00c1ngela Aguilar enfrenta cr\u00edticas por su actitud hacia un fan que le pidi\u00f3 una foto - La G Noticias","robots":{"index":"index","follow":"follow","max-snippet":"max-snippet:-1","max-image-preview":"max-image-preview:large","max-video-preview":"max-video-preview:-1"},"canonical":"https:\/\/lagnoticias.com\/en\/2025\/09\/11\/angela-aguilar-enfrenta-criticas-por-su-actitud-hacia-un-fan-que-le-pidio-una-foto\/","og_locale":"en_US","og_type":"article","og_title":"\u00c1ngela Aguilar enfrenta cr\u00edticas por su actitud hacia un fan que le pidi\u00f3 una foto - La G Noticias","og_description":"\u00c1ngela Aguilar&nbsp;vuelve a estar en el centro de la pol\u00e9mica. La&nbsp;joven cantante de regional mexicano, hija de Pepe Aguilar, ha sido acusada de mostrar una&nbsp;actitud fr\u00eda y distante con sus seguidores, lo que desat\u00f3 una ola de cr\u00edticas en redes sociales. \u00bfQu\u00e9 pas\u00f3 con \u00c1ngela Aguilar y sus fans? Recientemente,&nbsp;\u00c1ngela&nbsp;fue captada saliendo de un edificio, [&hellip;]","og_url":"https:\/\/lagnoticias.com\/en\/2025\/09\/11\/angela-aguilar-enfrenta-criticas-por-su-actitud-hacia-un-fan-que-le-pidio-una-foto\/","og_site_name":"La G Noticias","article_publisher":"https:\/\/www.facebook.com\/LaGNoticias","article_published_time":"2025-09-11T22:06:41+00:00","article_modified_time":"2025-09-11T22:06:42+00:00","og_image":[{"width":2560,"height":1706,"url":"https:\/\/lagnoticias.com\/wp-content\/uploads\/2025\/09\/8-12-scaled.jpg","type":"image\/jpeg"}],"author":"Oscar","twitter_card":"summary_large_image","twitter_creator":"@lagnoticias","twitter_site":"@lagnoticias","twitter_misc":{"Written by":"Oscar","Est. reading time":"2 minutes"},"schema":{"@context":"https:\/\/schema.org","@graph":[{"@type":"Article","@id":"https:\/\/lagnoticias.com\/2025\/09\/11\/angela-aguilar-enfrenta-criticas-por-su-actitud-hacia-un-fan-que-le-pidio-una-foto\/#article","isPartOf":{"@id":"https:\/\/lagnoticias.com\/2025\/09\/11\/angela-aguilar-enfrenta-criticas-por-su-actitud-hacia-un-fan-que-le-pidio-una-foto\/"},"author":{"name":"Oscar","@id":"https:\/\/lagnoticias.com\/#\/schema\/person\/cb9bfe13f8de05d2c55270be25c6a550"},"headline":"\u00c1ngela Aguilar enfrenta cr\u00edticas por su actitud hacia un fan que le pidi\u00f3 una foto","datePublished":"2025-09-11T22:06:41+00:00","dateModified":"2025-09-11T22:06:42+00:00","mainEntityOfPage":{"@id":"https:\/\/lagnoticias.com\/2025\/09\/11\/angela-aguilar-enfrenta-criticas-por-su-actitud-hacia-un-fan-que-le-pidio-una-foto\/"},"wordCount":401,"commentCount":0,"image":{"@id":"https:\/\/lagnoticias.com\/2025\/09\/11\/angela-aguilar-enfrenta-criticas-por-su-actitud-hacia-un-fan-que-le-pidio-una-foto\/#primaryimage"},"thumbnailUrl":"https:\/\/lagnoticias.com\/wp-content\/uploads\/2025\/09\/8-12-scaled.jpg","keywords":["ANGELA AGUILAR","CANTANTE","CAZZU","FAN","PEPE AGUILAR"],"articleSection":["ENTRETENIMIENTO"],"inLanguage":"en-US","potentialAction":[{"@type":"CommentAction","name":"Comment","target":["https:\/\/lagnoticias.com\/2025\/09\/11\/angela-aguilar-enfrenta-criticas-por-su-actitud-hacia-un-fan-que-le-pidio-una-foto\/#respond"]}]},{"@type":"WebPage","@id":"https:\/\/lagnoticias.com\/2025\/09\/11\/angela-aguilar-enfrenta-criticas-por-su-actitud-hacia-un-fan-que-le-pidio-una-foto\/","url":"https:\/\/lagnoticias.com\/2025\/09\/11\/angela-aguilar-enfrenta-criticas-por-su-actitud-hacia-un-fan-que-le-pidio-una-foto\/","name":"\u00c1ngela Aguilar enfrenta cr\u00edticas por su actitud hacia un fan que le pidi\u00f3 una foto - La G Noticias","isPartOf":{"@id":"https:\/\/lagnoticias.com\/#website"},"primaryImageOfPage":{"@id":"https:\/\/lagnoticias.com\/2025\/09\/11\/angela-aguilar-enfrenta-criticas-por-su-actitud-hacia-un-fan-que-le-pidio-una-foto\/#primaryimage"},"image":{"@id":"https:\/\/lagnoticias.com\/2025\/09\/11\/angela-aguilar-enfrenta-criticas-por-su-actitud-hacia-un-fan-que-le-pidio-una-foto\/#primaryimage"},"thumbnailUrl":"https:\/\/lagnoticias.com\/wp-content\/uploads\/2025\/09\/8-12-scaled.jpg","datePublished":"2025-09-11T22:06:41+00:00","dateModified":"2025-09-11T22:06:42+00:00","author":{"@id":"https:\/\/lagnoticias.com\/#\/schema\/person\/cb9bfe13f8de05d2c55270be25c6a550"},"breadcrumb":{"@id":"https:\/\/lagnoticias.com\/2025\/09\/11\/angela-aguilar-enfrenta-criticas-por-su-actitud-hacia-un-fan-que-le-pidio-una-foto\/#breadcrumb"},"inLanguage":"en-US","potentialAction":[{"@type":"ReadAction","target":["https:\/\/lagnoticias.com\/2025\/09\/11\/angela-aguilar-enfrenta-criticas-por-su-actitud-hacia-un-fan-que-le-pidio-una-foto\/"]}]},{"@type":"ImageObject","inLanguage":"en-US","@id":"https:\/\/lagnoticias.com\/2025\/09\/11\/angela-aguilar-enfrenta-criticas-por-su-actitud-hacia-un-fan-que-le-pidio-una-foto\/#primaryimage","url":"https:\/\/lagnoticias.com\/wp-content\/uploads\/2025\/09\/8-12-scaled.jpg","contentUrl":"https:\/\/lagnoticias.com\/wp-content\/uploads\/2025\/09\/8-12-scaled.jpg","width":2560,"height":1706},{"@type":"BreadcrumbList","@id":"https:\/\/lagnoticias.com\/2025\/09\/11\/angela-aguilar-enfrenta-criticas-por-su-actitud-hacia-un-fan-que-le-pidio-una-foto\/#breadcrumb","itemListElement":[{"@type":"ListItem","position":1,"name":"Portada","item":"https:\/\/lagnoticias.com\/"},{"@type":"ListItem","position":2,"name":"\u00c1ngela Aguilar enfrenta cr\u00edticas por su actitud hacia un fan que le pidi\u00f3 una foto"}]},{"@type":"WebSite","@id":"https:\/\/lagnoticias.com\/#website","url":"https:\/\/lagnoticias.com\/","name":"La G Noticias","description":"Noticias Positivas","potentialAction":[{"@type":"SearchAction","target":{"@type":"EntryPoint","urlTemplate":"https:\/\/lagnoticias.com\/?s={search_term_string}"},"query-input":{"@type":"PropertyValueSpecification","valueRequired":true,"valueName":"search_term_string"}}],"inLanguage":"en-US"},{"@type":"Person","@id":"https:\/\/lagnoticias.com\/#\/schema\/person\/cb9bfe13f8de05d2c55270be25c6a550","name":"Oscar","image":{"@type":"ImageObject","inLanguage":"en-US","@id":"https:\/\/secure.gravatar.com\/avatar\/45c195718f652dc7ffdd591dc1f2678956ab7fdadcd359a635edc61304a8c757?s=96&d=mm&r=g","url":"https:\/\/secure.gravatar.com\/avatar\/45c195718f652dc7ffdd591dc1f2678956ab7fdadcd359a635edc61304a8c757?s=96&d=mm&r=g","contentUrl":"https:\/\/secure.gravatar.com\/avatar\/45c195718f652dc7ffdd591dc1f2678956ab7fdadcd359a635edc61304a8c757?s=96&d=mm&r=g","caption":"Oscar"},"url":"https:\/\/lagnoticias.com\/en\/author\/oscar\/"}]}},"_links":{"self":[{"href":"https:\/\/lagnoticias.com\/en\/wp-json\/wp\/v2\/posts\/4934","targetHints":{"allow":["GET"]}}],"collection":[{"href":"https:\/\/lagnoticias.com\/en\/wp-json\/wp\/v2\/posts"}],"about":[{"href":"https:\/\/lagnoticias.com\/en\/wp-json\/wp\/v2\/types\/post"}],"author":[{"embeddable":true,"href":"https:\/\/lagnoticias.com\/en\/wp-json\/wp\/v2\/users\/2"}],"replies":[{"embeddable":true,"href":"https:\/\/lagnoticias.com\/en\/wp-json\/wp\/v2\/comments?post=4934"}],"version-history":[{"count":1,"href":"https:\/\/lagnoticias.com\/en\/wp-json\/wp\/v2\/posts\/4934\/revisions"}],"predecessor-version":[{"id":4937,"href":"https:\/\/lagnoticias.com\/en\/wp-json\/wp\/v2\/posts\/4934\/revisions\/4937"}],"wp:featuredmedia":[{"embeddable":true,"href":"https:\/\/lagnoticias.com\/en\/wp-json\/wp\/v2\/media\/4935"}],"wp:attachment":[{"href":"https:\/\/lagnoticias.com\/en\/wp-json\/wp\/v2\/media?parent=4934"}],"wp:term":[{"taxonomy":"category","embeddable":true,"href":"https:\/\/lagnoticias.com\/en\/wp-json\/wp\/v2\/categories?post=4934"},{"taxonomy":"post_tag","embeddable":true,"href":"https:\/\/lagnoticias.com\/en\/wp-json\/wp\/v2\/tags?post=4934"}],"curies":[{"name":"wp","href":"https:\/\/api.w.org\/{rel}","templated":true}]}}