{"id":4931,"date":"2025-09-11T14:27:14","date_gmt":"2025-09-11T20:27:14","guid":{"rendered":"https:\/\/lagnoticias.com\/?p=4931"},"modified":"2025-09-11T14:27:15","modified_gmt":"2025-09-11T20:27:15","slug":"la-selecta-disputara-en-el-cuscatlan-sus-partidos-de-eliminatoria-rumbo-al-mundial-2026","status":"publish","type":"post","link":"https:\/\/lagnoticias.com\/en\/2025\/09\/11\/la-selecta-disputara-en-el-cuscatlan-sus-partidos-de-eliminatoria-rumbo-al-mundial-2026\/","title":{"rendered":"La Selecta disputar\u00e1 en el Cuscatl\u00e1n sus partidos de eliminatoria rumbo al Mundial 2026"},"content":{"rendered":"<p>La selecci\u00f3n salvadore\u00f1a de f\u00fatbol jugar\u00e1 en el estadio Cuscatl\u00e1n los partidos contra Panam\u00e1 y Guatemala correspondientes a las eliminatorias rumbo al Mundial 2026.<\/p>\n\n\n\n<p>El presidente del INDES, Yamil Bukele, public\u00f3 en sus redes sociales un comunicado informando que el concierto programado para el 4 de octubre cambiar\u00e1 de sede al estadio \u201cM\u00e1gico\u201d Gonz\u00e1lez en la misma fecha.<\/p>\n\n\n\n<p>\u201cQueremos anunciar que, tras una variedad de gestiones y atendiendo el clamor popular, hemos logrado que los juegos de eliminatorias de CONCACAF de nuestra selecci\u00f3n mayor de f\u00fatbol rumbo a la Copa del Mundo 2026, correspondientes al pr\u00f3ximo octubre (10 vs Panam\u00e1 y 14 vs Guatemala), se realicen en el Estadio Cuscatl\u00e1n\u201d, escribi\u00f3 el funcionario.<\/p>\n\n\n\n<p>Gracias a este cambio, la Selecta podr\u00e1 enfrentar a Panam\u00e1 y Guatemala los d\u00edas 10 y 14 de octubre en el estadio Cuscatl\u00e1n.<\/p>\n\n\n\n<p><\/p>\n\n\n\n<figure class=\"wp-block-embed is-type-rich is-provider-twitter wp-block-embed-twitter\"><div class=\"wp-block-embed__wrapper\">\nhttps:\/\/twitter.com\/ybukele\/status\/1966191107500286279\n<\/div><\/figure>\n\n\n\n<p><\/p>","protected":false},"excerpt":{"rendered":"<p>El Cuscatl\u00e1n estar\u00e1 disponible para los partidos ante Panam\u00e1 y Guatemala.<\/p>","protected":false},"author":2,"featured_media":4932,"comment_status":"open","ping_status":"open","sticky":false,"template":"","format":"standard","meta":{"_et_pb_use_builder":"off","_et_pb_old_content":"","_et_gb_content_width":"","footnotes":""},"categories":[248],"tags":[267,921,286,779,802],"class_list":["post-4931","post","type-post","status-publish","format-standard","has-post-thumbnail","hentry","category-deportes","tag-el-salvador","tag-eliminatorias-mundialistas","tag-futbol","tag-la-selecta","tag-mundial-de-futbol-2026"],"yoast_head":"<!-- This site is optimized with the Yoast SEO plugin v27.4 - https:\/\/yoast.com\/product\/yoast-seo-wordpress\/ -->\n<title>La Selecta disputar\u00e1 en el Cuscatl\u00e1n sus partidos de eliminatoria rumbo al Mundial 2026 - La G Noticias<\/title>\n<meta name=\"robots\" content=\"index, follow, max-snippet:-1, max-image-preview:large, max-video-preview:-1\" \/>\n<link rel=\"canonical\" href=\"https:\/\/lagnoticias.com\/en\/2025\/09\/11\/la-selecta-disputara-en-el-cuscatlan-sus-partidos-de-eliminatoria-rumbo-al-mundial-2026\/\" \/>\n<meta property=\"og:locale\" content=\"en_US\" \/>\n<meta property=\"og:type\" content=\"article\" \/>\n<meta property=\"og:title\" content=\"La Selecta disputar\u00e1 en el Cuscatl\u00e1n sus partidos de eliminatoria rumbo al Mundial 2026 - La G Noticias\" \/>\n<meta property=\"og:description\" content=\"El Cuscatl\u00e1n estar\u00e1 disponible para los partidos ante Panam\u00e1 y Guatemala.\" \/>\n<meta property=\"og:url\" content=\"https:\/\/lagnoticias.com\/en\/2025\/09\/11\/la-selecta-disputara-en-el-cuscatlan-sus-partidos-de-eliminatoria-rumbo-al-mundial-2026\/\" \/>\n<meta property=\"og:site_name\" content=\"La G Noticias\" \/>\n<meta property=\"article:publisher\" content=\"https:\/\/www.facebook.com\/LaGNoticias\" \/>\n<meta property=\"article:published_time\" content=\"2025-09-11T20:27:14+00:00\" \/>\n<meta property=\"article:modified_time\" content=\"2025-09-11T20:27:15+00:00\" \/>\n<meta property=\"og:image\" content=\"https:\/\/lagnoticias.com\/wp-content\/uploads\/2025\/09\/G0XXjrMWsAAcybD.jpg\" \/>\n\t<meta property=\"og:image:width\" content=\"2080\" \/>\n\t<meta property=\"og:image:height\" content=\"1387\" \/>\n\t<meta property=\"og:image:type\" content=\"image\/jpeg\" \/>\n<meta name=\"author\" content=\"Oscar\" \/>\n<meta name=\"twitter:card\" content=\"summary_large_image\" \/>\n<meta name=\"twitter:creator\" content=\"@lagnoticias\" \/>\n<meta name=\"twitter:site\" content=\"@lagnoticias\" \/>\n<meta name=\"twitter:label1\" content=\"Written by\" \/>\n\t<meta name=\"twitter:data1\" content=\"Oscar\" \/>\n\t<meta name=\"twitter:label2\" content=\"Est. reading time\" \/>\n\t<meta name=\"twitter:data2\" content=\"1 minute\" \/>\n<script type=\"application\/ld+json\" class=\"yoast-schema-graph\">{\"@context\":\"https:\\\/\\\/schema.org\",\"@graph\":[{\"@type\":\"Article\",\"@id\":\"https:\\\/\\\/lagnoticias.com\\\/2025\\\/09\\\/11\\\/la-selecta-disputara-en-el-cuscatlan-sus-partidos-de-eliminatoria-rumbo-al-mundial-2026\\\/#article\",\"isPartOf\":{\"@id\":\"https:\\\/\\\/lagnoticias.com\\\/2025\\\/09\\\/11\\\/la-selecta-disputara-en-el-cuscatlan-sus-partidos-de-eliminatoria-rumbo-al-mundial-2026\\\/\"},\"author\":{\"name\":\"Oscar\",\"@id\":\"https:\\\/\\\/lagnoticias.com\\\/#\\\/schema\\\/person\\\/cb9bfe13f8de05d2c55270be25c6a550\"},\"headline\":\"La Selecta disputar\u00e1 en el Cuscatl\u00e1n sus partidos de eliminatoria rumbo al Mundial 2026\",\"datePublished\":\"2025-09-11T20:27:14+00:00\",\"dateModified\":\"2025-09-11T20:27:15+00:00\",\"mainEntityOfPage\":{\"@id\":\"https:\\\/\\\/lagnoticias.com\\\/2025\\\/09\\\/11\\\/la-selecta-disputara-en-el-cuscatlan-sus-partidos-de-eliminatoria-rumbo-al-mundial-2026\\\/\"},\"wordCount\":160,\"commentCount\":0,\"image\":{\"@id\":\"https:\\\/\\\/lagnoticias.com\\\/2025\\\/09\\\/11\\\/la-selecta-disputara-en-el-cuscatlan-sus-partidos-de-eliminatoria-rumbo-al-mundial-2026\\\/#primaryimage\"},\"thumbnailUrl\":\"https:\\\/\\\/lagnoticias.com\\\/wp-content\\\/uploads\\\/2025\\\/09\\\/G0XXjrMWsAAcybD.jpg\",\"keywords\":[\"EL SALVADOR\",\"eliminatorias mundialistas\",\"F\u00daTBOL\",\"LA SELECTA\",\"MUNDIAL DE F\u00daTBOL 2026\"],\"articleSection\":[\"DEPORTES\"],\"inLanguage\":\"en-US\",\"potentialAction\":[{\"@type\":\"CommentAction\",\"name\":\"Comment\",\"target\":[\"https:\\\/\\\/lagnoticias.com\\\/2025\\\/09\\\/11\\\/la-selecta-disputara-en-el-cuscatlan-sus-partidos-de-eliminatoria-rumbo-al-mundial-2026\\\/#respond\"]}]},{\"@type\":\"WebPage\",\"@id\":\"https:\\\/\\\/lagnoticias.com\\\/2025\\\/09\\\/11\\\/la-selecta-disputara-en-el-cuscatlan-sus-partidos-de-eliminatoria-rumbo-al-mundial-2026\\\/\",\"url\":\"https:\\\/\\\/lagnoticias.com\\\/2025\\\/09\\\/11\\\/la-selecta-disputara-en-el-cuscatlan-sus-partidos-de-eliminatoria-rumbo-al-mundial-2026\\\/\",\"name\":\"La Selecta disputar\u00e1 en el Cuscatl\u00e1n sus partidos de eliminatoria rumbo al Mundial 2026 - La G Noticias\",\"isPartOf\":{\"@id\":\"https:\\\/\\\/lagnoticias.com\\\/#website\"},\"primaryImageOfPage\":{\"@id\":\"https:\\\/\\\/lagnoticias.com\\\/2025\\\/09\\\/11\\\/la-selecta-disputara-en-el-cuscatlan-sus-partidos-de-eliminatoria-rumbo-al-mundial-2026\\\/#primaryimage\"},\"image\":{\"@id\":\"https:\\\/\\\/lagnoticias.com\\\/2025\\\/09\\\/11\\\/la-selecta-disputara-en-el-cuscatlan-sus-partidos-de-eliminatoria-rumbo-al-mundial-2026\\\/#primaryimage\"},\"thumbnailUrl\":\"https:\\\/\\\/lagnoticias.com\\\/wp-content\\\/uploads\\\/2025\\\/09\\\/G0XXjrMWsAAcybD.jpg\",\"datePublished\":\"2025-09-11T20:27:14+00:00\",\"dateModified\":\"2025-09-11T20:27:15+00:00\",\"author\":{\"@id\":\"https:\\\/\\\/lagnoticias.com\\\/#\\\/schema\\\/person\\\/cb9bfe13f8de05d2c55270be25c6a550\"},\"breadcrumb\":{\"@id\":\"https:\\\/\\\/lagnoticias.com\\\/2025\\\/09\\\/11\\\/la-selecta-disputara-en-el-cuscatlan-sus-partidos-de-eliminatoria-rumbo-al-mundial-2026\\\/#breadcrumb\"},\"inLanguage\":\"en-US\",\"potentialAction\":[{\"@type\":\"ReadAction\",\"target\":[\"https:\\\/\\\/lagnoticias.com\\\/2025\\\/09\\\/11\\\/la-selecta-disputara-en-el-cuscatlan-sus-partidos-de-eliminatoria-rumbo-al-mundial-2026\\\/\"]}]},{\"@type\":\"ImageObject\",\"inLanguage\":\"en-US\",\"@id\":\"https:\\\/\\\/lagnoticias.com\\\/2025\\\/09\\\/11\\\/la-selecta-disputara-en-el-cuscatlan-sus-partidos-de-eliminatoria-rumbo-al-mundial-2026\\\/#primaryimage\",\"url\":\"https:\\\/\\\/lagnoticias.com\\\/wp-content\\\/uploads\\\/2025\\\/09\\\/G0XXjrMWsAAcybD.jpg\",\"contentUrl\":\"https:\\\/\\\/lagnoticias.com\\\/wp-content\\\/uploads\\\/2025\\\/09\\\/G0XXjrMWsAAcybD.jpg\",\"width\":2080,\"height\":1387},{\"@type\":\"BreadcrumbList\",\"@id\":\"https:\\\/\\\/lagnoticias.com\\\/2025\\\/09\\\/11\\\/la-selecta-disputara-en-el-cuscatlan-sus-partidos-de-eliminatoria-rumbo-al-mundial-2026\\\/#breadcrumb\",\"itemListElement\":[{\"@type\":\"ListItem\",\"position\":1,\"name\":\"Portada\",\"item\":\"https:\\\/\\\/lagnoticias.com\\\/\"},{\"@type\":\"ListItem\",\"position\":2,\"name\":\"La Selecta disputar\u00e1 en el Cuscatl\u00e1n sus partidos de eliminatoria rumbo al Mundial 2026\"}]},{\"@type\":\"WebSite\",\"@id\":\"https:\\\/\\\/lagnoticias.com\\\/#website\",\"url\":\"https:\\\/\\\/lagnoticias.com\\\/\",\"name\":\"La G Noticias\",\"description\":\"Noticias Positivas\",\"potentialAction\":[{\"@type\":\"SearchAction\",\"target\":{\"@type\":\"EntryPoint\",\"urlTemplate\":\"https:\\\/\\\/lagnoticias.com\\\/?s={search_term_string}\"},\"query-input\":{\"@type\":\"PropertyValueSpecification\",\"valueRequired\":true,\"valueName\":\"search_term_string\"}}],\"inLanguage\":\"en-US\"},{\"@type\":\"Person\",\"@id\":\"https:\\\/\\\/lagnoticias.com\\\/#\\\/schema\\\/person\\\/cb9bfe13f8de05d2c55270be25c6a550\",\"name\":\"Oscar\",\"image\":{\"@type\":\"ImageObject\",\"inLanguage\":\"en-US\",\"@id\":\"https:\\\/\\\/secure.gravatar.com\\\/avatar\\\/45c195718f652dc7ffdd591dc1f2678956ab7fdadcd359a635edc61304a8c757?s=96&d=mm&r=g\",\"url\":\"https:\\\/\\\/secure.gravatar.com\\\/avatar\\\/45c195718f652dc7ffdd591dc1f2678956ab7fdadcd359a635edc61304a8c757?s=96&d=mm&r=g\",\"contentUrl\":\"https:\\\/\\\/secure.gravatar.com\\\/avatar\\\/45c195718f652dc7ffdd591dc1f2678956ab7fdadcd359a635edc61304a8c757?s=96&d=mm&r=g\",\"caption\":\"Oscar\"},\"url\":\"https:\\\/\\\/lagnoticias.com\\\/en\\\/author\\\/oscar\\\/\"}]}<\/script>\n<!-- \/ Yoast SEO plugin. -->","yoast_head_json":{"title":"La Selecta disputar\u00e1 en el Cuscatl\u00e1n sus partidos de eliminatoria rumbo al Mundial 2026 - La G Noticias","robots":{"index":"index","follow":"follow","max-snippet":"max-snippet:-1","max-image-preview":"max-image-preview:large","max-video-preview":"max-video-preview:-1"},"canonical":"https:\/\/lagnoticias.com\/en\/2025\/09\/11\/la-selecta-disputara-en-el-cuscatlan-sus-partidos-de-eliminatoria-rumbo-al-mundial-2026\/","og_locale":"en_US","og_type":"article","og_title":"La Selecta disputar\u00e1 en el Cuscatl\u00e1n sus partidos de eliminatoria rumbo al Mundial 2026 - La G Noticias","og_description":"El Cuscatl\u00e1n estar\u00e1 disponible para los partidos ante Panam\u00e1 y Guatemala.","og_url":"https:\/\/lagnoticias.com\/en\/2025\/09\/11\/la-selecta-disputara-en-el-cuscatlan-sus-partidos-de-eliminatoria-rumbo-al-mundial-2026\/","og_site_name":"La G Noticias","article_publisher":"https:\/\/www.facebook.com\/LaGNoticias","article_published_time":"2025-09-11T20:27:14+00:00","article_modified_time":"2025-09-11T20:27:15+00:00","og_image":[{"width":2080,"height":1387,"url":"https:\/\/lagnoticias.com\/wp-content\/uploads\/2025\/09\/G0XXjrMWsAAcybD.jpg","type":"image\/jpeg"}],"author":"Oscar","twitter_card":"summary_large_image","twitter_creator":"@lagnoticias","twitter_site":"@lagnoticias","twitter_misc":{"Written by":"Oscar","Est. reading time":"1 minute"},"schema":{"@context":"https:\/\/schema.org","@graph":[{"@type":"Article","@id":"https:\/\/lagnoticias.com\/2025\/09\/11\/la-selecta-disputara-en-el-cuscatlan-sus-partidos-de-eliminatoria-rumbo-al-mundial-2026\/#article","isPartOf":{"@id":"https:\/\/lagnoticias.com\/2025\/09\/11\/la-selecta-disputara-en-el-cuscatlan-sus-partidos-de-eliminatoria-rumbo-al-mundial-2026\/"},"author":{"name":"Oscar","@id":"https:\/\/lagnoticias.com\/#\/schema\/person\/cb9bfe13f8de05d2c55270be25c6a550"},"headline":"La Selecta disputar\u00e1 en el Cuscatl\u00e1n sus partidos de eliminatoria rumbo al Mundial 2026","datePublished":"2025-09-11T20:27:14+00:00","dateModified":"2025-09-11T20:27:15+00:00","mainEntityOfPage":{"@id":"https:\/\/lagnoticias.com\/2025\/09\/11\/la-selecta-disputara-en-el-cuscatlan-sus-partidos-de-eliminatoria-rumbo-al-mundial-2026\/"},"wordCount":160,"commentCount":0,"image":{"@id":"https:\/\/lagnoticias.com\/2025\/09\/11\/la-selecta-disputara-en-el-cuscatlan-sus-partidos-de-eliminatoria-rumbo-al-mundial-2026\/#primaryimage"},"thumbnailUrl":"https:\/\/lagnoticias.com\/wp-content\/uploads\/2025\/09\/G0XXjrMWsAAcybD.jpg","keywords":["EL SALVADOR","eliminatorias mundialistas","F\u00daTBOL","LA SELECTA","MUNDIAL DE F\u00daTBOL 2026"],"articleSection":["DEPORTES"],"inLanguage":"en-US","potentialAction":[{"@type":"CommentAction","name":"Comment","target":["https:\/\/lagnoticias.com\/2025\/09\/11\/la-selecta-disputara-en-el-cuscatlan-sus-partidos-de-eliminatoria-rumbo-al-mundial-2026\/#respond"]}]},{"@type":"WebPage","@id":"https:\/\/lagnoticias.com\/2025\/09\/11\/la-selecta-disputara-en-el-cuscatlan-sus-partidos-de-eliminatoria-rumbo-al-mundial-2026\/","url":"https:\/\/lagnoticias.com\/2025\/09\/11\/la-selecta-disputara-en-el-cuscatlan-sus-partidos-de-eliminatoria-rumbo-al-mundial-2026\/","name":"La Selecta disputar\u00e1 en el Cuscatl\u00e1n sus partidos de eliminatoria rumbo al Mundial 2026 - La G Noticias","isPartOf":{"@id":"https:\/\/lagnoticias.com\/#website"},"primaryImageOfPage":{"@id":"https:\/\/lagnoticias.com\/2025\/09\/11\/la-selecta-disputara-en-el-cuscatlan-sus-partidos-de-eliminatoria-rumbo-al-mundial-2026\/#primaryimage"},"image":{"@id":"https:\/\/lagnoticias.com\/2025\/09\/11\/la-selecta-disputara-en-el-cuscatlan-sus-partidos-de-eliminatoria-rumbo-al-mundial-2026\/#primaryimage"},"thumbnailUrl":"https:\/\/lagnoticias.com\/wp-content\/uploads\/2025\/09\/G0XXjrMWsAAcybD.jpg","datePublished":"2025-09-11T20:27:14+00:00","dateModified":"2025-09-11T20:27:15+00:00","author":{"@id":"https:\/\/lagnoticias.com\/#\/schema\/person\/cb9bfe13f8de05d2c55270be25c6a550"},"breadcrumb":{"@id":"https:\/\/lagnoticias.com\/2025\/09\/11\/la-selecta-disputara-en-el-cuscatlan-sus-partidos-de-eliminatoria-rumbo-al-mundial-2026\/#breadcrumb"},"inLanguage":"en-US","potentialAction":[{"@type":"ReadAction","target":["https:\/\/lagnoticias.com\/2025\/09\/11\/la-selecta-disputara-en-el-cuscatlan-sus-partidos-de-eliminatoria-rumbo-al-mundial-2026\/"]}]},{"@type":"ImageObject","inLanguage":"en-US","@id":"https:\/\/lagnoticias.com\/2025\/09\/11\/la-selecta-disputara-en-el-cuscatlan-sus-partidos-de-eliminatoria-rumbo-al-mundial-2026\/#primaryimage","url":"https:\/\/lagnoticias.com\/wp-content\/uploads\/2025\/09\/G0XXjrMWsAAcybD.jpg","contentUrl":"https:\/\/lagnoticias.com\/wp-content\/uploads\/2025\/09\/G0XXjrMWsAAcybD.jpg","width":2080,"height":1387},{"@type":"BreadcrumbList","@id":"https:\/\/lagnoticias.com\/2025\/09\/11\/la-selecta-disputara-en-el-cuscatlan-sus-partidos-de-eliminatoria-rumbo-al-mundial-2026\/#breadcrumb","itemListElement":[{"@type":"ListItem","position":1,"name":"Portada","item":"https:\/\/lagnoticias.com\/"},{"@type":"ListItem","position":2,"name":"La Selecta disputar\u00e1 en el Cuscatl\u00e1n sus partidos de eliminatoria rumbo al Mundial 2026"}]},{"@type":"WebSite","@id":"https:\/\/lagnoticias.com\/#website","url":"https:\/\/lagnoticias.com\/","name":"La G Noticias","description":"Noticias Positivas","potentialAction":[{"@type":"SearchAction","target":{"@type":"EntryPoint","urlTemplate":"https:\/\/lagnoticias.com\/?s={search_term_string}"},"query-input":{"@type":"PropertyValueSpecification","valueRequired":true,"valueName":"search_term_string"}}],"inLanguage":"en-US"},{"@type":"Person","@id":"https:\/\/lagnoticias.com\/#\/schema\/person\/cb9bfe13f8de05d2c55270be25c6a550","name":"Oscar","image":{"@type":"ImageObject","inLanguage":"en-US","@id":"https:\/\/secure.gravatar.com\/avatar\/45c195718f652dc7ffdd591dc1f2678956ab7fdadcd359a635edc61304a8c757?s=96&d=mm&r=g","url":"https:\/\/secure.gravatar.com\/avatar\/45c195718f652dc7ffdd591dc1f2678956ab7fdadcd359a635edc61304a8c757?s=96&d=mm&r=g","contentUrl":"https:\/\/secure.gravatar.com\/avatar\/45c195718f652dc7ffdd591dc1f2678956ab7fdadcd359a635edc61304a8c757?s=96&d=mm&r=g","caption":"Oscar"},"url":"https:\/\/lagnoticias.com\/en\/author\/oscar\/"}]}},"_links":{"self":[{"href":"https:\/\/lagnoticias.com\/en\/wp-json\/wp\/v2\/posts\/4931","targetHints":{"allow":["GET"]}}],"collection":[{"href":"https:\/\/lagnoticias.com\/en\/wp-json\/wp\/v2\/posts"}],"about":[{"href":"https:\/\/lagnoticias.com\/en\/wp-json\/wp\/v2\/types\/post"}],"author":[{"embeddable":true,"href":"https:\/\/lagnoticias.com\/en\/wp-json\/wp\/v2\/users\/2"}],"replies":[{"embeddable":true,"href":"https:\/\/lagnoticias.com\/en\/wp-json\/wp\/v2\/comments?post=4931"}],"version-history":[{"count":1,"href":"https:\/\/lagnoticias.com\/en\/wp-json\/wp\/v2\/posts\/4931\/revisions"}],"predecessor-version":[{"id":4933,"href":"https:\/\/lagnoticias.com\/en\/wp-json\/wp\/v2\/posts\/4931\/revisions\/4933"}],"wp:featuredmedia":[{"embeddable":true,"href":"https:\/\/lagnoticias.com\/en\/wp-json\/wp\/v2\/media\/4932"}],"wp:attachment":[{"href":"https:\/\/lagnoticias.com\/en\/wp-json\/wp\/v2\/media?parent=4931"}],"wp:term":[{"taxonomy":"category","embeddable":true,"href":"https:\/\/lagnoticias.com\/en\/wp-json\/wp\/v2\/categories?post=4931"},{"taxonomy":"post_tag","embeddable":true,"href":"https:\/\/lagnoticias.com\/en\/wp-json\/wp\/v2\/tags?post=4931"}],"curies":[{"name":"wp","href":"https:\/\/api.w.org\/{rel}","templated":true}]}}