{"id":4925,"date":"2025-09-11T12:00:35","date_gmt":"2025-09-11T18:00:35","guid":{"rendered":"https:\/\/lagnoticias.com\/?p=4925"},"modified":"2025-09-11T12:00:36","modified_gmt":"2025-09-11T18:00:36","slug":"trump-rinde-homenaje-a-las-victimas-del-atentado-del-11-s","status":"publish","type":"post","link":"https:\/\/lagnoticias.com\/en\/2025\/09\/11\/trump-rinde-homenaje-a-las-victimas-del-atentado-del-11-s\/","title":{"rendered":"Trump rinde homenaje a las v\u00edctimas del atentado del 11-S"},"content":{"rendered":"<p>El presidente de Estados Unidos,&nbsp;Donald Trump, record\u00f3 este jueves en una ceremonia solemne en el Pent\u00e1gono a las v\u00edctimas de los atentados del&nbsp;11 de septiembre&nbsp;de 2001 en Nueva York y Washington.<\/p>\n\n\n\n<p>\u00abEsa ma\u00f1ana terrible, hace 24 a\u00f1os, el tiempo se detuvo\u00bb, dijo el mandatario. \u00abHoy, como una sola naci\u00f3n, renovamos nuestro voto sagrado de que nunca olvidaremos el 11 de septiembre de 2001\u00bb.<\/p>\n\n\n\n<p>El acto, al que tambi\u00e9n asisti\u00f3 la primera dama, Melania Trump, y el secretario de Guerra, Pete Hegseth, comenz\u00f3 con la colocaci\u00f3n de ofrendas y la lectura de los nombres de 125 fallecidos en el cuartel general de las Fuerzas Armadas tras el impacto de un avi\u00f3n -cuyas 59 personas tambi\u00e9n murieron- el mismo d\u00eda en el que tambi\u00e9n fueron destruidas las Torres Gemelas en Nueva York.<\/p>\n\n\n\n<p>Al inicio de su intervenci\u00f3n, Trump record\u00f3 a su estrecho aliado, el comentarista conservador&nbsp;Charlie Kirk, asesinado en un \u00abatroz\u00bb atentado este mi\u00e9rcoles. \u00abLo extra\u00f1amos much\u00edsimo\u00bb, agreg\u00f3 antes de anunciar que otorgar\u00eda al activista la Medalla Presidencial de la Libertad de manera p\u00f3stuma.<\/p>\n\n\n\n<p>Cerca de 3.000 personas perdieron la vida el 11 de septiembre de 2001, cuando un grupo de terroristas de Al Qaeda secuestr\u00f3 cuatro aviones comerciales: dos fueron estrellados contra las Torres Gemelas de Nueva York, uno contra el Pent\u00e1gono y otro cay\u00f3 en Pensilvania, luego de que los pasajeros intentaran retomar el control de la aeronave.<\/p>\n\n\n\n<h2 class=\"wp-block-heading\">\u00abJam\u00e1s cederemos\u00bb<\/h2>\n\n\n\n<p>\u00abEn ese fat\u00eddico d\u00eda, monstruos salvajes atacaron los s\u00edmbolos mismos de nuestra civilizaci\u00f3n. Sin embargo, aqu\u00ed en Virginia (sede del Pent\u00e1gono, a las afueras de Washington), en Nueva York y en los cielos de Pensilvania, los estadounidenses no dudaron. <\/p>\n\n\n\n<p>Se mantuvieron firmes y demostraron al mundo que jam\u00e1s cederemos, jam\u00e1s nos doblegaremos, jam\u00e1s nos rendiremos\u00bb, insisti\u00f3.<\/p>\n\n\n\n<p>Con semblante y tono solemnes, el mandatario comparti\u00f3 varias historias personales de las v\u00edctimas y envi\u00f3 un mensaje de condolencias a los familiares, que \u00abtodav\u00eda sienten el vac\u00edo dejado por sus seres queridos cada d\u00eda de sus vidas\u00bb.<\/p>\n\n\n\n<p>Al igual que en Washington, Nueva York record\u00f3 a las casi 3.000 personas que murieron durante y despu\u00e9s de los ataques a las Torres Gemelas, entre ellas empleados de diversas empresas que ten\u00edan oficinas en los edificios, bomberos, polic\u00edas y personal m\u00e9dico.<\/p>\n\n\n\n<p>A 24 a\u00f1os del suceso, la Oficina de Medicina Forense en la Ciudad de Nueva York inform\u00f3 que a\u00fan quedan m\u00e1s de 1.000 v\u00edctimas sin identificar.<\/p>\n\n\n\n<p><\/p>\n\n\n\n<p><\/p>\n\n\n\n<p><\/p>\n\n\n\n<p><\/p>\n\n\n\n<p>(DW)<\/p>","protected":false},"excerpt":{"rendered":"<p>El presidente de Estados Unidos,&nbsp;Donald Trump, record\u00f3 este jueves en una ceremonia solemne en el Pent\u00e1gono a las v\u00edctimas de los atentados del&nbsp;11 de septiembre&nbsp;de 2001 en Nueva York y Washington. \u00abEsa ma\u00f1ana terrible, hace 24 a\u00f1os, el tiempo se detuvo\u00bb, dijo el mandatario. \u00abHoy, como una sola naci\u00f3n, renovamos nuestro voto sagrado de que [&hellip;]<\/p>","protected":false},"author":2,"featured_media":4926,"comment_status":"open","ping_status":"open","sticky":false,"template":"","format":"standard","meta":{"_et_pb_use_builder":"off","_et_pb_old_content":"","_et_gb_content_width":"","footnotes":""},"categories":[245],"tags":[964,965,272,260],"class_list":["post-4925","post","type-post","status-publish","format-standard","has-post-thumbnail","hentry","category-internacionales","tag-11-de-septiembre","tag-atentados-del-11-de-septiembre","tag-donald-trump","tag-estados-unidos"],"yoast_head":"<!-- This site is optimized with the Yoast SEO plugin v27.4 - https:\/\/yoast.com\/product\/yoast-seo-wordpress\/ -->\n<title>Trump rinde homenaje a las v\u00edctimas del atentado del 11-S - La G Noticias<\/title>\n<meta name=\"robots\" content=\"index, follow, max-snippet:-1, max-image-preview:large, max-video-preview:-1\" \/>\n<link rel=\"canonical\" href=\"https:\/\/lagnoticias.com\/en\/2025\/09\/11\/trump-rinde-homenaje-a-las-victimas-del-atentado-del-11-s\/\" \/>\n<meta property=\"og:locale\" content=\"en_US\" \/>\n<meta property=\"og:type\" content=\"article\" \/>\n<meta property=\"og:title\" content=\"Trump rinde homenaje a las v\u00edctimas del atentado del 11-S - La G Noticias\" \/>\n<meta property=\"og:description\" content=\"El presidente de Estados Unidos,&nbsp;Donald Trump, record\u00f3 este jueves en una ceremonia solemne en el Pent\u00e1gono a las v\u00edctimas de los atentados del&nbsp;11 de septiembre&nbsp;de 2001 en Nueva York y Washington. \u00abEsa ma\u00f1ana terrible, hace 24 a\u00f1os, el tiempo se detuvo\u00bb, dijo el mandatario. \u00abHoy, como una sola naci\u00f3n, renovamos nuestro voto sagrado de que [&hellip;]\" \/>\n<meta property=\"og:url\" content=\"https:\/\/lagnoticias.com\/en\/2025\/09\/11\/trump-rinde-homenaje-a-las-victimas-del-atentado-del-11-s\/\" \/>\n<meta property=\"og:site_name\" content=\"La G Noticias\" \/>\n<meta property=\"article:publisher\" content=\"https:\/\/www.facebook.com\/LaGNoticias\" \/>\n<meta property=\"article:published_time\" content=\"2025-09-11T18:00:35+00:00\" \/>\n<meta property=\"article:modified_time\" content=\"2025-09-11T18:00:36+00:00\" \/>\n<meta property=\"og:image\" content=\"https:\/\/lagnoticias.com\/wp-content\/uploads\/2025\/09\/1-10.jpg\" \/>\n\t<meta property=\"og:image:width\" content=\"640\" \/>\n\t<meta property=\"og:image:height\" content=\"426\" \/>\n\t<meta property=\"og:image:type\" content=\"image\/jpeg\" \/>\n<meta name=\"author\" content=\"Oscar\" \/>\n<meta name=\"twitter:card\" content=\"summary_large_image\" \/>\n<meta name=\"twitter:creator\" content=\"@lagnoticias\" \/>\n<meta name=\"twitter:site\" content=\"@lagnoticias\" \/>\n<meta name=\"twitter:label1\" content=\"Written by\" \/>\n\t<meta name=\"twitter:data1\" content=\"Oscar\" \/>\n\t<meta name=\"twitter:label2\" content=\"Est. reading time\" \/>\n\t<meta name=\"twitter:data2\" content=\"3 minutes\" \/>\n<script type=\"application\/ld+json\" class=\"yoast-schema-graph\">{\"@context\":\"https:\\\/\\\/schema.org\",\"@graph\":[{\"@type\":\"Article\",\"@id\":\"https:\\\/\\\/lagnoticias.com\\\/2025\\\/09\\\/11\\\/trump-rinde-homenaje-a-las-victimas-del-atentado-del-11-s\\\/#article\",\"isPartOf\":{\"@id\":\"https:\\\/\\\/lagnoticias.com\\\/2025\\\/09\\\/11\\\/trump-rinde-homenaje-a-las-victimas-del-atentado-del-11-s\\\/\"},\"author\":{\"name\":\"Oscar\",\"@id\":\"https:\\\/\\\/lagnoticias.com\\\/#\\\/schema\\\/person\\\/cb9bfe13f8de05d2c55270be25c6a550\"},\"headline\":\"Trump rinde homenaje a las v\u00edctimas del atentado del 11-S\",\"datePublished\":\"2025-09-11T18:00:35+00:00\",\"dateModified\":\"2025-09-11T18:00:36+00:00\",\"mainEntityOfPage\":{\"@id\":\"https:\\\/\\\/lagnoticias.com\\\/2025\\\/09\\\/11\\\/trump-rinde-homenaje-a-las-victimas-del-atentado-del-11-s\\\/\"},\"wordCount\":438,\"commentCount\":0,\"image\":{\"@id\":\"https:\\\/\\\/lagnoticias.com\\\/2025\\\/09\\\/11\\\/trump-rinde-homenaje-a-las-victimas-del-atentado-del-11-s\\\/#primaryimage\"},\"thumbnailUrl\":\"https:\\\/\\\/lagnoticias.com\\\/wp-content\\\/uploads\\\/2025\\\/09\\\/1-10.jpg\",\"keywords\":[\"11 DE SEPTIEMBRE\",\"ATENTADOS DEL 11 DE SEPTIEMBRE\",\"DONALD TRUMP\",\"ESTADOS UNIDOS\"],\"articleSection\":[\"INTERNACIONALES\"],\"inLanguage\":\"en-US\",\"potentialAction\":[{\"@type\":\"CommentAction\",\"name\":\"Comment\",\"target\":[\"https:\\\/\\\/lagnoticias.com\\\/2025\\\/09\\\/11\\\/trump-rinde-homenaje-a-las-victimas-del-atentado-del-11-s\\\/#respond\"]}]},{\"@type\":\"WebPage\",\"@id\":\"https:\\\/\\\/lagnoticias.com\\\/2025\\\/09\\\/11\\\/trump-rinde-homenaje-a-las-victimas-del-atentado-del-11-s\\\/\",\"url\":\"https:\\\/\\\/lagnoticias.com\\\/2025\\\/09\\\/11\\\/trump-rinde-homenaje-a-las-victimas-del-atentado-del-11-s\\\/\",\"name\":\"Trump rinde homenaje a las v\u00edctimas del atentado del 11-S - La G Noticias\",\"isPartOf\":{\"@id\":\"https:\\\/\\\/lagnoticias.com\\\/#website\"},\"primaryImageOfPage\":{\"@id\":\"https:\\\/\\\/lagnoticias.com\\\/2025\\\/09\\\/11\\\/trump-rinde-homenaje-a-las-victimas-del-atentado-del-11-s\\\/#primaryimage\"},\"image\":{\"@id\":\"https:\\\/\\\/lagnoticias.com\\\/2025\\\/09\\\/11\\\/trump-rinde-homenaje-a-las-victimas-del-atentado-del-11-s\\\/#primaryimage\"},\"thumbnailUrl\":\"https:\\\/\\\/lagnoticias.com\\\/wp-content\\\/uploads\\\/2025\\\/09\\\/1-10.jpg\",\"datePublished\":\"2025-09-11T18:00:35+00:00\",\"dateModified\":\"2025-09-11T18:00:36+00:00\",\"author\":{\"@id\":\"https:\\\/\\\/lagnoticias.com\\\/#\\\/schema\\\/person\\\/cb9bfe13f8de05d2c55270be25c6a550\"},\"breadcrumb\":{\"@id\":\"https:\\\/\\\/lagnoticias.com\\\/2025\\\/09\\\/11\\\/trump-rinde-homenaje-a-las-victimas-del-atentado-del-11-s\\\/#breadcrumb\"},\"inLanguage\":\"en-US\",\"potentialAction\":[{\"@type\":\"ReadAction\",\"target\":[\"https:\\\/\\\/lagnoticias.com\\\/2025\\\/09\\\/11\\\/trump-rinde-homenaje-a-las-victimas-del-atentado-del-11-s\\\/\"]}]},{\"@type\":\"ImageObject\",\"inLanguage\":\"en-US\",\"@id\":\"https:\\\/\\\/lagnoticias.com\\\/2025\\\/09\\\/11\\\/trump-rinde-homenaje-a-las-victimas-del-atentado-del-11-s\\\/#primaryimage\",\"url\":\"https:\\\/\\\/lagnoticias.com\\\/wp-content\\\/uploads\\\/2025\\\/09\\\/1-10.jpg\",\"contentUrl\":\"https:\\\/\\\/lagnoticias.com\\\/wp-content\\\/uploads\\\/2025\\\/09\\\/1-10.jpg\",\"width\":640,\"height\":426},{\"@type\":\"BreadcrumbList\",\"@id\":\"https:\\\/\\\/lagnoticias.com\\\/2025\\\/09\\\/11\\\/trump-rinde-homenaje-a-las-victimas-del-atentado-del-11-s\\\/#breadcrumb\",\"itemListElement\":[{\"@type\":\"ListItem\",\"position\":1,\"name\":\"Portada\",\"item\":\"https:\\\/\\\/lagnoticias.com\\\/\"},{\"@type\":\"ListItem\",\"position\":2,\"name\":\"Trump rinde homenaje a las v\u00edctimas del atentado del 11-S\"}]},{\"@type\":\"WebSite\",\"@id\":\"https:\\\/\\\/lagnoticias.com\\\/#website\",\"url\":\"https:\\\/\\\/lagnoticias.com\\\/\",\"name\":\"La G Noticias\",\"description\":\"Noticias Positivas\",\"potentialAction\":[{\"@type\":\"SearchAction\",\"target\":{\"@type\":\"EntryPoint\",\"urlTemplate\":\"https:\\\/\\\/lagnoticias.com\\\/?s={search_term_string}\"},\"query-input\":{\"@type\":\"PropertyValueSpecification\",\"valueRequired\":true,\"valueName\":\"search_term_string\"}}],\"inLanguage\":\"en-US\"},{\"@type\":\"Person\",\"@id\":\"https:\\\/\\\/lagnoticias.com\\\/#\\\/schema\\\/person\\\/cb9bfe13f8de05d2c55270be25c6a550\",\"name\":\"Oscar\",\"image\":{\"@type\":\"ImageObject\",\"inLanguage\":\"en-US\",\"@id\":\"https:\\\/\\\/secure.gravatar.com\\\/avatar\\\/45c195718f652dc7ffdd591dc1f2678956ab7fdadcd359a635edc61304a8c757?s=96&d=mm&r=g\",\"url\":\"https:\\\/\\\/secure.gravatar.com\\\/avatar\\\/45c195718f652dc7ffdd591dc1f2678956ab7fdadcd359a635edc61304a8c757?s=96&d=mm&r=g\",\"contentUrl\":\"https:\\\/\\\/secure.gravatar.com\\\/avatar\\\/45c195718f652dc7ffdd591dc1f2678956ab7fdadcd359a635edc61304a8c757?s=96&d=mm&r=g\",\"caption\":\"Oscar\"},\"url\":\"https:\\\/\\\/lagnoticias.com\\\/en\\\/author\\\/oscar\\\/\"}]}<\/script>\n<!-- \/ Yoast SEO plugin. -->","yoast_head_json":{"title":"Trump rinde homenaje a las v\u00edctimas del atentado del 11-S - La G Noticias","robots":{"index":"index","follow":"follow","max-snippet":"max-snippet:-1","max-image-preview":"max-image-preview:large","max-video-preview":"max-video-preview:-1"},"canonical":"https:\/\/lagnoticias.com\/en\/2025\/09\/11\/trump-rinde-homenaje-a-las-victimas-del-atentado-del-11-s\/","og_locale":"en_US","og_type":"article","og_title":"Trump rinde homenaje a las v\u00edctimas del atentado del 11-S - La G Noticias","og_description":"El presidente de Estados Unidos,&nbsp;Donald Trump, record\u00f3 este jueves en una ceremonia solemne en el Pent\u00e1gono a las v\u00edctimas de los atentados del&nbsp;11 de septiembre&nbsp;de 2001 en Nueva York y Washington. \u00abEsa ma\u00f1ana terrible, hace 24 a\u00f1os, el tiempo se detuvo\u00bb, dijo el mandatario. \u00abHoy, como una sola naci\u00f3n, renovamos nuestro voto sagrado de que [&hellip;]","og_url":"https:\/\/lagnoticias.com\/en\/2025\/09\/11\/trump-rinde-homenaje-a-las-victimas-del-atentado-del-11-s\/","og_site_name":"La G Noticias","article_publisher":"https:\/\/www.facebook.com\/LaGNoticias","article_published_time":"2025-09-11T18:00:35+00:00","article_modified_time":"2025-09-11T18:00:36+00:00","og_image":[{"width":640,"height":426,"url":"https:\/\/lagnoticias.com\/wp-content\/uploads\/2025\/09\/1-10.jpg","type":"image\/jpeg"}],"author":"Oscar","twitter_card":"summary_large_image","twitter_creator":"@lagnoticias","twitter_site":"@lagnoticias","twitter_misc":{"Written by":"Oscar","Est. reading time":"3 minutes"},"schema":{"@context":"https:\/\/schema.org","@graph":[{"@type":"Article","@id":"https:\/\/lagnoticias.com\/2025\/09\/11\/trump-rinde-homenaje-a-las-victimas-del-atentado-del-11-s\/#article","isPartOf":{"@id":"https:\/\/lagnoticias.com\/2025\/09\/11\/trump-rinde-homenaje-a-las-victimas-del-atentado-del-11-s\/"},"author":{"name":"Oscar","@id":"https:\/\/lagnoticias.com\/#\/schema\/person\/cb9bfe13f8de05d2c55270be25c6a550"},"headline":"Trump rinde homenaje a las v\u00edctimas del atentado del 11-S","datePublished":"2025-09-11T18:00:35+00:00","dateModified":"2025-09-11T18:00:36+00:00","mainEntityOfPage":{"@id":"https:\/\/lagnoticias.com\/2025\/09\/11\/trump-rinde-homenaje-a-las-victimas-del-atentado-del-11-s\/"},"wordCount":438,"commentCount":0,"image":{"@id":"https:\/\/lagnoticias.com\/2025\/09\/11\/trump-rinde-homenaje-a-las-victimas-del-atentado-del-11-s\/#primaryimage"},"thumbnailUrl":"https:\/\/lagnoticias.com\/wp-content\/uploads\/2025\/09\/1-10.jpg","keywords":["11 DE SEPTIEMBRE","ATENTADOS DEL 11 DE SEPTIEMBRE","DONALD TRUMP","ESTADOS UNIDOS"],"articleSection":["INTERNACIONALES"],"inLanguage":"en-US","potentialAction":[{"@type":"CommentAction","name":"Comment","target":["https:\/\/lagnoticias.com\/2025\/09\/11\/trump-rinde-homenaje-a-las-victimas-del-atentado-del-11-s\/#respond"]}]},{"@type":"WebPage","@id":"https:\/\/lagnoticias.com\/2025\/09\/11\/trump-rinde-homenaje-a-las-victimas-del-atentado-del-11-s\/","url":"https:\/\/lagnoticias.com\/2025\/09\/11\/trump-rinde-homenaje-a-las-victimas-del-atentado-del-11-s\/","name":"Trump rinde homenaje a las v\u00edctimas del atentado del 11-S - La G Noticias","isPartOf":{"@id":"https:\/\/lagnoticias.com\/#website"},"primaryImageOfPage":{"@id":"https:\/\/lagnoticias.com\/2025\/09\/11\/trump-rinde-homenaje-a-las-victimas-del-atentado-del-11-s\/#primaryimage"},"image":{"@id":"https:\/\/lagnoticias.com\/2025\/09\/11\/trump-rinde-homenaje-a-las-victimas-del-atentado-del-11-s\/#primaryimage"},"thumbnailUrl":"https:\/\/lagnoticias.com\/wp-content\/uploads\/2025\/09\/1-10.jpg","datePublished":"2025-09-11T18:00:35+00:00","dateModified":"2025-09-11T18:00:36+00:00","author":{"@id":"https:\/\/lagnoticias.com\/#\/schema\/person\/cb9bfe13f8de05d2c55270be25c6a550"},"breadcrumb":{"@id":"https:\/\/lagnoticias.com\/2025\/09\/11\/trump-rinde-homenaje-a-las-victimas-del-atentado-del-11-s\/#breadcrumb"},"inLanguage":"en-US","potentialAction":[{"@type":"ReadAction","target":["https:\/\/lagnoticias.com\/2025\/09\/11\/trump-rinde-homenaje-a-las-victimas-del-atentado-del-11-s\/"]}]},{"@type":"ImageObject","inLanguage":"en-US","@id":"https:\/\/lagnoticias.com\/2025\/09\/11\/trump-rinde-homenaje-a-las-victimas-del-atentado-del-11-s\/#primaryimage","url":"https:\/\/lagnoticias.com\/wp-content\/uploads\/2025\/09\/1-10.jpg","contentUrl":"https:\/\/lagnoticias.com\/wp-content\/uploads\/2025\/09\/1-10.jpg","width":640,"height":426},{"@type":"BreadcrumbList","@id":"https:\/\/lagnoticias.com\/2025\/09\/11\/trump-rinde-homenaje-a-las-victimas-del-atentado-del-11-s\/#breadcrumb","itemListElement":[{"@type":"ListItem","position":1,"name":"Portada","item":"https:\/\/lagnoticias.com\/"},{"@type":"ListItem","position":2,"name":"Trump rinde homenaje a las v\u00edctimas del atentado del 11-S"}]},{"@type":"WebSite","@id":"https:\/\/lagnoticias.com\/#website","url":"https:\/\/lagnoticias.com\/","name":"La G Noticias","description":"Noticias Positivas","potentialAction":[{"@type":"SearchAction","target":{"@type":"EntryPoint","urlTemplate":"https:\/\/lagnoticias.com\/?s={search_term_string}"},"query-input":{"@type":"PropertyValueSpecification","valueRequired":true,"valueName":"search_term_string"}}],"inLanguage":"en-US"},{"@type":"Person","@id":"https:\/\/lagnoticias.com\/#\/schema\/person\/cb9bfe13f8de05d2c55270be25c6a550","name":"Oscar","image":{"@type":"ImageObject","inLanguage":"en-US","@id":"https:\/\/secure.gravatar.com\/avatar\/45c195718f652dc7ffdd591dc1f2678956ab7fdadcd359a635edc61304a8c757?s=96&d=mm&r=g","url":"https:\/\/secure.gravatar.com\/avatar\/45c195718f652dc7ffdd591dc1f2678956ab7fdadcd359a635edc61304a8c757?s=96&d=mm&r=g","contentUrl":"https:\/\/secure.gravatar.com\/avatar\/45c195718f652dc7ffdd591dc1f2678956ab7fdadcd359a635edc61304a8c757?s=96&d=mm&r=g","caption":"Oscar"},"url":"https:\/\/lagnoticias.com\/en\/author\/oscar\/"}]}},"_links":{"self":[{"href":"https:\/\/lagnoticias.com\/en\/wp-json\/wp\/v2\/posts\/4925","targetHints":{"allow":["GET"]}}],"collection":[{"href":"https:\/\/lagnoticias.com\/en\/wp-json\/wp\/v2\/posts"}],"about":[{"href":"https:\/\/lagnoticias.com\/en\/wp-json\/wp\/v2\/types\/post"}],"author":[{"embeddable":true,"href":"https:\/\/lagnoticias.com\/en\/wp-json\/wp\/v2\/users\/2"}],"replies":[{"embeddable":true,"href":"https:\/\/lagnoticias.com\/en\/wp-json\/wp\/v2\/comments?post=4925"}],"version-history":[{"count":1,"href":"https:\/\/lagnoticias.com\/en\/wp-json\/wp\/v2\/posts\/4925\/revisions"}],"predecessor-version":[{"id":4927,"href":"https:\/\/lagnoticias.com\/en\/wp-json\/wp\/v2\/posts\/4925\/revisions\/4927"}],"wp:featuredmedia":[{"embeddable":true,"href":"https:\/\/lagnoticias.com\/en\/wp-json\/wp\/v2\/media\/4926"}],"wp:attachment":[{"href":"https:\/\/lagnoticias.com\/en\/wp-json\/wp\/v2\/media?parent=4925"}],"wp:term":[{"taxonomy":"category","embeddable":true,"href":"https:\/\/lagnoticias.com\/en\/wp-json\/wp\/v2\/categories?post=4925"},{"taxonomy":"post_tag","embeddable":true,"href":"https:\/\/lagnoticias.com\/en\/wp-json\/wp\/v2\/tags?post=4925"}],"curies":[{"name":"wp","href":"https:\/\/api.w.org\/{rel}","templated":true}]}}