{"id":4911,"date":"2025-09-11T10:50:39","date_gmt":"2025-09-11T16:50:39","guid":{"rendered":"https:\/\/lagnoticias.com\/?p=4911"},"modified":"2025-09-12T11:53:28","modified_gmt":"2025-09-12T17:53:28","slug":"comite-civico-informa-que-se-desplegara-a-mas-de-100000-personas-para-el-desfile-de-independencia-de-el-salvador","status":"publish","type":"post","link":"https:\/\/lagnoticias.com\/en\/2025\/09\/11\/comite-civico-informa-que-se-desplegara-a-mas-de-100000-personas-para-el-desfile-de-independencia-de-el-salvador\/","title":{"rendered":"Comit\u00e9 C\u00edvico informa que se desplegar\u00e1 a m\u00e1s de 100,000 personas para el desfile de Independencia de El Salvador"},"content":{"rendered":"<p>La conmemoraci\u00f3n de los 204 a\u00f1os de Independencia cobra un significado especial, al unir la memoria hist\u00f3rica con la realidad de un presente m\u00e1s seguro. Este lunes 15 de septiembre, las calles de San Salvador se llenar\u00e1n de color, m\u00fasica y orgullo patrio durante el Desfile de Independencia de El Salvador.<\/p>\n\n\n\n<p>El Comit\u00e9 C\u00edvico Nacional inform\u00f3, hoy, que el evento dar\u00e1 inicio a las 8:00 de la ma\u00f1ana en la plaza Salvador del Mundo y culminar\u00e1 en el parque Cuscatl\u00e1n, donde los asistentes podr\u00e1n vivir de cerca la alegr\u00eda de la fiesta nacional. <\/p>\n\n\n\n<h2 class=\"wp-block-heading\">La celebraci\u00f3n se enmarca en un pa\u00eds que hoy proyecta esperanza y confianza en su futuro.<\/h2>\n\n\n\n<p>\u201cVamos a tener una participaci\u00f3n de aproximadamente 2,455 alumnos de 15 centros escolares, entre privados y p\u00fablicos, que van a presentar su m\u00e1ximo talento, creatividad; van a demostrar disciplina y todo el amor con el que se han preparado estos nueve meses\u201d, enfatiz\u00f3 la ministra de Educaci\u00f3n, Karla Trigueros. <\/p>\n\n\n\n<p>A\u00f1adi\u00f3 que, posteriormente al desfile estudiantil proseguir\u00e1 el del Cuerpo de Bomberos, la Polic\u00eda Nacional Civil y la Fuerza Armada.<\/p>\n\n\n\n<p><\/p>\n\n\n\n<p><\/p>\n\n\n\n<figure class=\"wp-block-image aligncenter size-large\"><img loading=\"lazy\" decoding=\"async\" width=\"1024\" height=\"614\" src=\"https:\/\/lagnoticias.com\/wp-content\/uploads\/2025\/09\/547195577_1144099821227610_6806736334182091224_n-1024x614.jpg\" alt=\"\" class=\"wp-image-4912\" srcset=\"https:\/\/lagnoticias.com\/wp-content\/uploads\/2025\/09\/547195577_1144099821227610_6806736334182091224_n-1024x614.jpg 1024w, https:\/\/lagnoticias.com\/wp-content\/uploads\/2025\/09\/547195577_1144099821227610_6806736334182091224_n-980x588.jpg 980w, https:\/\/lagnoticias.com\/wp-content\/uploads\/2025\/09\/547195577_1144099821227610_6806736334182091224_n-480x288.jpg 480w\" sizes=\"(min-width: 0px) and (max-width: 480px) 480px, (min-width: 481px) and (max-width: 980px) 980px, (min-width: 981px) 1024px, 100vw\" \/><\/figure>\n\n\n\n<p><\/p>\n\n\n\n<p><\/p>\n\n\n\n<p>El dispositivo contempla el despliegue de m\u00e1s de 100,000 personas de las instituciones que conforman el Sistema Nacional de Protecci\u00f3n Civil. Incluye cierres vehiculares y operativos para agilizar el tr\u00e1fico, atenci\u00f3n prehospitalaria, brigadas de respuesta r\u00e1pida, puestos de mando, zonas de hidrataci\u00f3n, entre otras acciones.<\/p>\n\n\n\n<p>El viceministro de Transporte, Nelson Reyes, explic\u00f3 que habr\u00e1 restricciones en otras arterias, adem\u00e1s de la alameda Roosevelt, entre estas el Paseo General Escal\u00f3n, desde las fuentes Beethoven, y la alameda Manuel Enrique Araujo, hasta el Parque Nacional de Pelotas Saturnino Bengoa, a partir de las cero horas del 15 de septiembre. Las v\u00edas \u201cse ir\u00e1n despejando a medida que las personas en el desfile vayan avanzando, se ir\u00e1 abriendo y restableciendo el flujo vehicular\u201d.<\/p>","protected":false},"excerpt":{"rendered":"<p>La conmemoraci\u00f3n de los 204 a\u00f1os de Independencia cobra un significado especial, al unir la memoria hist\u00f3rica con la realidad de un presente m\u00e1s seguro. Este lunes 15 de septiembre, las calles de San Salvador se llenar\u00e1n de color, m\u00fasica y orgullo patrio durante el Desfile de Independencia de El Salvador. El Comit\u00e9 C\u00edvico Nacional [&hellip;]<\/p>","protected":false},"author":2,"featured_media":4913,"comment_status":"open","ping_status":"open","sticky":false,"template":"","format":"standard","meta":{"_et_pb_use_builder":"off","_et_pb_old_content":"","_et_gb_content_width":"","footnotes":""},"categories":[679,244],"tags":[955,954,267,956],"class_list":["post-4911","post","type-post","status-publish","format-standard","has-post-thumbnail","hentry","category-destacados","category-nacionales","tag-15-de-septiembre","tag-desfile-de-independencia","tag-el-salvador","tag-independencia-de-el-salvador"],"yoast_head":"<!-- This site is optimized with the Yoast SEO plugin v27.4 - https:\/\/yoast.com\/product\/yoast-seo-wordpress\/ -->\n<title>Comit\u00e9 C\u00edvico informa que se desplegar\u00e1 a m\u00e1s de 100,000 personas para el desfile de Independencia de El Salvador - La G Noticias<\/title>\n<meta name=\"robots\" content=\"index, follow, max-snippet:-1, max-image-preview:large, max-video-preview:-1\" \/>\n<link rel=\"canonical\" href=\"https:\/\/lagnoticias.com\/en\/2025\/09\/11\/comite-civico-informa-que-se-desplegara-a-mas-de-100000-personas-para-el-desfile-de-independencia-de-el-salvador\/\" \/>\n<meta property=\"og:locale\" content=\"en_US\" \/>\n<meta property=\"og:type\" content=\"article\" \/>\n<meta property=\"og:title\" content=\"Comit\u00e9 C\u00edvico informa que se desplegar\u00e1 a m\u00e1s de 100,000 personas para el desfile de Independencia de El Salvador - La G Noticias\" \/>\n<meta property=\"og:description\" content=\"La conmemoraci\u00f3n de los 204 a\u00f1os de Independencia cobra un significado especial, al unir la memoria hist\u00f3rica con la realidad de un presente m\u00e1s seguro. Este lunes 15 de septiembre, las calles de San Salvador se llenar\u00e1n de color, m\u00fasica y orgullo patrio durante el Desfile de Independencia de El Salvador. El Comit\u00e9 C\u00edvico Nacional [&hellip;]\" \/>\n<meta property=\"og:url\" content=\"https:\/\/lagnoticias.com\/en\/2025\/09\/11\/comite-civico-informa-que-se-desplegara-a-mas-de-100000-personas-para-el-desfile-de-independencia-de-el-salvador\/\" \/>\n<meta property=\"og:site_name\" content=\"La G Noticias\" \/>\n<meta property=\"article:publisher\" content=\"https:\/\/www.facebook.com\/LaGNoticias\" \/>\n<meta property=\"article:published_time\" content=\"2025-09-11T16:50:39+00:00\" \/>\n<meta property=\"article:modified_time\" content=\"2025-09-12T17:53:28+00:00\" \/>\n<meta property=\"og:image\" content=\"https:\/\/lagnoticias.com\/wp-content\/uploads\/2025\/09\/545149648_1144080761229516_5671017282852961362_n.jpg\" \/>\n\t<meta property=\"og:image:width\" content=\"1280\" \/>\n\t<meta property=\"og:image:height\" content=\"603\" \/>\n\t<meta property=\"og:image:type\" content=\"image\/jpeg\" \/>\n<meta name=\"author\" content=\"Oscar\" \/>\n<meta name=\"twitter:card\" content=\"summary_large_image\" \/>\n<meta name=\"twitter:creator\" content=\"@lagnoticias\" \/>\n<meta name=\"twitter:site\" content=\"@lagnoticias\" \/>\n<meta name=\"twitter:label1\" content=\"Written by\" \/>\n\t<meta name=\"twitter:data1\" content=\"Oscar\" \/>\n\t<meta name=\"twitter:label2\" content=\"Est. reading time\" \/>\n\t<meta name=\"twitter:data2\" content=\"2 minutes\" \/>\n<script type=\"application\/ld+json\" class=\"yoast-schema-graph\">{\"@context\":\"https:\\\/\\\/schema.org\",\"@graph\":[{\"@type\":\"Article\",\"@id\":\"https:\\\/\\\/lagnoticias.com\\\/2025\\\/09\\\/11\\\/comite-civico-informa-que-se-desplegara-a-mas-de-100000-personas-para-el-desfile-de-independencia-de-el-salvador\\\/#article\",\"isPartOf\":{\"@id\":\"https:\\\/\\\/lagnoticias.com\\\/2025\\\/09\\\/11\\\/comite-civico-informa-que-se-desplegara-a-mas-de-100000-personas-para-el-desfile-de-independencia-de-el-salvador\\\/\"},\"author\":{\"name\":\"Oscar\",\"@id\":\"https:\\\/\\\/lagnoticias.com\\\/#\\\/schema\\\/person\\\/cb9bfe13f8de05d2c55270be25c6a550\"},\"headline\":\"Comit\u00e9 C\u00edvico informa que se desplegar\u00e1 a m\u00e1s de 100,000 personas para el desfile de Independencia de El Salvador\",\"datePublished\":\"2025-09-11T16:50:39+00:00\",\"dateModified\":\"2025-09-12T17:53:28+00:00\",\"mainEntityOfPage\":{\"@id\":\"https:\\\/\\\/lagnoticias.com\\\/2025\\\/09\\\/11\\\/comite-civico-informa-que-se-desplegara-a-mas-de-100000-personas-para-el-desfile-de-independencia-de-el-salvador\\\/\"},\"wordCount\":340,\"commentCount\":0,\"image\":{\"@id\":\"https:\\\/\\\/lagnoticias.com\\\/2025\\\/09\\\/11\\\/comite-civico-informa-que-se-desplegara-a-mas-de-100000-personas-para-el-desfile-de-independencia-de-el-salvador\\\/#primaryimage\"},\"thumbnailUrl\":\"https:\\\/\\\/lagnoticias.com\\\/wp-content\\\/uploads\\\/2025\\\/09\\\/545149648_1144080761229516_5671017282852961362_n.jpg\",\"keywords\":[\"15 DE SEPTIEMBRE\",\"DESFILE DE INDEPENDENCIA\",\"EL SALVADOR\",\"INDEPENDENCIA DE EL SALVADOR\"],\"articleSection\":[\"DESTACADOS\",\"NACIONALES\"],\"inLanguage\":\"en-US\",\"potentialAction\":[{\"@type\":\"CommentAction\",\"name\":\"Comment\",\"target\":[\"https:\\\/\\\/lagnoticias.com\\\/2025\\\/09\\\/11\\\/comite-civico-informa-que-se-desplegara-a-mas-de-100000-personas-para-el-desfile-de-independencia-de-el-salvador\\\/#respond\"]}]},{\"@type\":\"WebPage\",\"@id\":\"https:\\\/\\\/lagnoticias.com\\\/2025\\\/09\\\/11\\\/comite-civico-informa-que-se-desplegara-a-mas-de-100000-personas-para-el-desfile-de-independencia-de-el-salvador\\\/\",\"url\":\"https:\\\/\\\/lagnoticias.com\\\/2025\\\/09\\\/11\\\/comite-civico-informa-que-se-desplegara-a-mas-de-100000-personas-para-el-desfile-de-independencia-de-el-salvador\\\/\",\"name\":\"Comit\u00e9 C\u00edvico informa que se desplegar\u00e1 a m\u00e1s de 100,000 personas para el desfile de Independencia de El Salvador - La G Noticias\",\"isPartOf\":{\"@id\":\"https:\\\/\\\/lagnoticias.com\\\/#website\"},\"primaryImageOfPage\":{\"@id\":\"https:\\\/\\\/lagnoticias.com\\\/2025\\\/09\\\/11\\\/comite-civico-informa-que-se-desplegara-a-mas-de-100000-personas-para-el-desfile-de-independencia-de-el-salvador\\\/#primaryimage\"},\"image\":{\"@id\":\"https:\\\/\\\/lagnoticias.com\\\/2025\\\/09\\\/11\\\/comite-civico-informa-que-se-desplegara-a-mas-de-100000-personas-para-el-desfile-de-independencia-de-el-salvador\\\/#primaryimage\"},\"thumbnailUrl\":\"https:\\\/\\\/lagnoticias.com\\\/wp-content\\\/uploads\\\/2025\\\/09\\\/545149648_1144080761229516_5671017282852961362_n.jpg\",\"datePublished\":\"2025-09-11T16:50:39+00:00\",\"dateModified\":\"2025-09-12T17:53:28+00:00\",\"author\":{\"@id\":\"https:\\\/\\\/lagnoticias.com\\\/#\\\/schema\\\/person\\\/cb9bfe13f8de05d2c55270be25c6a550\"},\"breadcrumb\":{\"@id\":\"https:\\\/\\\/lagnoticias.com\\\/2025\\\/09\\\/11\\\/comite-civico-informa-que-se-desplegara-a-mas-de-100000-personas-para-el-desfile-de-independencia-de-el-salvador\\\/#breadcrumb\"},\"inLanguage\":\"en-US\",\"potentialAction\":[{\"@type\":\"ReadAction\",\"target\":[\"https:\\\/\\\/lagnoticias.com\\\/2025\\\/09\\\/11\\\/comite-civico-informa-que-se-desplegara-a-mas-de-100000-personas-para-el-desfile-de-independencia-de-el-salvador\\\/\"]}]},{\"@type\":\"ImageObject\",\"inLanguage\":\"en-US\",\"@id\":\"https:\\\/\\\/lagnoticias.com\\\/2025\\\/09\\\/11\\\/comite-civico-informa-que-se-desplegara-a-mas-de-100000-personas-para-el-desfile-de-independencia-de-el-salvador\\\/#primaryimage\",\"url\":\"https:\\\/\\\/lagnoticias.com\\\/wp-content\\\/uploads\\\/2025\\\/09\\\/545149648_1144080761229516_5671017282852961362_n.jpg\",\"contentUrl\":\"https:\\\/\\\/lagnoticias.com\\\/wp-content\\\/uploads\\\/2025\\\/09\\\/545149648_1144080761229516_5671017282852961362_n.jpg\",\"width\":1280,\"height\":603},{\"@type\":\"BreadcrumbList\",\"@id\":\"https:\\\/\\\/lagnoticias.com\\\/2025\\\/09\\\/11\\\/comite-civico-informa-que-se-desplegara-a-mas-de-100000-personas-para-el-desfile-de-independencia-de-el-salvador\\\/#breadcrumb\",\"itemListElement\":[{\"@type\":\"ListItem\",\"position\":1,\"name\":\"Portada\",\"item\":\"https:\\\/\\\/lagnoticias.com\\\/\"},{\"@type\":\"ListItem\",\"position\":2,\"name\":\"Comit\u00e9 C\u00edvico informa que se desplegar\u00e1 a m\u00e1s de 100,000 personas para el desfile de Independencia de El Salvador\"}]},{\"@type\":\"WebSite\",\"@id\":\"https:\\\/\\\/lagnoticias.com\\\/#website\",\"url\":\"https:\\\/\\\/lagnoticias.com\\\/\",\"name\":\"La G Noticias\",\"description\":\"Noticias Positivas\",\"potentialAction\":[{\"@type\":\"SearchAction\",\"target\":{\"@type\":\"EntryPoint\",\"urlTemplate\":\"https:\\\/\\\/lagnoticias.com\\\/?s={search_term_string}\"},\"query-input\":{\"@type\":\"PropertyValueSpecification\",\"valueRequired\":true,\"valueName\":\"search_term_string\"}}],\"inLanguage\":\"en-US\"},{\"@type\":\"Person\",\"@id\":\"https:\\\/\\\/lagnoticias.com\\\/#\\\/schema\\\/person\\\/cb9bfe13f8de05d2c55270be25c6a550\",\"name\":\"Oscar\",\"image\":{\"@type\":\"ImageObject\",\"inLanguage\":\"en-US\",\"@id\":\"https:\\\/\\\/secure.gravatar.com\\\/avatar\\\/45c195718f652dc7ffdd591dc1f2678956ab7fdadcd359a635edc61304a8c757?s=96&d=mm&r=g\",\"url\":\"https:\\\/\\\/secure.gravatar.com\\\/avatar\\\/45c195718f652dc7ffdd591dc1f2678956ab7fdadcd359a635edc61304a8c757?s=96&d=mm&r=g\",\"contentUrl\":\"https:\\\/\\\/secure.gravatar.com\\\/avatar\\\/45c195718f652dc7ffdd591dc1f2678956ab7fdadcd359a635edc61304a8c757?s=96&d=mm&r=g\",\"caption\":\"Oscar\"},\"url\":\"https:\\\/\\\/lagnoticias.com\\\/en\\\/author\\\/oscar\\\/\"}]}<\/script>\n<!-- \/ Yoast SEO plugin. -->","yoast_head_json":{"title":"Comit\u00e9 C\u00edvico informa que se desplegar\u00e1 a m\u00e1s de 100,000 personas para el desfile de Independencia de El Salvador - La G Noticias","robots":{"index":"index","follow":"follow","max-snippet":"max-snippet:-1","max-image-preview":"max-image-preview:large","max-video-preview":"max-video-preview:-1"},"canonical":"https:\/\/lagnoticias.com\/en\/2025\/09\/11\/comite-civico-informa-que-se-desplegara-a-mas-de-100000-personas-para-el-desfile-de-independencia-de-el-salvador\/","og_locale":"en_US","og_type":"article","og_title":"Comit\u00e9 C\u00edvico informa que se desplegar\u00e1 a m\u00e1s de 100,000 personas para el desfile de Independencia de El Salvador - La G Noticias","og_description":"La conmemoraci\u00f3n de los 204 a\u00f1os de Independencia cobra un significado especial, al unir la memoria hist\u00f3rica con la realidad de un presente m\u00e1s seguro. Este lunes 15 de septiembre, las calles de San Salvador se llenar\u00e1n de color, m\u00fasica y orgullo patrio durante el Desfile de Independencia de El Salvador. El Comit\u00e9 C\u00edvico Nacional [&hellip;]","og_url":"https:\/\/lagnoticias.com\/en\/2025\/09\/11\/comite-civico-informa-que-se-desplegara-a-mas-de-100000-personas-para-el-desfile-de-independencia-de-el-salvador\/","og_site_name":"La G Noticias","article_publisher":"https:\/\/www.facebook.com\/LaGNoticias","article_published_time":"2025-09-11T16:50:39+00:00","article_modified_time":"2025-09-12T17:53:28+00:00","og_image":[{"width":1280,"height":603,"url":"https:\/\/lagnoticias.com\/wp-content\/uploads\/2025\/09\/545149648_1144080761229516_5671017282852961362_n.jpg","type":"image\/jpeg"}],"author":"Oscar","twitter_card":"summary_large_image","twitter_creator":"@lagnoticias","twitter_site":"@lagnoticias","twitter_misc":{"Written by":"Oscar","Est. reading time":"2 minutes"},"schema":{"@context":"https:\/\/schema.org","@graph":[{"@type":"Article","@id":"https:\/\/lagnoticias.com\/2025\/09\/11\/comite-civico-informa-que-se-desplegara-a-mas-de-100000-personas-para-el-desfile-de-independencia-de-el-salvador\/#article","isPartOf":{"@id":"https:\/\/lagnoticias.com\/2025\/09\/11\/comite-civico-informa-que-se-desplegara-a-mas-de-100000-personas-para-el-desfile-de-independencia-de-el-salvador\/"},"author":{"name":"Oscar","@id":"https:\/\/lagnoticias.com\/#\/schema\/person\/cb9bfe13f8de05d2c55270be25c6a550"},"headline":"Comit\u00e9 C\u00edvico informa que se desplegar\u00e1 a m\u00e1s de 100,000 personas para el desfile de Independencia de El Salvador","datePublished":"2025-09-11T16:50:39+00:00","dateModified":"2025-09-12T17:53:28+00:00","mainEntityOfPage":{"@id":"https:\/\/lagnoticias.com\/2025\/09\/11\/comite-civico-informa-que-se-desplegara-a-mas-de-100000-personas-para-el-desfile-de-independencia-de-el-salvador\/"},"wordCount":340,"commentCount":0,"image":{"@id":"https:\/\/lagnoticias.com\/2025\/09\/11\/comite-civico-informa-que-se-desplegara-a-mas-de-100000-personas-para-el-desfile-de-independencia-de-el-salvador\/#primaryimage"},"thumbnailUrl":"https:\/\/lagnoticias.com\/wp-content\/uploads\/2025\/09\/545149648_1144080761229516_5671017282852961362_n.jpg","keywords":["15 DE SEPTIEMBRE","DESFILE DE INDEPENDENCIA","EL SALVADOR","INDEPENDENCIA DE EL SALVADOR"],"articleSection":["DESTACADOS","NACIONALES"],"inLanguage":"en-US","potentialAction":[{"@type":"CommentAction","name":"Comment","target":["https:\/\/lagnoticias.com\/2025\/09\/11\/comite-civico-informa-que-se-desplegara-a-mas-de-100000-personas-para-el-desfile-de-independencia-de-el-salvador\/#respond"]}]},{"@type":"WebPage","@id":"https:\/\/lagnoticias.com\/2025\/09\/11\/comite-civico-informa-que-se-desplegara-a-mas-de-100000-personas-para-el-desfile-de-independencia-de-el-salvador\/","url":"https:\/\/lagnoticias.com\/2025\/09\/11\/comite-civico-informa-que-se-desplegara-a-mas-de-100000-personas-para-el-desfile-de-independencia-de-el-salvador\/","name":"Comit\u00e9 C\u00edvico informa que se desplegar\u00e1 a m\u00e1s de 100,000 personas para el desfile de Independencia de El Salvador - La G Noticias","isPartOf":{"@id":"https:\/\/lagnoticias.com\/#website"},"primaryImageOfPage":{"@id":"https:\/\/lagnoticias.com\/2025\/09\/11\/comite-civico-informa-que-se-desplegara-a-mas-de-100000-personas-para-el-desfile-de-independencia-de-el-salvador\/#primaryimage"},"image":{"@id":"https:\/\/lagnoticias.com\/2025\/09\/11\/comite-civico-informa-que-se-desplegara-a-mas-de-100000-personas-para-el-desfile-de-independencia-de-el-salvador\/#primaryimage"},"thumbnailUrl":"https:\/\/lagnoticias.com\/wp-content\/uploads\/2025\/09\/545149648_1144080761229516_5671017282852961362_n.jpg","datePublished":"2025-09-11T16:50:39+00:00","dateModified":"2025-09-12T17:53:28+00:00","author":{"@id":"https:\/\/lagnoticias.com\/#\/schema\/person\/cb9bfe13f8de05d2c55270be25c6a550"},"breadcrumb":{"@id":"https:\/\/lagnoticias.com\/2025\/09\/11\/comite-civico-informa-que-se-desplegara-a-mas-de-100000-personas-para-el-desfile-de-independencia-de-el-salvador\/#breadcrumb"},"inLanguage":"en-US","potentialAction":[{"@type":"ReadAction","target":["https:\/\/lagnoticias.com\/2025\/09\/11\/comite-civico-informa-que-se-desplegara-a-mas-de-100000-personas-para-el-desfile-de-independencia-de-el-salvador\/"]}]},{"@type":"ImageObject","inLanguage":"en-US","@id":"https:\/\/lagnoticias.com\/2025\/09\/11\/comite-civico-informa-que-se-desplegara-a-mas-de-100000-personas-para-el-desfile-de-independencia-de-el-salvador\/#primaryimage","url":"https:\/\/lagnoticias.com\/wp-content\/uploads\/2025\/09\/545149648_1144080761229516_5671017282852961362_n.jpg","contentUrl":"https:\/\/lagnoticias.com\/wp-content\/uploads\/2025\/09\/545149648_1144080761229516_5671017282852961362_n.jpg","width":1280,"height":603},{"@type":"BreadcrumbList","@id":"https:\/\/lagnoticias.com\/2025\/09\/11\/comite-civico-informa-que-se-desplegara-a-mas-de-100000-personas-para-el-desfile-de-independencia-de-el-salvador\/#breadcrumb","itemListElement":[{"@type":"ListItem","position":1,"name":"Portada","item":"https:\/\/lagnoticias.com\/"},{"@type":"ListItem","position":2,"name":"Comit\u00e9 C\u00edvico informa que se desplegar\u00e1 a m\u00e1s de 100,000 personas para el desfile de Independencia de El Salvador"}]},{"@type":"WebSite","@id":"https:\/\/lagnoticias.com\/#website","url":"https:\/\/lagnoticias.com\/","name":"La G Noticias","description":"Noticias Positivas","potentialAction":[{"@type":"SearchAction","target":{"@type":"EntryPoint","urlTemplate":"https:\/\/lagnoticias.com\/?s={search_term_string}"},"query-input":{"@type":"PropertyValueSpecification","valueRequired":true,"valueName":"search_term_string"}}],"inLanguage":"en-US"},{"@type":"Person","@id":"https:\/\/lagnoticias.com\/#\/schema\/person\/cb9bfe13f8de05d2c55270be25c6a550","name":"Oscar","image":{"@type":"ImageObject","inLanguage":"en-US","@id":"https:\/\/secure.gravatar.com\/avatar\/45c195718f652dc7ffdd591dc1f2678956ab7fdadcd359a635edc61304a8c757?s=96&d=mm&r=g","url":"https:\/\/secure.gravatar.com\/avatar\/45c195718f652dc7ffdd591dc1f2678956ab7fdadcd359a635edc61304a8c757?s=96&d=mm&r=g","contentUrl":"https:\/\/secure.gravatar.com\/avatar\/45c195718f652dc7ffdd591dc1f2678956ab7fdadcd359a635edc61304a8c757?s=96&d=mm&r=g","caption":"Oscar"},"url":"https:\/\/lagnoticias.com\/en\/author\/oscar\/"}]}},"_links":{"self":[{"href":"https:\/\/lagnoticias.com\/en\/wp-json\/wp\/v2\/posts\/4911","targetHints":{"allow":["GET"]}}],"collection":[{"href":"https:\/\/lagnoticias.com\/en\/wp-json\/wp\/v2\/posts"}],"about":[{"href":"https:\/\/lagnoticias.com\/en\/wp-json\/wp\/v2\/types\/post"}],"author":[{"embeddable":true,"href":"https:\/\/lagnoticias.com\/en\/wp-json\/wp\/v2\/users\/2"}],"replies":[{"embeddable":true,"href":"https:\/\/lagnoticias.com\/en\/wp-json\/wp\/v2\/comments?post=4911"}],"version-history":[{"count":1,"href":"https:\/\/lagnoticias.com\/en\/wp-json\/wp\/v2\/posts\/4911\/revisions"}],"predecessor-version":[{"id":4914,"href":"https:\/\/lagnoticias.com\/en\/wp-json\/wp\/v2\/posts\/4911\/revisions\/4914"}],"wp:featuredmedia":[{"embeddable":true,"href":"https:\/\/lagnoticias.com\/en\/wp-json\/wp\/v2\/media\/4913"}],"wp:attachment":[{"href":"https:\/\/lagnoticias.com\/en\/wp-json\/wp\/v2\/media?parent=4911"}],"wp:term":[{"taxonomy":"category","embeddable":true,"href":"https:\/\/lagnoticias.com\/en\/wp-json\/wp\/v2\/categories?post=4911"},{"taxonomy":"post_tag","embeddable":true,"href":"https:\/\/lagnoticias.com\/en\/wp-json\/wp\/v2\/tags?post=4911"}],"curies":[{"name":"wp","href":"https:\/\/api.w.org\/{rel}","templated":true}]}}