{"id":4908,"date":"2025-09-11T09:07:21","date_gmt":"2025-09-11T15:07:21","guid":{"rendered":"https:\/\/lagnoticias.com\/?p=4908"},"modified":"2025-09-11T09:07:22","modified_gmt":"2025-09-11T15:07:22","slug":"selena-gomez-revela-el-nuevo-diagnostico-que-enfrenta-como-consecuencia-del-lupus","status":"publish","type":"post","link":"https:\/\/lagnoticias.com\/en\/2025\/09\/11\/selena-gomez-revela-el-nuevo-diagnostico-que-enfrenta-como-consecuencia-del-lupus\/","title":{"rendered":"Selena Gomez revela el nuevo diagn\u00f3stico que enfrenta como consecuencia del lupus"},"content":{"rendered":"<p>Selena Gomez, la cantante y actriz de 33 a\u00f1os,&nbsp;revel\u00f3 que ahora enfrenta artritis&nbsp;como&nbsp;consecuencia del lupus&nbsp;que padece desde 2013. La estrella comparti\u00f3 que este nuevo diagn\u00f3stico&nbsp;influy\u00f3 directamente en el dise\u00f1o de los empaques&nbsp;de su marca de belleza,&nbsp;Rare Beauty.<\/p>\n\n\n\n<h2 class=\"wp-block-heading\">Selena Gomez enfrenta nuevos retos de salud<\/h2>\n\n\n\n<p>Durante el podcast&nbsp;Good Hang with Amy Poehler, Gomez explic\u00f3 c\u00f3mo&nbsp;la artritis afecta su vida cotidiana&nbsp;y su trabajo como empresaria. \u201cTengo artritis en los dedos debido al lupus\u201d, confes\u00f3.<\/p>\n\n\n\n<p>\u201cRecuerdo que antes intentaba abrir una botella de agua y me dol\u00eda much\u00edsimo antes de tomar el medicamento adecuado\u201d.<\/p>\n\n\n\n<p>La cantante relat\u00f3 que&nbsp;la experiencia personal la llev\u00f3 a crear productos m\u00e1s accesibles: \u201cY, de alguna manera, hicimos que los productos fueran f\u00e1ciles de abrir, y luego nos dimos cuenta de que, en cierto modo, tienen que ser as\u00ed. Y entonces empezamos a crear cada producto con la intenci\u00f3n de que fuera \u00fatil para cualquier persona con problemas de destreza\u201d.<\/p>\n\n\n\n<h2 class=\"wp-block-heading\">Rare Beauty: un enfoque en la accesibilidad<\/h2>\n\n\n\n<p>Rare Beauty fue lanzada en septiembre de 2020 y, para 2024, su valoraci\u00f3n alcanz\u00f3 los 2 mil millones de d\u00f3lares. La cantante ha explicado que&nbsp;su objetivo siempre ha sido que los productos puedan ser usados por cualquier persona, sin importar la edad o la condici\u00f3n f\u00edsica.<\/p>\n\n\n\n<p>Entre los cambios recientes se incluye un&nbsp;nuevo perfume&nbsp;que&nbsp;dispensa el aroma&nbsp;presionando la parte superior del envase,&nbsp;sin necesidad de quitar el tap\u00f3n.<\/p>\n\n\n\n<p>\u201cS\u00e9 que puede parecer poca cosa, pero en realidad no lo es, porque usar los productos es realmente muy \u00fatil para cualquier persona, a cualquier edad\u201d\u2014 destac\u00f3 Gomez.<\/p>\n\n\n\n<p>\u201cY por eso queremos que sean f\u00e1ciles y accesibles, porque es importante para m\u00ed y siempre lo ha sido\u201d.<\/p>\n\n\n\n<h2 class=\"wp-block-heading\">Lupus: un diagn\u00f3stico que cambi\u00f3 su vida<\/h2>\n\n\n\n<p>Selena Gomez fue&nbsp;diagnosticada con lupus en 2013, pero no lo hizo p\u00fablico hasta 2015, cuando explic\u00f3 que&nbsp;su retiro temporal de la vida p\u00fablica se debi\u00f3 al tratamiento&nbsp;que recibi\u00f3.<\/p>\n\n\n\n<p>\u201cMe diagnosticaron lupus y he estado en quimioterapia. De eso se trat\u00f3 realmente mi descanso. \u201cPodr\u00eda haber sufrido un derrame cerebral\u201d\u2014 declar\u00f3 a la revista Billboard.<\/p>\n\n\n\n<p>\u201cTen\u00eda muchas ganas de decir: \u2018No tienen ni idea. Estoy en quimioterapia&#8230; Me encerr\u00e9 hasta que recuper\u00e9 la confianza y la tranquilidad\u201d.<\/p>\n\n\n\n<p>La actriz&nbsp;ha hablado abiertamente sobre los retos diarios&nbsp;de vivir con esta enfermedad. En su documental&nbsp;My Mind &amp; Me, relat\u00f3 c\u00f3mo los dolores se presentan&nbsp;especialmente al despertar:<\/p>\n\n\n\n<p>\u201cAhora solo me duele por la ma\u00f1ana. Cuando me despierto, inmediatamente me pongo a llorar porque me duele\u201d\u2014 comparti\u00f3.<\/p>\n\n\n\n<h2 class=\"wp-block-heading\">La relaci\u00f3n entre su salud y su imagen p\u00fablica<\/h2>\n\n\n\n<p>En 2023,&nbsp;Selena enfrent\u00f3 cr\u00edticas por su cambio f\u00edsico&nbsp;y aprovech\u00f3 sus redes sociales para explicar que&nbsp;el medicamento que toma puede causar aumento de peso.<\/p>\n\n\n\n<p>\u201cSolo quiero que la gente sepa que eres hermosa y maravillosa\u201d,&nbsp;escribi\u00f3 a sus seguidores de TikTok.<\/p>\n\n\n\n<p>\u201cY s\u00ed, tenemos d\u00edas en los que nos sentimos fatal, pero prefiero estar sana y cuidarme, y mis medicamentos son importantes y creo que me ayudan. As\u00ed que, s\u00ed, no soy modelo, nunca lo ser\u00e9\u201d.<\/p>\n\n\n\n<h2 class=\"wp-block-heading\">Una perspectiva positiva y motivadora<\/h2>\n\n\n\n<p>A trav\u00e9s de su sinceridad,&nbsp;Selena Gomez busca inspirar a otros&nbsp;a cuidar su salud y a ser conscientes de los&nbsp;retos que enfrentan quienes padecen lupus y artritis.<\/p>\n\n\n\n<p>Su historia refleja c\u00f3mo&nbsp;experiencias personales&nbsp;pueden transformar un negocio, haci\u00e9ndolo m\u00e1s&nbsp;inclusivo&nbsp;y&nbsp;accesible, y c\u00f3mo la&nbsp;resiliencia&nbsp;puede convertirse en un motor de&nbsp;creatividad&nbsp;y&nbsp;empat\u00eda.<\/p>","protected":false},"excerpt":{"rendered":"<p>Selena Gomez, la cantante y actriz de 33 a\u00f1os,&nbsp;revel\u00f3 que ahora enfrenta artritis&nbsp;como&nbsp;consecuencia del lupus&nbsp;que padece desde 2013. La estrella comparti\u00f3 que este nuevo diagn\u00f3stico&nbsp;influy\u00f3 directamente en el dise\u00f1o de los empaques&nbsp;de su marca de belleza,&nbsp;Rare Beauty. Selena Gomez enfrenta nuevos retos de salud Durante el podcast&nbsp;Good Hang with Amy Poehler, Gomez explic\u00f3 c\u00f3mo&nbsp;la artritis [&hellip;]<\/p>","protected":false},"author":2,"featured_media":4909,"comment_status":"open","ping_status":"open","sticky":false,"template":"","format":"standard","meta":{"_et_pb_use_builder":"off","_et_pb_old_content":"","_et_gb_content_width":"","footnotes":""},"categories":[249],"tags":[342,343,953,294,952],"class_list":["post-4908","post","type-post","status-publish","format-standard","has-post-thumbnail","hentry","category-entretenimiento","tag-actriz","tag-cantante","tag-lupus","tag-salud","tag-selena-gomez"],"yoast_head":"<!-- This site is optimized with the Yoast SEO plugin v27.4 - https:\/\/yoast.com\/product\/yoast-seo-wordpress\/ -->\n<title>Selena Gomez revela el nuevo diagn\u00f3stico que enfrenta como consecuencia del lupus - La G Noticias<\/title>\n<meta name=\"robots\" content=\"index, follow, max-snippet:-1, max-image-preview:large, max-video-preview:-1\" \/>\n<link rel=\"canonical\" href=\"https:\/\/lagnoticias.com\/en\/2025\/09\/11\/selena-gomez-revela-el-nuevo-diagnostico-que-enfrenta-como-consecuencia-del-lupus\/\" \/>\n<meta property=\"og:locale\" content=\"en_US\" \/>\n<meta property=\"og:type\" content=\"article\" \/>\n<meta property=\"og:title\" content=\"Selena Gomez revela el nuevo diagn\u00f3stico que enfrenta como consecuencia del lupus - La G Noticias\" \/>\n<meta property=\"og:description\" content=\"Selena Gomez, la cantante y actriz de 33 a\u00f1os,&nbsp;revel\u00f3 que ahora enfrenta artritis&nbsp;como&nbsp;consecuencia del lupus&nbsp;que padece desde 2013. La estrella comparti\u00f3 que este nuevo diagn\u00f3stico&nbsp;influy\u00f3 directamente en el dise\u00f1o de los empaques&nbsp;de su marca de belleza,&nbsp;Rare Beauty. Selena Gomez enfrenta nuevos retos de salud Durante el podcast&nbsp;Good Hang with Amy Poehler, Gomez explic\u00f3 c\u00f3mo&nbsp;la artritis [&hellip;]\" \/>\n<meta property=\"og:url\" content=\"https:\/\/lagnoticias.com\/en\/2025\/09\/11\/selena-gomez-revela-el-nuevo-diagnostico-que-enfrenta-como-consecuencia-del-lupus\/\" \/>\n<meta property=\"og:site_name\" content=\"La G Noticias\" \/>\n<meta property=\"article:publisher\" content=\"https:\/\/www.facebook.com\/LaGNoticias\" \/>\n<meta property=\"article:published_time\" content=\"2025-09-11T15:07:21+00:00\" \/>\n<meta property=\"article:modified_time\" content=\"2025-09-11T15:07:22+00:00\" \/>\n<meta property=\"og:image\" content=\"https:\/\/lagnoticias.com\/wp-content\/uploads\/2025\/09\/78-2.jpg\" \/>\n\t<meta property=\"og:image:width\" content=\"1200\" \/>\n\t<meta property=\"og:image:height\" content=\"720\" \/>\n\t<meta property=\"og:image:type\" content=\"image\/jpeg\" \/>\n<meta name=\"author\" content=\"Oscar\" \/>\n<meta name=\"twitter:card\" content=\"summary_large_image\" \/>\n<meta name=\"twitter:creator\" content=\"@lagnoticias\" \/>\n<meta name=\"twitter:site\" content=\"@lagnoticias\" \/>\n<meta name=\"twitter:label1\" content=\"Written by\" \/>\n\t<meta name=\"twitter:data1\" content=\"Oscar\" \/>\n\t<meta name=\"twitter:label2\" content=\"Est. reading time\" \/>\n\t<meta name=\"twitter:data2\" content=\"3 minutes\" \/>\n<script type=\"application\/ld+json\" class=\"yoast-schema-graph\">{\"@context\":\"https:\\\/\\\/schema.org\",\"@graph\":[{\"@type\":\"Article\",\"@id\":\"https:\\\/\\\/lagnoticias.com\\\/2025\\\/09\\\/11\\\/selena-gomez-revela-el-nuevo-diagnostico-que-enfrenta-como-consecuencia-del-lupus\\\/#article\",\"isPartOf\":{\"@id\":\"https:\\\/\\\/lagnoticias.com\\\/2025\\\/09\\\/11\\\/selena-gomez-revela-el-nuevo-diagnostico-que-enfrenta-como-consecuencia-del-lupus\\\/\"},\"author\":{\"name\":\"Oscar\",\"@id\":\"https:\\\/\\\/lagnoticias.com\\\/#\\\/schema\\\/person\\\/cb9bfe13f8de05d2c55270be25c6a550\"},\"headline\":\"Selena Gomez revela el nuevo diagn\u00f3stico que enfrenta como consecuencia del lupus\",\"datePublished\":\"2025-09-11T15:07:21+00:00\",\"dateModified\":\"2025-09-11T15:07:22+00:00\",\"mainEntityOfPage\":{\"@id\":\"https:\\\/\\\/lagnoticias.com\\\/2025\\\/09\\\/11\\\/selena-gomez-revela-el-nuevo-diagnostico-que-enfrenta-como-consecuencia-del-lupus\\\/\"},\"wordCount\":651,\"commentCount\":0,\"image\":{\"@id\":\"https:\\\/\\\/lagnoticias.com\\\/2025\\\/09\\\/11\\\/selena-gomez-revela-el-nuevo-diagnostico-que-enfrenta-como-consecuencia-del-lupus\\\/#primaryimage\"},\"thumbnailUrl\":\"https:\\\/\\\/lagnoticias.com\\\/wp-content\\\/uploads\\\/2025\\\/09\\\/78-2.jpg\",\"keywords\":[\"ACTRIZ\",\"CANTANTE\",\"LUPUS\",\"SALUD\",\"SELENA GOMEZ\"],\"articleSection\":[\"ENTRETENIMIENTO\"],\"inLanguage\":\"en-US\",\"potentialAction\":[{\"@type\":\"CommentAction\",\"name\":\"Comment\",\"target\":[\"https:\\\/\\\/lagnoticias.com\\\/2025\\\/09\\\/11\\\/selena-gomez-revela-el-nuevo-diagnostico-que-enfrenta-como-consecuencia-del-lupus\\\/#respond\"]}]},{\"@type\":\"WebPage\",\"@id\":\"https:\\\/\\\/lagnoticias.com\\\/2025\\\/09\\\/11\\\/selena-gomez-revela-el-nuevo-diagnostico-que-enfrenta-como-consecuencia-del-lupus\\\/\",\"url\":\"https:\\\/\\\/lagnoticias.com\\\/2025\\\/09\\\/11\\\/selena-gomez-revela-el-nuevo-diagnostico-que-enfrenta-como-consecuencia-del-lupus\\\/\",\"name\":\"Selena Gomez revela el nuevo diagn\u00f3stico que enfrenta como consecuencia del lupus - La G Noticias\",\"isPartOf\":{\"@id\":\"https:\\\/\\\/lagnoticias.com\\\/#website\"},\"primaryImageOfPage\":{\"@id\":\"https:\\\/\\\/lagnoticias.com\\\/2025\\\/09\\\/11\\\/selena-gomez-revela-el-nuevo-diagnostico-que-enfrenta-como-consecuencia-del-lupus\\\/#primaryimage\"},\"image\":{\"@id\":\"https:\\\/\\\/lagnoticias.com\\\/2025\\\/09\\\/11\\\/selena-gomez-revela-el-nuevo-diagnostico-que-enfrenta-como-consecuencia-del-lupus\\\/#primaryimage\"},\"thumbnailUrl\":\"https:\\\/\\\/lagnoticias.com\\\/wp-content\\\/uploads\\\/2025\\\/09\\\/78-2.jpg\",\"datePublished\":\"2025-09-11T15:07:21+00:00\",\"dateModified\":\"2025-09-11T15:07:22+00:00\",\"author\":{\"@id\":\"https:\\\/\\\/lagnoticias.com\\\/#\\\/schema\\\/person\\\/cb9bfe13f8de05d2c55270be25c6a550\"},\"breadcrumb\":{\"@id\":\"https:\\\/\\\/lagnoticias.com\\\/2025\\\/09\\\/11\\\/selena-gomez-revela-el-nuevo-diagnostico-que-enfrenta-como-consecuencia-del-lupus\\\/#breadcrumb\"},\"inLanguage\":\"en-US\",\"potentialAction\":[{\"@type\":\"ReadAction\",\"target\":[\"https:\\\/\\\/lagnoticias.com\\\/2025\\\/09\\\/11\\\/selena-gomez-revela-el-nuevo-diagnostico-que-enfrenta-como-consecuencia-del-lupus\\\/\"]}]},{\"@type\":\"ImageObject\",\"inLanguage\":\"en-US\",\"@id\":\"https:\\\/\\\/lagnoticias.com\\\/2025\\\/09\\\/11\\\/selena-gomez-revela-el-nuevo-diagnostico-que-enfrenta-como-consecuencia-del-lupus\\\/#primaryimage\",\"url\":\"https:\\\/\\\/lagnoticias.com\\\/wp-content\\\/uploads\\\/2025\\\/09\\\/78-2.jpg\",\"contentUrl\":\"https:\\\/\\\/lagnoticias.com\\\/wp-content\\\/uploads\\\/2025\\\/09\\\/78-2.jpg\",\"width\":1200,\"height\":720},{\"@type\":\"BreadcrumbList\",\"@id\":\"https:\\\/\\\/lagnoticias.com\\\/2025\\\/09\\\/11\\\/selena-gomez-revela-el-nuevo-diagnostico-que-enfrenta-como-consecuencia-del-lupus\\\/#breadcrumb\",\"itemListElement\":[{\"@type\":\"ListItem\",\"position\":1,\"name\":\"Portada\",\"item\":\"https:\\\/\\\/lagnoticias.com\\\/\"},{\"@type\":\"ListItem\",\"position\":2,\"name\":\"Selena Gomez revela el nuevo diagn\u00f3stico que enfrenta como consecuencia del lupus\"}]},{\"@type\":\"WebSite\",\"@id\":\"https:\\\/\\\/lagnoticias.com\\\/#website\",\"url\":\"https:\\\/\\\/lagnoticias.com\\\/\",\"name\":\"La G Noticias\",\"description\":\"Noticias Positivas\",\"potentialAction\":[{\"@type\":\"SearchAction\",\"target\":{\"@type\":\"EntryPoint\",\"urlTemplate\":\"https:\\\/\\\/lagnoticias.com\\\/?s={search_term_string}\"},\"query-input\":{\"@type\":\"PropertyValueSpecification\",\"valueRequired\":true,\"valueName\":\"search_term_string\"}}],\"inLanguage\":\"en-US\"},{\"@type\":\"Person\",\"@id\":\"https:\\\/\\\/lagnoticias.com\\\/#\\\/schema\\\/person\\\/cb9bfe13f8de05d2c55270be25c6a550\",\"name\":\"Oscar\",\"image\":{\"@type\":\"ImageObject\",\"inLanguage\":\"en-US\",\"@id\":\"https:\\\/\\\/secure.gravatar.com\\\/avatar\\\/45c195718f652dc7ffdd591dc1f2678956ab7fdadcd359a635edc61304a8c757?s=96&d=mm&r=g\",\"url\":\"https:\\\/\\\/secure.gravatar.com\\\/avatar\\\/45c195718f652dc7ffdd591dc1f2678956ab7fdadcd359a635edc61304a8c757?s=96&d=mm&r=g\",\"contentUrl\":\"https:\\\/\\\/secure.gravatar.com\\\/avatar\\\/45c195718f652dc7ffdd591dc1f2678956ab7fdadcd359a635edc61304a8c757?s=96&d=mm&r=g\",\"caption\":\"Oscar\"},\"url\":\"https:\\\/\\\/lagnoticias.com\\\/en\\\/author\\\/oscar\\\/\"}]}<\/script>\n<!-- \/ Yoast SEO plugin. -->","yoast_head_json":{"title":"Selena Gomez revela el nuevo diagn\u00f3stico que enfrenta como consecuencia del lupus - La G Noticias","robots":{"index":"index","follow":"follow","max-snippet":"max-snippet:-1","max-image-preview":"max-image-preview:large","max-video-preview":"max-video-preview:-1"},"canonical":"https:\/\/lagnoticias.com\/en\/2025\/09\/11\/selena-gomez-revela-el-nuevo-diagnostico-que-enfrenta-como-consecuencia-del-lupus\/","og_locale":"en_US","og_type":"article","og_title":"Selena Gomez revela el nuevo diagn\u00f3stico que enfrenta como consecuencia del lupus - La G Noticias","og_description":"Selena Gomez, la cantante y actriz de 33 a\u00f1os,&nbsp;revel\u00f3 que ahora enfrenta artritis&nbsp;como&nbsp;consecuencia del lupus&nbsp;que padece desde 2013. La estrella comparti\u00f3 que este nuevo diagn\u00f3stico&nbsp;influy\u00f3 directamente en el dise\u00f1o de los empaques&nbsp;de su marca de belleza,&nbsp;Rare Beauty. Selena Gomez enfrenta nuevos retos de salud Durante el podcast&nbsp;Good Hang with Amy Poehler, Gomez explic\u00f3 c\u00f3mo&nbsp;la artritis [&hellip;]","og_url":"https:\/\/lagnoticias.com\/en\/2025\/09\/11\/selena-gomez-revela-el-nuevo-diagnostico-que-enfrenta-como-consecuencia-del-lupus\/","og_site_name":"La G Noticias","article_publisher":"https:\/\/www.facebook.com\/LaGNoticias","article_published_time":"2025-09-11T15:07:21+00:00","article_modified_time":"2025-09-11T15:07:22+00:00","og_image":[{"width":1200,"height":720,"url":"https:\/\/lagnoticias.com\/wp-content\/uploads\/2025\/09\/78-2.jpg","type":"image\/jpeg"}],"author":"Oscar","twitter_card":"summary_large_image","twitter_creator":"@lagnoticias","twitter_site":"@lagnoticias","twitter_misc":{"Written by":"Oscar","Est. reading time":"3 minutes"},"schema":{"@context":"https:\/\/schema.org","@graph":[{"@type":"Article","@id":"https:\/\/lagnoticias.com\/2025\/09\/11\/selena-gomez-revela-el-nuevo-diagnostico-que-enfrenta-como-consecuencia-del-lupus\/#article","isPartOf":{"@id":"https:\/\/lagnoticias.com\/2025\/09\/11\/selena-gomez-revela-el-nuevo-diagnostico-que-enfrenta-como-consecuencia-del-lupus\/"},"author":{"name":"Oscar","@id":"https:\/\/lagnoticias.com\/#\/schema\/person\/cb9bfe13f8de05d2c55270be25c6a550"},"headline":"Selena Gomez revela el nuevo diagn\u00f3stico que enfrenta como consecuencia del lupus","datePublished":"2025-09-11T15:07:21+00:00","dateModified":"2025-09-11T15:07:22+00:00","mainEntityOfPage":{"@id":"https:\/\/lagnoticias.com\/2025\/09\/11\/selena-gomez-revela-el-nuevo-diagnostico-que-enfrenta-como-consecuencia-del-lupus\/"},"wordCount":651,"commentCount":0,"image":{"@id":"https:\/\/lagnoticias.com\/2025\/09\/11\/selena-gomez-revela-el-nuevo-diagnostico-que-enfrenta-como-consecuencia-del-lupus\/#primaryimage"},"thumbnailUrl":"https:\/\/lagnoticias.com\/wp-content\/uploads\/2025\/09\/78-2.jpg","keywords":["ACTRIZ","CANTANTE","LUPUS","SALUD","SELENA GOMEZ"],"articleSection":["ENTRETENIMIENTO"],"inLanguage":"en-US","potentialAction":[{"@type":"CommentAction","name":"Comment","target":["https:\/\/lagnoticias.com\/2025\/09\/11\/selena-gomez-revela-el-nuevo-diagnostico-que-enfrenta-como-consecuencia-del-lupus\/#respond"]}]},{"@type":"WebPage","@id":"https:\/\/lagnoticias.com\/2025\/09\/11\/selena-gomez-revela-el-nuevo-diagnostico-que-enfrenta-como-consecuencia-del-lupus\/","url":"https:\/\/lagnoticias.com\/2025\/09\/11\/selena-gomez-revela-el-nuevo-diagnostico-que-enfrenta-como-consecuencia-del-lupus\/","name":"Selena Gomez revela el nuevo diagn\u00f3stico que enfrenta como consecuencia del lupus - La G Noticias","isPartOf":{"@id":"https:\/\/lagnoticias.com\/#website"},"primaryImageOfPage":{"@id":"https:\/\/lagnoticias.com\/2025\/09\/11\/selena-gomez-revela-el-nuevo-diagnostico-que-enfrenta-como-consecuencia-del-lupus\/#primaryimage"},"image":{"@id":"https:\/\/lagnoticias.com\/2025\/09\/11\/selena-gomez-revela-el-nuevo-diagnostico-que-enfrenta-como-consecuencia-del-lupus\/#primaryimage"},"thumbnailUrl":"https:\/\/lagnoticias.com\/wp-content\/uploads\/2025\/09\/78-2.jpg","datePublished":"2025-09-11T15:07:21+00:00","dateModified":"2025-09-11T15:07:22+00:00","author":{"@id":"https:\/\/lagnoticias.com\/#\/schema\/person\/cb9bfe13f8de05d2c55270be25c6a550"},"breadcrumb":{"@id":"https:\/\/lagnoticias.com\/2025\/09\/11\/selena-gomez-revela-el-nuevo-diagnostico-que-enfrenta-como-consecuencia-del-lupus\/#breadcrumb"},"inLanguage":"en-US","potentialAction":[{"@type":"ReadAction","target":["https:\/\/lagnoticias.com\/2025\/09\/11\/selena-gomez-revela-el-nuevo-diagnostico-que-enfrenta-como-consecuencia-del-lupus\/"]}]},{"@type":"ImageObject","inLanguage":"en-US","@id":"https:\/\/lagnoticias.com\/2025\/09\/11\/selena-gomez-revela-el-nuevo-diagnostico-que-enfrenta-como-consecuencia-del-lupus\/#primaryimage","url":"https:\/\/lagnoticias.com\/wp-content\/uploads\/2025\/09\/78-2.jpg","contentUrl":"https:\/\/lagnoticias.com\/wp-content\/uploads\/2025\/09\/78-2.jpg","width":1200,"height":720},{"@type":"BreadcrumbList","@id":"https:\/\/lagnoticias.com\/2025\/09\/11\/selena-gomez-revela-el-nuevo-diagnostico-que-enfrenta-como-consecuencia-del-lupus\/#breadcrumb","itemListElement":[{"@type":"ListItem","position":1,"name":"Portada","item":"https:\/\/lagnoticias.com\/"},{"@type":"ListItem","position":2,"name":"Selena Gomez revela el nuevo diagn\u00f3stico que enfrenta como consecuencia del lupus"}]},{"@type":"WebSite","@id":"https:\/\/lagnoticias.com\/#website","url":"https:\/\/lagnoticias.com\/","name":"La G Noticias","description":"Noticias Positivas","potentialAction":[{"@type":"SearchAction","target":{"@type":"EntryPoint","urlTemplate":"https:\/\/lagnoticias.com\/?s={search_term_string}"},"query-input":{"@type":"PropertyValueSpecification","valueRequired":true,"valueName":"search_term_string"}}],"inLanguage":"en-US"},{"@type":"Person","@id":"https:\/\/lagnoticias.com\/#\/schema\/person\/cb9bfe13f8de05d2c55270be25c6a550","name":"Oscar","image":{"@type":"ImageObject","inLanguage":"en-US","@id":"https:\/\/secure.gravatar.com\/avatar\/45c195718f652dc7ffdd591dc1f2678956ab7fdadcd359a635edc61304a8c757?s=96&d=mm&r=g","url":"https:\/\/secure.gravatar.com\/avatar\/45c195718f652dc7ffdd591dc1f2678956ab7fdadcd359a635edc61304a8c757?s=96&d=mm&r=g","contentUrl":"https:\/\/secure.gravatar.com\/avatar\/45c195718f652dc7ffdd591dc1f2678956ab7fdadcd359a635edc61304a8c757?s=96&d=mm&r=g","caption":"Oscar"},"url":"https:\/\/lagnoticias.com\/en\/author\/oscar\/"}]}},"_links":{"self":[{"href":"https:\/\/lagnoticias.com\/en\/wp-json\/wp\/v2\/posts\/4908","targetHints":{"allow":["GET"]}}],"collection":[{"href":"https:\/\/lagnoticias.com\/en\/wp-json\/wp\/v2\/posts"}],"about":[{"href":"https:\/\/lagnoticias.com\/en\/wp-json\/wp\/v2\/types\/post"}],"author":[{"embeddable":true,"href":"https:\/\/lagnoticias.com\/en\/wp-json\/wp\/v2\/users\/2"}],"replies":[{"embeddable":true,"href":"https:\/\/lagnoticias.com\/en\/wp-json\/wp\/v2\/comments?post=4908"}],"version-history":[{"count":1,"href":"https:\/\/lagnoticias.com\/en\/wp-json\/wp\/v2\/posts\/4908\/revisions"}],"predecessor-version":[{"id":4910,"href":"https:\/\/lagnoticias.com\/en\/wp-json\/wp\/v2\/posts\/4908\/revisions\/4910"}],"wp:featuredmedia":[{"embeddable":true,"href":"https:\/\/lagnoticias.com\/en\/wp-json\/wp\/v2\/media\/4909"}],"wp:attachment":[{"href":"https:\/\/lagnoticias.com\/en\/wp-json\/wp\/v2\/media?parent=4908"}],"wp:term":[{"taxonomy":"category","embeddable":true,"href":"https:\/\/lagnoticias.com\/en\/wp-json\/wp\/v2\/categories?post=4908"},{"taxonomy":"post_tag","embeddable":true,"href":"https:\/\/lagnoticias.com\/en\/wp-json\/wp\/v2\/tags?post=4908"}],"curies":[{"name":"wp","href":"https:\/\/api.w.org\/{rel}","templated":true}]}}