{"id":4905,"date":"2025-09-11T08:44:36","date_gmt":"2025-09-11T14:44:36","guid":{"rendered":"https:\/\/lagnoticias.com\/?p=4905"},"modified":"2025-09-11T08:44:36","modified_gmt":"2025-09-11T14:44:36","slug":"se-desarrollo-la-quinta-jornada-del-surf-city-el-salvador-isa-world-surfing-games","status":"publish","type":"post","link":"https:\/\/lagnoticias.com\/en\/2025\/09\/11\/se-desarrollo-la-quinta-jornada-del-surf-city-el-salvador-isa-world-surfing-games\/","title":{"rendered":"Se desarroll\u00f3 la quinta jornada del Surf City El Salvador ISA World Surfing Games"},"content":{"rendered":"<p>Ayer se desarroll\u00f3 con \u00e9xito la quinta jornada del Surf City El Salvador ISA World Surfing Games. Las playas La Bocana y El Sunzal, en La Libertad Costa, fueron el escenario de intensas rondas de repechaje en la categor\u00eda masculina, as\u00ed como de rondas principales y de repechaje en la femenina.<\/p>\n\n\n\n<p>La surfista salvadore\u00f1a Julissa Garc\u00eda tuvo una destacada participaci\u00f3n en la ronda 3. Con un puntaje de 6.8, finaliz\u00f3 en la cuarta posici\u00f3n de su heat, lo que le permite avanzar al heat 2 de la cuarta ronda de repechaje, donde continuar\u00e1 representando al pa\u00eds.<\/p>\n\n\n\n<p>En el cuadro masculino, Daniel Monterrosa se mantiene en competencia dentro del repechaje. El nacional logr\u00f3 afianzarse en su heat con un s\u00f3lido puntaje de 10.63, asegurando as\u00ed su continuidad en el torneo y demostrando constancia frente a atletas de talla mundial.<\/p>\n\n\n\n<p>Por su parte, Marvin Rodr\u00edguez concluy\u00f3 su participaci\u00f3n en el campeonato. El surfista salvadore\u00f1o finaliz\u00f3 en la tercera posici\u00f3n de su heat con un puntaje de 7.44, lo que marc\u00f3 su despedida del evento internacional que re\u00fane a los mejores exponentes del surf.<\/p>\n\n\n\n<p>Adem\u00e1s, por la tarde se llev\u00f3 a cabo una sesi\u00f3n de yoga en El Sunzal, en el predio junto al hotel Casa de Mar, como parte de las acciones adicionales que acompa\u00f1an a las competencias del campeonato mundial de surf.<\/p>","protected":false},"excerpt":{"rendered":"<p>Ayer se desarroll\u00f3 con \u00e9xito la quinta jornada del Surf City El Salvador ISA World Surfing Games. Las playas La Bocana y El Sunzal, en La Libertad Costa, fueron el escenario de intensas rondas de repechaje en la categor\u00eda masculina, as\u00ed como de rondas principales y de repechaje en la femenina. La surfista salvadore\u00f1a Julissa [&hellip;]<\/p>","protected":false},"author":2,"featured_media":4906,"comment_status":"open","ping_status":"open","sticky":false,"template":"","format":"standard","meta":{"_et_pb_use_builder":"off","_et_pb_old_content":"","_et_gb_content_width":"","footnotes":""},"categories":[248],"tags":[267,888,887,388],"class_list":["post-4905","post","type-post","status-publish","format-standard","has-post-thumbnail","hentry","category-deportes","tag-el-salvador","tag-isa-world-surfing-games-2025","tag-surf","tag-surf-city"],"yoast_head":"<!-- This site is optimized with the Yoast SEO plugin v27.4 - https:\/\/yoast.com\/product\/yoast-seo-wordpress\/ -->\n<title>Se desarroll\u00f3 la quinta jornada del Surf City El Salvador ISA World Surfing Games - La G Noticias<\/title>\n<meta name=\"robots\" content=\"index, follow, max-snippet:-1, max-image-preview:large, max-video-preview:-1\" \/>\n<link rel=\"canonical\" href=\"https:\/\/lagnoticias.com\/en\/2025\/09\/11\/se-desarrollo-la-quinta-jornada-del-surf-city-el-salvador-isa-world-surfing-games\/\" \/>\n<meta property=\"og:locale\" content=\"en_US\" \/>\n<meta property=\"og:type\" content=\"article\" \/>\n<meta property=\"og:title\" content=\"Se desarroll\u00f3 la quinta jornada del Surf City El Salvador ISA World Surfing Games - La G Noticias\" \/>\n<meta property=\"og:description\" content=\"Ayer se desarroll\u00f3 con \u00e9xito la quinta jornada del Surf City El Salvador ISA World Surfing Games. Las playas La Bocana y El Sunzal, en La Libertad Costa, fueron el escenario de intensas rondas de repechaje en la categor\u00eda masculina, as\u00ed como de rondas principales y de repechaje en la femenina. La surfista salvadore\u00f1a Julissa [&hellip;]\" \/>\n<meta property=\"og:url\" content=\"https:\/\/lagnoticias.com\/en\/2025\/09\/11\/se-desarrollo-la-quinta-jornada-del-surf-city-el-salvador-isa-world-surfing-games\/\" \/>\n<meta property=\"og:site_name\" content=\"La G Noticias\" \/>\n<meta property=\"article:publisher\" content=\"https:\/\/www.facebook.com\/LaGNoticias\" \/>\n<meta property=\"article:published_time\" content=\"2025-09-11T14:44:36+00:00\" \/>\n<meta property=\"og:image\" content=\"https:\/\/lagnoticias.com\/wp-content\/uploads\/2025\/09\/547115947_1144289374541988_1606570536780794585_n.jpg\" \/>\n\t<meta property=\"og:image:width\" content=\"810\" \/>\n\t<meta property=\"og:image:height\" content=\"540\" \/>\n\t<meta property=\"og:image:type\" content=\"image\/jpeg\" \/>\n<meta name=\"author\" content=\"Oscar\" \/>\n<meta name=\"twitter:card\" content=\"summary_large_image\" \/>\n<meta name=\"twitter:creator\" content=\"@lagnoticias\" \/>\n<meta name=\"twitter:site\" content=\"@lagnoticias\" \/>\n<meta name=\"twitter:label1\" content=\"Written by\" \/>\n\t<meta name=\"twitter:data1\" content=\"Oscar\" \/>\n\t<meta name=\"twitter:label2\" content=\"Est. reading time\" \/>\n\t<meta name=\"twitter:data2\" content=\"2 minutes\" \/>\n<script type=\"application\/ld+json\" class=\"yoast-schema-graph\">{\"@context\":\"https:\\\/\\\/schema.org\",\"@graph\":[{\"@type\":\"Article\",\"@id\":\"https:\\\/\\\/lagnoticias.com\\\/2025\\\/09\\\/11\\\/se-desarrollo-la-quinta-jornada-del-surf-city-el-salvador-isa-world-surfing-games\\\/#article\",\"isPartOf\":{\"@id\":\"https:\\\/\\\/lagnoticias.com\\\/2025\\\/09\\\/11\\\/se-desarrollo-la-quinta-jornada-del-surf-city-el-salvador-isa-world-surfing-games\\\/\"},\"author\":{\"name\":\"Oscar\",\"@id\":\"https:\\\/\\\/lagnoticias.com\\\/#\\\/schema\\\/person\\\/cb9bfe13f8de05d2c55270be25c6a550\"},\"headline\":\"Se desarroll\u00f3 la quinta jornada del Surf City El Salvador ISA World Surfing Games\",\"datePublished\":\"2025-09-11T14:44:36+00:00\",\"mainEntityOfPage\":{\"@id\":\"https:\\\/\\\/lagnoticias.com\\\/2025\\\/09\\\/11\\\/se-desarrollo-la-quinta-jornada-del-surf-city-el-salvador-isa-world-surfing-games\\\/\"},\"wordCount\":245,\"commentCount\":0,\"image\":{\"@id\":\"https:\\\/\\\/lagnoticias.com\\\/2025\\\/09\\\/11\\\/se-desarrollo-la-quinta-jornada-del-surf-city-el-salvador-isa-world-surfing-games\\\/#primaryimage\"},\"thumbnailUrl\":\"https:\\\/\\\/lagnoticias.com\\\/wp-content\\\/uploads\\\/2025\\\/09\\\/547115947_1144289374541988_1606570536780794585_n.jpg\",\"keywords\":[\"EL SALVADOR\",\"ISA World Surfing Games 2025\",\"SURF\",\"SURF CITY\"],\"articleSection\":[\"DEPORTES\"],\"inLanguage\":\"en-US\",\"potentialAction\":[{\"@type\":\"CommentAction\",\"name\":\"Comment\",\"target\":[\"https:\\\/\\\/lagnoticias.com\\\/2025\\\/09\\\/11\\\/se-desarrollo-la-quinta-jornada-del-surf-city-el-salvador-isa-world-surfing-games\\\/#respond\"]}]},{\"@type\":\"WebPage\",\"@id\":\"https:\\\/\\\/lagnoticias.com\\\/2025\\\/09\\\/11\\\/se-desarrollo-la-quinta-jornada-del-surf-city-el-salvador-isa-world-surfing-games\\\/\",\"url\":\"https:\\\/\\\/lagnoticias.com\\\/2025\\\/09\\\/11\\\/se-desarrollo-la-quinta-jornada-del-surf-city-el-salvador-isa-world-surfing-games\\\/\",\"name\":\"Se desarroll\u00f3 la quinta jornada del Surf City El Salvador ISA World Surfing Games - La G Noticias\",\"isPartOf\":{\"@id\":\"https:\\\/\\\/lagnoticias.com\\\/#website\"},\"primaryImageOfPage\":{\"@id\":\"https:\\\/\\\/lagnoticias.com\\\/2025\\\/09\\\/11\\\/se-desarrollo-la-quinta-jornada-del-surf-city-el-salvador-isa-world-surfing-games\\\/#primaryimage\"},\"image\":{\"@id\":\"https:\\\/\\\/lagnoticias.com\\\/2025\\\/09\\\/11\\\/se-desarrollo-la-quinta-jornada-del-surf-city-el-salvador-isa-world-surfing-games\\\/#primaryimage\"},\"thumbnailUrl\":\"https:\\\/\\\/lagnoticias.com\\\/wp-content\\\/uploads\\\/2025\\\/09\\\/547115947_1144289374541988_1606570536780794585_n.jpg\",\"datePublished\":\"2025-09-11T14:44:36+00:00\",\"author\":{\"@id\":\"https:\\\/\\\/lagnoticias.com\\\/#\\\/schema\\\/person\\\/cb9bfe13f8de05d2c55270be25c6a550\"},\"breadcrumb\":{\"@id\":\"https:\\\/\\\/lagnoticias.com\\\/2025\\\/09\\\/11\\\/se-desarrollo-la-quinta-jornada-del-surf-city-el-salvador-isa-world-surfing-games\\\/#breadcrumb\"},\"inLanguage\":\"en-US\",\"potentialAction\":[{\"@type\":\"ReadAction\",\"target\":[\"https:\\\/\\\/lagnoticias.com\\\/2025\\\/09\\\/11\\\/se-desarrollo-la-quinta-jornada-del-surf-city-el-salvador-isa-world-surfing-games\\\/\"]}]},{\"@type\":\"ImageObject\",\"inLanguage\":\"en-US\",\"@id\":\"https:\\\/\\\/lagnoticias.com\\\/2025\\\/09\\\/11\\\/se-desarrollo-la-quinta-jornada-del-surf-city-el-salvador-isa-world-surfing-games\\\/#primaryimage\",\"url\":\"https:\\\/\\\/lagnoticias.com\\\/wp-content\\\/uploads\\\/2025\\\/09\\\/547115947_1144289374541988_1606570536780794585_n.jpg\",\"contentUrl\":\"https:\\\/\\\/lagnoticias.com\\\/wp-content\\\/uploads\\\/2025\\\/09\\\/547115947_1144289374541988_1606570536780794585_n.jpg\",\"width\":810,\"height\":540},{\"@type\":\"BreadcrumbList\",\"@id\":\"https:\\\/\\\/lagnoticias.com\\\/2025\\\/09\\\/11\\\/se-desarrollo-la-quinta-jornada-del-surf-city-el-salvador-isa-world-surfing-games\\\/#breadcrumb\",\"itemListElement\":[{\"@type\":\"ListItem\",\"position\":1,\"name\":\"Portada\",\"item\":\"https:\\\/\\\/lagnoticias.com\\\/\"},{\"@type\":\"ListItem\",\"position\":2,\"name\":\"Se desarroll\u00f3 la quinta jornada del Surf City El Salvador ISA World Surfing Games\"}]},{\"@type\":\"WebSite\",\"@id\":\"https:\\\/\\\/lagnoticias.com\\\/#website\",\"url\":\"https:\\\/\\\/lagnoticias.com\\\/\",\"name\":\"La G Noticias\",\"description\":\"Noticias Positivas\",\"potentialAction\":[{\"@type\":\"SearchAction\",\"target\":{\"@type\":\"EntryPoint\",\"urlTemplate\":\"https:\\\/\\\/lagnoticias.com\\\/?s={search_term_string}\"},\"query-input\":{\"@type\":\"PropertyValueSpecification\",\"valueRequired\":true,\"valueName\":\"search_term_string\"}}],\"inLanguage\":\"en-US\"},{\"@type\":\"Person\",\"@id\":\"https:\\\/\\\/lagnoticias.com\\\/#\\\/schema\\\/person\\\/cb9bfe13f8de05d2c55270be25c6a550\",\"name\":\"Oscar\",\"image\":{\"@type\":\"ImageObject\",\"inLanguage\":\"en-US\",\"@id\":\"https:\\\/\\\/secure.gravatar.com\\\/avatar\\\/45c195718f652dc7ffdd591dc1f2678956ab7fdadcd359a635edc61304a8c757?s=96&d=mm&r=g\",\"url\":\"https:\\\/\\\/secure.gravatar.com\\\/avatar\\\/45c195718f652dc7ffdd591dc1f2678956ab7fdadcd359a635edc61304a8c757?s=96&d=mm&r=g\",\"contentUrl\":\"https:\\\/\\\/secure.gravatar.com\\\/avatar\\\/45c195718f652dc7ffdd591dc1f2678956ab7fdadcd359a635edc61304a8c757?s=96&d=mm&r=g\",\"caption\":\"Oscar\"},\"url\":\"https:\\\/\\\/lagnoticias.com\\\/en\\\/author\\\/oscar\\\/\"}]}<\/script>\n<!-- \/ Yoast SEO plugin. -->","yoast_head_json":{"title":"Se desarroll\u00f3 la quinta jornada del Surf City El Salvador ISA World Surfing Games - La G Noticias","robots":{"index":"index","follow":"follow","max-snippet":"max-snippet:-1","max-image-preview":"max-image-preview:large","max-video-preview":"max-video-preview:-1"},"canonical":"https:\/\/lagnoticias.com\/en\/2025\/09\/11\/se-desarrollo-la-quinta-jornada-del-surf-city-el-salvador-isa-world-surfing-games\/","og_locale":"en_US","og_type":"article","og_title":"Se desarroll\u00f3 la quinta jornada del Surf City El Salvador ISA World Surfing Games - La G Noticias","og_description":"Ayer se desarroll\u00f3 con \u00e9xito la quinta jornada del Surf City El Salvador ISA World Surfing Games. Las playas La Bocana y El Sunzal, en La Libertad Costa, fueron el escenario de intensas rondas de repechaje en la categor\u00eda masculina, as\u00ed como de rondas principales y de repechaje en la femenina. La surfista salvadore\u00f1a Julissa [&hellip;]","og_url":"https:\/\/lagnoticias.com\/en\/2025\/09\/11\/se-desarrollo-la-quinta-jornada-del-surf-city-el-salvador-isa-world-surfing-games\/","og_site_name":"La G Noticias","article_publisher":"https:\/\/www.facebook.com\/LaGNoticias","article_published_time":"2025-09-11T14:44:36+00:00","og_image":[{"width":810,"height":540,"url":"https:\/\/lagnoticias.com\/wp-content\/uploads\/2025\/09\/547115947_1144289374541988_1606570536780794585_n.jpg","type":"image\/jpeg"}],"author":"Oscar","twitter_card":"summary_large_image","twitter_creator":"@lagnoticias","twitter_site":"@lagnoticias","twitter_misc":{"Written by":"Oscar","Est. reading time":"2 minutes"},"schema":{"@context":"https:\/\/schema.org","@graph":[{"@type":"Article","@id":"https:\/\/lagnoticias.com\/2025\/09\/11\/se-desarrollo-la-quinta-jornada-del-surf-city-el-salvador-isa-world-surfing-games\/#article","isPartOf":{"@id":"https:\/\/lagnoticias.com\/2025\/09\/11\/se-desarrollo-la-quinta-jornada-del-surf-city-el-salvador-isa-world-surfing-games\/"},"author":{"name":"Oscar","@id":"https:\/\/lagnoticias.com\/#\/schema\/person\/cb9bfe13f8de05d2c55270be25c6a550"},"headline":"Se desarroll\u00f3 la quinta jornada del Surf City El Salvador ISA World Surfing Games","datePublished":"2025-09-11T14:44:36+00:00","mainEntityOfPage":{"@id":"https:\/\/lagnoticias.com\/2025\/09\/11\/se-desarrollo-la-quinta-jornada-del-surf-city-el-salvador-isa-world-surfing-games\/"},"wordCount":245,"commentCount":0,"image":{"@id":"https:\/\/lagnoticias.com\/2025\/09\/11\/se-desarrollo-la-quinta-jornada-del-surf-city-el-salvador-isa-world-surfing-games\/#primaryimage"},"thumbnailUrl":"https:\/\/lagnoticias.com\/wp-content\/uploads\/2025\/09\/547115947_1144289374541988_1606570536780794585_n.jpg","keywords":["EL SALVADOR","ISA World Surfing Games 2025","SURF","SURF CITY"],"articleSection":["DEPORTES"],"inLanguage":"en-US","potentialAction":[{"@type":"CommentAction","name":"Comment","target":["https:\/\/lagnoticias.com\/2025\/09\/11\/se-desarrollo-la-quinta-jornada-del-surf-city-el-salvador-isa-world-surfing-games\/#respond"]}]},{"@type":"WebPage","@id":"https:\/\/lagnoticias.com\/2025\/09\/11\/se-desarrollo-la-quinta-jornada-del-surf-city-el-salvador-isa-world-surfing-games\/","url":"https:\/\/lagnoticias.com\/2025\/09\/11\/se-desarrollo-la-quinta-jornada-del-surf-city-el-salvador-isa-world-surfing-games\/","name":"Se desarroll\u00f3 la quinta jornada del Surf City El Salvador ISA World Surfing Games - La G Noticias","isPartOf":{"@id":"https:\/\/lagnoticias.com\/#website"},"primaryImageOfPage":{"@id":"https:\/\/lagnoticias.com\/2025\/09\/11\/se-desarrollo-la-quinta-jornada-del-surf-city-el-salvador-isa-world-surfing-games\/#primaryimage"},"image":{"@id":"https:\/\/lagnoticias.com\/2025\/09\/11\/se-desarrollo-la-quinta-jornada-del-surf-city-el-salvador-isa-world-surfing-games\/#primaryimage"},"thumbnailUrl":"https:\/\/lagnoticias.com\/wp-content\/uploads\/2025\/09\/547115947_1144289374541988_1606570536780794585_n.jpg","datePublished":"2025-09-11T14:44:36+00:00","author":{"@id":"https:\/\/lagnoticias.com\/#\/schema\/person\/cb9bfe13f8de05d2c55270be25c6a550"},"breadcrumb":{"@id":"https:\/\/lagnoticias.com\/2025\/09\/11\/se-desarrollo-la-quinta-jornada-del-surf-city-el-salvador-isa-world-surfing-games\/#breadcrumb"},"inLanguage":"en-US","potentialAction":[{"@type":"ReadAction","target":["https:\/\/lagnoticias.com\/2025\/09\/11\/se-desarrollo-la-quinta-jornada-del-surf-city-el-salvador-isa-world-surfing-games\/"]}]},{"@type":"ImageObject","inLanguage":"en-US","@id":"https:\/\/lagnoticias.com\/2025\/09\/11\/se-desarrollo-la-quinta-jornada-del-surf-city-el-salvador-isa-world-surfing-games\/#primaryimage","url":"https:\/\/lagnoticias.com\/wp-content\/uploads\/2025\/09\/547115947_1144289374541988_1606570536780794585_n.jpg","contentUrl":"https:\/\/lagnoticias.com\/wp-content\/uploads\/2025\/09\/547115947_1144289374541988_1606570536780794585_n.jpg","width":810,"height":540},{"@type":"BreadcrumbList","@id":"https:\/\/lagnoticias.com\/2025\/09\/11\/se-desarrollo-la-quinta-jornada-del-surf-city-el-salvador-isa-world-surfing-games\/#breadcrumb","itemListElement":[{"@type":"ListItem","position":1,"name":"Portada","item":"https:\/\/lagnoticias.com\/"},{"@type":"ListItem","position":2,"name":"Se desarroll\u00f3 la quinta jornada del Surf City El Salvador ISA World Surfing Games"}]},{"@type":"WebSite","@id":"https:\/\/lagnoticias.com\/#website","url":"https:\/\/lagnoticias.com\/","name":"La G Noticias","description":"Noticias Positivas","potentialAction":[{"@type":"SearchAction","target":{"@type":"EntryPoint","urlTemplate":"https:\/\/lagnoticias.com\/?s={search_term_string}"},"query-input":{"@type":"PropertyValueSpecification","valueRequired":true,"valueName":"search_term_string"}}],"inLanguage":"en-US"},{"@type":"Person","@id":"https:\/\/lagnoticias.com\/#\/schema\/person\/cb9bfe13f8de05d2c55270be25c6a550","name":"Oscar","image":{"@type":"ImageObject","inLanguage":"en-US","@id":"https:\/\/secure.gravatar.com\/avatar\/45c195718f652dc7ffdd591dc1f2678956ab7fdadcd359a635edc61304a8c757?s=96&d=mm&r=g","url":"https:\/\/secure.gravatar.com\/avatar\/45c195718f652dc7ffdd591dc1f2678956ab7fdadcd359a635edc61304a8c757?s=96&d=mm&r=g","contentUrl":"https:\/\/secure.gravatar.com\/avatar\/45c195718f652dc7ffdd591dc1f2678956ab7fdadcd359a635edc61304a8c757?s=96&d=mm&r=g","caption":"Oscar"},"url":"https:\/\/lagnoticias.com\/en\/author\/oscar\/"}]}},"_links":{"self":[{"href":"https:\/\/lagnoticias.com\/en\/wp-json\/wp\/v2\/posts\/4905","targetHints":{"allow":["GET"]}}],"collection":[{"href":"https:\/\/lagnoticias.com\/en\/wp-json\/wp\/v2\/posts"}],"about":[{"href":"https:\/\/lagnoticias.com\/en\/wp-json\/wp\/v2\/types\/post"}],"author":[{"embeddable":true,"href":"https:\/\/lagnoticias.com\/en\/wp-json\/wp\/v2\/users\/2"}],"replies":[{"embeddable":true,"href":"https:\/\/lagnoticias.com\/en\/wp-json\/wp\/v2\/comments?post=4905"}],"version-history":[{"count":1,"href":"https:\/\/lagnoticias.com\/en\/wp-json\/wp\/v2\/posts\/4905\/revisions"}],"predecessor-version":[{"id":4907,"href":"https:\/\/lagnoticias.com\/en\/wp-json\/wp\/v2\/posts\/4905\/revisions\/4907"}],"wp:featuredmedia":[{"embeddable":true,"href":"https:\/\/lagnoticias.com\/en\/wp-json\/wp\/v2\/media\/4906"}],"wp:attachment":[{"href":"https:\/\/lagnoticias.com\/en\/wp-json\/wp\/v2\/media?parent=4905"}],"wp:term":[{"taxonomy":"category","embeddable":true,"href":"https:\/\/lagnoticias.com\/en\/wp-json\/wp\/v2\/categories?post=4905"},{"taxonomy":"post_tag","embeddable":true,"href":"https:\/\/lagnoticias.com\/en\/wp-json\/wp\/v2\/tags?post=4905"}],"curies":[{"name":"wp","href":"https:\/\/api.w.org\/{rel}","templated":true}]}}