{"id":4902,"date":"2025-09-11T08:35:01","date_gmt":"2025-09-11T14:35:01","guid":{"rendered":"https:\/\/lagnoticias.com\/?p=4902"},"modified":"2025-09-11T08:35:02","modified_gmt":"2025-09-11T14:35:02","slug":"exportaciones-de-centroamerica-aumentan-12-7-hasta-marzo-impulsadas-por-cafe-bananos-e-instrumentos-medicos","status":"publish","type":"post","link":"https:\/\/lagnoticias.com\/en\/2025\/09\/11\/exportaciones-de-centroamerica-aumentan-12-7-hasta-marzo-impulsadas-por-cafe-bananos-e-instrumentos-medicos\/","title":{"rendered":"Exportaciones de Centroam\u00e9rica aumentan 12.7 % hasta marzo, impulsadas por caf\u00e9, bananos e instrumentos m\u00e9dicos"},"content":{"rendered":"<p>Los instrumentos m\u00e9dicos, caf\u00e9, bananas y pl\u00e1tanos fueron los principales productos de exportaci\u00f3n en el primer trimestre&nbsp;fuera de las fronteras de Centroam\u00e9rica, destaca el \u00faltimo monitoreo de comercio de la Secretar\u00eda de Integraci\u00f3n Econ\u00f3mica Centroamericana (Sieca).<\/p>\n\n\n\n<p>La instituci\u00f3n p\u00fablica con regularidad un monitoreo de comercio de bienes y servicios, pero este a\u00f1o sufri\u00f3 un retraso no explicado. El \u00faltimo reporte se difundi\u00f3 este mes y corresponde al primer trimestre de 2025.<\/p>\n\n\n\n<p>Seg\u00fan el reporte, los pa\u00edses de la regi\u00f3n registraron&nbsp;despachos de mercader\u00eda valorados en $15,058.1 millones, un 12.7 % de crecimiento.<\/p>\n\n\n\n<p>En el comercio extrarregional, la Sieca reporta que&nbsp;el principal producto de exportaci\u00f3n corresponde a instrumentos de medicina, con una participaci\u00f3n de un 17.6 %, mientras que el caf\u00e9 represent\u00f3 un 15.4 %, y las bananas y pl\u00e1tanos fueron un 6.1 %.<\/p>\n\n\n\n<p>En comercio intrarregional -interno en la regi\u00f3n-, los bienes de mayor comercio fueron las preparaciones alimenticias con una participaci\u00f3n de un 4.6 %, as\u00ed como medicamentos con un 4 %, y art\u00edculos pl\u00e1sticos con un 3.5 %.<\/p>\n\n\n\n<p>Con un 39.1 % de participaci\u00f3n,&nbsp;Estados Unidos es el mayor comprador&nbsp;de los pa\u00edses centroamericanos. Luego, el comercio entre la regi\u00f3n represent\u00f3 un 26.7 % y la Uni\u00f3n Europea tuvo una cuota de un 13 %.<\/p>\n\n\n\n<p>Al menos 2,743 empresas participaron en las exportaciones centroamericanas en el primer trimestre, de las cuales Guatemala tuvo una participaci\u00f3n de un 42.7 %, El Salvador de un 19.9 %, Costa Rica de un 18.9 %, Honduras de un 9.6 %, Nicaragua de un 9.6 % y Panam\u00e1 de un 2.8 %.<\/p>\n\n\n\n<h2 class=\"wp-block-heading\">Principales exportadores<\/h2>\n\n\n\n<p>Tener la mayor cantidad de empresas activas en el comercio no se traduce en m\u00e1s exportaciones, ya que&nbsp;Costa Rica se coloca como el mayor exportador con un 34.2 %&nbsp;de los despachos efectuados en los primeros tres meses del a\u00f1o. Guatemala fue responsable de un 26.5 % y Nicaragua de un 13.4 %. Estos tres pa\u00edses representan un 74.2 % del total.<\/p>\n\n\n\n<p>La Sieca reporta que Costa Rica export\u00f3 $5,143.5 millones en el primer trimestre, con un crecimiento de un 10.6 %. Un 45.6 % de su canasta corresponde a instrumentos de medicina.<\/p>\n\n\n\n<p>Guatemala export\u00f3 m\u00e1s de $4,001.4 millones, un 10 % de crecimiento. El informe de la Sieca destaca que el caf\u00e9 fue el principal producto de venta, con un 16.6 % de peso.<\/p>\n\n\n\n<p>Nicaragua, el tercer exportador m\u00e1s grande de la regi\u00f3n, tuvo env\u00edos de mercader\u00eda por $2,024 millones entre enero y marzo de 2025. El comercio creci\u00f3 un 8.1 % y su mayor producto de exportaci\u00f3n fue el oro (21.3 %).<\/p>\n\n\n\n<p>Por su parte, El Salvador registr\u00f3 exportaciones valoradas en $1,681.3 millones. Esto signific\u00f3 un crecimiento de un 8.8 %, con su producto estrella de camisetas (12.2 %).<\/p>\n\n\n\n<p>Honduras alcanz\u00f3 $1,958.9 millones, una cifra que experiment\u00f3 un fuerte crecimiento de un 32.7 % en relaci\u00f3n con 2024, cuando el comercio cay\u00f3. La Sieca se\u00f1ala que su mayor producto de comercio es el caf\u00e9, beneficiado por los precios hist\u00f3ricos en la cotizaci\u00f3n internacional.<\/p>\n\n\n\n<p>En el primer trimestre de 2025, Panam\u00e1 alcanz\u00f3 $249.1 millones, tambi\u00e9n con un crecimiento fuerte de un 32.7 %. La canasta comercial es liderada por bananas y pl\u00e1tanos, con una participaci\u00f3n de un 19.8 %.<\/p>\n\n\n\n<p><\/p>\n\n\n\n<p><\/p>\n\n\n\n<p><\/p>\n\n\n\n<p><\/p>\n\n\n\n<p>(CA 360)<\/p>","protected":false},"excerpt":{"rendered":"<p>Los instrumentos m\u00e9dicos, caf\u00e9, bananas y pl\u00e1tanos fueron los principales productos de exportaci\u00f3n en el primer trimestre&nbsp;fuera de las fronteras de Centroam\u00e9rica, destaca el \u00faltimo monitoreo de comercio de la Secretar\u00eda de Integraci\u00f3n Econ\u00f3mica Centroamericana (Sieca). La instituci\u00f3n p\u00fablica con regularidad un monitoreo de comercio de bienes y servicios, pero este a\u00f1o sufri\u00f3 un retraso [&hellip;]<\/p>","protected":false},"author":2,"featured_media":4903,"comment_status":"open","ping_status":"open","sticky":false,"template":"","format":"standard","meta":{"_et_pb_use_builder":"off","_et_pb_old_content":"","_et_gb_content_width":"","footnotes":""},"categories":[245],"tags":[263,358,261,951],"class_list":["post-4902","post","type-post","status-publish","format-standard","has-post-thumbnail","hentry","category-internacionales","tag-centroamerica","tag-economia","tag-exportaciones","tag-sieca"],"yoast_head":"<!-- This site is optimized with the Yoast SEO plugin v27.4 - https:\/\/yoast.com\/product\/yoast-seo-wordpress\/ -->\n<title>Exportaciones de Centroam\u00e9rica aumentan 12.7 % hasta marzo, impulsadas por caf\u00e9, bananos e instrumentos m\u00e9dicos - La G Noticias<\/title>\n<meta name=\"robots\" content=\"index, follow, max-snippet:-1, max-image-preview:large, max-video-preview:-1\" \/>\n<link rel=\"canonical\" href=\"https:\/\/lagnoticias.com\/en\/2025\/09\/11\/exportaciones-de-centroamerica-aumentan-12-7-hasta-marzo-impulsadas-por-cafe-bananos-e-instrumentos-medicos\/\" \/>\n<meta property=\"og:locale\" content=\"en_US\" \/>\n<meta property=\"og:type\" content=\"article\" \/>\n<meta property=\"og:title\" content=\"Exportaciones de Centroam\u00e9rica aumentan 12.7 % hasta marzo, impulsadas por caf\u00e9, bananos e instrumentos m\u00e9dicos - La G Noticias\" \/>\n<meta property=\"og:description\" content=\"Los instrumentos m\u00e9dicos, caf\u00e9, bananas y pl\u00e1tanos fueron los principales productos de exportaci\u00f3n en el primer trimestre&nbsp;fuera de las fronteras de Centroam\u00e9rica, destaca el \u00faltimo monitoreo de comercio de la Secretar\u00eda de Integraci\u00f3n Econ\u00f3mica Centroamericana (Sieca). La instituci\u00f3n p\u00fablica con regularidad un monitoreo de comercio de bienes y servicios, pero este a\u00f1o sufri\u00f3 un retraso [&hellip;]\" \/>\n<meta property=\"og:url\" content=\"https:\/\/lagnoticias.com\/en\/2025\/09\/11\/exportaciones-de-centroamerica-aumentan-12-7-hasta-marzo-impulsadas-por-cafe-bananos-e-instrumentos-medicos\/\" \/>\n<meta property=\"og:site_name\" content=\"La G Noticias\" \/>\n<meta property=\"article:publisher\" content=\"https:\/\/www.facebook.com\/LaGNoticias\" \/>\n<meta property=\"article:published_time\" content=\"2025-09-11T14:35:01+00:00\" \/>\n<meta property=\"article:modified_time\" content=\"2025-09-11T14:35:02+00:00\" \/>\n<meta property=\"og:image\" content=\"https:\/\/lagnoticias.com\/wp-content\/uploads\/2025\/09\/7-11.jpg\" \/>\n\t<meta property=\"og:image:width\" content=\"586\" \/>\n\t<meta property=\"og:image:height\" content=\"283\" \/>\n\t<meta property=\"og:image:type\" content=\"image\/jpeg\" \/>\n<meta name=\"author\" content=\"Oscar\" \/>\n<meta name=\"twitter:card\" content=\"summary_large_image\" \/>\n<meta name=\"twitter:creator\" content=\"@lagnoticias\" \/>\n<meta name=\"twitter:site\" content=\"@lagnoticias\" \/>\n<meta name=\"twitter:label1\" content=\"Written by\" \/>\n\t<meta name=\"twitter:data1\" content=\"Oscar\" \/>\n\t<meta name=\"twitter:label2\" content=\"Est. reading time\" \/>\n\t<meta name=\"twitter:data2\" content=\"3 minutes\" \/>\n<script type=\"application\/ld+json\" class=\"yoast-schema-graph\">{\"@context\":\"https:\\\/\\\/schema.org\",\"@graph\":[{\"@type\":\"Article\",\"@id\":\"https:\\\/\\\/lagnoticias.com\\\/2025\\\/09\\\/11\\\/exportaciones-de-centroamerica-aumentan-12-7-hasta-marzo-impulsadas-por-cafe-bananos-e-instrumentos-medicos\\\/#article\",\"isPartOf\":{\"@id\":\"https:\\\/\\\/lagnoticias.com\\\/2025\\\/09\\\/11\\\/exportaciones-de-centroamerica-aumentan-12-7-hasta-marzo-impulsadas-por-cafe-bananos-e-instrumentos-medicos\\\/\"},\"author\":{\"name\":\"Oscar\",\"@id\":\"https:\\\/\\\/lagnoticias.com\\\/#\\\/schema\\\/person\\\/cb9bfe13f8de05d2c55270be25c6a550\"},\"headline\":\"Exportaciones de Centroam\u00e9rica aumentan 12.7 % hasta marzo, impulsadas por caf\u00e9, bananos e instrumentos m\u00e9dicos\",\"datePublished\":\"2025-09-11T14:35:01+00:00\",\"dateModified\":\"2025-09-11T14:35:02+00:00\",\"mainEntityOfPage\":{\"@id\":\"https:\\\/\\\/lagnoticias.com\\\/2025\\\/09\\\/11\\\/exportaciones-de-centroamerica-aumentan-12-7-hasta-marzo-impulsadas-por-cafe-bananos-e-instrumentos-medicos\\\/\"},\"wordCount\":525,\"commentCount\":0,\"image\":{\"@id\":\"https:\\\/\\\/lagnoticias.com\\\/2025\\\/09\\\/11\\\/exportaciones-de-centroamerica-aumentan-12-7-hasta-marzo-impulsadas-por-cafe-bananos-e-instrumentos-medicos\\\/#primaryimage\"},\"thumbnailUrl\":\"https:\\\/\\\/lagnoticias.com\\\/wp-content\\\/uploads\\\/2025\\\/09\\\/7-11.jpg\",\"keywords\":[\"CENTROAM\u00c9RICA\",\"ECONOM\u00cdA\",\"EXPORTACIONES\",\"SIECA\"],\"articleSection\":[\"INTERNACIONALES\"],\"inLanguage\":\"en-US\",\"potentialAction\":[{\"@type\":\"CommentAction\",\"name\":\"Comment\",\"target\":[\"https:\\\/\\\/lagnoticias.com\\\/2025\\\/09\\\/11\\\/exportaciones-de-centroamerica-aumentan-12-7-hasta-marzo-impulsadas-por-cafe-bananos-e-instrumentos-medicos\\\/#respond\"]}]},{\"@type\":\"WebPage\",\"@id\":\"https:\\\/\\\/lagnoticias.com\\\/2025\\\/09\\\/11\\\/exportaciones-de-centroamerica-aumentan-12-7-hasta-marzo-impulsadas-por-cafe-bananos-e-instrumentos-medicos\\\/\",\"url\":\"https:\\\/\\\/lagnoticias.com\\\/2025\\\/09\\\/11\\\/exportaciones-de-centroamerica-aumentan-12-7-hasta-marzo-impulsadas-por-cafe-bananos-e-instrumentos-medicos\\\/\",\"name\":\"Exportaciones de Centroam\u00e9rica aumentan 12.7 % hasta marzo, impulsadas por caf\u00e9, bananos e instrumentos m\u00e9dicos - La G Noticias\",\"isPartOf\":{\"@id\":\"https:\\\/\\\/lagnoticias.com\\\/#website\"},\"primaryImageOfPage\":{\"@id\":\"https:\\\/\\\/lagnoticias.com\\\/2025\\\/09\\\/11\\\/exportaciones-de-centroamerica-aumentan-12-7-hasta-marzo-impulsadas-por-cafe-bananos-e-instrumentos-medicos\\\/#primaryimage\"},\"image\":{\"@id\":\"https:\\\/\\\/lagnoticias.com\\\/2025\\\/09\\\/11\\\/exportaciones-de-centroamerica-aumentan-12-7-hasta-marzo-impulsadas-por-cafe-bananos-e-instrumentos-medicos\\\/#primaryimage\"},\"thumbnailUrl\":\"https:\\\/\\\/lagnoticias.com\\\/wp-content\\\/uploads\\\/2025\\\/09\\\/7-11.jpg\",\"datePublished\":\"2025-09-11T14:35:01+00:00\",\"dateModified\":\"2025-09-11T14:35:02+00:00\",\"author\":{\"@id\":\"https:\\\/\\\/lagnoticias.com\\\/#\\\/schema\\\/person\\\/cb9bfe13f8de05d2c55270be25c6a550\"},\"breadcrumb\":{\"@id\":\"https:\\\/\\\/lagnoticias.com\\\/2025\\\/09\\\/11\\\/exportaciones-de-centroamerica-aumentan-12-7-hasta-marzo-impulsadas-por-cafe-bananos-e-instrumentos-medicos\\\/#breadcrumb\"},\"inLanguage\":\"en-US\",\"potentialAction\":[{\"@type\":\"ReadAction\",\"target\":[\"https:\\\/\\\/lagnoticias.com\\\/2025\\\/09\\\/11\\\/exportaciones-de-centroamerica-aumentan-12-7-hasta-marzo-impulsadas-por-cafe-bananos-e-instrumentos-medicos\\\/\"]}]},{\"@type\":\"ImageObject\",\"inLanguage\":\"en-US\",\"@id\":\"https:\\\/\\\/lagnoticias.com\\\/2025\\\/09\\\/11\\\/exportaciones-de-centroamerica-aumentan-12-7-hasta-marzo-impulsadas-por-cafe-bananos-e-instrumentos-medicos\\\/#primaryimage\",\"url\":\"https:\\\/\\\/lagnoticias.com\\\/wp-content\\\/uploads\\\/2025\\\/09\\\/7-11.jpg\",\"contentUrl\":\"https:\\\/\\\/lagnoticias.com\\\/wp-content\\\/uploads\\\/2025\\\/09\\\/7-11.jpg\",\"width\":586,\"height\":283},{\"@type\":\"BreadcrumbList\",\"@id\":\"https:\\\/\\\/lagnoticias.com\\\/2025\\\/09\\\/11\\\/exportaciones-de-centroamerica-aumentan-12-7-hasta-marzo-impulsadas-por-cafe-bananos-e-instrumentos-medicos\\\/#breadcrumb\",\"itemListElement\":[{\"@type\":\"ListItem\",\"position\":1,\"name\":\"Portada\",\"item\":\"https:\\\/\\\/lagnoticias.com\\\/\"},{\"@type\":\"ListItem\",\"position\":2,\"name\":\"Exportaciones de Centroam\u00e9rica aumentan 12.7 % hasta marzo, impulsadas por caf\u00e9, bananos e instrumentos m\u00e9dicos\"}]},{\"@type\":\"WebSite\",\"@id\":\"https:\\\/\\\/lagnoticias.com\\\/#website\",\"url\":\"https:\\\/\\\/lagnoticias.com\\\/\",\"name\":\"La G Noticias\",\"description\":\"Noticias Positivas\",\"potentialAction\":[{\"@type\":\"SearchAction\",\"target\":{\"@type\":\"EntryPoint\",\"urlTemplate\":\"https:\\\/\\\/lagnoticias.com\\\/?s={search_term_string}\"},\"query-input\":{\"@type\":\"PropertyValueSpecification\",\"valueRequired\":true,\"valueName\":\"search_term_string\"}}],\"inLanguage\":\"en-US\"},{\"@type\":\"Person\",\"@id\":\"https:\\\/\\\/lagnoticias.com\\\/#\\\/schema\\\/person\\\/cb9bfe13f8de05d2c55270be25c6a550\",\"name\":\"Oscar\",\"image\":{\"@type\":\"ImageObject\",\"inLanguage\":\"en-US\",\"@id\":\"https:\\\/\\\/secure.gravatar.com\\\/avatar\\\/45c195718f652dc7ffdd591dc1f2678956ab7fdadcd359a635edc61304a8c757?s=96&d=mm&r=g\",\"url\":\"https:\\\/\\\/secure.gravatar.com\\\/avatar\\\/45c195718f652dc7ffdd591dc1f2678956ab7fdadcd359a635edc61304a8c757?s=96&d=mm&r=g\",\"contentUrl\":\"https:\\\/\\\/secure.gravatar.com\\\/avatar\\\/45c195718f652dc7ffdd591dc1f2678956ab7fdadcd359a635edc61304a8c757?s=96&d=mm&r=g\",\"caption\":\"Oscar\"},\"url\":\"https:\\\/\\\/lagnoticias.com\\\/en\\\/author\\\/oscar\\\/\"}]}<\/script>\n<!-- \/ Yoast SEO plugin. -->","yoast_head_json":{"title":"Exportaciones de Centroam\u00e9rica aumentan 12.7 % hasta marzo, impulsadas por caf\u00e9, bananos e instrumentos m\u00e9dicos - La G Noticias","robots":{"index":"index","follow":"follow","max-snippet":"max-snippet:-1","max-image-preview":"max-image-preview:large","max-video-preview":"max-video-preview:-1"},"canonical":"https:\/\/lagnoticias.com\/en\/2025\/09\/11\/exportaciones-de-centroamerica-aumentan-12-7-hasta-marzo-impulsadas-por-cafe-bananos-e-instrumentos-medicos\/","og_locale":"en_US","og_type":"article","og_title":"Exportaciones de Centroam\u00e9rica aumentan 12.7 % hasta marzo, impulsadas por caf\u00e9, bananos e instrumentos m\u00e9dicos - La G Noticias","og_description":"Los instrumentos m\u00e9dicos, caf\u00e9, bananas y pl\u00e1tanos fueron los principales productos de exportaci\u00f3n en el primer trimestre&nbsp;fuera de las fronteras de Centroam\u00e9rica, destaca el \u00faltimo monitoreo de comercio de la Secretar\u00eda de Integraci\u00f3n Econ\u00f3mica Centroamericana (Sieca). La instituci\u00f3n p\u00fablica con regularidad un monitoreo de comercio de bienes y servicios, pero este a\u00f1o sufri\u00f3 un retraso [&hellip;]","og_url":"https:\/\/lagnoticias.com\/en\/2025\/09\/11\/exportaciones-de-centroamerica-aumentan-12-7-hasta-marzo-impulsadas-por-cafe-bananos-e-instrumentos-medicos\/","og_site_name":"La G Noticias","article_publisher":"https:\/\/www.facebook.com\/LaGNoticias","article_published_time":"2025-09-11T14:35:01+00:00","article_modified_time":"2025-09-11T14:35:02+00:00","og_image":[{"width":586,"height":283,"url":"https:\/\/lagnoticias.com\/wp-content\/uploads\/2025\/09\/7-11.jpg","type":"image\/jpeg"}],"author":"Oscar","twitter_card":"summary_large_image","twitter_creator":"@lagnoticias","twitter_site":"@lagnoticias","twitter_misc":{"Written by":"Oscar","Est. reading time":"3 minutes"},"schema":{"@context":"https:\/\/schema.org","@graph":[{"@type":"Article","@id":"https:\/\/lagnoticias.com\/2025\/09\/11\/exportaciones-de-centroamerica-aumentan-12-7-hasta-marzo-impulsadas-por-cafe-bananos-e-instrumentos-medicos\/#article","isPartOf":{"@id":"https:\/\/lagnoticias.com\/2025\/09\/11\/exportaciones-de-centroamerica-aumentan-12-7-hasta-marzo-impulsadas-por-cafe-bananos-e-instrumentos-medicos\/"},"author":{"name":"Oscar","@id":"https:\/\/lagnoticias.com\/#\/schema\/person\/cb9bfe13f8de05d2c55270be25c6a550"},"headline":"Exportaciones de Centroam\u00e9rica aumentan 12.7 % hasta marzo, impulsadas por caf\u00e9, bananos e instrumentos m\u00e9dicos","datePublished":"2025-09-11T14:35:01+00:00","dateModified":"2025-09-11T14:35:02+00:00","mainEntityOfPage":{"@id":"https:\/\/lagnoticias.com\/2025\/09\/11\/exportaciones-de-centroamerica-aumentan-12-7-hasta-marzo-impulsadas-por-cafe-bananos-e-instrumentos-medicos\/"},"wordCount":525,"commentCount":0,"image":{"@id":"https:\/\/lagnoticias.com\/2025\/09\/11\/exportaciones-de-centroamerica-aumentan-12-7-hasta-marzo-impulsadas-por-cafe-bananos-e-instrumentos-medicos\/#primaryimage"},"thumbnailUrl":"https:\/\/lagnoticias.com\/wp-content\/uploads\/2025\/09\/7-11.jpg","keywords":["CENTROAM\u00c9RICA","ECONOM\u00cdA","EXPORTACIONES","SIECA"],"articleSection":["INTERNACIONALES"],"inLanguage":"en-US","potentialAction":[{"@type":"CommentAction","name":"Comment","target":["https:\/\/lagnoticias.com\/2025\/09\/11\/exportaciones-de-centroamerica-aumentan-12-7-hasta-marzo-impulsadas-por-cafe-bananos-e-instrumentos-medicos\/#respond"]}]},{"@type":"WebPage","@id":"https:\/\/lagnoticias.com\/2025\/09\/11\/exportaciones-de-centroamerica-aumentan-12-7-hasta-marzo-impulsadas-por-cafe-bananos-e-instrumentos-medicos\/","url":"https:\/\/lagnoticias.com\/2025\/09\/11\/exportaciones-de-centroamerica-aumentan-12-7-hasta-marzo-impulsadas-por-cafe-bananos-e-instrumentos-medicos\/","name":"Exportaciones de Centroam\u00e9rica aumentan 12.7 % hasta marzo, impulsadas por caf\u00e9, bananos e instrumentos m\u00e9dicos - La G Noticias","isPartOf":{"@id":"https:\/\/lagnoticias.com\/#website"},"primaryImageOfPage":{"@id":"https:\/\/lagnoticias.com\/2025\/09\/11\/exportaciones-de-centroamerica-aumentan-12-7-hasta-marzo-impulsadas-por-cafe-bananos-e-instrumentos-medicos\/#primaryimage"},"image":{"@id":"https:\/\/lagnoticias.com\/2025\/09\/11\/exportaciones-de-centroamerica-aumentan-12-7-hasta-marzo-impulsadas-por-cafe-bananos-e-instrumentos-medicos\/#primaryimage"},"thumbnailUrl":"https:\/\/lagnoticias.com\/wp-content\/uploads\/2025\/09\/7-11.jpg","datePublished":"2025-09-11T14:35:01+00:00","dateModified":"2025-09-11T14:35:02+00:00","author":{"@id":"https:\/\/lagnoticias.com\/#\/schema\/person\/cb9bfe13f8de05d2c55270be25c6a550"},"breadcrumb":{"@id":"https:\/\/lagnoticias.com\/2025\/09\/11\/exportaciones-de-centroamerica-aumentan-12-7-hasta-marzo-impulsadas-por-cafe-bananos-e-instrumentos-medicos\/#breadcrumb"},"inLanguage":"en-US","potentialAction":[{"@type":"ReadAction","target":["https:\/\/lagnoticias.com\/2025\/09\/11\/exportaciones-de-centroamerica-aumentan-12-7-hasta-marzo-impulsadas-por-cafe-bananos-e-instrumentos-medicos\/"]}]},{"@type":"ImageObject","inLanguage":"en-US","@id":"https:\/\/lagnoticias.com\/2025\/09\/11\/exportaciones-de-centroamerica-aumentan-12-7-hasta-marzo-impulsadas-por-cafe-bananos-e-instrumentos-medicos\/#primaryimage","url":"https:\/\/lagnoticias.com\/wp-content\/uploads\/2025\/09\/7-11.jpg","contentUrl":"https:\/\/lagnoticias.com\/wp-content\/uploads\/2025\/09\/7-11.jpg","width":586,"height":283},{"@type":"BreadcrumbList","@id":"https:\/\/lagnoticias.com\/2025\/09\/11\/exportaciones-de-centroamerica-aumentan-12-7-hasta-marzo-impulsadas-por-cafe-bananos-e-instrumentos-medicos\/#breadcrumb","itemListElement":[{"@type":"ListItem","position":1,"name":"Portada","item":"https:\/\/lagnoticias.com\/"},{"@type":"ListItem","position":2,"name":"Exportaciones de Centroam\u00e9rica aumentan 12.7 % hasta marzo, impulsadas por caf\u00e9, bananos e instrumentos m\u00e9dicos"}]},{"@type":"WebSite","@id":"https:\/\/lagnoticias.com\/#website","url":"https:\/\/lagnoticias.com\/","name":"La G Noticias","description":"Noticias Positivas","potentialAction":[{"@type":"SearchAction","target":{"@type":"EntryPoint","urlTemplate":"https:\/\/lagnoticias.com\/?s={search_term_string}"},"query-input":{"@type":"PropertyValueSpecification","valueRequired":true,"valueName":"search_term_string"}}],"inLanguage":"en-US"},{"@type":"Person","@id":"https:\/\/lagnoticias.com\/#\/schema\/person\/cb9bfe13f8de05d2c55270be25c6a550","name":"Oscar","image":{"@type":"ImageObject","inLanguage":"en-US","@id":"https:\/\/secure.gravatar.com\/avatar\/45c195718f652dc7ffdd591dc1f2678956ab7fdadcd359a635edc61304a8c757?s=96&d=mm&r=g","url":"https:\/\/secure.gravatar.com\/avatar\/45c195718f652dc7ffdd591dc1f2678956ab7fdadcd359a635edc61304a8c757?s=96&d=mm&r=g","contentUrl":"https:\/\/secure.gravatar.com\/avatar\/45c195718f652dc7ffdd591dc1f2678956ab7fdadcd359a635edc61304a8c757?s=96&d=mm&r=g","caption":"Oscar"},"url":"https:\/\/lagnoticias.com\/en\/author\/oscar\/"}]}},"_links":{"self":[{"href":"https:\/\/lagnoticias.com\/en\/wp-json\/wp\/v2\/posts\/4902","targetHints":{"allow":["GET"]}}],"collection":[{"href":"https:\/\/lagnoticias.com\/en\/wp-json\/wp\/v2\/posts"}],"about":[{"href":"https:\/\/lagnoticias.com\/en\/wp-json\/wp\/v2\/types\/post"}],"author":[{"embeddable":true,"href":"https:\/\/lagnoticias.com\/en\/wp-json\/wp\/v2\/users\/2"}],"replies":[{"embeddable":true,"href":"https:\/\/lagnoticias.com\/en\/wp-json\/wp\/v2\/comments?post=4902"}],"version-history":[{"count":1,"href":"https:\/\/lagnoticias.com\/en\/wp-json\/wp\/v2\/posts\/4902\/revisions"}],"predecessor-version":[{"id":4904,"href":"https:\/\/lagnoticias.com\/en\/wp-json\/wp\/v2\/posts\/4902\/revisions\/4904"}],"wp:featuredmedia":[{"embeddable":true,"href":"https:\/\/lagnoticias.com\/en\/wp-json\/wp\/v2\/media\/4903"}],"wp:attachment":[{"href":"https:\/\/lagnoticias.com\/en\/wp-json\/wp\/v2\/media?parent=4902"}],"wp:term":[{"taxonomy":"category","embeddable":true,"href":"https:\/\/lagnoticias.com\/en\/wp-json\/wp\/v2\/categories?post=4902"},{"taxonomy":"post_tag","embeddable":true,"href":"https:\/\/lagnoticias.com\/en\/wp-json\/wp\/v2\/tags?post=4902"}],"curies":[{"name":"wp","href":"https:\/\/api.w.org\/{rel}","templated":true}]}}