{"id":4899,"date":"2025-09-10T16:25:15","date_gmt":"2025-09-10T22:25:15","guid":{"rendered":"https:\/\/lagnoticias.com\/?p=4899"},"modified":"2025-09-10T16:25:16","modified_gmt":"2025-09-10T22:25:16","slug":"muere-activista-charlie-kirk-aliado-de-trump-tras-tiroteo","status":"publish","type":"post","link":"https:\/\/lagnoticias.com\/en\/2025\/09\/10\/muere-activista-charlie-kirk-aliado-de-trump-tras-tiroteo\/","title":{"rendered":"Muere activista Charlie Kirk, aliado de Trump, tras tiroteo"},"content":{"rendered":"<p>El comentarista y activista conservador Charlie Kirk, un estrecho aliado del presidente de Estados Unidos,&nbsp;Donald Trump, fue asesinado este mi\u00e9rcoles de un&nbsp;disparo&nbsp;en el cuello durante un evento en una universidad de Utah.<\/p>\n\n\n\n<p>\u00abEl gran, e incluso legendario, Charlie Kirk ha fallecido\u00bb, confirm\u00f3 el propio Trump en la plataforma Truth Social.<\/p>\n\n\n\n<p>\u00abNadie comprendi\u00f3 ni tuvo el Coraz\u00f3n de la Juventud en Estados Unidos mejor que Charlie.<\/p>\n\n\n\n<p>Fue querido y admirado por todos, especialmente por m\u00ed, y ahora ya no est\u00e1 con nosotros. Melania y yo expresamos nuestro m\u00e1s sentido p\u00e9same a su hermosa esposa Erika y a su familia. <\/p>\n\n\n\n<p>\u00a1Charlie, te queremos!\u00bb, agreg\u00f3 Trump.<\/p>\n\n\n\n<p>Seg\u00fan videos difundidos en redes sociales, Kirk sufri\u00f3 un disparo en el cuello mientras participaba en un debate en la Universidad Utah Valley (UVU) frente a centenares de personas.<\/p>\n\n\n\n<p>Aunque la universidad inform\u00f3 en un principio que una persona hab\u00eda sido arrestada, el peri\u00f3dico The New York Times detall\u00f3 que la persona detenida no es el autor del disparo.<\/p>\n\n\n\n<p>El activista fue trasladado en estado cr\u00edtico al hospital de Timpanogos, en la ciudad de Oren.<\/p>\n\n\n\n<h2 class=\"wp-block-heading\">Promotor de valores conservadores entre estudiantes<\/h2>\n\n\n\n<p>Tanto Trump como Real America&#8217;s Voice, un canal de televisi\u00f3n en el que trabajaba Kirk, confirmaron su fallecimiento.<\/p>\n\n\n\n<p>Nacido en octubre de 1993 en Illinois, casado y padre de dos hijos, Kirk era un activista, escritor y comentarista conocido principalmente por haber fundado Turning Point, una organizaci\u00f3n estudiantil que promueve los valores conservadores.<\/p>\n\n\n\n<p>El comentarista sol\u00eda participar en debates universitarios en el que confrontaba sus ideas con las de estudiantes progresistas.<\/p>\n\n\n\n<p>Kirk prest\u00f3 adem\u00e1s su apoyo a Trump en varios de sus m\u00edtines de campa\u00f1a electoral del a\u00f1o pasado y estuvo presente en la ceremonia de investidura del hoy presidente.<\/p>\n\n\n\n<p>Tras conocerse la noticia del tiroteo, las principales figuras del Partido Republicano pidieron orar por \u00e9l, mientras que desde el Partido Dem\u00f3crata condenaron la violencia pol\u00edtica en todas sus formas.&nbsp;<\/p>","protected":false},"excerpt":{"rendered":"<p>Kirk recibi\u00f3 un disparo cuando participaba como ponente invitado en un acto de la Universidad Utah Valley.<\/p>","protected":false},"author":2,"featured_media":4900,"comment_status":"open","ping_status":"open","sticky":false,"template":"","format":"standard","meta":{"_et_pb_use_builder":"off","_et_pb_old_content":"","_et_gb_content_width":"","footnotes":""},"categories":[245],"tags":[950,272,260,656],"class_list":["post-4899","post","type-post","status-publish","format-standard","has-post-thumbnail","hentry","category-internacionales","tag-activista","tag-donald-trump","tag-estados-unidos","tag-tiroteo"],"yoast_head":"<!-- This site is optimized with the Yoast SEO plugin v27.4 - https:\/\/yoast.com\/product\/yoast-seo-wordpress\/ -->\n<title>Muere activista Charlie Kirk, aliado de Trump, tras tiroteo - La G Noticias<\/title>\n<meta name=\"robots\" content=\"index, follow, max-snippet:-1, max-image-preview:large, max-video-preview:-1\" \/>\n<link rel=\"canonical\" href=\"https:\/\/lagnoticias.com\/en\/2025\/09\/10\/muere-activista-charlie-kirk-aliado-de-trump-tras-tiroteo\/\" \/>\n<meta property=\"og:locale\" content=\"en_US\" \/>\n<meta property=\"og:type\" content=\"article\" \/>\n<meta property=\"og:title\" content=\"Muere activista Charlie Kirk, aliado de Trump, tras tiroteo - La G Noticias\" \/>\n<meta property=\"og:description\" content=\"Kirk recibi\u00f3 un disparo cuando participaba como ponente invitado en un acto de la Universidad Utah Valley.\" \/>\n<meta property=\"og:url\" content=\"https:\/\/lagnoticias.com\/en\/2025\/09\/10\/muere-activista-charlie-kirk-aliado-de-trump-tras-tiroteo\/\" \/>\n<meta property=\"og:site_name\" content=\"La G Noticias\" \/>\n<meta property=\"article:publisher\" content=\"https:\/\/www.facebook.com\/LaGNoticias\" \/>\n<meta property=\"article:published_time\" content=\"2025-09-10T22:25:15+00:00\" \/>\n<meta property=\"article:modified_time\" content=\"2025-09-10T22:25:16+00:00\" \/>\n<meta property=\"og:image\" content=\"https:\/\/lagnoticias.com\/wp-content\/uploads\/2025\/09\/6-5.jpg\" \/>\n\t<meta property=\"og:image:width\" content=\"1000\" \/>\n\t<meta property=\"og:image:height\" content=\"504\" \/>\n\t<meta property=\"og:image:type\" content=\"image\/jpeg\" \/>\n<meta name=\"author\" content=\"Oscar\" \/>\n<meta name=\"twitter:card\" content=\"summary_large_image\" \/>\n<meta name=\"twitter:creator\" content=\"@lagnoticias\" \/>\n<meta name=\"twitter:site\" content=\"@lagnoticias\" \/>\n<meta name=\"twitter:label1\" content=\"Written by\" \/>\n\t<meta name=\"twitter:data1\" content=\"Oscar\" \/>\n\t<meta name=\"twitter:label2\" content=\"Est. reading time\" \/>\n\t<meta name=\"twitter:data2\" content=\"2 minutes\" \/>\n<script type=\"application\/ld+json\" class=\"yoast-schema-graph\">{\"@context\":\"https:\\\/\\\/schema.org\",\"@graph\":[{\"@type\":\"Article\",\"@id\":\"https:\\\/\\\/lagnoticias.com\\\/2025\\\/09\\\/10\\\/muere-activista-charlie-kirk-aliado-de-trump-tras-tiroteo\\\/#article\",\"isPartOf\":{\"@id\":\"https:\\\/\\\/lagnoticias.com\\\/2025\\\/09\\\/10\\\/muere-activista-charlie-kirk-aliado-de-trump-tras-tiroteo\\\/\"},\"author\":{\"name\":\"Oscar\",\"@id\":\"https:\\\/\\\/lagnoticias.com\\\/#\\\/schema\\\/person\\\/cb9bfe13f8de05d2c55270be25c6a550\"},\"headline\":\"Muere activista Charlie Kirk, aliado de Trump, tras tiroteo\",\"datePublished\":\"2025-09-10T22:25:15+00:00\",\"dateModified\":\"2025-09-10T22:25:16+00:00\",\"mainEntityOfPage\":{\"@id\":\"https:\\\/\\\/lagnoticias.com\\\/2025\\\/09\\\/10\\\/muere-activista-charlie-kirk-aliado-de-trump-tras-tiroteo\\\/\"},\"wordCount\":347,\"commentCount\":0,\"image\":{\"@id\":\"https:\\\/\\\/lagnoticias.com\\\/2025\\\/09\\\/10\\\/muere-activista-charlie-kirk-aliado-de-trump-tras-tiroteo\\\/#primaryimage\"},\"thumbnailUrl\":\"https:\\\/\\\/lagnoticias.com\\\/wp-content\\\/uploads\\\/2025\\\/09\\\/6-5.jpg\",\"keywords\":[\"activista\",\"DONALD TRUMP\",\"ESTADOS UNIDOS\",\"TIROTEO\"],\"articleSection\":[\"INTERNACIONALES\"],\"inLanguage\":\"en-US\",\"potentialAction\":[{\"@type\":\"CommentAction\",\"name\":\"Comment\",\"target\":[\"https:\\\/\\\/lagnoticias.com\\\/2025\\\/09\\\/10\\\/muere-activista-charlie-kirk-aliado-de-trump-tras-tiroteo\\\/#respond\"]}]},{\"@type\":\"WebPage\",\"@id\":\"https:\\\/\\\/lagnoticias.com\\\/2025\\\/09\\\/10\\\/muere-activista-charlie-kirk-aliado-de-trump-tras-tiroteo\\\/\",\"url\":\"https:\\\/\\\/lagnoticias.com\\\/2025\\\/09\\\/10\\\/muere-activista-charlie-kirk-aliado-de-trump-tras-tiroteo\\\/\",\"name\":\"Muere activista Charlie Kirk, aliado de Trump, tras tiroteo - La G Noticias\",\"isPartOf\":{\"@id\":\"https:\\\/\\\/lagnoticias.com\\\/#website\"},\"primaryImageOfPage\":{\"@id\":\"https:\\\/\\\/lagnoticias.com\\\/2025\\\/09\\\/10\\\/muere-activista-charlie-kirk-aliado-de-trump-tras-tiroteo\\\/#primaryimage\"},\"image\":{\"@id\":\"https:\\\/\\\/lagnoticias.com\\\/2025\\\/09\\\/10\\\/muere-activista-charlie-kirk-aliado-de-trump-tras-tiroteo\\\/#primaryimage\"},\"thumbnailUrl\":\"https:\\\/\\\/lagnoticias.com\\\/wp-content\\\/uploads\\\/2025\\\/09\\\/6-5.jpg\",\"datePublished\":\"2025-09-10T22:25:15+00:00\",\"dateModified\":\"2025-09-10T22:25:16+00:00\",\"author\":{\"@id\":\"https:\\\/\\\/lagnoticias.com\\\/#\\\/schema\\\/person\\\/cb9bfe13f8de05d2c55270be25c6a550\"},\"breadcrumb\":{\"@id\":\"https:\\\/\\\/lagnoticias.com\\\/2025\\\/09\\\/10\\\/muere-activista-charlie-kirk-aliado-de-trump-tras-tiroteo\\\/#breadcrumb\"},\"inLanguage\":\"en-US\",\"potentialAction\":[{\"@type\":\"ReadAction\",\"target\":[\"https:\\\/\\\/lagnoticias.com\\\/2025\\\/09\\\/10\\\/muere-activista-charlie-kirk-aliado-de-trump-tras-tiroteo\\\/\"]}]},{\"@type\":\"ImageObject\",\"inLanguage\":\"en-US\",\"@id\":\"https:\\\/\\\/lagnoticias.com\\\/2025\\\/09\\\/10\\\/muere-activista-charlie-kirk-aliado-de-trump-tras-tiroteo\\\/#primaryimage\",\"url\":\"https:\\\/\\\/lagnoticias.com\\\/wp-content\\\/uploads\\\/2025\\\/09\\\/6-5.jpg\",\"contentUrl\":\"https:\\\/\\\/lagnoticias.com\\\/wp-content\\\/uploads\\\/2025\\\/09\\\/6-5.jpg\",\"width\":1000,\"height\":504},{\"@type\":\"BreadcrumbList\",\"@id\":\"https:\\\/\\\/lagnoticias.com\\\/2025\\\/09\\\/10\\\/muere-activista-charlie-kirk-aliado-de-trump-tras-tiroteo\\\/#breadcrumb\",\"itemListElement\":[{\"@type\":\"ListItem\",\"position\":1,\"name\":\"Portada\",\"item\":\"https:\\\/\\\/lagnoticias.com\\\/\"},{\"@type\":\"ListItem\",\"position\":2,\"name\":\"Muere activista Charlie Kirk, aliado de Trump, tras tiroteo\"}]},{\"@type\":\"WebSite\",\"@id\":\"https:\\\/\\\/lagnoticias.com\\\/#website\",\"url\":\"https:\\\/\\\/lagnoticias.com\\\/\",\"name\":\"La G Noticias\",\"description\":\"Noticias Positivas\",\"potentialAction\":[{\"@type\":\"SearchAction\",\"target\":{\"@type\":\"EntryPoint\",\"urlTemplate\":\"https:\\\/\\\/lagnoticias.com\\\/?s={search_term_string}\"},\"query-input\":{\"@type\":\"PropertyValueSpecification\",\"valueRequired\":true,\"valueName\":\"search_term_string\"}}],\"inLanguage\":\"en-US\"},{\"@type\":\"Person\",\"@id\":\"https:\\\/\\\/lagnoticias.com\\\/#\\\/schema\\\/person\\\/cb9bfe13f8de05d2c55270be25c6a550\",\"name\":\"Oscar\",\"image\":{\"@type\":\"ImageObject\",\"inLanguage\":\"en-US\",\"@id\":\"https:\\\/\\\/secure.gravatar.com\\\/avatar\\\/45c195718f652dc7ffdd591dc1f2678956ab7fdadcd359a635edc61304a8c757?s=96&d=mm&r=g\",\"url\":\"https:\\\/\\\/secure.gravatar.com\\\/avatar\\\/45c195718f652dc7ffdd591dc1f2678956ab7fdadcd359a635edc61304a8c757?s=96&d=mm&r=g\",\"contentUrl\":\"https:\\\/\\\/secure.gravatar.com\\\/avatar\\\/45c195718f652dc7ffdd591dc1f2678956ab7fdadcd359a635edc61304a8c757?s=96&d=mm&r=g\",\"caption\":\"Oscar\"},\"url\":\"https:\\\/\\\/lagnoticias.com\\\/en\\\/author\\\/oscar\\\/\"}]}<\/script>\n<!-- \/ Yoast SEO plugin. -->","yoast_head_json":{"title":"Muere activista Charlie Kirk, aliado de Trump, tras tiroteo - La G Noticias","robots":{"index":"index","follow":"follow","max-snippet":"max-snippet:-1","max-image-preview":"max-image-preview:large","max-video-preview":"max-video-preview:-1"},"canonical":"https:\/\/lagnoticias.com\/en\/2025\/09\/10\/muere-activista-charlie-kirk-aliado-de-trump-tras-tiroteo\/","og_locale":"en_US","og_type":"article","og_title":"Muere activista Charlie Kirk, aliado de Trump, tras tiroteo - La G Noticias","og_description":"Kirk recibi\u00f3 un disparo cuando participaba como ponente invitado en un acto de la Universidad Utah Valley.","og_url":"https:\/\/lagnoticias.com\/en\/2025\/09\/10\/muere-activista-charlie-kirk-aliado-de-trump-tras-tiroteo\/","og_site_name":"La G Noticias","article_publisher":"https:\/\/www.facebook.com\/LaGNoticias","article_published_time":"2025-09-10T22:25:15+00:00","article_modified_time":"2025-09-10T22:25:16+00:00","og_image":[{"width":1000,"height":504,"url":"https:\/\/lagnoticias.com\/wp-content\/uploads\/2025\/09\/6-5.jpg","type":"image\/jpeg"}],"author":"Oscar","twitter_card":"summary_large_image","twitter_creator":"@lagnoticias","twitter_site":"@lagnoticias","twitter_misc":{"Written by":"Oscar","Est. reading time":"2 minutes"},"schema":{"@context":"https:\/\/schema.org","@graph":[{"@type":"Article","@id":"https:\/\/lagnoticias.com\/2025\/09\/10\/muere-activista-charlie-kirk-aliado-de-trump-tras-tiroteo\/#article","isPartOf":{"@id":"https:\/\/lagnoticias.com\/2025\/09\/10\/muere-activista-charlie-kirk-aliado-de-trump-tras-tiroteo\/"},"author":{"name":"Oscar","@id":"https:\/\/lagnoticias.com\/#\/schema\/person\/cb9bfe13f8de05d2c55270be25c6a550"},"headline":"Muere activista Charlie Kirk, aliado de Trump, tras tiroteo","datePublished":"2025-09-10T22:25:15+00:00","dateModified":"2025-09-10T22:25:16+00:00","mainEntityOfPage":{"@id":"https:\/\/lagnoticias.com\/2025\/09\/10\/muere-activista-charlie-kirk-aliado-de-trump-tras-tiroteo\/"},"wordCount":347,"commentCount":0,"image":{"@id":"https:\/\/lagnoticias.com\/2025\/09\/10\/muere-activista-charlie-kirk-aliado-de-trump-tras-tiroteo\/#primaryimage"},"thumbnailUrl":"https:\/\/lagnoticias.com\/wp-content\/uploads\/2025\/09\/6-5.jpg","keywords":["activista","DONALD TRUMP","ESTADOS UNIDOS","TIROTEO"],"articleSection":["INTERNACIONALES"],"inLanguage":"en-US","potentialAction":[{"@type":"CommentAction","name":"Comment","target":["https:\/\/lagnoticias.com\/2025\/09\/10\/muere-activista-charlie-kirk-aliado-de-trump-tras-tiroteo\/#respond"]}]},{"@type":"WebPage","@id":"https:\/\/lagnoticias.com\/2025\/09\/10\/muere-activista-charlie-kirk-aliado-de-trump-tras-tiroteo\/","url":"https:\/\/lagnoticias.com\/2025\/09\/10\/muere-activista-charlie-kirk-aliado-de-trump-tras-tiroteo\/","name":"Muere activista Charlie Kirk, aliado de Trump, tras tiroteo - La G Noticias","isPartOf":{"@id":"https:\/\/lagnoticias.com\/#website"},"primaryImageOfPage":{"@id":"https:\/\/lagnoticias.com\/2025\/09\/10\/muere-activista-charlie-kirk-aliado-de-trump-tras-tiroteo\/#primaryimage"},"image":{"@id":"https:\/\/lagnoticias.com\/2025\/09\/10\/muere-activista-charlie-kirk-aliado-de-trump-tras-tiroteo\/#primaryimage"},"thumbnailUrl":"https:\/\/lagnoticias.com\/wp-content\/uploads\/2025\/09\/6-5.jpg","datePublished":"2025-09-10T22:25:15+00:00","dateModified":"2025-09-10T22:25:16+00:00","author":{"@id":"https:\/\/lagnoticias.com\/#\/schema\/person\/cb9bfe13f8de05d2c55270be25c6a550"},"breadcrumb":{"@id":"https:\/\/lagnoticias.com\/2025\/09\/10\/muere-activista-charlie-kirk-aliado-de-trump-tras-tiroteo\/#breadcrumb"},"inLanguage":"en-US","potentialAction":[{"@type":"ReadAction","target":["https:\/\/lagnoticias.com\/2025\/09\/10\/muere-activista-charlie-kirk-aliado-de-trump-tras-tiroteo\/"]}]},{"@type":"ImageObject","inLanguage":"en-US","@id":"https:\/\/lagnoticias.com\/2025\/09\/10\/muere-activista-charlie-kirk-aliado-de-trump-tras-tiroteo\/#primaryimage","url":"https:\/\/lagnoticias.com\/wp-content\/uploads\/2025\/09\/6-5.jpg","contentUrl":"https:\/\/lagnoticias.com\/wp-content\/uploads\/2025\/09\/6-5.jpg","width":1000,"height":504},{"@type":"BreadcrumbList","@id":"https:\/\/lagnoticias.com\/2025\/09\/10\/muere-activista-charlie-kirk-aliado-de-trump-tras-tiroteo\/#breadcrumb","itemListElement":[{"@type":"ListItem","position":1,"name":"Portada","item":"https:\/\/lagnoticias.com\/"},{"@type":"ListItem","position":2,"name":"Muere activista Charlie Kirk, aliado de Trump, tras tiroteo"}]},{"@type":"WebSite","@id":"https:\/\/lagnoticias.com\/#website","url":"https:\/\/lagnoticias.com\/","name":"La G Noticias","description":"Noticias Positivas","potentialAction":[{"@type":"SearchAction","target":{"@type":"EntryPoint","urlTemplate":"https:\/\/lagnoticias.com\/?s={search_term_string}"},"query-input":{"@type":"PropertyValueSpecification","valueRequired":true,"valueName":"search_term_string"}}],"inLanguage":"en-US"},{"@type":"Person","@id":"https:\/\/lagnoticias.com\/#\/schema\/person\/cb9bfe13f8de05d2c55270be25c6a550","name":"Oscar","image":{"@type":"ImageObject","inLanguage":"en-US","@id":"https:\/\/secure.gravatar.com\/avatar\/45c195718f652dc7ffdd591dc1f2678956ab7fdadcd359a635edc61304a8c757?s=96&d=mm&r=g","url":"https:\/\/secure.gravatar.com\/avatar\/45c195718f652dc7ffdd591dc1f2678956ab7fdadcd359a635edc61304a8c757?s=96&d=mm&r=g","contentUrl":"https:\/\/secure.gravatar.com\/avatar\/45c195718f652dc7ffdd591dc1f2678956ab7fdadcd359a635edc61304a8c757?s=96&d=mm&r=g","caption":"Oscar"},"url":"https:\/\/lagnoticias.com\/en\/author\/oscar\/"}]}},"_links":{"self":[{"href":"https:\/\/lagnoticias.com\/en\/wp-json\/wp\/v2\/posts\/4899","targetHints":{"allow":["GET"]}}],"collection":[{"href":"https:\/\/lagnoticias.com\/en\/wp-json\/wp\/v2\/posts"}],"about":[{"href":"https:\/\/lagnoticias.com\/en\/wp-json\/wp\/v2\/types\/post"}],"author":[{"embeddable":true,"href":"https:\/\/lagnoticias.com\/en\/wp-json\/wp\/v2\/users\/2"}],"replies":[{"embeddable":true,"href":"https:\/\/lagnoticias.com\/en\/wp-json\/wp\/v2\/comments?post=4899"}],"version-history":[{"count":1,"href":"https:\/\/lagnoticias.com\/en\/wp-json\/wp\/v2\/posts\/4899\/revisions"}],"predecessor-version":[{"id":4901,"href":"https:\/\/lagnoticias.com\/en\/wp-json\/wp\/v2\/posts\/4899\/revisions\/4901"}],"wp:featuredmedia":[{"embeddable":true,"href":"https:\/\/lagnoticias.com\/en\/wp-json\/wp\/v2\/media\/4900"}],"wp:attachment":[{"href":"https:\/\/lagnoticias.com\/en\/wp-json\/wp\/v2\/media?parent=4899"}],"wp:term":[{"taxonomy":"category","embeddable":true,"href":"https:\/\/lagnoticias.com\/en\/wp-json\/wp\/v2\/categories?post=4899"},{"taxonomy":"post_tag","embeddable":true,"href":"https:\/\/lagnoticias.com\/en\/wp-json\/wp\/v2\/tags?post=4899"}],"curies":[{"name":"wp","href":"https:\/\/api.w.org\/{rel}","templated":true}]}}