{"id":4896,"date":"2025-09-10T16:15:57","date_gmt":"2025-09-10T22:15:57","guid":{"rendered":"https:\/\/lagnoticias.com\/?p=4896"},"modified":"2025-09-10T16:15:57","modified_gmt":"2025-09-10T22:15:57","slug":"karol-g-andrea-bocelli-y-john-legend-se-presentaran-en-el-vaticano","status":"publish","type":"post","link":"https:\/\/lagnoticias.com\/en\/2025\/09\/10\/karol-g-andrea-bocelli-y-john-legend-se-presentaran-en-el-vaticano\/","title":{"rendered":"Karol G, Andrea Bocelli y John Legend se presentar\u00e1n en el Vaticano"},"content":{"rendered":"<p>Karol G,&nbsp;Andrea Bocelli&nbsp;y&nbsp;John Legend&nbsp;se presentar\u00e1n en el&nbsp;Vaticano&nbsp;para el cierre del&nbsp;Encuentro Mundial sobre la Fraternidad Humana y a la celebraci\u00f3n del A\u00f1o Jubilar 2025.<\/p>\n\n\n\n<p>Este show se transmitir\u00e1 en vivo para Latinoam\u00e9rica exclusivamente por&nbsp;Disney+&nbsp;a partir del 13 de septiembre a las 13:00 hrs.<\/p>\n\n\n\n<p>Codirigido por&nbsp;Pharrell Williams y el Maestro Andrea Bocelli, este concierto se llevar\u00e1 a cabo por primera vez en la historia en la&nbsp;Plaza de San Pedro.<\/p>\n\n\n\n<h2 class=\"wp-block-heading\">Apoyo del vaticano<\/h2>\n\n\n\n<p>Con el apoyo del Vaticano, tambi\u00e9n se presenta el coro&nbsp;g\u00f3spel Voices of Fire, Clipse, Teddy Swims, Jelly Roll, el Coro de la Di\u00f3cesis de Roma dirigido por el Maestro Marco Frisina, Ang\u00e9lique Kidjo, Jennifer Hudson y BamBam.<\/p>\n\n\n\n<p>Se realizar\u00e1 un show de drones a\u00e9reos y luces a cargo de Nova Sky Stories, con im\u00e1genes inspiradas en la Capilla Sixtina.<\/p>\n\n\n\n<p>Con el apoyo del Vaticano, el concierto unir\u00e1 m\u00fasica, reflexi\u00f3n y narraci\u00f3n visual en una experiencia \u00fanica en vivo.<\/p>\n\n\n\n<p>El concierto estar\u00e1 disponible para volver a ver en Disney+ hasta el 27 de septiembre.<\/p>","protected":false},"excerpt":{"rendered":"<p>Ser\u00e1 en la Plaza de San Pedro para el cierre del Encuentro Mundial sobre la Fraternidad Humana y a la celebraci\u00f3n del A\u00f1o Jubilar 2025.<\/p>","protected":false},"author":2,"featured_media":4897,"comment_status":"open","ping_status":"open","sticky":false,"template":"","format":"standard","meta":{"_et_pb_use_builder":"off","_et_pb_old_content":"","_et_gb_content_width":"","footnotes":""},"categories":[249],"tags":[949,756,948,947],"class_list":["post-4896","post","type-post","status-publish","format-standard","has-post-thumbnail","hentry","category-entretenimiento","tag-ano-jubilar-2025","tag-concierto","tag-karol-g","tag-vaticano"],"yoast_head":"<!-- This site is optimized with the Yoast SEO plugin v27.4 - https:\/\/yoast.com\/product\/yoast-seo-wordpress\/ -->\n<title>Karol G, Andrea Bocelli y John Legend se presentar\u00e1n en el Vaticano - La G Noticias<\/title>\n<meta name=\"robots\" content=\"index, follow, max-snippet:-1, max-image-preview:large, max-video-preview:-1\" \/>\n<link rel=\"canonical\" href=\"https:\/\/lagnoticias.com\/en\/2025\/09\/10\/karol-g-andrea-bocelli-y-john-legend-se-presentaran-en-el-vaticano\/\" \/>\n<meta property=\"og:locale\" content=\"en_US\" \/>\n<meta property=\"og:type\" content=\"article\" \/>\n<meta property=\"og:title\" content=\"Karol G, Andrea Bocelli y John Legend se presentar\u00e1n en el Vaticano - La G Noticias\" \/>\n<meta property=\"og:description\" content=\"Ser\u00e1 en la Plaza de San Pedro para el cierre del Encuentro Mundial sobre la Fraternidad Humana y a la celebraci\u00f3n del A\u00f1o Jubilar 2025.\" \/>\n<meta property=\"og:url\" content=\"https:\/\/lagnoticias.com\/en\/2025\/09\/10\/karol-g-andrea-bocelli-y-john-legend-se-presentaran-en-el-vaticano\/\" \/>\n<meta property=\"og:site_name\" content=\"La G Noticias\" \/>\n<meta property=\"article:publisher\" content=\"https:\/\/www.facebook.com\/LaGNoticias\" \/>\n<meta property=\"article:published_time\" content=\"2025-09-10T22:15:57+00:00\" \/>\n<meta property=\"og:image\" content=\"https:\/\/lagnoticias.com\/wp-content\/uploads\/2025\/09\/9.jpeg\" \/>\n\t<meta property=\"og:image:width\" content=\"1005\" \/>\n\t<meta property=\"og:image:height\" content=\"670\" \/>\n\t<meta property=\"og:image:type\" content=\"image\/jpeg\" \/>\n<meta name=\"author\" content=\"Oscar\" \/>\n<meta name=\"twitter:card\" content=\"summary_large_image\" \/>\n<meta name=\"twitter:creator\" content=\"@lagnoticias\" \/>\n<meta name=\"twitter:site\" content=\"@lagnoticias\" \/>\n<meta name=\"twitter:label1\" content=\"Written by\" \/>\n\t<meta name=\"twitter:data1\" content=\"Oscar\" \/>\n\t<meta name=\"twitter:label2\" content=\"Est. reading time\" \/>\n\t<meta name=\"twitter:data2\" content=\"2 minutes\" \/>\n<script type=\"application\/ld+json\" class=\"yoast-schema-graph\">{\"@context\":\"https:\\\/\\\/schema.org\",\"@graph\":[{\"@type\":\"Article\",\"@id\":\"https:\\\/\\\/lagnoticias.com\\\/2025\\\/09\\\/10\\\/karol-g-andrea-bocelli-y-john-legend-se-presentaran-en-el-vaticano\\\/#article\",\"isPartOf\":{\"@id\":\"https:\\\/\\\/lagnoticias.com\\\/2025\\\/09\\\/10\\\/karol-g-andrea-bocelli-y-john-legend-se-presentaran-en-el-vaticano\\\/\"},\"author\":{\"name\":\"Oscar\",\"@id\":\"https:\\\/\\\/lagnoticias.com\\\/#\\\/schema\\\/person\\\/cb9bfe13f8de05d2c55270be25c6a550\"},\"headline\":\"Karol G, Andrea Bocelli y John Legend se presentar\u00e1n en el Vaticano\",\"datePublished\":\"2025-09-10T22:15:57+00:00\",\"mainEntityOfPage\":{\"@id\":\"https:\\\/\\\/lagnoticias.com\\\/2025\\\/09\\\/10\\\/karol-g-andrea-bocelli-y-john-legend-se-presentaran-en-el-vaticano\\\/\"},\"wordCount\":209,\"commentCount\":0,\"image\":{\"@id\":\"https:\\\/\\\/lagnoticias.com\\\/2025\\\/09\\\/10\\\/karol-g-andrea-bocelli-y-john-legend-se-presentaran-en-el-vaticano\\\/#primaryimage\"},\"thumbnailUrl\":\"https:\\\/\\\/lagnoticias.com\\\/wp-content\\\/uploads\\\/2025\\\/09\\\/9.jpeg\",\"keywords\":[\"A\u00f1o Jubilar 2025\",\"CONCIERTO\",\"KAROL G\",\"VATICANO\"],\"articleSection\":[\"ENTRETENIMIENTO\"],\"inLanguage\":\"en-US\",\"potentialAction\":[{\"@type\":\"CommentAction\",\"name\":\"Comment\",\"target\":[\"https:\\\/\\\/lagnoticias.com\\\/2025\\\/09\\\/10\\\/karol-g-andrea-bocelli-y-john-legend-se-presentaran-en-el-vaticano\\\/#respond\"]}]},{\"@type\":\"WebPage\",\"@id\":\"https:\\\/\\\/lagnoticias.com\\\/2025\\\/09\\\/10\\\/karol-g-andrea-bocelli-y-john-legend-se-presentaran-en-el-vaticano\\\/\",\"url\":\"https:\\\/\\\/lagnoticias.com\\\/2025\\\/09\\\/10\\\/karol-g-andrea-bocelli-y-john-legend-se-presentaran-en-el-vaticano\\\/\",\"name\":\"Karol G, Andrea Bocelli y John Legend se presentar\u00e1n en el Vaticano - La G Noticias\",\"isPartOf\":{\"@id\":\"https:\\\/\\\/lagnoticias.com\\\/#website\"},\"primaryImageOfPage\":{\"@id\":\"https:\\\/\\\/lagnoticias.com\\\/2025\\\/09\\\/10\\\/karol-g-andrea-bocelli-y-john-legend-se-presentaran-en-el-vaticano\\\/#primaryimage\"},\"image\":{\"@id\":\"https:\\\/\\\/lagnoticias.com\\\/2025\\\/09\\\/10\\\/karol-g-andrea-bocelli-y-john-legend-se-presentaran-en-el-vaticano\\\/#primaryimage\"},\"thumbnailUrl\":\"https:\\\/\\\/lagnoticias.com\\\/wp-content\\\/uploads\\\/2025\\\/09\\\/9.jpeg\",\"datePublished\":\"2025-09-10T22:15:57+00:00\",\"author\":{\"@id\":\"https:\\\/\\\/lagnoticias.com\\\/#\\\/schema\\\/person\\\/cb9bfe13f8de05d2c55270be25c6a550\"},\"breadcrumb\":{\"@id\":\"https:\\\/\\\/lagnoticias.com\\\/2025\\\/09\\\/10\\\/karol-g-andrea-bocelli-y-john-legend-se-presentaran-en-el-vaticano\\\/#breadcrumb\"},\"inLanguage\":\"en-US\",\"potentialAction\":[{\"@type\":\"ReadAction\",\"target\":[\"https:\\\/\\\/lagnoticias.com\\\/2025\\\/09\\\/10\\\/karol-g-andrea-bocelli-y-john-legend-se-presentaran-en-el-vaticano\\\/\"]}]},{\"@type\":\"ImageObject\",\"inLanguage\":\"en-US\",\"@id\":\"https:\\\/\\\/lagnoticias.com\\\/2025\\\/09\\\/10\\\/karol-g-andrea-bocelli-y-john-legend-se-presentaran-en-el-vaticano\\\/#primaryimage\",\"url\":\"https:\\\/\\\/lagnoticias.com\\\/wp-content\\\/uploads\\\/2025\\\/09\\\/9.jpeg\",\"contentUrl\":\"https:\\\/\\\/lagnoticias.com\\\/wp-content\\\/uploads\\\/2025\\\/09\\\/9.jpeg\",\"width\":1005,\"height\":670},{\"@type\":\"BreadcrumbList\",\"@id\":\"https:\\\/\\\/lagnoticias.com\\\/2025\\\/09\\\/10\\\/karol-g-andrea-bocelli-y-john-legend-se-presentaran-en-el-vaticano\\\/#breadcrumb\",\"itemListElement\":[{\"@type\":\"ListItem\",\"position\":1,\"name\":\"Portada\",\"item\":\"https:\\\/\\\/lagnoticias.com\\\/\"},{\"@type\":\"ListItem\",\"position\":2,\"name\":\"Karol G, Andrea Bocelli y John Legend se presentar\u00e1n en el Vaticano\"}]},{\"@type\":\"WebSite\",\"@id\":\"https:\\\/\\\/lagnoticias.com\\\/#website\",\"url\":\"https:\\\/\\\/lagnoticias.com\\\/\",\"name\":\"La G Noticias\",\"description\":\"Noticias Positivas\",\"potentialAction\":[{\"@type\":\"SearchAction\",\"target\":{\"@type\":\"EntryPoint\",\"urlTemplate\":\"https:\\\/\\\/lagnoticias.com\\\/?s={search_term_string}\"},\"query-input\":{\"@type\":\"PropertyValueSpecification\",\"valueRequired\":true,\"valueName\":\"search_term_string\"}}],\"inLanguage\":\"en-US\"},{\"@type\":\"Person\",\"@id\":\"https:\\\/\\\/lagnoticias.com\\\/#\\\/schema\\\/person\\\/cb9bfe13f8de05d2c55270be25c6a550\",\"name\":\"Oscar\",\"image\":{\"@type\":\"ImageObject\",\"inLanguage\":\"en-US\",\"@id\":\"https:\\\/\\\/secure.gravatar.com\\\/avatar\\\/45c195718f652dc7ffdd591dc1f2678956ab7fdadcd359a635edc61304a8c757?s=96&d=mm&r=g\",\"url\":\"https:\\\/\\\/secure.gravatar.com\\\/avatar\\\/45c195718f652dc7ffdd591dc1f2678956ab7fdadcd359a635edc61304a8c757?s=96&d=mm&r=g\",\"contentUrl\":\"https:\\\/\\\/secure.gravatar.com\\\/avatar\\\/45c195718f652dc7ffdd591dc1f2678956ab7fdadcd359a635edc61304a8c757?s=96&d=mm&r=g\",\"caption\":\"Oscar\"},\"url\":\"https:\\\/\\\/lagnoticias.com\\\/en\\\/author\\\/oscar\\\/\"}]}<\/script>\n<!-- \/ Yoast SEO plugin. -->","yoast_head_json":{"title":"Karol G, Andrea Bocelli y John Legend se presentar\u00e1n en el Vaticano - La G Noticias","robots":{"index":"index","follow":"follow","max-snippet":"max-snippet:-1","max-image-preview":"max-image-preview:large","max-video-preview":"max-video-preview:-1"},"canonical":"https:\/\/lagnoticias.com\/en\/2025\/09\/10\/karol-g-andrea-bocelli-y-john-legend-se-presentaran-en-el-vaticano\/","og_locale":"en_US","og_type":"article","og_title":"Karol G, Andrea Bocelli y John Legend se presentar\u00e1n en el Vaticano - La G Noticias","og_description":"Ser\u00e1 en la Plaza de San Pedro para el cierre del Encuentro Mundial sobre la Fraternidad Humana y a la celebraci\u00f3n del A\u00f1o Jubilar 2025.","og_url":"https:\/\/lagnoticias.com\/en\/2025\/09\/10\/karol-g-andrea-bocelli-y-john-legend-se-presentaran-en-el-vaticano\/","og_site_name":"La G Noticias","article_publisher":"https:\/\/www.facebook.com\/LaGNoticias","article_published_time":"2025-09-10T22:15:57+00:00","og_image":[{"width":1005,"height":670,"url":"https:\/\/lagnoticias.com\/wp-content\/uploads\/2025\/09\/9.jpeg","type":"image\/jpeg"}],"author":"Oscar","twitter_card":"summary_large_image","twitter_creator":"@lagnoticias","twitter_site":"@lagnoticias","twitter_misc":{"Written by":"Oscar","Est. reading time":"2 minutes"},"schema":{"@context":"https:\/\/schema.org","@graph":[{"@type":"Article","@id":"https:\/\/lagnoticias.com\/2025\/09\/10\/karol-g-andrea-bocelli-y-john-legend-se-presentaran-en-el-vaticano\/#article","isPartOf":{"@id":"https:\/\/lagnoticias.com\/2025\/09\/10\/karol-g-andrea-bocelli-y-john-legend-se-presentaran-en-el-vaticano\/"},"author":{"name":"Oscar","@id":"https:\/\/lagnoticias.com\/#\/schema\/person\/cb9bfe13f8de05d2c55270be25c6a550"},"headline":"Karol G, Andrea Bocelli y John Legend se presentar\u00e1n en el Vaticano","datePublished":"2025-09-10T22:15:57+00:00","mainEntityOfPage":{"@id":"https:\/\/lagnoticias.com\/2025\/09\/10\/karol-g-andrea-bocelli-y-john-legend-se-presentaran-en-el-vaticano\/"},"wordCount":209,"commentCount":0,"image":{"@id":"https:\/\/lagnoticias.com\/2025\/09\/10\/karol-g-andrea-bocelli-y-john-legend-se-presentaran-en-el-vaticano\/#primaryimage"},"thumbnailUrl":"https:\/\/lagnoticias.com\/wp-content\/uploads\/2025\/09\/9.jpeg","keywords":["A\u00f1o Jubilar 2025","CONCIERTO","KAROL G","VATICANO"],"articleSection":["ENTRETENIMIENTO"],"inLanguage":"en-US","potentialAction":[{"@type":"CommentAction","name":"Comment","target":["https:\/\/lagnoticias.com\/2025\/09\/10\/karol-g-andrea-bocelli-y-john-legend-se-presentaran-en-el-vaticano\/#respond"]}]},{"@type":"WebPage","@id":"https:\/\/lagnoticias.com\/2025\/09\/10\/karol-g-andrea-bocelli-y-john-legend-se-presentaran-en-el-vaticano\/","url":"https:\/\/lagnoticias.com\/2025\/09\/10\/karol-g-andrea-bocelli-y-john-legend-se-presentaran-en-el-vaticano\/","name":"Karol G, Andrea Bocelli y John Legend se presentar\u00e1n en el Vaticano - La G Noticias","isPartOf":{"@id":"https:\/\/lagnoticias.com\/#website"},"primaryImageOfPage":{"@id":"https:\/\/lagnoticias.com\/2025\/09\/10\/karol-g-andrea-bocelli-y-john-legend-se-presentaran-en-el-vaticano\/#primaryimage"},"image":{"@id":"https:\/\/lagnoticias.com\/2025\/09\/10\/karol-g-andrea-bocelli-y-john-legend-se-presentaran-en-el-vaticano\/#primaryimage"},"thumbnailUrl":"https:\/\/lagnoticias.com\/wp-content\/uploads\/2025\/09\/9.jpeg","datePublished":"2025-09-10T22:15:57+00:00","author":{"@id":"https:\/\/lagnoticias.com\/#\/schema\/person\/cb9bfe13f8de05d2c55270be25c6a550"},"breadcrumb":{"@id":"https:\/\/lagnoticias.com\/2025\/09\/10\/karol-g-andrea-bocelli-y-john-legend-se-presentaran-en-el-vaticano\/#breadcrumb"},"inLanguage":"en-US","potentialAction":[{"@type":"ReadAction","target":["https:\/\/lagnoticias.com\/2025\/09\/10\/karol-g-andrea-bocelli-y-john-legend-se-presentaran-en-el-vaticano\/"]}]},{"@type":"ImageObject","inLanguage":"en-US","@id":"https:\/\/lagnoticias.com\/2025\/09\/10\/karol-g-andrea-bocelli-y-john-legend-se-presentaran-en-el-vaticano\/#primaryimage","url":"https:\/\/lagnoticias.com\/wp-content\/uploads\/2025\/09\/9.jpeg","contentUrl":"https:\/\/lagnoticias.com\/wp-content\/uploads\/2025\/09\/9.jpeg","width":1005,"height":670},{"@type":"BreadcrumbList","@id":"https:\/\/lagnoticias.com\/2025\/09\/10\/karol-g-andrea-bocelli-y-john-legend-se-presentaran-en-el-vaticano\/#breadcrumb","itemListElement":[{"@type":"ListItem","position":1,"name":"Portada","item":"https:\/\/lagnoticias.com\/"},{"@type":"ListItem","position":2,"name":"Karol G, Andrea Bocelli y John Legend se presentar\u00e1n en el Vaticano"}]},{"@type":"WebSite","@id":"https:\/\/lagnoticias.com\/#website","url":"https:\/\/lagnoticias.com\/","name":"La G Noticias","description":"Noticias Positivas","potentialAction":[{"@type":"SearchAction","target":{"@type":"EntryPoint","urlTemplate":"https:\/\/lagnoticias.com\/?s={search_term_string}"},"query-input":{"@type":"PropertyValueSpecification","valueRequired":true,"valueName":"search_term_string"}}],"inLanguage":"en-US"},{"@type":"Person","@id":"https:\/\/lagnoticias.com\/#\/schema\/person\/cb9bfe13f8de05d2c55270be25c6a550","name":"Oscar","image":{"@type":"ImageObject","inLanguage":"en-US","@id":"https:\/\/secure.gravatar.com\/avatar\/45c195718f652dc7ffdd591dc1f2678956ab7fdadcd359a635edc61304a8c757?s=96&d=mm&r=g","url":"https:\/\/secure.gravatar.com\/avatar\/45c195718f652dc7ffdd591dc1f2678956ab7fdadcd359a635edc61304a8c757?s=96&d=mm&r=g","contentUrl":"https:\/\/secure.gravatar.com\/avatar\/45c195718f652dc7ffdd591dc1f2678956ab7fdadcd359a635edc61304a8c757?s=96&d=mm&r=g","caption":"Oscar"},"url":"https:\/\/lagnoticias.com\/en\/author\/oscar\/"}]}},"_links":{"self":[{"href":"https:\/\/lagnoticias.com\/en\/wp-json\/wp\/v2\/posts\/4896","targetHints":{"allow":["GET"]}}],"collection":[{"href":"https:\/\/lagnoticias.com\/en\/wp-json\/wp\/v2\/posts"}],"about":[{"href":"https:\/\/lagnoticias.com\/en\/wp-json\/wp\/v2\/types\/post"}],"author":[{"embeddable":true,"href":"https:\/\/lagnoticias.com\/en\/wp-json\/wp\/v2\/users\/2"}],"replies":[{"embeddable":true,"href":"https:\/\/lagnoticias.com\/en\/wp-json\/wp\/v2\/comments?post=4896"}],"version-history":[{"count":1,"href":"https:\/\/lagnoticias.com\/en\/wp-json\/wp\/v2\/posts\/4896\/revisions"}],"predecessor-version":[{"id":4898,"href":"https:\/\/lagnoticias.com\/en\/wp-json\/wp\/v2\/posts\/4896\/revisions\/4898"}],"wp:featuredmedia":[{"embeddable":true,"href":"https:\/\/lagnoticias.com\/en\/wp-json\/wp\/v2\/media\/4897"}],"wp:attachment":[{"href":"https:\/\/lagnoticias.com\/en\/wp-json\/wp\/v2\/media?parent=4896"}],"wp:term":[{"taxonomy":"category","embeddable":true,"href":"https:\/\/lagnoticias.com\/en\/wp-json\/wp\/v2\/categories?post=4896"},{"taxonomy":"post_tag","embeddable":true,"href":"https:\/\/lagnoticias.com\/en\/wp-json\/wp\/v2\/tags?post=4896"}],"curies":[{"name":"wp","href":"https:\/\/api.w.org\/{rel}","templated":true}]}}