{"id":4893,"date":"2025-09-10T15:51:16","date_gmt":"2025-09-10T21:51:16","guid":{"rendered":"https:\/\/lagnoticias.com\/?p=4893"},"modified":"2025-09-10T15:51:17","modified_gmt":"2025-09-10T21:51:17","slug":"el-salvador-alcanza-una-dinamizacion-historica-en-la-industria-de-la-construccion","status":"publish","type":"post","link":"https:\/\/lagnoticias.com\/en\/2025\/09\/10\/el-salvador-alcanza-una-dinamizacion-historica-en-la-industria-de-la-construccion\/","title":{"rendered":"El Salvador alcanza una dinamizaci\u00f3n hist\u00f3rica en la industria de la construcci\u00f3n"},"content":{"rendered":"<p>El director ejecutivo de la Oficina de Planificaci\u00f3n del \u00c1rea Metropolitana de San Salvador (COAMSS &#8211; OPAMSS), Luis Rodr\u00edguez, destac\u00f3 que las pol\u00edticas implementadas por el Gobierno han permitido que la industria de la construcci\u00f3n alcance niveles hist\u00f3ricos de dinamismo, inversi\u00f3n y generaci\u00f3n de empleos, consolidando la visi\u00f3n y la ruta de desarrollo que lleva el pa\u00eds.<\/p>\n\n\n\n<p>El funcionario explic\u00f3 que, gracias a estas decisiones estrat\u00e9gicas, se han generado m\u00e1s de 17,000 empleos y una inversi\u00f3n de $3,505 millones solo en el \u00e1rea metropolitana. \u201cEn el pasado, la relaci\u00f3n entre el sector de la construcci\u00f3n privado y el sector p\u00fablico era p\u00e9sima. Hoy le hemos dado vuelta a esa relaci\u00f3n y hemos preparado un plan para que el crecimiento sea constante\u201d, subray\u00f3.<\/p>\n\n\n\n<p>Tambi\u00e9n destac\u00f3 que este crecimiento se impulsa con responsabilidad social. \u201cHace unas semanas se declar\u00f3 a El Salvador libre de empleo infantil en la construcci\u00f3n, junto con l C\u00e1mara Salvadore\u00f1a de la Construcci\u00f3n, Casalco. El sector p\u00fablico trabajando con el sector privado demuestra que no se trata solo de que las cosas crezcan, sino de que crezcan de la manera correcta\u201d, afirm\u00f3.<\/p>\n\n\n\n<p>Tambi\u00e9n resalt\u00f3 la inclusi\u00f3n de la mujer en la industria, destacando que el empleo en obra para este sector ha crecido un 9 % y que en proyectos de gran magnitud se han instalado escuelas de capacitaci\u00f3n para brindar m\u00e1s oportunidades a los salvadore\u00f1os.<\/p>\n\n\n\n<p>Asimismo, enfatiz\u00f3 que esta transformaci\u00f3n responde a una visi\u00f3n clara de pa\u00eds, de \u201chacer las cosas de manera acelerada, pero hacerlas bien. Tenemos que asociarnos con instituciones locales e internacionales para complementar este rumbo\u201d.<\/p>\n\n\n\n<p><\/p>\n\n\n\n<p><\/p>\n\n\n\n<p><\/p>","protected":false},"excerpt":{"rendered":"<p>El director ejecutivo de la Oficina de Planificaci\u00f3n del \u00c1rea Metropolitana de San Salvador (COAMSS &#8211; OPAMSS), Luis Rodr\u00edguez, destac\u00f3 que las pol\u00edticas implementadas por el Gobierno han permitido que la industria de la construcci\u00f3n alcance niveles hist\u00f3ricos de dinamismo, inversi\u00f3n y generaci\u00f3n de empleos, consolidando la visi\u00f3n y la ruta de desarrollo que lleva [&hellip;]<\/p>","protected":false},"author":2,"featured_media":4894,"comment_status":"open","ping_status":"open","sticky":false,"template":"","format":"standard","meta":{"_et_pb_use_builder":"off","_et_pb_old_content":"","_et_gb_content_width":"","footnotes":""},"categories":[244],"tags":[946,358,267,945,271,304],"class_list":["post-4893","post","type-post","status-publish","format-standard","has-post-thumbnail","hentry","category-nacionales","tag-coamss","tag-economia","tag-el-salvador","tag-industria-de-la-construccion","tag-inversion","tag-opamss"],"yoast_head":"<!-- This site is optimized with the Yoast SEO plugin v27.4 - https:\/\/yoast.com\/product\/yoast-seo-wordpress\/ -->\n<title>El Salvador alcanza una dinamizaci\u00f3n hist\u00f3rica en la industria de la construcci\u00f3n - La G Noticias<\/title>\n<meta name=\"robots\" content=\"index, follow, max-snippet:-1, max-image-preview:large, max-video-preview:-1\" \/>\n<link rel=\"canonical\" href=\"https:\/\/lagnoticias.com\/en\/2025\/09\/10\/el-salvador-alcanza-una-dinamizacion-historica-en-la-industria-de-la-construccion\/\" \/>\n<meta property=\"og:locale\" content=\"en_US\" \/>\n<meta property=\"og:type\" content=\"article\" \/>\n<meta property=\"og:title\" content=\"El Salvador alcanza una dinamizaci\u00f3n hist\u00f3rica en la industria de la construcci\u00f3n - La G Noticias\" \/>\n<meta property=\"og:description\" content=\"El director ejecutivo de la Oficina de Planificaci\u00f3n del \u00c1rea Metropolitana de San Salvador (COAMSS &#8211; OPAMSS), Luis Rodr\u00edguez, destac\u00f3 que las pol\u00edticas implementadas por el Gobierno han permitido que la industria de la construcci\u00f3n alcance niveles hist\u00f3ricos de dinamismo, inversi\u00f3n y generaci\u00f3n de empleos, consolidando la visi\u00f3n y la ruta de desarrollo que lleva [&hellip;]\" \/>\n<meta property=\"og:url\" content=\"https:\/\/lagnoticias.com\/en\/2025\/09\/10\/el-salvador-alcanza-una-dinamizacion-historica-en-la-industria-de-la-construccion\/\" \/>\n<meta property=\"og:site_name\" content=\"La G Noticias\" \/>\n<meta property=\"article:publisher\" content=\"https:\/\/www.facebook.com\/LaGNoticias\" \/>\n<meta property=\"article:published_time\" content=\"2025-09-10T21:51:16+00:00\" \/>\n<meta property=\"article:modified_time\" content=\"2025-09-10T21:51:17+00:00\" \/>\n<meta property=\"og:image\" content=\"https:\/\/lagnoticias.com\/wp-content\/uploads\/2025\/09\/546589587_1144095371228055_7182612452010197140_n.jpg\" \/>\n\t<meta property=\"og:image:width\" content=\"720\" \/>\n\t<meta property=\"og:image:height\" content=\"513\" \/>\n\t<meta property=\"og:image:type\" content=\"image\/jpeg\" \/>\n<meta name=\"author\" content=\"Oscar\" \/>\n<meta name=\"twitter:card\" content=\"summary_large_image\" \/>\n<meta name=\"twitter:creator\" content=\"@lagnoticias\" \/>\n<meta name=\"twitter:site\" content=\"@lagnoticias\" \/>\n<meta name=\"twitter:label1\" content=\"Written by\" \/>\n\t<meta name=\"twitter:data1\" content=\"Oscar\" \/>\n\t<meta name=\"twitter:label2\" content=\"Est. reading time\" \/>\n\t<meta name=\"twitter:data2\" content=\"1 minute\" \/>\n<script type=\"application\/ld+json\" class=\"yoast-schema-graph\">{\"@context\":\"https:\\\/\\\/schema.org\",\"@graph\":[{\"@type\":\"Article\",\"@id\":\"https:\\\/\\\/lagnoticias.com\\\/2025\\\/09\\\/10\\\/el-salvador-alcanza-una-dinamizacion-historica-en-la-industria-de-la-construccion\\\/#article\",\"isPartOf\":{\"@id\":\"https:\\\/\\\/lagnoticias.com\\\/2025\\\/09\\\/10\\\/el-salvador-alcanza-una-dinamizacion-historica-en-la-industria-de-la-construccion\\\/\"},\"author\":{\"name\":\"Oscar\",\"@id\":\"https:\\\/\\\/lagnoticias.com\\\/#\\\/schema\\\/person\\\/cb9bfe13f8de05d2c55270be25c6a550\"},\"headline\":\"El Salvador alcanza una dinamizaci\u00f3n hist\u00f3rica en la industria de la construcci\u00f3n\",\"datePublished\":\"2025-09-10T21:51:16+00:00\",\"dateModified\":\"2025-09-10T21:51:17+00:00\",\"mainEntityOfPage\":{\"@id\":\"https:\\\/\\\/lagnoticias.com\\\/2025\\\/09\\\/10\\\/el-salvador-alcanza-una-dinamizacion-historica-en-la-industria-de-la-construccion\\\/\"},\"wordCount\":304,\"commentCount\":0,\"image\":{\"@id\":\"https:\\\/\\\/lagnoticias.com\\\/2025\\\/09\\\/10\\\/el-salvador-alcanza-una-dinamizacion-historica-en-la-industria-de-la-construccion\\\/#primaryimage\"},\"thumbnailUrl\":\"https:\\\/\\\/lagnoticias.com\\\/wp-content\\\/uploads\\\/2025\\\/09\\\/546589587_1144095371228055_7182612452010197140_n.jpg\",\"keywords\":[\"COAMSS\",\"ECONOM\u00cdA\",\"EL SALVADOR\",\"INDUSTRIA DE LA CONSTRUCCI\u00d3N\",\"INVERSI\u00d3N\",\"OPAMSS\"],\"articleSection\":[\"NACIONALES\"],\"inLanguage\":\"en-US\",\"potentialAction\":[{\"@type\":\"CommentAction\",\"name\":\"Comment\",\"target\":[\"https:\\\/\\\/lagnoticias.com\\\/2025\\\/09\\\/10\\\/el-salvador-alcanza-una-dinamizacion-historica-en-la-industria-de-la-construccion\\\/#respond\"]}]},{\"@type\":\"WebPage\",\"@id\":\"https:\\\/\\\/lagnoticias.com\\\/2025\\\/09\\\/10\\\/el-salvador-alcanza-una-dinamizacion-historica-en-la-industria-de-la-construccion\\\/\",\"url\":\"https:\\\/\\\/lagnoticias.com\\\/2025\\\/09\\\/10\\\/el-salvador-alcanza-una-dinamizacion-historica-en-la-industria-de-la-construccion\\\/\",\"name\":\"El Salvador alcanza una dinamizaci\u00f3n hist\u00f3rica en la industria de la construcci\u00f3n - La G Noticias\",\"isPartOf\":{\"@id\":\"https:\\\/\\\/lagnoticias.com\\\/#website\"},\"primaryImageOfPage\":{\"@id\":\"https:\\\/\\\/lagnoticias.com\\\/2025\\\/09\\\/10\\\/el-salvador-alcanza-una-dinamizacion-historica-en-la-industria-de-la-construccion\\\/#primaryimage\"},\"image\":{\"@id\":\"https:\\\/\\\/lagnoticias.com\\\/2025\\\/09\\\/10\\\/el-salvador-alcanza-una-dinamizacion-historica-en-la-industria-de-la-construccion\\\/#primaryimage\"},\"thumbnailUrl\":\"https:\\\/\\\/lagnoticias.com\\\/wp-content\\\/uploads\\\/2025\\\/09\\\/546589587_1144095371228055_7182612452010197140_n.jpg\",\"datePublished\":\"2025-09-10T21:51:16+00:00\",\"dateModified\":\"2025-09-10T21:51:17+00:00\",\"author\":{\"@id\":\"https:\\\/\\\/lagnoticias.com\\\/#\\\/schema\\\/person\\\/cb9bfe13f8de05d2c55270be25c6a550\"},\"breadcrumb\":{\"@id\":\"https:\\\/\\\/lagnoticias.com\\\/2025\\\/09\\\/10\\\/el-salvador-alcanza-una-dinamizacion-historica-en-la-industria-de-la-construccion\\\/#breadcrumb\"},\"inLanguage\":\"en-US\",\"potentialAction\":[{\"@type\":\"ReadAction\",\"target\":[\"https:\\\/\\\/lagnoticias.com\\\/2025\\\/09\\\/10\\\/el-salvador-alcanza-una-dinamizacion-historica-en-la-industria-de-la-construccion\\\/\"]}]},{\"@type\":\"ImageObject\",\"inLanguage\":\"en-US\",\"@id\":\"https:\\\/\\\/lagnoticias.com\\\/2025\\\/09\\\/10\\\/el-salvador-alcanza-una-dinamizacion-historica-en-la-industria-de-la-construccion\\\/#primaryimage\",\"url\":\"https:\\\/\\\/lagnoticias.com\\\/wp-content\\\/uploads\\\/2025\\\/09\\\/546589587_1144095371228055_7182612452010197140_n.jpg\",\"contentUrl\":\"https:\\\/\\\/lagnoticias.com\\\/wp-content\\\/uploads\\\/2025\\\/09\\\/546589587_1144095371228055_7182612452010197140_n.jpg\",\"width\":720,\"height\":513},{\"@type\":\"BreadcrumbList\",\"@id\":\"https:\\\/\\\/lagnoticias.com\\\/2025\\\/09\\\/10\\\/el-salvador-alcanza-una-dinamizacion-historica-en-la-industria-de-la-construccion\\\/#breadcrumb\",\"itemListElement\":[{\"@type\":\"ListItem\",\"position\":1,\"name\":\"Portada\",\"item\":\"https:\\\/\\\/lagnoticias.com\\\/\"},{\"@type\":\"ListItem\",\"position\":2,\"name\":\"El Salvador alcanza una dinamizaci\u00f3n hist\u00f3rica en la industria de la construcci\u00f3n\"}]},{\"@type\":\"WebSite\",\"@id\":\"https:\\\/\\\/lagnoticias.com\\\/#website\",\"url\":\"https:\\\/\\\/lagnoticias.com\\\/\",\"name\":\"La G Noticias\",\"description\":\"Noticias Positivas\",\"potentialAction\":[{\"@type\":\"SearchAction\",\"target\":{\"@type\":\"EntryPoint\",\"urlTemplate\":\"https:\\\/\\\/lagnoticias.com\\\/?s={search_term_string}\"},\"query-input\":{\"@type\":\"PropertyValueSpecification\",\"valueRequired\":true,\"valueName\":\"search_term_string\"}}],\"inLanguage\":\"en-US\"},{\"@type\":\"Person\",\"@id\":\"https:\\\/\\\/lagnoticias.com\\\/#\\\/schema\\\/person\\\/cb9bfe13f8de05d2c55270be25c6a550\",\"name\":\"Oscar\",\"image\":{\"@type\":\"ImageObject\",\"inLanguage\":\"en-US\",\"@id\":\"https:\\\/\\\/secure.gravatar.com\\\/avatar\\\/45c195718f652dc7ffdd591dc1f2678956ab7fdadcd359a635edc61304a8c757?s=96&d=mm&r=g\",\"url\":\"https:\\\/\\\/secure.gravatar.com\\\/avatar\\\/45c195718f652dc7ffdd591dc1f2678956ab7fdadcd359a635edc61304a8c757?s=96&d=mm&r=g\",\"contentUrl\":\"https:\\\/\\\/secure.gravatar.com\\\/avatar\\\/45c195718f652dc7ffdd591dc1f2678956ab7fdadcd359a635edc61304a8c757?s=96&d=mm&r=g\",\"caption\":\"Oscar\"},\"url\":\"https:\\\/\\\/lagnoticias.com\\\/en\\\/author\\\/oscar\\\/\"}]}<\/script>\n<!-- \/ Yoast SEO plugin. -->","yoast_head_json":{"title":"El Salvador alcanza una dinamizaci\u00f3n hist\u00f3rica en la industria de la construcci\u00f3n - La G Noticias","robots":{"index":"index","follow":"follow","max-snippet":"max-snippet:-1","max-image-preview":"max-image-preview:large","max-video-preview":"max-video-preview:-1"},"canonical":"https:\/\/lagnoticias.com\/en\/2025\/09\/10\/el-salvador-alcanza-una-dinamizacion-historica-en-la-industria-de-la-construccion\/","og_locale":"en_US","og_type":"article","og_title":"El Salvador alcanza una dinamizaci\u00f3n hist\u00f3rica en la industria de la construcci\u00f3n - La G Noticias","og_description":"El director ejecutivo de la Oficina de Planificaci\u00f3n del \u00c1rea Metropolitana de San Salvador (COAMSS &#8211; OPAMSS), Luis Rodr\u00edguez, destac\u00f3 que las pol\u00edticas implementadas por el Gobierno han permitido que la industria de la construcci\u00f3n alcance niveles hist\u00f3ricos de dinamismo, inversi\u00f3n y generaci\u00f3n de empleos, consolidando la visi\u00f3n y la ruta de desarrollo que lleva [&hellip;]","og_url":"https:\/\/lagnoticias.com\/en\/2025\/09\/10\/el-salvador-alcanza-una-dinamizacion-historica-en-la-industria-de-la-construccion\/","og_site_name":"La G Noticias","article_publisher":"https:\/\/www.facebook.com\/LaGNoticias","article_published_time":"2025-09-10T21:51:16+00:00","article_modified_time":"2025-09-10T21:51:17+00:00","og_image":[{"width":720,"height":513,"url":"https:\/\/lagnoticias.com\/wp-content\/uploads\/2025\/09\/546589587_1144095371228055_7182612452010197140_n.jpg","type":"image\/jpeg"}],"author":"Oscar","twitter_card":"summary_large_image","twitter_creator":"@lagnoticias","twitter_site":"@lagnoticias","twitter_misc":{"Written by":"Oscar","Est. reading time":"1 minute"},"schema":{"@context":"https:\/\/schema.org","@graph":[{"@type":"Article","@id":"https:\/\/lagnoticias.com\/2025\/09\/10\/el-salvador-alcanza-una-dinamizacion-historica-en-la-industria-de-la-construccion\/#article","isPartOf":{"@id":"https:\/\/lagnoticias.com\/2025\/09\/10\/el-salvador-alcanza-una-dinamizacion-historica-en-la-industria-de-la-construccion\/"},"author":{"name":"Oscar","@id":"https:\/\/lagnoticias.com\/#\/schema\/person\/cb9bfe13f8de05d2c55270be25c6a550"},"headline":"El Salvador alcanza una dinamizaci\u00f3n hist\u00f3rica en la industria de la construcci\u00f3n","datePublished":"2025-09-10T21:51:16+00:00","dateModified":"2025-09-10T21:51:17+00:00","mainEntityOfPage":{"@id":"https:\/\/lagnoticias.com\/2025\/09\/10\/el-salvador-alcanza-una-dinamizacion-historica-en-la-industria-de-la-construccion\/"},"wordCount":304,"commentCount":0,"image":{"@id":"https:\/\/lagnoticias.com\/2025\/09\/10\/el-salvador-alcanza-una-dinamizacion-historica-en-la-industria-de-la-construccion\/#primaryimage"},"thumbnailUrl":"https:\/\/lagnoticias.com\/wp-content\/uploads\/2025\/09\/546589587_1144095371228055_7182612452010197140_n.jpg","keywords":["COAMSS","ECONOM\u00cdA","EL SALVADOR","INDUSTRIA DE LA CONSTRUCCI\u00d3N","INVERSI\u00d3N","OPAMSS"],"articleSection":["NACIONALES"],"inLanguage":"en-US","potentialAction":[{"@type":"CommentAction","name":"Comment","target":["https:\/\/lagnoticias.com\/2025\/09\/10\/el-salvador-alcanza-una-dinamizacion-historica-en-la-industria-de-la-construccion\/#respond"]}]},{"@type":"WebPage","@id":"https:\/\/lagnoticias.com\/2025\/09\/10\/el-salvador-alcanza-una-dinamizacion-historica-en-la-industria-de-la-construccion\/","url":"https:\/\/lagnoticias.com\/2025\/09\/10\/el-salvador-alcanza-una-dinamizacion-historica-en-la-industria-de-la-construccion\/","name":"El Salvador alcanza una dinamizaci\u00f3n hist\u00f3rica en la industria de la construcci\u00f3n - La G Noticias","isPartOf":{"@id":"https:\/\/lagnoticias.com\/#website"},"primaryImageOfPage":{"@id":"https:\/\/lagnoticias.com\/2025\/09\/10\/el-salvador-alcanza-una-dinamizacion-historica-en-la-industria-de-la-construccion\/#primaryimage"},"image":{"@id":"https:\/\/lagnoticias.com\/2025\/09\/10\/el-salvador-alcanza-una-dinamizacion-historica-en-la-industria-de-la-construccion\/#primaryimage"},"thumbnailUrl":"https:\/\/lagnoticias.com\/wp-content\/uploads\/2025\/09\/546589587_1144095371228055_7182612452010197140_n.jpg","datePublished":"2025-09-10T21:51:16+00:00","dateModified":"2025-09-10T21:51:17+00:00","author":{"@id":"https:\/\/lagnoticias.com\/#\/schema\/person\/cb9bfe13f8de05d2c55270be25c6a550"},"breadcrumb":{"@id":"https:\/\/lagnoticias.com\/2025\/09\/10\/el-salvador-alcanza-una-dinamizacion-historica-en-la-industria-de-la-construccion\/#breadcrumb"},"inLanguage":"en-US","potentialAction":[{"@type":"ReadAction","target":["https:\/\/lagnoticias.com\/2025\/09\/10\/el-salvador-alcanza-una-dinamizacion-historica-en-la-industria-de-la-construccion\/"]}]},{"@type":"ImageObject","inLanguage":"en-US","@id":"https:\/\/lagnoticias.com\/2025\/09\/10\/el-salvador-alcanza-una-dinamizacion-historica-en-la-industria-de-la-construccion\/#primaryimage","url":"https:\/\/lagnoticias.com\/wp-content\/uploads\/2025\/09\/546589587_1144095371228055_7182612452010197140_n.jpg","contentUrl":"https:\/\/lagnoticias.com\/wp-content\/uploads\/2025\/09\/546589587_1144095371228055_7182612452010197140_n.jpg","width":720,"height":513},{"@type":"BreadcrumbList","@id":"https:\/\/lagnoticias.com\/2025\/09\/10\/el-salvador-alcanza-una-dinamizacion-historica-en-la-industria-de-la-construccion\/#breadcrumb","itemListElement":[{"@type":"ListItem","position":1,"name":"Portada","item":"https:\/\/lagnoticias.com\/"},{"@type":"ListItem","position":2,"name":"El Salvador alcanza una dinamizaci\u00f3n hist\u00f3rica en la industria de la construcci\u00f3n"}]},{"@type":"WebSite","@id":"https:\/\/lagnoticias.com\/#website","url":"https:\/\/lagnoticias.com\/","name":"La G Noticias","description":"Noticias Positivas","potentialAction":[{"@type":"SearchAction","target":{"@type":"EntryPoint","urlTemplate":"https:\/\/lagnoticias.com\/?s={search_term_string}"},"query-input":{"@type":"PropertyValueSpecification","valueRequired":true,"valueName":"search_term_string"}}],"inLanguage":"en-US"},{"@type":"Person","@id":"https:\/\/lagnoticias.com\/#\/schema\/person\/cb9bfe13f8de05d2c55270be25c6a550","name":"Oscar","image":{"@type":"ImageObject","inLanguage":"en-US","@id":"https:\/\/secure.gravatar.com\/avatar\/45c195718f652dc7ffdd591dc1f2678956ab7fdadcd359a635edc61304a8c757?s=96&d=mm&r=g","url":"https:\/\/secure.gravatar.com\/avatar\/45c195718f652dc7ffdd591dc1f2678956ab7fdadcd359a635edc61304a8c757?s=96&d=mm&r=g","contentUrl":"https:\/\/secure.gravatar.com\/avatar\/45c195718f652dc7ffdd591dc1f2678956ab7fdadcd359a635edc61304a8c757?s=96&d=mm&r=g","caption":"Oscar"},"url":"https:\/\/lagnoticias.com\/en\/author\/oscar\/"}]}},"_links":{"self":[{"href":"https:\/\/lagnoticias.com\/en\/wp-json\/wp\/v2\/posts\/4893","targetHints":{"allow":["GET"]}}],"collection":[{"href":"https:\/\/lagnoticias.com\/en\/wp-json\/wp\/v2\/posts"}],"about":[{"href":"https:\/\/lagnoticias.com\/en\/wp-json\/wp\/v2\/types\/post"}],"author":[{"embeddable":true,"href":"https:\/\/lagnoticias.com\/en\/wp-json\/wp\/v2\/users\/2"}],"replies":[{"embeddable":true,"href":"https:\/\/lagnoticias.com\/en\/wp-json\/wp\/v2\/comments?post=4893"}],"version-history":[{"count":1,"href":"https:\/\/lagnoticias.com\/en\/wp-json\/wp\/v2\/posts\/4893\/revisions"}],"predecessor-version":[{"id":4895,"href":"https:\/\/lagnoticias.com\/en\/wp-json\/wp\/v2\/posts\/4893\/revisions\/4895"}],"wp:featuredmedia":[{"embeddable":true,"href":"https:\/\/lagnoticias.com\/en\/wp-json\/wp\/v2\/media\/4894"}],"wp:attachment":[{"href":"https:\/\/lagnoticias.com\/en\/wp-json\/wp\/v2\/media?parent=4893"}],"wp:term":[{"taxonomy":"category","embeddable":true,"href":"https:\/\/lagnoticias.com\/en\/wp-json\/wp\/v2\/categories?post=4893"},{"taxonomy":"post_tag","embeddable":true,"href":"https:\/\/lagnoticias.com\/en\/wp-json\/wp\/v2\/tags?post=4893"}],"curies":[{"name":"wp","href":"https:\/\/api.w.org\/{rel}","templated":true}]}}