{"id":4885,"date":"2025-09-10T11:33:51","date_gmt":"2025-09-10T17:33:51","guid":{"rendered":"https:\/\/lagnoticias.com\/?p=4885"},"modified":"2025-09-11T10:53:25","modified_gmt":"2025-09-11T16:53:25","slug":"boda-bebe-o-ruptura-los-rumores-que-rodean-a-gerard-pique-y-clara-chia","status":"publish","type":"post","link":"https:\/\/lagnoticias.com\/en\/2025\/09\/10\/boda-bebe-o-ruptura-los-rumores-que-rodean-a-gerard-pique-y-clara-chia\/","title":{"rendered":"\u00bfBoda, beb\u00e9 o ruptura? Los rumores que rodean a Gerard Piqu\u00e9 y Clara Ch\u00eda"},"content":{"rendered":"<p>En los \u00faltimos d\u00edas, comenzaron a circular en redes sociales rumores de un supuesto compromiso entre el exfutbolista&nbsp;Gerard Piqu\u00e9&nbsp;y su novia&nbsp;Clara Ch\u00eda. Todo comenz\u00f3 con im\u00e1genes de la pareja en Beverly Hills, donde Clara presuntamente luc\u00eda un anillo de diamante.<\/p>\n\n\n\n<p>La periodista&nbsp;Adri Toval&nbsp;asegur\u00f3 que fue un evento \u00edntimo en presencia de sus familias. Sin embargo, el lunes 8 de septiembre, el paparazzi espa\u00f1ol&nbsp;Jordi Martin&nbsp;desminti\u00f3 esta informaci\u00f3n en su canal de YouTube.<\/p>\n\n\n\n<p><\/p>\n\n\n\n<p><\/p>\n\n\n\n<figure class=\"wp-block-image aligncenter size-full\"><img loading=\"lazy\" decoding=\"async\" width=\"960\" height=\"540\" src=\"https:\/\/lagnoticias.com\/wp-content\/uploads\/2025\/09\/9-6.jpg\" alt=\"\" class=\"wp-image-4887\" srcset=\"https:\/\/lagnoticias.com\/wp-content\/uploads\/2025\/09\/9-6.jpg 960w, https:\/\/lagnoticias.com\/wp-content\/uploads\/2025\/09\/9-6-480x270.jpg 480w\" sizes=\"(min-width: 0px) and (max-width: 480px) 480px, (min-width: 481px) 960px, 100vw\" \/><\/figure>\n\n\n\n<p><\/p>\n\n\n\n<p><\/p>\n\n\n\n<p>Personas cercanas a Piqu\u00e9 le confirmaron que no existi\u00f3 un compromiso. \u201cYo&nbsp;nunca&nbsp;me voy a casar\u201d, afirm\u00f3 el deportista, a trav\u00e9s de estos individuos. Durante sus&nbsp;doce a\u00f1os de relaci\u00f3n&nbsp;con&nbsp;Shakira, cantautora colombiana, nunca se discuti\u00f3 el paso de la pareja por el altar.<\/p>\n\n\n\n<p>Hace algunos a\u00f1os, en enero de 2020, le preguntaron a la cantante por qu\u00e9 a\u00fan no se hab\u00edan casado. Pero, en ese momento, Shakira declar\u00f3: \u201cNo quiero que me vea como su esposa, sino como su novia. Es como esa&nbsp;fruta prohibida\u201d.<\/p>\n\n\n\n<p>En su video, Jordi Martin aprovech\u00f3 a desmentir otros&nbsp;rumores&nbsp;sobre Gerard Piqu\u00e9 y Clara Ch\u00eda que se hab\u00edan esparcido por internet. Se especulaba que hab\u00edan terminado, mientras que otras personas afirmaban un presunto&nbsp;embarazo&nbsp;de Clara. Bas\u00e1ndose en las declaraciones del c\u00edrculo cercano del deportista, Martin afirm\u00f3 que son afirmaciones completamente&nbsp;falsas. Aunque, s\u00ed destac\u00f3 que la pareja hab\u00eda enfrentado una crisis a causa de discusiones.<\/p>\n\n\n\n<p>Hasta el momento, ni Piqu\u00e9 ni su novia han confirmado o desmentido personalmente los rumores de matrimonio.<\/p>\n\n\n\n<p><\/p>\n\n\n\n<p><\/p>\n\n\n\n<p><\/p>\n\n\n\n<p>(PL)<\/p>","protected":false},"excerpt":{"rendered":"<p>Personas cercanas al deportista se pronuncian ante los rumores de un supuesto compromiso con su novia.<\/p>","protected":false},"author":2,"featured_media":4888,"comment_status":"open","ping_status":"open","sticky":false,"template":"","format":"standard","meta":{"_et_pb_use_builder":"off","_et_pb_old_content":"","_et_gb_content_width":"","footnotes":""},"categories":[249],"tags":[940,939,767,941,704],"class_list":["post-4885","post","type-post","status-publish","format-standard","has-post-thumbnail","hentry","category-entretenimiento","tag-clara-chia","tag-gerard-pique","tag-romance","tag-ruptura","tag-shakira"],"yoast_head":"<!-- This site is optimized with the Yoast SEO plugin v27.4 - https:\/\/yoast.com\/product\/yoast-seo-wordpress\/ -->\n<title>\u00bfBoda, beb\u00e9 o ruptura? Los rumores que rodean a Gerard Piqu\u00e9 y Clara Ch\u00eda - La G Noticias<\/title>\n<meta name=\"robots\" content=\"index, follow, max-snippet:-1, max-image-preview:large, max-video-preview:-1\" \/>\n<link rel=\"canonical\" href=\"https:\/\/lagnoticias.com\/en\/2025\/09\/10\/boda-bebe-o-ruptura-los-rumores-que-rodean-a-gerard-pique-y-clara-chia\/\" \/>\n<meta property=\"og:locale\" content=\"en_US\" \/>\n<meta property=\"og:type\" content=\"article\" \/>\n<meta property=\"og:title\" content=\"\u00bfBoda, beb\u00e9 o ruptura? Los rumores que rodean a Gerard Piqu\u00e9 y Clara Ch\u00eda - La G Noticias\" \/>\n<meta property=\"og:description\" content=\"Personas cercanas al deportista se pronuncian ante los rumores de un supuesto compromiso con su novia.\" \/>\n<meta property=\"og:url\" content=\"https:\/\/lagnoticias.com\/en\/2025\/09\/10\/boda-bebe-o-ruptura-los-rumores-que-rodean-a-gerard-pique-y-clara-chia\/\" \/>\n<meta property=\"og:site_name\" content=\"La G Noticias\" \/>\n<meta property=\"article:publisher\" content=\"https:\/\/www.facebook.com\/LaGNoticias\" \/>\n<meta property=\"article:published_time\" content=\"2025-09-10T17:33:51+00:00\" \/>\n<meta property=\"article:modified_time\" content=\"2025-09-11T16:53:25+00:00\" \/>\n<meta property=\"og:image\" content=\"https:\/\/lagnoticias.com\/wp-content\/uploads\/2025\/09\/47.jpg\" \/>\n\t<meta property=\"og:image:width\" content=\"1920\" \/>\n\t<meta property=\"og:image:height\" content=\"1080\" \/>\n\t<meta property=\"og:image:type\" content=\"image\/jpeg\" \/>\n<meta name=\"author\" content=\"Oscar\" \/>\n<meta name=\"twitter:card\" content=\"summary_large_image\" \/>\n<meta name=\"twitter:creator\" content=\"@lagnoticias\" \/>\n<meta name=\"twitter:site\" content=\"@lagnoticias\" \/>\n<meta name=\"twitter:label1\" content=\"Written by\" \/>\n\t<meta name=\"twitter:data1\" content=\"Oscar\" \/>\n\t<meta name=\"twitter:label2\" content=\"Est. reading time\" \/>\n\t<meta name=\"twitter:data2\" content=\"1 minute\" \/>\n<script type=\"application\/ld+json\" class=\"yoast-schema-graph\">{\"@context\":\"https:\\\/\\\/schema.org\",\"@graph\":[{\"@type\":\"Article\",\"@id\":\"https:\\\/\\\/lagnoticias.com\\\/2025\\\/09\\\/10\\\/boda-bebe-o-ruptura-los-rumores-que-rodean-a-gerard-pique-y-clara-chia\\\/#article\",\"isPartOf\":{\"@id\":\"https:\\\/\\\/lagnoticias.com\\\/2025\\\/09\\\/10\\\/boda-bebe-o-ruptura-los-rumores-que-rodean-a-gerard-pique-y-clara-chia\\\/\"},\"author\":{\"name\":\"Oscar\",\"@id\":\"https:\\\/\\\/lagnoticias.com\\\/#\\\/schema\\\/person\\\/cb9bfe13f8de05d2c55270be25c6a550\"},\"headline\":\"\u00bfBoda, beb\u00e9 o ruptura? Los rumores que rodean a Gerard Piqu\u00e9 y Clara Ch\u00eda\",\"datePublished\":\"2025-09-10T17:33:51+00:00\",\"dateModified\":\"2025-09-11T16:53:25+00:00\",\"mainEntityOfPage\":{\"@id\":\"https:\\\/\\\/lagnoticias.com\\\/2025\\\/09\\\/10\\\/boda-bebe-o-ruptura-los-rumores-que-rodean-a-gerard-pique-y-clara-chia\\\/\"},\"wordCount\":300,\"commentCount\":0,\"image\":{\"@id\":\"https:\\\/\\\/lagnoticias.com\\\/2025\\\/09\\\/10\\\/boda-bebe-o-ruptura-los-rumores-que-rodean-a-gerard-pique-y-clara-chia\\\/#primaryimage\"},\"thumbnailUrl\":\"https:\\\/\\\/lagnoticias.com\\\/wp-content\\\/uploads\\\/2025\\\/09\\\/47.jpg\",\"keywords\":[\"CLARA CH\u00cdA\",\"GERARD PIQU\u00c9\",\"ROMANCE\",\"RUPTURA\",\"SHAKIRA\"],\"articleSection\":[\"ENTRETENIMIENTO\"],\"inLanguage\":\"en-US\",\"potentialAction\":[{\"@type\":\"CommentAction\",\"name\":\"Comment\",\"target\":[\"https:\\\/\\\/lagnoticias.com\\\/2025\\\/09\\\/10\\\/boda-bebe-o-ruptura-los-rumores-que-rodean-a-gerard-pique-y-clara-chia\\\/#respond\"]}]},{\"@type\":\"WebPage\",\"@id\":\"https:\\\/\\\/lagnoticias.com\\\/2025\\\/09\\\/10\\\/boda-bebe-o-ruptura-los-rumores-que-rodean-a-gerard-pique-y-clara-chia\\\/\",\"url\":\"https:\\\/\\\/lagnoticias.com\\\/2025\\\/09\\\/10\\\/boda-bebe-o-ruptura-los-rumores-que-rodean-a-gerard-pique-y-clara-chia\\\/\",\"name\":\"\u00bfBoda, beb\u00e9 o ruptura? Los rumores que rodean a Gerard Piqu\u00e9 y Clara Ch\u00eda - La G Noticias\",\"isPartOf\":{\"@id\":\"https:\\\/\\\/lagnoticias.com\\\/#website\"},\"primaryImageOfPage\":{\"@id\":\"https:\\\/\\\/lagnoticias.com\\\/2025\\\/09\\\/10\\\/boda-bebe-o-ruptura-los-rumores-que-rodean-a-gerard-pique-y-clara-chia\\\/#primaryimage\"},\"image\":{\"@id\":\"https:\\\/\\\/lagnoticias.com\\\/2025\\\/09\\\/10\\\/boda-bebe-o-ruptura-los-rumores-que-rodean-a-gerard-pique-y-clara-chia\\\/#primaryimage\"},\"thumbnailUrl\":\"https:\\\/\\\/lagnoticias.com\\\/wp-content\\\/uploads\\\/2025\\\/09\\\/47.jpg\",\"datePublished\":\"2025-09-10T17:33:51+00:00\",\"dateModified\":\"2025-09-11T16:53:25+00:00\",\"author\":{\"@id\":\"https:\\\/\\\/lagnoticias.com\\\/#\\\/schema\\\/person\\\/cb9bfe13f8de05d2c55270be25c6a550\"},\"breadcrumb\":{\"@id\":\"https:\\\/\\\/lagnoticias.com\\\/2025\\\/09\\\/10\\\/boda-bebe-o-ruptura-los-rumores-que-rodean-a-gerard-pique-y-clara-chia\\\/#breadcrumb\"},\"inLanguage\":\"en-US\",\"potentialAction\":[{\"@type\":\"ReadAction\",\"target\":[\"https:\\\/\\\/lagnoticias.com\\\/2025\\\/09\\\/10\\\/boda-bebe-o-ruptura-los-rumores-que-rodean-a-gerard-pique-y-clara-chia\\\/\"]}]},{\"@type\":\"ImageObject\",\"inLanguage\":\"en-US\",\"@id\":\"https:\\\/\\\/lagnoticias.com\\\/2025\\\/09\\\/10\\\/boda-bebe-o-ruptura-los-rumores-que-rodean-a-gerard-pique-y-clara-chia\\\/#primaryimage\",\"url\":\"https:\\\/\\\/lagnoticias.com\\\/wp-content\\\/uploads\\\/2025\\\/09\\\/47.jpg\",\"contentUrl\":\"https:\\\/\\\/lagnoticias.com\\\/wp-content\\\/uploads\\\/2025\\\/09\\\/47.jpg\",\"width\":1920,\"height\":1080},{\"@type\":\"BreadcrumbList\",\"@id\":\"https:\\\/\\\/lagnoticias.com\\\/2025\\\/09\\\/10\\\/boda-bebe-o-ruptura-los-rumores-que-rodean-a-gerard-pique-y-clara-chia\\\/#breadcrumb\",\"itemListElement\":[{\"@type\":\"ListItem\",\"position\":1,\"name\":\"Portada\",\"item\":\"https:\\\/\\\/lagnoticias.com\\\/\"},{\"@type\":\"ListItem\",\"position\":2,\"name\":\"\u00bfBoda, beb\u00e9 o ruptura? Los rumores que rodean a Gerard Piqu\u00e9 y Clara Ch\u00eda\"}]},{\"@type\":\"WebSite\",\"@id\":\"https:\\\/\\\/lagnoticias.com\\\/#website\",\"url\":\"https:\\\/\\\/lagnoticias.com\\\/\",\"name\":\"La G Noticias\",\"description\":\"Noticias Positivas\",\"potentialAction\":[{\"@type\":\"SearchAction\",\"target\":{\"@type\":\"EntryPoint\",\"urlTemplate\":\"https:\\\/\\\/lagnoticias.com\\\/?s={search_term_string}\"},\"query-input\":{\"@type\":\"PropertyValueSpecification\",\"valueRequired\":true,\"valueName\":\"search_term_string\"}}],\"inLanguage\":\"en-US\"},{\"@type\":\"Person\",\"@id\":\"https:\\\/\\\/lagnoticias.com\\\/#\\\/schema\\\/person\\\/cb9bfe13f8de05d2c55270be25c6a550\",\"name\":\"Oscar\",\"image\":{\"@type\":\"ImageObject\",\"inLanguage\":\"en-US\",\"@id\":\"https:\\\/\\\/secure.gravatar.com\\\/avatar\\\/45c195718f652dc7ffdd591dc1f2678956ab7fdadcd359a635edc61304a8c757?s=96&d=mm&r=g\",\"url\":\"https:\\\/\\\/secure.gravatar.com\\\/avatar\\\/45c195718f652dc7ffdd591dc1f2678956ab7fdadcd359a635edc61304a8c757?s=96&d=mm&r=g\",\"contentUrl\":\"https:\\\/\\\/secure.gravatar.com\\\/avatar\\\/45c195718f652dc7ffdd591dc1f2678956ab7fdadcd359a635edc61304a8c757?s=96&d=mm&r=g\",\"caption\":\"Oscar\"},\"url\":\"https:\\\/\\\/lagnoticias.com\\\/en\\\/author\\\/oscar\\\/\"}]}<\/script>\n<!-- \/ Yoast SEO plugin. -->","yoast_head_json":{"title":"\u00bfBoda, beb\u00e9 o ruptura? Los rumores que rodean a Gerard Piqu\u00e9 y Clara Ch\u00eda - La G Noticias","robots":{"index":"index","follow":"follow","max-snippet":"max-snippet:-1","max-image-preview":"max-image-preview:large","max-video-preview":"max-video-preview:-1"},"canonical":"https:\/\/lagnoticias.com\/en\/2025\/09\/10\/boda-bebe-o-ruptura-los-rumores-que-rodean-a-gerard-pique-y-clara-chia\/","og_locale":"en_US","og_type":"article","og_title":"\u00bfBoda, beb\u00e9 o ruptura? Los rumores que rodean a Gerard Piqu\u00e9 y Clara Ch\u00eda - La G Noticias","og_description":"Personas cercanas al deportista se pronuncian ante los rumores de un supuesto compromiso con su novia.","og_url":"https:\/\/lagnoticias.com\/en\/2025\/09\/10\/boda-bebe-o-ruptura-los-rumores-que-rodean-a-gerard-pique-y-clara-chia\/","og_site_name":"La G Noticias","article_publisher":"https:\/\/www.facebook.com\/LaGNoticias","article_published_time":"2025-09-10T17:33:51+00:00","article_modified_time":"2025-09-11T16:53:25+00:00","og_image":[{"width":1920,"height":1080,"url":"https:\/\/lagnoticias.com\/wp-content\/uploads\/2025\/09\/47.jpg","type":"image\/jpeg"}],"author":"Oscar","twitter_card":"summary_large_image","twitter_creator":"@lagnoticias","twitter_site":"@lagnoticias","twitter_misc":{"Written by":"Oscar","Est. reading time":"1 minute"},"schema":{"@context":"https:\/\/schema.org","@graph":[{"@type":"Article","@id":"https:\/\/lagnoticias.com\/2025\/09\/10\/boda-bebe-o-ruptura-los-rumores-que-rodean-a-gerard-pique-y-clara-chia\/#article","isPartOf":{"@id":"https:\/\/lagnoticias.com\/2025\/09\/10\/boda-bebe-o-ruptura-los-rumores-que-rodean-a-gerard-pique-y-clara-chia\/"},"author":{"name":"Oscar","@id":"https:\/\/lagnoticias.com\/#\/schema\/person\/cb9bfe13f8de05d2c55270be25c6a550"},"headline":"\u00bfBoda, beb\u00e9 o ruptura? Los rumores que rodean a Gerard Piqu\u00e9 y Clara Ch\u00eda","datePublished":"2025-09-10T17:33:51+00:00","dateModified":"2025-09-11T16:53:25+00:00","mainEntityOfPage":{"@id":"https:\/\/lagnoticias.com\/2025\/09\/10\/boda-bebe-o-ruptura-los-rumores-que-rodean-a-gerard-pique-y-clara-chia\/"},"wordCount":300,"commentCount":0,"image":{"@id":"https:\/\/lagnoticias.com\/2025\/09\/10\/boda-bebe-o-ruptura-los-rumores-que-rodean-a-gerard-pique-y-clara-chia\/#primaryimage"},"thumbnailUrl":"https:\/\/lagnoticias.com\/wp-content\/uploads\/2025\/09\/47.jpg","keywords":["CLARA CH\u00cdA","GERARD PIQU\u00c9","ROMANCE","RUPTURA","SHAKIRA"],"articleSection":["ENTRETENIMIENTO"],"inLanguage":"en-US","potentialAction":[{"@type":"CommentAction","name":"Comment","target":["https:\/\/lagnoticias.com\/2025\/09\/10\/boda-bebe-o-ruptura-los-rumores-que-rodean-a-gerard-pique-y-clara-chia\/#respond"]}]},{"@type":"WebPage","@id":"https:\/\/lagnoticias.com\/2025\/09\/10\/boda-bebe-o-ruptura-los-rumores-que-rodean-a-gerard-pique-y-clara-chia\/","url":"https:\/\/lagnoticias.com\/2025\/09\/10\/boda-bebe-o-ruptura-los-rumores-que-rodean-a-gerard-pique-y-clara-chia\/","name":"\u00bfBoda, beb\u00e9 o ruptura? Los rumores que rodean a Gerard Piqu\u00e9 y Clara Ch\u00eda - La G Noticias","isPartOf":{"@id":"https:\/\/lagnoticias.com\/#website"},"primaryImageOfPage":{"@id":"https:\/\/lagnoticias.com\/2025\/09\/10\/boda-bebe-o-ruptura-los-rumores-que-rodean-a-gerard-pique-y-clara-chia\/#primaryimage"},"image":{"@id":"https:\/\/lagnoticias.com\/2025\/09\/10\/boda-bebe-o-ruptura-los-rumores-que-rodean-a-gerard-pique-y-clara-chia\/#primaryimage"},"thumbnailUrl":"https:\/\/lagnoticias.com\/wp-content\/uploads\/2025\/09\/47.jpg","datePublished":"2025-09-10T17:33:51+00:00","dateModified":"2025-09-11T16:53:25+00:00","author":{"@id":"https:\/\/lagnoticias.com\/#\/schema\/person\/cb9bfe13f8de05d2c55270be25c6a550"},"breadcrumb":{"@id":"https:\/\/lagnoticias.com\/2025\/09\/10\/boda-bebe-o-ruptura-los-rumores-que-rodean-a-gerard-pique-y-clara-chia\/#breadcrumb"},"inLanguage":"en-US","potentialAction":[{"@type":"ReadAction","target":["https:\/\/lagnoticias.com\/2025\/09\/10\/boda-bebe-o-ruptura-los-rumores-que-rodean-a-gerard-pique-y-clara-chia\/"]}]},{"@type":"ImageObject","inLanguage":"en-US","@id":"https:\/\/lagnoticias.com\/2025\/09\/10\/boda-bebe-o-ruptura-los-rumores-que-rodean-a-gerard-pique-y-clara-chia\/#primaryimage","url":"https:\/\/lagnoticias.com\/wp-content\/uploads\/2025\/09\/47.jpg","contentUrl":"https:\/\/lagnoticias.com\/wp-content\/uploads\/2025\/09\/47.jpg","width":1920,"height":1080},{"@type":"BreadcrumbList","@id":"https:\/\/lagnoticias.com\/2025\/09\/10\/boda-bebe-o-ruptura-los-rumores-que-rodean-a-gerard-pique-y-clara-chia\/#breadcrumb","itemListElement":[{"@type":"ListItem","position":1,"name":"Portada","item":"https:\/\/lagnoticias.com\/"},{"@type":"ListItem","position":2,"name":"\u00bfBoda, beb\u00e9 o ruptura? Los rumores que rodean a Gerard Piqu\u00e9 y Clara Ch\u00eda"}]},{"@type":"WebSite","@id":"https:\/\/lagnoticias.com\/#website","url":"https:\/\/lagnoticias.com\/","name":"La G Noticias","description":"Noticias Positivas","potentialAction":[{"@type":"SearchAction","target":{"@type":"EntryPoint","urlTemplate":"https:\/\/lagnoticias.com\/?s={search_term_string}"},"query-input":{"@type":"PropertyValueSpecification","valueRequired":true,"valueName":"search_term_string"}}],"inLanguage":"en-US"},{"@type":"Person","@id":"https:\/\/lagnoticias.com\/#\/schema\/person\/cb9bfe13f8de05d2c55270be25c6a550","name":"Oscar","image":{"@type":"ImageObject","inLanguage":"en-US","@id":"https:\/\/secure.gravatar.com\/avatar\/45c195718f652dc7ffdd591dc1f2678956ab7fdadcd359a635edc61304a8c757?s=96&d=mm&r=g","url":"https:\/\/secure.gravatar.com\/avatar\/45c195718f652dc7ffdd591dc1f2678956ab7fdadcd359a635edc61304a8c757?s=96&d=mm&r=g","contentUrl":"https:\/\/secure.gravatar.com\/avatar\/45c195718f652dc7ffdd591dc1f2678956ab7fdadcd359a635edc61304a8c757?s=96&d=mm&r=g","caption":"Oscar"},"url":"https:\/\/lagnoticias.com\/en\/author\/oscar\/"}]}},"_links":{"self":[{"href":"https:\/\/lagnoticias.com\/en\/wp-json\/wp\/v2\/posts\/4885","targetHints":{"allow":["GET"]}}],"collection":[{"href":"https:\/\/lagnoticias.com\/en\/wp-json\/wp\/v2\/posts"}],"about":[{"href":"https:\/\/lagnoticias.com\/en\/wp-json\/wp\/v2\/types\/post"}],"author":[{"embeddable":true,"href":"https:\/\/lagnoticias.com\/en\/wp-json\/wp\/v2\/users\/2"}],"replies":[{"embeddable":true,"href":"https:\/\/lagnoticias.com\/en\/wp-json\/wp\/v2\/comments?post=4885"}],"version-history":[{"count":1,"href":"https:\/\/lagnoticias.com\/en\/wp-json\/wp\/v2\/posts\/4885\/revisions"}],"predecessor-version":[{"id":4889,"href":"https:\/\/lagnoticias.com\/en\/wp-json\/wp\/v2\/posts\/4885\/revisions\/4889"}],"wp:featuredmedia":[{"embeddable":true,"href":"https:\/\/lagnoticias.com\/en\/wp-json\/wp\/v2\/media\/4888"}],"wp:attachment":[{"href":"https:\/\/lagnoticias.com\/en\/wp-json\/wp\/v2\/media?parent=4885"}],"wp:term":[{"taxonomy":"category","embeddable":true,"href":"https:\/\/lagnoticias.com\/en\/wp-json\/wp\/v2\/categories?post=4885"},{"taxonomy":"post_tag","embeddable":true,"href":"https:\/\/lagnoticias.com\/en\/wp-json\/wp\/v2\/tags?post=4885"}],"curies":[{"name":"wp","href":"https:\/\/api.w.org\/{rel}","templated":true}]}}